{"id":6794,"date":"2014-05-28T07:00:30","date_gmt":"2014-05-28T05:00:30","guid":{"rendered":"http:\/\/blog.zeit.de\/nsu-prozess-blog\/?p=6794"},"modified":"2014-05-26T15:44:10","modified_gmt":"2014-05-26T13:44:10","slug":"117-prozesstag-was-geschah-vor-zschaepes-flucht","status":"publish","type":"post","link":"https:\/\/blog.zeit.de\/nsu-prozess-blog\/2014\/05\/28\/117-prozesstag-was-geschah-vor-zschaepes-flucht\/","title":{"rendered":"116. Prozesstag \u2013 Was geschah vor Zsch\u00e4pes Flucht?"},"content":{"rendered":"<p>Bis heute ist unklar, wie Beate Zsch\u00e4pe vom <a href=\"https:\/\/blog.zeit.de\/nsu-prozess-blog\/2014\/05\/22\/der-entkraeftete-selbstmord-mythos-das-medienlog-vom-donnerstag-22-mai-2014\/\">Tod ihrer Kameraden<\/a> Uwe Mundlos und Uwe B\u00f6hnhardt erfuhr. Die beiden hatten sich nach einem missgl\u00fcckten Bank\u00fcberfall in Eisenach am 4. November 2011 in einem Wohnmobil erschossen. Ermittler werteten im Anschluss Verbindungsdaten von Handys des NSU und seiner mutma\u00dflichen Unterst\u00fctzer aus. Am Mittwoch sind vier Polizisten geladen, deren Aussagen Aufschluss \u00fcber Telefonate und SMS von Zsch\u00e4pe geben sollen. So trat sie mehrmals mit ihrem Freund Andr\u00e9 E. in Kontakt, der ebenfalls angeklagt ist.<\/p>\n<p>Zudem ist eine Angestellte der Sparkasse geladen, die Mundlos und B\u00f6hnhardt an ihrem Todestag <a href=\"https:\/\/blog.zeit.de\/nsu-prozess-blog\/2014\/05\/21\/der-verhaengnisvolle-bankraub-von-boehnhardt-und-mundlos-das-medienlog-vom-mittwoch-21-mai-2014\/\">\u00fcberfallen hatten<\/a>. Sie musste damals den Tresorraum \u00f6ffnen.<\/p>\n<p><em>Informationen aus der Verhandlung gibt es <a href=\"https:\/\/twitter.com\/zeitonline\/lists\/nsu-prozess\">via Twitter hier<\/a>. Die Berichte dar\u00fcber fassen wir morgen im <a href=\"https:\/\/blog.zeit.de\/nsu-prozess-blog\/category\/medienschau\/\">NSU-Medienlog<\/a> zusammen.<\/em><\/p>\n","protected":false},"excerpt":{"rendered":"<p>Bis heute ist unklar, wie Beate Zsch\u00e4pe vom Tod ihrer Kameraden Uwe Mundlos und Uwe B\u00f6hnhardt erfuhr. Die beiden hatten sich nach einem missgl\u00fcckten Bank\u00fcberfall in Eisenach am 4. November 2011 in einem Wohnmobil erschossen. Ermittler werteten im Anschluss Verbindungsdaten von Handys des NSU und seiner mutma\u00dflichen Unterst\u00fctzer aus. Am Mittwoch sind vier Polizisten geladen, [&hellip;]<\/p>\n","protected":false},"author":435,"featured_media":0,"comment_status":"open","ping_status":"open","sticky":false,"template":"","format":"standard","meta":{"_jetpack_memberships_contains_paid_content":false,"footnotes":""},"categories":[27532],"tags":[],"class_list":["post-6794","post","type-post","status-publish","format-standard","hentry","category-prozesstage"],"yoast_head":"<!-- This site is optimized with the Yoast SEO plugin v21.0 - https:\/\/yoast.com\/wordpress\/plugins\/seo\/ -->\n<title>116. Prozesstag \u2013 Was geschah vor Zsch\u00e4pes Flucht? - Das NSU-Prozess-Blog<\/title>\n<meta name=\"robots\" content=\"index, follow, max-snippet:-1, max-image-preview:large, max-video-preview:-1\" \/>\n<link rel=\"canonical\" href=\"https:\/\/blog.zeit.de\/nsu-prozess-blog\/2014\/05\/28\/117-prozesstag-was-geschah-vor-zschaepes-flucht\/\" \/>\n<meta property=\"og:locale\" content=\"de_DE\" \/>\n<meta property=\"og:type\" content=\"article\" \/>\n<meta property=\"og:title\" content=\"116. Prozesstag \u2013 Was geschah vor Zsch\u00e4pes Flucht? - Das NSU-Prozess-Blog\" \/>\n<meta property=\"og:description\" content=\"Bis heute ist unklar, wie Beate Zsch\u00e4pe vom Tod ihrer Kameraden Uwe Mundlos und Uwe B\u00f6hnhardt erfuhr. Die beiden hatten sich nach einem missgl\u00fcckten Bank\u00fcberfall in Eisenach am 4. November 2011 in einem Wohnmobil erschossen. Ermittler werteten im Anschluss Verbindungsdaten von Handys des NSU und seiner mutma\u00dflichen Unterst\u00fctzer aus. Am Mittwoch sind vier Polizisten geladen, [&hellip;]\" \/>\n<meta property=\"og:url\" content=\"https:\/\/blog.zeit.de\/nsu-prozess-blog\/2014\/05\/28\/117-prozesstag-was-geschah-vor-zschaepes-flucht\/\" \/>\n<meta property=\"og:site_name\" content=\"Das NSU-Prozess-Blog\" \/>\n<meta property=\"article:published_time\" content=\"2014-05-28T05:00:30+00:00\" \/>\n<meta property=\"article:modified_time\" content=\"2014-05-26T13:44:10+00:00\" \/>\n<meta name=\"author\" content=\"Tom Sundermann\" \/>\n<meta name=\"twitter:label1\" content=\"Geschrieben von\" \/>\n\t<meta name=\"twitter:data1\" content=\"Tom Sundermann\" \/>\n\t<meta name=\"twitter:label2\" content=\"Gesch\u00e4tzte Lesezeit\" \/>\n\t<meta name=\"twitter:data2\" content=\"1\u00a0Minute\" \/>\n<script type=\"application\/ld+json\" class=\"yoast-schema-graph\">{\"@context\":\"https:\/\/schema.org\",\"@graph\":[{\"@type\":\"WebPage\",\"@id\":\"https:\/\/blog.zeit.de\/nsu-prozess-blog\/2014\/05\/28\/117-prozesstag-was-geschah-vor-zschaepes-flucht\/\",\"url\":\"https:\/\/blog.zeit.de\/nsu-prozess-blog\/2014\/05\/28\/117-prozesstag-was-geschah-vor-zschaepes-flucht\/\",\"name\":\"116. Prozesstag \u2013 Was geschah vor Zsch\u00e4pes Flucht? - Das NSU-Prozess-Blog\",\"isPartOf\":{\"@id\":\"https:\/\/blog.zeit.de\/nsu-prozess-blog\/#website\"},\"datePublished\":\"2014-05-28T05:00:30+00:00\",\"dateModified\":\"2014-05-26T13:44:10+00:00\",\"author\":{\"@id\":\"https:\/\/blog.zeit.de\/nsu-prozess-blog\/#\/schema\/person\/553ea9bb5d1fc2ae054c589bd59380a5\"},\"breadcrumb\":{\"@id\":\"https:\/\/blog.zeit.de\/nsu-prozess-blog\/2014\/05\/28\/117-prozesstag-was-geschah-vor-zschaepes-flucht\/#breadcrumb\"},\"inLanguage\":\"de\",\"potentialAction\":[{\"@type\":\"ReadAction\",\"target\":[\"https:\/\/blog.zeit.de\/nsu-prozess-blog\/2014\/05\/28\/117-prozesstag-was-geschah-vor-zschaepes-flucht\/\"]}]},{\"@type\":\"BreadcrumbList\",\"@id\":\"https:\/\/blog.zeit.de\/nsu-prozess-blog\/2014\/05\/28\/117-prozesstag-was-geschah-vor-zschaepes-flucht\/#breadcrumb\",\"itemListElement\":[{\"@type\":\"ListItem\",\"position\":1,\"name\":\"Startseite\",\"item\":\"https:\/\/blog.zeit.de\/nsu-prozess-blog\/\"},{\"@type\":\"ListItem\",\"position\":2,\"name\":\"116. Prozesstag \u2013 Was geschah vor Zsch\u00e4pes Flucht?\"}]},{\"@type\":\"WebSite\",\"@id\":\"https:\/\/blog.zeit.de\/nsu-prozess-blog\/#website\",\"url\":\"https:\/\/blog.zeit.de\/nsu-prozess-blog\/\",\"name\":\"Das NSU-Prozess-Blog\",\"description\":\"Alle Berichte zum Terrorverfahren in M\u00fcnchen\",\"potentialAction\":[{\"@type\":\"SearchAction\",\"target\":{\"@type\":\"EntryPoint\",\"urlTemplate\":\"https:\/\/blog.zeit.de\/nsu-prozess-blog\/?s={search_term_string}\"},\"query-input\":\"required name=search_term_string\"}],\"inLanguage\":\"de\"},{\"@type\":\"Person\",\"@id\":\"https:\/\/blog.zeit.de\/nsu-prozess-blog\/#\/schema\/person\/553ea9bb5d1fc2ae054c589bd59380a5\",\"name\":\"Tom Sundermann\",\"image\":{\"@type\":\"ImageObject\",\"inLanguage\":\"de\",\"@id\":\"https:\/\/blog.zeit.de\/nsu-prozess-blog\/#\/schema\/person\/image\/\",\"url\":\"https:\/\/secure.gravatar.com\/avatar\/e108a3dc18766f719b2f797dc5d19093f06a1870c55b553ab6b7563f1f9a5e68?s=96&d=mm&r=g\",\"contentUrl\":\"https:\/\/secure.gravatar.com\/avatar\/e108a3dc18766f719b2f797dc5d19093f06a1870c55b553ab6b7563f1f9a5e68?s=96&d=mm&r=g\",\"caption\":\"Tom Sundermann\"},\"sameAs\":[\"https:\/\/twitter.com\/messeticker\"],\"url\":\"https:\/\/blog.zeit.de\/nsu-prozess-blog\/author\/tsundermann\/\"}]}<\/script>\n<!-- \/ Yoast SEO plugin. -->","yoast_head_json":{"title":"116. Prozesstag \u2013 Was geschah vor Zsch\u00e4pes Flucht? - Das NSU-Prozess-Blog","robots":{"index":"index","follow":"follow","max-snippet":"max-snippet:-1","max-image-preview":"max-image-preview:large","max-video-preview":"max-video-preview:-1"},"canonical":"https:\/\/blog.zeit.de\/nsu-prozess-blog\/2014\/05\/28\/117-prozesstag-was-geschah-vor-zschaepes-flucht\/","og_locale":"de_DE","og_type":"article","og_title":"116. Prozesstag \u2013 Was geschah vor Zsch\u00e4pes Flucht? - Das NSU-Prozess-Blog","og_description":"Bis heute ist unklar, wie Beate Zsch\u00e4pe vom Tod ihrer Kameraden Uwe Mundlos und Uwe B\u00f6hnhardt erfuhr. Die beiden hatten sich nach einem missgl\u00fcckten Bank\u00fcberfall in Eisenach am 4. November 2011 in einem Wohnmobil erschossen. Ermittler werteten im Anschluss Verbindungsdaten von Handys des NSU und seiner mutma\u00dflichen Unterst\u00fctzer aus. Am Mittwoch sind vier Polizisten geladen, [&hellip;]","og_url":"https:\/\/blog.zeit.de\/nsu-prozess-blog\/2014\/05\/28\/117-prozesstag-was-geschah-vor-zschaepes-flucht\/","og_site_name":"Das NSU-Prozess-Blog","article_published_time":"2014-05-28T05:00:30+00:00","article_modified_time":"2014-05-26T13:44:10+00:00","author":"Tom Sundermann","twitter_misc":{"Geschrieben von":"Tom Sundermann","Gesch\u00e4tzte Lesezeit":"1\u00a0Minute"},"schema":{"@context":"https:\/\/schema.org","@graph":[{"@type":"WebPage","@id":"https:\/\/blog.zeit.de\/nsu-prozess-blog\/2014\/05\/28\/117-prozesstag-was-geschah-vor-zschaepes-flucht\/","url":"https:\/\/blog.zeit.de\/nsu-prozess-blog\/2014\/05\/28\/117-prozesstag-was-geschah-vor-zschaepes-flucht\/","name":"116. Prozesstag \u2013 Was geschah vor Zsch\u00e4pes Flucht? - Das NSU-Prozess-Blog","isPartOf":{"@id":"https:\/\/blog.zeit.de\/nsu-prozess-blog\/#website"},"datePublished":"2014-05-28T05:00:30+00:00","dateModified":"2014-05-26T13:44:10+00:00","author":{"@id":"https:\/\/blog.zeit.de\/nsu-prozess-blog\/#\/schema\/person\/553ea9bb5d1fc2ae054c589bd59380a5"},"breadcrumb":{"@id":"https:\/\/blog.zeit.de\/nsu-prozess-blog\/2014\/05\/28\/117-prozesstag-was-geschah-vor-zschaepes-flucht\/#breadcrumb"},"inLanguage":"de","potentialAction":[{"@type":"ReadAction","target":["https:\/\/blog.zeit.de\/nsu-prozess-blog\/2014\/05\/28\/117-prozesstag-was-geschah-vor-zschaepes-flucht\/"]}]},{"@type":"BreadcrumbList","@id":"https:\/\/blog.zeit.de\/nsu-prozess-blog\/2014\/05\/28\/117-prozesstag-was-geschah-vor-zschaepes-flucht\/#breadcrumb","itemListElement":[{"@type":"ListItem","position":1,"name":"Startseite","item":"https:\/\/blog.zeit.de\/nsu-prozess-blog\/"},{"@type":"ListItem","position":2,"name":"116. Prozesstag \u2013 Was geschah vor Zsch\u00e4pes Flucht?"}]},{"@type":"WebSite","@id":"https:\/\/blog.zeit.de\/nsu-prozess-blog\/#website","url":"https:\/\/blog.zeit.de\/nsu-prozess-blog\/","name":"Das NSU-Prozess-Blog","description":"Alle Berichte zum Terrorverfahren in M\u00fcnchen","potentialAction":[{"@type":"SearchAction","target":{"@type":"EntryPoint","urlTemplate":"https:\/\/blog.zeit.de\/nsu-prozess-blog\/?s={search_term_string}"},"query-input":"required name=search_term_string"}],"inLanguage":"de"},{"@type":"Person","@id":"https:\/\/blog.zeit.de\/nsu-prozess-blog\/#\/schema\/person\/553ea9bb5d1fc2ae054c589bd59380a5","name":"Tom Sundermann","image":{"@type":"ImageObject","inLanguage":"de","@id":"https:\/\/blog.zeit.de\/nsu-prozess-blog\/#\/schema\/person\/image\/","url":"https:\/\/secure.gravatar.com\/avatar\/e108a3dc18766f719b2f797dc5d19093f06a1870c55b553ab6b7563f1f9a5e68?s=96&d=mm&r=g","contentUrl":"https:\/\/secure.gravatar.com\/avatar\/e108a3dc18766f719b2f797dc5d19093f06a1870c55b553ab6b7563f1f9a5e68?s=96&d=mm&r=g","caption":"Tom Sundermann"},"sameAs":["https:\/\/twitter.com\/messeticker"],"url":"https:\/\/blog.zeit.de\/nsu-prozess-blog\/author\/tsundermann\/"}]}},"jetpack_featured_media_url":"","jetpack_sharing_enabled":true,"_links":{"self":[{"href":"https:\/\/blog.zeit.de\/nsu-prozess-blog\/wp-json\/wp\/v2\/posts\/6794","targetHints":{"allow":["GET"]}}],"collection":[{"href":"https:\/\/blog.zeit.de\/nsu-prozess-blog\/wp-json\/wp\/v2\/posts"}],"about":[{"href":"https:\/\/blog.zeit.de\/nsu-prozess-blog\/wp-json\/wp\/v2\/types\/post"}],"author":[{"embeddable":true,"href":"https:\/\/blog.zeit.de\/nsu-prozess-blog\/wp-json\/wp\/v2\/users\/435"}],"replies":[{"embeddable":true,"href":"https:\/\/blog.zeit.de\/nsu-prozess-blog\/wp-json\/wp\/v2\/comments?post=6794"}],"version-history":[{"count":2,"href":"https:\/\/blog.zeit.de\/nsu-prozess-blog\/wp-json\/wp\/v2\/posts\/6794\/revisions"}],"predecessor-version":[{"id":6835,"href":"https:\/\/blog.zeit.de\/nsu-prozess-blog\/wp-json\/wp\/v2\/posts\/6794\/revisions\/6835"}],"wp:attachment":[{"href":"https:\/\/blog.zeit.de\/nsu-prozess-blog\/wp-json\/wp\/v2\/media?parent=6794"}],"wp:term":[{"taxonomy":"category","embeddable":true,"href":"https:\/\/blog.zeit.de\/nsu-prozess-blog\/wp-json\/wp\/v2\/categories?post=6794"},{"taxonomy":"post_tag","embeddable":true,"href":"https:\/\/blog.zeit.de\/nsu-prozess-blog\/wp-json\/wp\/v2\/tags?post=6794"}],"curies":[{"name":"wp","href":"https:\/\/api.w.org\/{rel}","templated":true}]}}