{"id":6797,"date":"2014-05-23T09:39:32","date_gmt":"2014-05-23T07:39:32","guid":{"rendered":"http:\/\/blog.zeit.de\/nsu-prozess-blog\/?p=6797"},"modified":"2014-05-28T21:44:37","modified_gmt":"2014-05-28T19:44:37","slug":"wo-ist-die-beute-der-raubueberfaelle-das-medienlog-vom-freitag-23-mai-2014","status":"publish","type":"post","link":"https:\/\/blog.zeit.de\/nsu-prozess-blog\/2014\/05\/23\/wo-ist-die-beute-der-raubueberfaelle-das-medienlog-vom-freitag-23-mai-2014\/","title":{"rendered":"Wo ist die Beute der Raub\u00fcberf\u00e4lle? \u2013 Das Medienlog vom Freitag, 23. Mai 2014"},"content":{"rendered":"<p><span style=\"font-family: Georgia, serif;\">Nachdem Beate Zsch\u00e4pe, Uwe B\u00f6hnhardt und Uwe Mundlos 1998 abgetaucht waren, finanzierte sich das Trio sein Leben im Untergrund anfangs noch \u00fcber Spenden aus der rechtsextremen Szene. Der Verkauf des menschenverachtenden Spiels <\/span><a href=\"https:\/\/blog.zeit.de\/nsu-prozess-blog\/2014\/02\/18\/monopoly-mit-auschwitz-feld-2\/\"><span style=\"font-family: Georgia, serif;\"><i>Pogromly<\/i><\/span><\/a><span style=\"font-family: Georgia, serif;\">\u00a0sollte zus\u00e4tzliche Einnahmen bringen. Doch die vor Fremdenhass strotzende Nachbildung des Klassikers <\/span><em><span style=\"font-family: Georgia, serif;\">Monopoly<\/span><\/em><span style=\"font-family: Georgia, serif;\">\u00a0verkaufte sich zu schlecht. Also begannen B\u00f6hnhardt und Mundlos, mit Raub\u00fcberf\u00e4llen Geld zu beschaffen \u2013 15-mal bis zu ihrem <a href=\"http:\/\/www.zeit.de\/gesellschaft\/zeitgeschehen\/2014-05\/nsu-prozess-ueberfall-bank-eisenach\">Tod in Eisenach 2011<\/a>.<\/span><\/p>\n<p><!--more--><em><span style=\"font-family: Georgia, serif;\">An jedem Werktag sichten wir f\u00fcr das NSU-Prozess-Blog die Medien und stellen wichtige Berichte, Blogs, Videos und Tweets zusammen. Wir freuen uns \u00fcber Hinweise via Twitter mit dem Hashtag #nsublog \u2013 oder per E-Mail an <a href=\"mailto:nsublog@zeit.de\">nsublog@zeit.de<\/a>.<\/span><\/em><\/p>\n<p><span style=\"font-family: Georgia, serif;\">In der <\/span><a href=\"http:\/\/www.taz.de\/NSU-Terror-in-Deutschland\/!138943\/ \"><span style=\"font-family: Georgia, serif;\"><i>taz <\/i><\/span><\/a><span style=\"font-family: Georgia, serif;\">befass<\/span><span style=\"font-family: Georgia, serif;\">en sich Konrad Litschko und Andreas Speit mit den \u00dcberf\u00e4llen. Sie schreiben, laut Anklage habe die Szene-Unterst\u00fctzung &#8222;auf Dauer keine ausreichende Einnahmequelle&#8220; versprochen. Zudem sei der Mitwisserkreis zu gro\u00df gewesen.\u00a0<\/span><span style=\"font-family: Georgia, serif;\">Deshalb habe die Gruppe bald auf die \u00dcberf\u00e4lle gesetzt, \u00fcber die wohl nur wenige informiert waren.<\/span><\/p>\n<p><span style=\"font-family: Georgia, serif;\">Insgesamt 609.000 Euro h\u00e4tten die Terroristen so erbeutet. Den Ermittlern zufolge seien die Raubz\u00fcge, ebenso wie die NSU-Morde, gr\u00fcndlich geplant gewesen. Karten seien mit m\u00f6glichen Filialen markiert, Skizzen von Innenr\u00e4umen angelegt worden. B\u00f6hnhardt und Mundlos seien stets &#8222;gewaltbereit, hektisch und aggressiv&#8220; vorgegangen \u2013 und stets willig gewesen, ihre geladenen Waffen zu nutzen. Die beiden Terroristen schossen schon bei ihrem ersten \u00dcberfall in Chemnitz auf einen 16-J\u00e4hrigen, der ihnen nach dem Raub folgte.\u00a0<\/span><span style=\"font-family: Georgia, serif; line-height: 1.5em;\">Die Anklage vermutet, dass Zsch\u00e4pe von den \u00dcberfallpl\u00e4nen wusste und das erbeutete Geld sp\u00e4ter verwaltete. Sie soll davon P\u00e4sse und F\u00fchrerscheine bezahlt haben, die Unterst\u00fctzer dem Trio organisierten.<\/span><\/p>\n<p><em><span style=\"font-family: Georgia, serif;\"><a href=\" http:\/\/www.spiegel.de\/panorama\/justiz\/nsu-geld-der-terrorzelle-laut-bka-verschwunden-a-965953.html\">Spiegel Online<\/a> <\/span><\/em><span style=\"font-family: Georgia, serif;\">zufolge<\/span><span style=\"font-family: Georgia, serif;\"> geht das BKA davon aus, dass das Trio von 1998 bis 2011 \u00fcber etwa 617.000 Euro verf\u00fcgte. Die Ausgaben h\u00e4tten die Ermittler auf 347.000 Euro gesch\u00e4tzt \u2013 f\u00fcr Mieten, Lebenshaltungskosten, Bahncards oder Mountainbikes. Die Polizei habe nach dem Ende des NSU 114.000 Euro sichergestellt. Wo die restlichen 155.000 Euro verblieben sind, sei bis heute nicht klar.<\/span><\/p>\n<p><span style=\"font-family: Georgia, serif;\">Die Politik besch\u00e4ftigt sich derzeit wieder st\u00e4rker mit dem Thema NSU. In der <\/span><a href=\"http:\/\/www.fr-online.de\/neonazi-terror\/nsu-nsu-ausschuss-beschlossen,1477338,27211936.html\"><span style=\"font-family: Georgia, serif;\"><i>Frankfurter Rundschau<\/i><\/span><\/a><span style=\"font-family: Georgia, serif;\">\u00a0berichtet Hanning Voigts, der Hessische Landtag habe einen parlamentarischen Untersuchungsausschuss zur Mordserie des NSU beschlossen. SPD und Linkspartei h\u00e4tten am Donnerstag daf\u00fcr gestimmt. CDU, Gr\u00fcne und FDP h\u00e4tten sich hingegen der Stimme enthalten, weil sie den Ausschuss als &#8222;nicht zielf\u00fchrend\u201c betrachten. <\/span><\/p>\n<p><span style=\"font-family: Georgia, serif;\">Die Terroristen sollen 2006 den Besitzer eines Kasseler Internetcaf\u00e9s, <a href=\"https:\/\/blog.zeit.de\/nsu-prozess-blog\/2014\/03\/11\/andreas-t-sollte-selbst-im-yozgat-fall-ermitteln\/\">Halit Yozgat<\/a>, erschossen haben. Besonders die Rolle des Geheimdienstlers Andreas T., der damals beim hessischen Landesamt f\u00fcr Verfassungsschutz arbeitete, ist bislang nicht gekl\u00e4rt. T. war damals Gast in dem Caf\u00e9 \u2013 gab jedoch an, von dem Mord nichts bemerkt zu haben. In drei Vernehmungen ist es dem Oberlandesgericht M\u00fcnchen nicht gelungen, T. der L\u00fcge zu \u00fcberf\u00fchren.<\/span><\/p>\n<p><span style=\"font-family: Georgia, serif;\">Auch die Kultur befasst sich nun mit dem Verfahren gegen den NSU: Laut <\/span><a href=\"http:\/\/www.tagesspiegel.de\/kultur\/nsu-prozess-jelinek-schreibt-theaterstueck-zum-nsu-mordprozess\/9933764.html\"><span style=\"font-family: Georgia, serif;\"><i>Tagesspiegel<\/i><\/span><\/a><span style=\"font-family: Georgia, serif;\">\u00a0schreibt die Literaturnobelpreistr\u00e4gerin <a href=\"http:\/\/www.zeit.de\/schlagworte\/personen\/elfriede-jelinek\/index\">Elfriede Jelinek<\/a> ein B\u00fchnenst\u00fcck \u00fcber den NSU-Prozess. Man h\u00e4tte sich eigentlich schon in Sicherheit gewiegt und die Neonazis fast als Folklore betrachtet. Doch es habe sich gezeigt, dass &#8222;unglaubliche L\u00fcgen als wahr verkauft wurden\u201c, habe Jelinek ihr Werk begr\u00fcndet. Die M\u00fcnchner Kammerspiele er\u00f6ffnen ihre kommende Spielzeit mit der Urauff\u00fchrung des St\u00fcckes, das den Titel <\/span><span style=\"font-family: Georgia, serif;\"><i>Das schweigende M\u00e4dchen<\/i><\/span><span style=\"font-family: Georgia, serif;\"> tr\u00e4gt. Handlungsort ist der Gerichtssaal.<\/span><\/p>\n<p><em><span style=\"font-family: Georgia, serif;\">Das n\u00e4chste Medienlog erscheint am Montag, 26. Mai 2014.<\/span><\/em><\/p>\n","protected":false},"excerpt":{"rendered":"<p>Nachdem Beate Zsch\u00e4pe, Uwe B\u00f6hnhardt und Uwe Mundlos 1998 abgetaucht waren, finanzierte sich das Trio sein Leben im Untergrund anfangs noch \u00fcber Spenden aus der rechtsextremen Szene. Der Verkauf des menschenverachtenden Spiels Pogromly\u00a0sollte zus\u00e4tzliche Einnahmen bringen. Doch die vor Fremdenhass strotzende Nachbildung des Klassikers Monopoly\u00a0verkaufte sich zu schlecht. Also begannen B\u00f6hnhardt und Mundlos, mit Raub\u00fcberf\u00e4llen [&hellip;]<\/p>\n","protected":false},"author":508,"featured_media":0,"comment_status":"open","ping_status":"open","sticky":false,"template":"","format":"standard","meta":{"_jetpack_memberships_contains_paid_content":false,"footnotes":""},"categories":[27531],"tags":[29457,17793,29435,22860,22859],"class_list":["post-6797","post","type-post","status-publish","format-standard","hentry","category-medienschau","tag-bankuberfall","tag-beate-zschape","tag-halit-yozgat","tag-uwe-bohnhardt","tag-uwe-mundlos"],"yoast_head":"<!-- This site is optimized with the Yoast SEO plugin v21.0 - https:\/\/yoast.com\/wordpress\/plugins\/seo\/ -->\n<title>Wo ist die Beute der Raub\u00fcberf\u00e4lle? \u2013 Das Medienlog vom Freitag, 23. Mai 2014 - Das NSU-Prozess-Blog<\/title>\n<meta name=\"robots\" content=\"index, follow, max-snippet:-1, max-image-preview:large, max-video-preview:-1\" \/>\n<link rel=\"canonical\" href=\"https:\/\/blog.zeit.de\/nsu-prozess-blog\/2014\/05\/23\/wo-ist-die-beute-der-raubueberfaelle-das-medienlog-vom-freitag-23-mai-2014\/\" \/>\n<meta property=\"og:locale\" content=\"de_DE\" \/>\n<meta property=\"og:type\" content=\"article\" \/>\n<meta property=\"og:title\" content=\"Wo ist die Beute der Raub\u00fcberf\u00e4lle? \u2013 Das Medienlog vom Freitag, 23. Mai 2014 - Das NSU-Prozess-Blog\" \/>\n<meta property=\"og:description\" content=\"Nachdem Beate Zsch\u00e4pe, Uwe B\u00f6hnhardt und Uwe Mundlos 1998 abgetaucht waren, finanzierte sich das Trio sein Leben im Untergrund anfangs noch \u00fcber Spenden aus der rechtsextremen Szene. Der Verkauf des menschenverachtenden Spiels Pogromly\u00a0sollte zus\u00e4tzliche Einnahmen bringen. Doch die vor Fremdenhass strotzende Nachbildung des Klassikers Monopoly\u00a0verkaufte sich zu schlecht. Also begannen B\u00f6hnhardt und Mundlos, mit Raub\u00fcberf\u00e4llen [&hellip;]\" \/>\n<meta property=\"og:url\" content=\"https:\/\/blog.zeit.de\/nsu-prozess-blog\/2014\/05\/23\/wo-ist-die-beute-der-raubueberfaelle-das-medienlog-vom-freitag-23-mai-2014\/\" \/>\n<meta property=\"og:site_name\" content=\"Das NSU-Prozess-Blog\" \/>\n<meta property=\"article:published_time\" content=\"2014-05-23T07:39:32+00:00\" \/>\n<meta property=\"article:modified_time\" content=\"2014-05-28T19:44:37+00:00\" \/>\n<meta name=\"author\" content=\"nsagener\" \/>\n<meta name=\"twitter:label1\" content=\"Geschrieben von\" \/>\n\t<meta name=\"twitter:data1\" content=\"nsagener\" \/>\n\t<meta name=\"twitter:label2\" content=\"Gesch\u00e4tzte Lesezeit\" \/>\n\t<meta name=\"twitter:data2\" content=\"3\u00a0Minuten\" \/>\n<script type=\"application\/ld+json\" class=\"yoast-schema-graph\">{\"@context\":\"https:\/\/schema.org\",\"@graph\":[{\"@type\":\"WebPage\",\"@id\":\"https:\/\/blog.zeit.de\/nsu-prozess-blog\/2014\/05\/23\/wo-ist-die-beute-der-raubueberfaelle-das-medienlog-vom-freitag-23-mai-2014\/\",\"url\":\"https:\/\/blog.zeit.de\/nsu-prozess-blog\/2014\/05\/23\/wo-ist-die-beute-der-raubueberfaelle-das-medienlog-vom-freitag-23-mai-2014\/\",\"name\":\"Wo ist die Beute der Raub\u00fcberf\u00e4lle? \u2013 Das Medienlog vom Freitag, 23. Mai 2014 - Das NSU-Prozess-Blog\",\"isPartOf\":{\"@id\":\"https:\/\/blog.zeit.de\/nsu-prozess-blog\/#website\"},\"datePublished\":\"2014-05-23T07:39:32+00:00\",\"dateModified\":\"2014-05-28T19:44:37+00:00\",\"author\":{\"@id\":\"https:\/\/blog.zeit.de\/nsu-prozess-blog\/#\/schema\/person\/c47a6dca36b1f27625a5df38f46b760d\"},\"breadcrumb\":{\"@id\":\"https:\/\/blog.zeit.de\/nsu-prozess-blog\/2014\/05\/23\/wo-ist-die-beute-der-raubueberfaelle-das-medienlog-vom-freitag-23-mai-2014\/#breadcrumb\"},\"inLanguage\":\"de\",\"potentialAction\":[{\"@type\":\"ReadAction\",\"target\":[\"https:\/\/blog.zeit.de\/nsu-prozess-blog\/2014\/05\/23\/wo-ist-die-beute-der-raubueberfaelle-das-medienlog-vom-freitag-23-mai-2014\/\"]}]},{\"@type\":\"BreadcrumbList\",\"@id\":\"https:\/\/blog.zeit.de\/nsu-prozess-blog\/2014\/05\/23\/wo-ist-die-beute-der-raubueberfaelle-das-medienlog-vom-freitag-23-mai-2014\/#breadcrumb\",\"itemListElement\":[{\"@type\":\"ListItem\",\"position\":1,\"name\":\"Startseite\",\"item\":\"https:\/\/blog.zeit.de\/nsu-prozess-blog\/\"},{\"@type\":\"ListItem\",\"position\":2,\"name\":\"Wo ist die Beute der Raub\u00fcberf\u00e4lle? \u2013 Das Medienlog vom Freitag, 23. Mai 2014\"}]},{\"@type\":\"WebSite\",\"@id\":\"https:\/\/blog.zeit.de\/nsu-prozess-blog\/#website\",\"url\":\"https:\/\/blog.zeit.de\/nsu-prozess-blog\/\",\"name\":\"Das NSU-Prozess-Blog\",\"description\":\"Alle Berichte zum Terrorverfahren in M\u00fcnchen\",\"potentialAction\":[{\"@type\":\"SearchAction\",\"target\":{\"@type\":\"EntryPoint\",\"urlTemplate\":\"https:\/\/blog.zeit.de\/nsu-prozess-blog\/?s={search_term_string}\"},\"query-input\":\"required name=search_term_string\"}],\"inLanguage\":\"de\"},{\"@type\":\"Person\",\"@id\":\"https:\/\/blog.zeit.de\/nsu-prozess-blog\/#\/schema\/person\/c47a6dca36b1f27625a5df38f46b760d\",\"name\":\"nsagener\",\"image\":{\"@type\":\"ImageObject\",\"inLanguage\":\"de\",\"@id\":\"https:\/\/blog.zeit.de\/nsu-prozess-blog\/#\/schema\/person\/image\/\",\"url\":\"https:\/\/secure.gravatar.com\/avatar\/7d31e54d5da099236c38261ff348888161d2858d69fd21c2ff77c50450e817f4?s=96&d=mm&r=g\",\"contentUrl\":\"https:\/\/secure.gravatar.com\/avatar\/7d31e54d5da099236c38261ff348888161d2858d69fd21c2ff77c50450e817f4?s=96&d=mm&r=g\",\"caption\":\"nsagener\"},\"url\":\"https:\/\/blog.zeit.de\/nsu-prozess-blog\/author\/nsagener\/\"}]}<\/script>\n<!-- \/ Yoast SEO plugin. -->","yoast_head_json":{"title":"Wo ist die Beute der Raub\u00fcberf\u00e4lle? \u2013 Das Medienlog vom Freitag, 23. Mai 2014 - Das NSU-Prozess-Blog","robots":{"index":"index","follow":"follow","max-snippet":"max-snippet:-1","max-image-preview":"max-image-preview:large","max-video-preview":"max-video-preview:-1"},"canonical":"https:\/\/blog.zeit.de\/nsu-prozess-blog\/2014\/05\/23\/wo-ist-die-beute-der-raubueberfaelle-das-medienlog-vom-freitag-23-mai-2014\/","og_locale":"de_DE","og_type":"article","og_title":"Wo ist die Beute der Raub\u00fcberf\u00e4lle? \u2013 Das Medienlog vom Freitag, 23. Mai 2014 - Das NSU-Prozess-Blog","og_description":"Nachdem Beate Zsch\u00e4pe, Uwe B\u00f6hnhardt und Uwe Mundlos 1998 abgetaucht waren, finanzierte sich das Trio sein Leben im Untergrund anfangs noch \u00fcber Spenden aus der rechtsextremen Szene. Der Verkauf des menschenverachtenden Spiels Pogromly\u00a0sollte zus\u00e4tzliche Einnahmen bringen. Doch die vor Fremdenhass strotzende Nachbildung des Klassikers Monopoly\u00a0verkaufte sich zu schlecht. Also begannen B\u00f6hnhardt und Mundlos, mit Raub\u00fcberf\u00e4llen [&hellip;]","og_url":"https:\/\/blog.zeit.de\/nsu-prozess-blog\/2014\/05\/23\/wo-ist-die-beute-der-raubueberfaelle-das-medienlog-vom-freitag-23-mai-2014\/","og_site_name":"Das NSU-Prozess-Blog","article_published_time":"2014-05-23T07:39:32+00:00","article_modified_time":"2014-05-28T19:44:37+00:00","author":"nsagener","twitter_misc":{"Geschrieben von":"nsagener","Gesch\u00e4tzte Lesezeit":"3\u00a0Minuten"},"schema":{"@context":"https:\/\/schema.org","@graph":[{"@type":"WebPage","@id":"https:\/\/blog.zeit.de\/nsu-prozess-blog\/2014\/05\/23\/wo-ist-die-beute-der-raubueberfaelle-das-medienlog-vom-freitag-23-mai-2014\/","url":"https:\/\/blog.zeit.de\/nsu-prozess-blog\/2014\/05\/23\/wo-ist-die-beute-der-raubueberfaelle-das-medienlog-vom-freitag-23-mai-2014\/","name":"Wo ist die Beute der Raub\u00fcberf\u00e4lle? \u2013 Das Medienlog vom Freitag, 23. Mai 2014 - Das NSU-Prozess-Blog","isPartOf":{"@id":"https:\/\/blog.zeit.de\/nsu-prozess-blog\/#website"},"datePublished":"2014-05-23T07:39:32+00:00","dateModified":"2014-05-28T19:44:37+00:00","author":{"@id":"https:\/\/blog.zeit.de\/nsu-prozess-blog\/#\/schema\/person\/c47a6dca36b1f27625a5df38f46b760d"},"breadcrumb":{"@id":"https:\/\/blog.zeit.de\/nsu-prozess-blog\/2014\/05\/23\/wo-ist-die-beute-der-raubueberfaelle-das-medienlog-vom-freitag-23-mai-2014\/#breadcrumb"},"inLanguage":"de","potentialAction":[{"@type":"ReadAction","target":["https:\/\/blog.zeit.de\/nsu-prozess-blog\/2014\/05\/23\/wo-ist-die-beute-der-raubueberfaelle-das-medienlog-vom-freitag-23-mai-2014\/"]}]},{"@type":"BreadcrumbList","@id":"https:\/\/blog.zeit.de\/nsu-prozess-blog\/2014\/05\/23\/wo-ist-die-beute-der-raubueberfaelle-das-medienlog-vom-freitag-23-mai-2014\/#breadcrumb","itemListElement":[{"@type":"ListItem","position":1,"name":"Startseite","item":"https:\/\/blog.zeit.de\/nsu-prozess-blog\/"},{"@type":"ListItem","position":2,"name":"Wo ist die Beute der Raub\u00fcberf\u00e4lle? \u2013 Das Medienlog vom Freitag, 23. Mai 2014"}]},{"@type":"WebSite","@id":"https:\/\/blog.zeit.de\/nsu-prozess-blog\/#website","url":"https:\/\/blog.zeit.de\/nsu-prozess-blog\/","name":"Das NSU-Prozess-Blog","description":"Alle Berichte zum Terrorverfahren in M\u00fcnchen","potentialAction":[{"@type":"SearchAction","target":{"@type":"EntryPoint","urlTemplate":"https:\/\/blog.zeit.de\/nsu-prozess-blog\/?s={search_term_string}"},"query-input":"required name=search_term_string"}],"inLanguage":"de"},{"@type":"Person","@id":"https:\/\/blog.zeit.de\/nsu-prozess-blog\/#\/schema\/person\/c47a6dca36b1f27625a5df38f46b760d","name":"nsagener","image":{"@type":"ImageObject","inLanguage":"de","@id":"https:\/\/blog.zeit.de\/nsu-prozess-blog\/#\/schema\/person\/image\/","url":"https:\/\/secure.gravatar.com\/avatar\/7d31e54d5da099236c38261ff348888161d2858d69fd21c2ff77c50450e817f4?s=96&d=mm&r=g","contentUrl":"https:\/\/secure.gravatar.com\/avatar\/7d31e54d5da099236c38261ff348888161d2858d69fd21c2ff77c50450e817f4?s=96&d=mm&r=g","caption":"nsagener"},"url":"https:\/\/blog.zeit.de\/nsu-prozess-blog\/author\/nsagener\/"}]}},"jetpack_featured_media_url":"","jetpack_sharing_enabled":true,"_links":{"self":[{"href":"https:\/\/blog.zeit.de\/nsu-prozess-blog\/wp-json\/wp\/v2\/posts\/6797","targetHints":{"allow":["GET"]}}],"collection":[{"href":"https:\/\/blog.zeit.de\/nsu-prozess-blog\/wp-json\/wp\/v2\/posts"}],"about":[{"href":"https:\/\/blog.zeit.de\/nsu-prozess-blog\/wp-json\/wp\/v2\/types\/post"}],"author":[{"embeddable":true,"href":"https:\/\/blog.zeit.de\/nsu-prozess-blog\/wp-json\/wp\/v2\/users\/508"}],"replies":[{"embeddable":true,"href":"https:\/\/blog.zeit.de\/nsu-prozess-blog\/wp-json\/wp\/v2\/comments?post=6797"}],"version-history":[{"count":11,"href":"https:\/\/blog.zeit.de\/nsu-prozess-blog\/wp-json\/wp\/v2\/posts\/6797\/revisions"}],"predecessor-version":[{"id":6865,"href":"https:\/\/blog.zeit.de\/nsu-prozess-blog\/wp-json\/wp\/v2\/posts\/6797\/revisions\/6865"}],"wp:attachment":[{"href":"https:\/\/blog.zeit.de\/nsu-prozess-blog\/wp-json\/wp\/v2\/media?parent=6797"}],"wp:term":[{"taxonomy":"category","embeddable":true,"href":"https:\/\/blog.zeit.de\/nsu-prozess-blog\/wp-json\/wp\/v2\/categories?post=6797"},{"taxonomy":"post_tag","embeddable":true,"href":"https:\/\/blog.zeit.de\/nsu-prozess-blog\/wp-json\/wp\/v2\/tags?post=6797"}],"curies":[{"name":"wp","href":"https:\/\/api.w.org\/{rel}","templated":true}]}}