{"id":6818,"date":"2014-05-26T08:17:00","date_gmt":"2014-05-26T06:17:00","guid":{"rendered":"http:\/\/blog.zeit.de\/nsu-prozess-blog\/?p=6818"},"modified":"2014-05-28T21:43:19","modified_gmt":"2014-05-28T19:43:19","slug":"ein-kaum-bekannter-v-mann-und-neue-fragen-das-medienlog-vom-montag-26-mai-2014","status":"publish","type":"post","link":"https:\/\/blog.zeit.de\/nsu-prozess-blog\/2014\/05\/26\/ein-kaum-bekannter-v-mann-und-neue-fragen-das-medienlog-vom-montag-26-mai-2014\/","title":{"rendered":"Ein kaum bekannter V-Mann und neue Fragen \u2013 Das Medienlog vom Montag, 26. Mai 2014"},"content":{"rendered":"<p>Seit mehr als einem\u00a0Jahr wird nun schon gegen Beate Zsch\u00e4pe und vier weitere Angeklagte verhandelt \u2013 doch mit jedem weiteren Zeugen erhellt der Prozess die Neonazi-Szene st\u00e4rker. Auch Chaos, Fehlverhalten und mutma\u00dfliche Vertuschung durch Sicherheitsbeh\u00f6rden treten immer st\u00e4rker zutage \u2013 und mehren die Rufe nach einer detaillierten Auseinandersetzung. Und ein bislang kaum bekannter V-Mann wirft Fragen auf.<\/p>\n<p><!--more--><\/p>\n<p><em>An jedem Werktag sichten wir f\u00fcr das NSU-Prozess-Blog die Medien und stellen wichtige Berichte, Blogs, Videos und Tweets zusammen. Wir freuen uns \u00fcber Hinweise via Twitter mit dem Hashtag #nsublog \u2013 oder per E-Mail an <a href=\"mailto:nsublog@zeit.de\">nsublog@zeit.de<\/a>.<\/em><\/p>\n<p>In der<a href=\"http:\/\/www.thueringer-allgemeine.de\/startseite\/detail\/-\/specific\/Werdegang-des-NSU-in-Buch-dokumentiert-293535830\"><em>\u00a0Th\u00fcringer Allgemeinen<\/em><\/a>\u00a0widmet sich Wolfgang Suckert dem heute erschienenen Buch &#8222;Heimatschutz \u2013 Der Staat und die Mordserie des NSU&#8220; der Journalisten\u00a0Stefan Aust\u00a0und\u00a0Dirk Laabs. Das Werk ist laut Suckert nicht nur ein endloser Wissensfundus zum NSU-Terror. Es f\u00fchrt auch die zahlreichen Wissensl\u00fccken und Widerspr\u00fcche auf, die den Prozess noch immer dominieren.<\/p>\n<p>Zweieinhalb Jahre h\u00e4tten die Autoren alle zug\u00e4nglichen Akten der Untersuchungsaussch\u00fcsse gelesen, Informanten befragt, mehr als hundert Interviews gef\u00fchrt und so chronologisch den Weg des NSU nachgezeichnet. Aber auch unausgesprochene Vermutungen \u2013 etwa bez\u00fcglich der vom Verfassungsschutz geschredderten V-Mann-Akten \u2013 w\u00fcrden pr\u00e4sentiert.\u00a0&#8222;Das Buch gewinnt einen hohen Erkenntniswert dadurch, dass nicht mit dem Ende eines jeden Kapitels d\u00fcstere Verschw\u00f6rungstheorien suggeriert werden\u201c, lobt Suckert. Denn es lasse den Leser selbst seine Schl\u00fcsse ziehen.<\/p>\n<p>Kai Mudra widmet sich in der<a href=\"http:\/\/www.thueringer-allgemeine.de\/web\/zgt\/leben\/detail\/-\/specific\/NSU-Prozess-Gericht-will-moeglichen-Fluchthelfer-als-Zeuge-befragen-438444280\"><em> Th\u00fcringer Allgemeinen<\/em><\/a>\u00a0im Voraus dem f\u00fcr den 116. Prozesstag am Dienstag geladenen Zeugen Andreas Ra. \u2013 neben <a href=\"https:\/\/blog.zeit.de\/stoerungsmelder\/2014\/01\/29\/v-mann-affare-im-berliner-landeskriminalamt_14853\">Carsten S. alias &#8222;Piatto&#8220;<\/a> ein weiterer ehemaliger V-Mann, dessen Verbindung zu B\u00f6hnhardt, Zsch\u00e4pe und Mundlos bis heute auff\u00e4llig schlecht untersucht wurde. Ra., Mudra zufolge damals eine F\u00fchrungsfigur der rechtsextremen Szene im th\u00fcringischen Rudolstadt, soll das NSU-Trio bei seiner Flucht aus Jena 1998 unterst\u00fctzt haben.\u00a0Nach dem Untertauchen der Terrorgruppe soll Ra. gegen\u00fcber Ermittlungsbeh\u00f6rden seine Beteiligung daran geleugnet haben. Allerdings habe der Th\u00fcringer Verfassungsschutz, der Ra. zeitweise unter dem Tarnnamen &#8222;Alex&#8220; als Gew\u00e4hrsperson f\u00fchrte, offenbar nur wenige Tage sp\u00e4ter von dessen Beihilfe zur Flucht erfahren.<\/p>\n<p>&#8222;H\u00e4tte der Geheimdienst damals fr\u00fchzeitig und ernsthaft die Hinweise gepr\u00fcft, h\u00e4tte man sich m\u00f6glicherweise schon 1998 vor Beginn der Mordserie dem Aufenthaltsort des fl\u00fcchtigen Neonazi-Trios mit dem Ziel einer Festnahme durch die Polizei n\u00e4hern k\u00f6nnen&#8220;, zitiert Mudra diesbez\u00fcglich die stellvertretende Vorsitzende des NSU-Untersuchungsausschusses im Erfurter Parlament, Katharina K\u00f6nig (Linke).<\/p>\n<p>Auch die Gr\u00fcnen fordern mit wachsender Vehemenz, die Rolle der Beh\u00f6rden im NSU-Terror genauer zu beleuchten. Claus Christian Mahlzahn berichtet in der <a href=\"http:\/\/www.welt.de\/politik\/deutschland\/article128388264\/Gruene-wollen-neuen-NSU-Ausschuss.html\"><em>Welt am Sonntag<\/em><\/a>\u00a0von \u00dcberlegungen der Partei, im Bundestag einen neuen parlamentarischen Untersuchungsausschusses einzurichten. Er zitiert Fraktionsvize Konstantin von Notz, die zahlreichen neuen Fragen, Hinweise und Ungereimtheiten rund um die Morde des NSU\u00a0seien besorgniserregend. Besonders die Rolle von Beh\u00f6rden und Geheimdiensten m\u00fcsse diesbez\u00fcglich aufgekl\u00e4rt werden.<\/p>\n<p><em>Das n\u00e4chste Medienlog erscheint am Dienstag, 27. Mai 2014.<\/em><\/p>\n","protected":false},"excerpt":{"rendered":"<p>Seit mehr als einem\u00a0Jahr wird nun schon gegen Beate Zsch\u00e4pe und vier weitere Angeklagte verhandelt \u2013 doch mit jedem weiteren Zeugen erhellt der Prozess die Neonazi-Szene st\u00e4rker. Auch Chaos, Fehlverhalten und mutma\u00dfliche Vertuschung durch Sicherheitsbeh\u00f6rden treten immer st\u00e4rker zutage \u2013 und mehren die Rufe nach einer detaillierten Auseinandersetzung. Und ein bislang kaum bekannter V-Mann wirft [&hellip;]<\/p>\n","protected":false},"author":508,"featured_media":0,"comment_status":"open","ping_status":"open","sticky":false,"template":"","format":"standard","meta":{"_jetpack_memberships_contains_paid_content":false,"footnotes":""},"categories":[27531],"tags":[29518,12752,29517,1836],"class_list":["post-6818","post","type-post","status-publish","format-standard","hentry","category-medienschau","tag-andreas-ra","tag-nsu","tag-stefan-aust","tag-verfassungsschutz"],"yoast_head":"<!-- This site is optimized with the Yoast SEO plugin v21.0 - https:\/\/yoast.com\/wordpress\/plugins\/seo\/ -->\n<title>Ein kaum bekannter V-Mann und neue Fragen \u2013 Das Medienlog vom Montag, 26. Mai 2014 - Das NSU-Prozess-Blog<\/title>\n<meta name=\"robots\" content=\"index, follow, max-snippet:-1, max-image-preview:large, max-video-preview:-1\" \/>\n<link rel=\"canonical\" href=\"https:\/\/blog.zeit.de\/nsu-prozess-blog\/2014\/05\/26\/ein-kaum-bekannter-v-mann-und-neue-fragen-das-medienlog-vom-montag-26-mai-2014\/\" \/>\n<meta property=\"og:locale\" content=\"de_DE\" \/>\n<meta property=\"og:type\" content=\"article\" \/>\n<meta property=\"og:title\" content=\"Ein kaum bekannter V-Mann und neue Fragen \u2013 Das Medienlog vom Montag, 26. Mai 2014 - Das NSU-Prozess-Blog\" \/>\n<meta property=\"og:description\" content=\"Seit mehr als einem\u00a0Jahr wird nun schon gegen Beate Zsch\u00e4pe und vier weitere Angeklagte verhandelt \u2013 doch mit jedem weiteren Zeugen erhellt der Prozess die Neonazi-Szene st\u00e4rker. Auch Chaos, Fehlverhalten und mutma\u00dfliche Vertuschung durch Sicherheitsbeh\u00f6rden treten immer st\u00e4rker zutage \u2013 und mehren die Rufe nach einer detaillierten Auseinandersetzung. Und ein bislang kaum bekannter V-Mann wirft [&hellip;]\" \/>\n<meta property=\"og:url\" content=\"https:\/\/blog.zeit.de\/nsu-prozess-blog\/2014\/05\/26\/ein-kaum-bekannter-v-mann-und-neue-fragen-das-medienlog-vom-montag-26-mai-2014\/\" \/>\n<meta property=\"og:site_name\" content=\"Das NSU-Prozess-Blog\" \/>\n<meta property=\"article:published_time\" content=\"2014-05-26T06:17:00+00:00\" \/>\n<meta property=\"article:modified_time\" content=\"2014-05-28T19:43:19+00:00\" \/>\n<meta name=\"author\" content=\"nsagener\" \/>\n<meta name=\"twitter:label1\" content=\"Geschrieben von\" \/>\n\t<meta name=\"twitter:data1\" content=\"nsagener\" \/>\n\t<meta name=\"twitter:label2\" content=\"Gesch\u00e4tzte Lesezeit\" \/>\n\t<meta name=\"twitter:data2\" content=\"2\u00a0Minuten\" \/>\n<script type=\"application\/ld+json\" class=\"yoast-schema-graph\">{\"@context\":\"https:\/\/schema.org\",\"@graph\":[{\"@type\":\"WebPage\",\"@id\":\"https:\/\/blog.zeit.de\/nsu-prozess-blog\/2014\/05\/26\/ein-kaum-bekannter-v-mann-und-neue-fragen-das-medienlog-vom-montag-26-mai-2014\/\",\"url\":\"https:\/\/blog.zeit.de\/nsu-prozess-blog\/2014\/05\/26\/ein-kaum-bekannter-v-mann-und-neue-fragen-das-medienlog-vom-montag-26-mai-2014\/\",\"name\":\"Ein kaum bekannter V-Mann und neue Fragen \u2013 Das Medienlog vom Montag, 26. Mai 2014 - Das NSU-Prozess-Blog\",\"isPartOf\":{\"@id\":\"https:\/\/blog.zeit.de\/nsu-prozess-blog\/#website\"},\"datePublished\":\"2014-05-26T06:17:00+00:00\",\"dateModified\":\"2014-05-28T19:43:19+00:00\",\"author\":{\"@id\":\"https:\/\/blog.zeit.de\/nsu-prozess-blog\/#\/schema\/person\/c47a6dca36b1f27625a5df38f46b760d\"},\"breadcrumb\":{\"@id\":\"https:\/\/blog.zeit.de\/nsu-prozess-blog\/2014\/05\/26\/ein-kaum-bekannter-v-mann-und-neue-fragen-das-medienlog-vom-montag-26-mai-2014\/#breadcrumb\"},\"inLanguage\":\"de\",\"potentialAction\":[{\"@type\":\"ReadAction\",\"target\":[\"https:\/\/blog.zeit.de\/nsu-prozess-blog\/2014\/05\/26\/ein-kaum-bekannter-v-mann-und-neue-fragen-das-medienlog-vom-montag-26-mai-2014\/\"]}]},{\"@type\":\"BreadcrumbList\",\"@id\":\"https:\/\/blog.zeit.de\/nsu-prozess-blog\/2014\/05\/26\/ein-kaum-bekannter-v-mann-und-neue-fragen-das-medienlog-vom-montag-26-mai-2014\/#breadcrumb\",\"itemListElement\":[{\"@type\":\"ListItem\",\"position\":1,\"name\":\"Startseite\",\"item\":\"https:\/\/blog.zeit.de\/nsu-prozess-blog\/\"},{\"@type\":\"ListItem\",\"position\":2,\"name\":\"Ein kaum bekannter V-Mann und neue Fragen \u2013 Das Medienlog vom Montag, 26. Mai 2014\"}]},{\"@type\":\"WebSite\",\"@id\":\"https:\/\/blog.zeit.de\/nsu-prozess-blog\/#website\",\"url\":\"https:\/\/blog.zeit.de\/nsu-prozess-blog\/\",\"name\":\"Das NSU-Prozess-Blog\",\"description\":\"Alle Berichte zum Terrorverfahren in M\u00fcnchen\",\"potentialAction\":[{\"@type\":\"SearchAction\",\"target\":{\"@type\":\"EntryPoint\",\"urlTemplate\":\"https:\/\/blog.zeit.de\/nsu-prozess-blog\/?s={search_term_string}\"},\"query-input\":\"required name=search_term_string\"}],\"inLanguage\":\"de\"},{\"@type\":\"Person\",\"@id\":\"https:\/\/blog.zeit.de\/nsu-prozess-blog\/#\/schema\/person\/c47a6dca36b1f27625a5df38f46b760d\",\"name\":\"nsagener\",\"image\":{\"@type\":\"ImageObject\",\"inLanguage\":\"de\",\"@id\":\"https:\/\/blog.zeit.de\/nsu-prozess-blog\/#\/schema\/person\/image\/\",\"url\":\"https:\/\/secure.gravatar.com\/avatar\/7d31e54d5da099236c38261ff348888161d2858d69fd21c2ff77c50450e817f4?s=96&d=mm&r=g\",\"contentUrl\":\"https:\/\/secure.gravatar.com\/avatar\/7d31e54d5da099236c38261ff348888161d2858d69fd21c2ff77c50450e817f4?s=96&d=mm&r=g\",\"caption\":\"nsagener\"},\"url\":\"https:\/\/blog.zeit.de\/nsu-prozess-blog\/author\/nsagener\/\"}]}<\/script>\n<!-- \/ Yoast SEO plugin. -->","yoast_head_json":{"title":"Ein kaum bekannter V-Mann und neue Fragen \u2013 Das Medienlog vom Montag, 26. Mai 2014 - Das NSU-Prozess-Blog","robots":{"index":"index","follow":"follow","max-snippet":"max-snippet:-1","max-image-preview":"max-image-preview:large","max-video-preview":"max-video-preview:-1"},"canonical":"https:\/\/blog.zeit.de\/nsu-prozess-blog\/2014\/05\/26\/ein-kaum-bekannter-v-mann-und-neue-fragen-das-medienlog-vom-montag-26-mai-2014\/","og_locale":"de_DE","og_type":"article","og_title":"Ein kaum bekannter V-Mann und neue Fragen \u2013 Das Medienlog vom Montag, 26. Mai 2014 - Das NSU-Prozess-Blog","og_description":"Seit mehr als einem\u00a0Jahr wird nun schon gegen Beate Zsch\u00e4pe und vier weitere Angeklagte verhandelt \u2013 doch mit jedem weiteren Zeugen erhellt der Prozess die Neonazi-Szene st\u00e4rker. Auch Chaos, Fehlverhalten und mutma\u00dfliche Vertuschung durch Sicherheitsbeh\u00f6rden treten immer st\u00e4rker zutage \u2013 und mehren die Rufe nach einer detaillierten Auseinandersetzung. Und ein bislang kaum bekannter V-Mann wirft [&hellip;]","og_url":"https:\/\/blog.zeit.de\/nsu-prozess-blog\/2014\/05\/26\/ein-kaum-bekannter-v-mann-und-neue-fragen-das-medienlog-vom-montag-26-mai-2014\/","og_site_name":"Das NSU-Prozess-Blog","article_published_time":"2014-05-26T06:17:00+00:00","article_modified_time":"2014-05-28T19:43:19+00:00","author":"nsagener","twitter_misc":{"Geschrieben von":"nsagener","Gesch\u00e4tzte Lesezeit":"2\u00a0Minuten"},"schema":{"@context":"https:\/\/schema.org","@graph":[{"@type":"WebPage","@id":"https:\/\/blog.zeit.de\/nsu-prozess-blog\/2014\/05\/26\/ein-kaum-bekannter-v-mann-und-neue-fragen-das-medienlog-vom-montag-26-mai-2014\/","url":"https:\/\/blog.zeit.de\/nsu-prozess-blog\/2014\/05\/26\/ein-kaum-bekannter-v-mann-und-neue-fragen-das-medienlog-vom-montag-26-mai-2014\/","name":"Ein kaum bekannter V-Mann und neue Fragen \u2013 Das Medienlog vom Montag, 26. Mai 2014 - Das NSU-Prozess-Blog","isPartOf":{"@id":"https:\/\/blog.zeit.de\/nsu-prozess-blog\/#website"},"datePublished":"2014-05-26T06:17:00+00:00","dateModified":"2014-05-28T19:43:19+00:00","author":{"@id":"https:\/\/blog.zeit.de\/nsu-prozess-blog\/#\/schema\/person\/c47a6dca36b1f27625a5df38f46b760d"},"breadcrumb":{"@id":"https:\/\/blog.zeit.de\/nsu-prozess-blog\/2014\/05\/26\/ein-kaum-bekannter-v-mann-und-neue-fragen-das-medienlog-vom-montag-26-mai-2014\/#breadcrumb"},"inLanguage":"de","potentialAction":[{"@type":"ReadAction","target":["https:\/\/blog.zeit.de\/nsu-prozess-blog\/2014\/05\/26\/ein-kaum-bekannter-v-mann-und-neue-fragen-das-medienlog-vom-montag-26-mai-2014\/"]}]},{"@type":"BreadcrumbList","@id":"https:\/\/blog.zeit.de\/nsu-prozess-blog\/2014\/05\/26\/ein-kaum-bekannter-v-mann-und-neue-fragen-das-medienlog-vom-montag-26-mai-2014\/#breadcrumb","itemListElement":[{"@type":"ListItem","position":1,"name":"Startseite","item":"https:\/\/blog.zeit.de\/nsu-prozess-blog\/"},{"@type":"ListItem","position":2,"name":"Ein kaum bekannter V-Mann und neue Fragen \u2013 Das Medienlog vom Montag, 26. Mai 2014"}]},{"@type":"WebSite","@id":"https:\/\/blog.zeit.de\/nsu-prozess-blog\/#website","url":"https:\/\/blog.zeit.de\/nsu-prozess-blog\/","name":"Das NSU-Prozess-Blog","description":"Alle Berichte zum Terrorverfahren in M\u00fcnchen","potentialAction":[{"@type":"SearchAction","target":{"@type":"EntryPoint","urlTemplate":"https:\/\/blog.zeit.de\/nsu-prozess-blog\/?s={search_term_string}"},"query-input":"required name=search_term_string"}],"inLanguage":"de"},{"@type":"Person","@id":"https:\/\/blog.zeit.de\/nsu-prozess-blog\/#\/schema\/person\/c47a6dca36b1f27625a5df38f46b760d","name":"nsagener","image":{"@type":"ImageObject","inLanguage":"de","@id":"https:\/\/blog.zeit.de\/nsu-prozess-blog\/#\/schema\/person\/image\/","url":"https:\/\/secure.gravatar.com\/avatar\/7d31e54d5da099236c38261ff348888161d2858d69fd21c2ff77c50450e817f4?s=96&d=mm&r=g","contentUrl":"https:\/\/secure.gravatar.com\/avatar\/7d31e54d5da099236c38261ff348888161d2858d69fd21c2ff77c50450e817f4?s=96&d=mm&r=g","caption":"nsagener"},"url":"https:\/\/blog.zeit.de\/nsu-prozess-blog\/author\/nsagener\/"}]}},"jetpack_featured_media_url":"","jetpack_sharing_enabled":true,"_links":{"self":[{"href":"https:\/\/blog.zeit.de\/nsu-prozess-blog\/wp-json\/wp\/v2\/posts\/6818","targetHints":{"allow":["GET"]}}],"collection":[{"href":"https:\/\/blog.zeit.de\/nsu-prozess-blog\/wp-json\/wp\/v2\/posts"}],"about":[{"href":"https:\/\/blog.zeit.de\/nsu-prozess-blog\/wp-json\/wp\/v2\/types\/post"}],"author":[{"embeddable":true,"href":"https:\/\/blog.zeit.de\/nsu-prozess-blog\/wp-json\/wp\/v2\/users\/508"}],"replies":[{"embeddable":true,"href":"https:\/\/blog.zeit.de\/nsu-prozess-blog\/wp-json\/wp\/v2\/comments?post=6818"}],"version-history":[{"count":17,"href":"https:\/\/blog.zeit.de\/nsu-prozess-blog\/wp-json\/wp\/v2\/posts\/6818\/revisions"}],"predecessor-version":[{"id":6863,"href":"https:\/\/blog.zeit.de\/nsu-prozess-blog\/wp-json\/wp\/v2\/posts\/6818\/revisions\/6863"}],"wp:attachment":[{"href":"https:\/\/blog.zeit.de\/nsu-prozess-blog\/wp-json\/wp\/v2\/media?parent=6818"}],"wp:term":[{"taxonomy":"category","embeddable":true,"href":"https:\/\/blog.zeit.de\/nsu-prozess-blog\/wp-json\/wp\/v2\/categories?post=6818"},{"taxonomy":"post_tag","embeddable":true,"href":"https:\/\/blog.zeit.de\/nsu-prozess-blog\/wp-json\/wp\/v2\/tags?post=6818"}],"curies":[{"name":"wp","href":"https:\/\/api.w.org\/{rel}","templated":true}]}}