{"id":6840,"date":"2014-05-27T08:28:25","date_gmt":"2014-05-27T06:28:25","guid":{"rendered":"http:\/\/blog.zeit.de\/nsu-prozess-blog\/?p=6840"},"modified":"2014-06-24T19:35:44","modified_gmt":"2014-06-24T17:35:44","slug":"der-kontaktmann-ohne-kontakte-das-medienlog-vom-dienstag-27-mai-2014","status":"publish","type":"post","link":"https:\/\/blog.zeit.de\/nsu-prozess-blog\/2014\/05\/27\/der-kontaktmann-ohne-kontakte-das-medienlog-vom-dienstag-27-mai-2014\/","title":{"rendered":"Der Kontaktmann ohne Kontakte \u2013 Das Medienlog vom Dienstag, 27. Mai 2014"},"content":{"rendered":"<p>Es w\u00e4re nicht das erste Mal, dass ein Gefangener aus einer Haftanstalt behauptet, etwas \u00fcber etwaige NSU-Unterst\u00fctzer zu wissen \u2013 obwohl dem nicht so ist. Der Grund ist meist simpel: die Hoffnung auf einen Vorteil. Am Montag war das Gericht m\u00f6glicherweise mit einem solchen Fall konfrontiert.<\/p>\n<p><!--more--><\/p>\n<p><em>An jedem Werktag sichten wir f\u00fcr das NSU-Prozess-Blog die Medien und stellen wichtige Berichte, Blogs, Videos und Tweets zusammen. Wir freuen uns \u00fcber Hinweise via Twitter mit dem Hashtag #nsublog \u2013 oder per E-Mail an <a href=\"mailto:nsublog@zeit.de\">nsublog@zeit.de<\/a>.<\/em><\/p>\n<p>Tanjev Schultz berichtet in der <a href=\"http:\/\/www.sueddeutsche.de\/politik\/nsu-prozess-bizarres-von-der-schlapphut-bande-1.1975376\" target=\"_blank\"><em>S\u00fcddeutschen Zeitung<\/em><\/a> von einer &#8222;seltsamen Episode&#8220; im NSU-Prozess: Erstmalig sei mit dem Heizungsmonteur Andreas Re. ein Zeuge mit Handschellen in den Prozess-Saal gef\u00fchrt worden. Die Nebenklage hatte beantragt, Re. zu laden, der mit der sogenannten Schlapphut-Bande rund 50 Banken \u00fcberfallen hat und in der Justizvollzuganstalt Burg in Sachsen-Anhalt einsitzt. Re. ist ehemaliger Mitt\u00e4ter des in Polen inhaftierten Krzysztof S., der angibt, er habe im Jahr 2004 eine Waffe an den Angeklagten Ralf Wohlleben weitergegeben und im Gegenzug ein Werkzeug zum Autoknacken erhalten. Re. sollte nun eine Einsch\u00e4tzung erleichtern, ob die Behauptung seines fr\u00fcheren Komplizen stimmen k\u00f6nnte.<\/p>\n<p>Doch die Aussage von Krzysztof S. ist offensichtlich skeptisch zu bewerten. Kai Mudra von der <a href=\"http:\/\/www.thueringer-allgemeine.de\/startseite\/detail\/-\/specific\/NSU-Prozess-Schwerverbrecher-kann-sich-nicht-an-Waffengeschaeft-mit-Wohlleben-e-41690932\" target=\"_blank\"><em>Th\u00fcringer Allgemeinen<\/em><\/a> zufolge hat sich der 59-J\u00e4hrige Re. gestern kaum an Einzelheiten eines m\u00f6glichen Gesch\u00e4fts zwischen Krysztof S. und Wohlleben erinnern k\u00f6nnen. Den Namen Wohlleben will er erst aus den Medien erfahren haben. <a href=\"http:\/\/www.stuttgarter-zeitung.de\/inhalt.nsu-prozess-in-muenchen-bankraeuber-bestreitet-nsu-kontakte.683ba443-5db8-41bf-a009-44a19e574bee.html\" target=\"_blank\"><em>Stuttgarter Zeitung<\/em> zufolge hat Re. vor Gericht \u00fcber Krzysztof S. gesagt: &#8222;Mir kommt es so vor, dass er einen Weg sucht, seine Strafe in Deutschland zu verb\u00fc\u00dfen.&#8220;<\/p>\n<p>Der Zeuge Re. habe zwar angenommen, sein ehemaliger Mitt\u00e4ter suche irgendeinen Weg, nach Deutschland zu kommen, hei\u00dft es dazu im Blog <\/a><a href=\"http:\/\/www.nsu-nebenklage.de\/blog\/2014\/05\/26\/26-05-2014\/\" target=\"_blank\"><em>NSU-Nebenklage<\/em><\/a>. Aber er habe auch viele Punkte aus dessen Aussage best\u00e4tigt \u2013 etwa die Angabe, dass es einen enormen Waffenbestand gab, dass st\u00e4ndig Waffen dazugekauft und manchmal auch abgegeben wurden. Dennoch bleibt eines nach diesem fr\u00fch beendeten Verhandlungstag weiter offen: Die Frage, ob die Schlapph\u00fcte jemals Kontakt zum NSU hatten.<\/p>\n<p>In der <a href=\"http:\/\/www.jungewelt.de\/2014\/05-27\/015.php\" target=\"_blank\"><em>Jungen Welt<\/em><\/a> berichtet Claudia Wangerin, die Nebenklage wolle den wegen Mordversuchs verurteilten fr\u00fcheren V-Mann Carsten S. als Zeugen h\u00f6ren. &#8222;Zeugen aus Geheimdienstkreisen werden vom Generalbundesanwalt eher ungern benannt&#8220;, merkt Wangerin an. Im Prozess werde ihre Ladung zumeist von Anw\u00e4lten der Nebenklage beantragt. Carsten S., der von Brandenburgs Verfassungsschutz 1994 w\u00e4hrend der Untersuchungshaft nach dem Mordversuch an einem Nigerianer verpflichtet worden war, wird vorgeworfen, in die Beschaffung von Waffen f\u00fcr das NSU-Trio eingebunden gewesen zu sein.<\/p>\n<p>Das Blog <a href=\"http:\/\/www.nsu-watch.info\/2014\/05\/teilnehmende-beobachtung-gefragt-teil-ii\/\" target=\"_blank\"><em>NSU-Watch<\/em><\/a> ruft die \u00d6ffentlichkeit dazu auf, am NSU-Prozess teilzunehmen. Es fehle eine breite kritische \u00d6ffentlichkeit, die sich als Zeichen an die Prozessbeteiligten und an die Presse ausdr\u00fccklich mit der Nebenklage und den Opfern solidarisiert, hei\u00dft es. W\u00e4hrend immer wieder Neonazis auf der Besuchertrib\u00fcne s\u00e4\u00dfen, um ihre Solidarit\u00e4t oder ihre Geburtstagsgr\u00fc\u00dfe an Angeklagte wie Ralf Wohlleben und Andr\u00e9 E. zur Schau zu tragen, setze sich ihnen keine sichtbare antirassistische \u00d6ffentlichkeit entgegen.<\/p>\n<p>In der <a href=\"http:\/\/www.fr-online.de\/meinung\/kolumne-birlikte-gegen-nsu,1472602,27237012.html\" target=\"_blank\"><em>Frankfurter Rundschau<\/em><\/a> erinnert Anetta Kahane an den Bombenanschlag auf die <a href=\"https:\/\/blog.zeit.de\/stoerungsmelder\/2014\/04\/26\/mutmasslicher-nsu-helfer-befand-sich-2004-in-tatortnaehe-des-koelner-bombenanschlags_15794\">K\u00f6lner Keupstra\u00dfe<\/a>, der sich an Pfingsten zum zehnten Mal j\u00e4hrt. Die NSU-Terrorgruppe hatte dort mit einer Nagelbombe mehrere Menschen schwer verletzt. Ein rechtsextremer Tathintergrund wurde lange ausgeschlossen. &#8222;Die deutsche Gesellschaft f\u00fchlte sich nicht zust\u00e4ndig und \u00fcberlie\u00df die Bewohner der Keupstra\u00dfe sich selbst&#8220;, kritisiert die Vorsitzende der Amadeu Antonio Stiftung. An Pfingsten habe Deutschland nun bei einer Kundgebung in der Keupstra\u00dfe die Chance, in Erinnerung an die Opfer der NSU-Morde zusammenzustehen.<\/p>\n<p><em>Das n\u00e4chste Medienlog erscheint am Mittwoch, 28. Mai 2014.<\/em><\/p>\n","protected":false},"excerpt":{"rendered":"<p>Es w\u00e4re nicht das erste Mal, dass ein Gefangener aus einer Haftanstalt behauptet, etwas \u00fcber etwaige NSU-Unterst\u00fctzer zu wissen \u2013 obwohl dem nicht so ist. Der Grund ist meist simpel: die Hoffnung auf einen Vorteil. Am Montag war das Gericht m\u00f6glicherweise mit einem solchen Fall konfrontiert.<\/p>\n","protected":false},"author":508,"featured_media":0,"comment_status":"open","ping_status":"open","sticky":false,"template":"","format":"standard","meta":{"_jetpack_memberships_contains_paid_content":false,"footnotes":""},"categories":[27531],"tags":[27541,27576,17772],"class_list":["post-6840","post","type-post","status-publish","format-standard","hentry","category-medienschau","tag-carsten-s","tag-keupstrase","tag-ralf-wohlleben"],"yoast_head":"<!-- This site is optimized with the Yoast SEO plugin v21.0 - https:\/\/yoast.com\/wordpress\/plugins\/seo\/ -->\n<title>Der Kontaktmann ohne Kontakte \u2013 Das Medienlog vom Dienstag, 27. Mai 2014 - Das NSU-Prozess-Blog<\/title>\n<meta name=\"robots\" content=\"index, follow, max-snippet:-1, max-image-preview:large, max-video-preview:-1\" \/>\n<link rel=\"canonical\" href=\"https:\/\/blog.zeit.de\/nsu-prozess-blog\/2014\/05\/27\/der-kontaktmann-ohne-kontakte-das-medienlog-vom-dienstag-27-mai-2014\/\" \/>\n<meta property=\"og:locale\" content=\"de_DE\" \/>\n<meta property=\"og:type\" content=\"article\" \/>\n<meta property=\"og:title\" content=\"Der Kontaktmann ohne Kontakte \u2013 Das Medienlog vom Dienstag, 27. Mai 2014 - Das NSU-Prozess-Blog\" \/>\n<meta property=\"og:description\" content=\"Es w\u00e4re nicht das erste Mal, dass ein Gefangener aus einer Haftanstalt behauptet, etwas \u00fcber etwaige NSU-Unterst\u00fctzer zu wissen \u2013 obwohl dem nicht so ist. Der Grund ist meist simpel: die Hoffnung auf einen Vorteil. Am Montag war das Gericht m\u00f6glicherweise mit einem solchen Fall konfrontiert.\" \/>\n<meta property=\"og:url\" content=\"https:\/\/blog.zeit.de\/nsu-prozess-blog\/2014\/05\/27\/der-kontaktmann-ohne-kontakte-das-medienlog-vom-dienstag-27-mai-2014\/\" \/>\n<meta property=\"og:site_name\" content=\"Das NSU-Prozess-Blog\" \/>\n<meta property=\"article:published_time\" content=\"2014-05-27T06:28:25+00:00\" \/>\n<meta property=\"article:modified_time\" content=\"2014-06-24T17:35:44+00:00\" \/>\n<meta name=\"author\" content=\"nsagener\" \/>\n<meta name=\"twitter:label1\" content=\"Geschrieben von\" \/>\n\t<meta name=\"twitter:data1\" content=\"nsagener\" \/>\n\t<meta name=\"twitter:label2\" content=\"Gesch\u00e4tzte Lesezeit\" \/>\n\t<meta name=\"twitter:data2\" content=\"3\u00a0Minuten\" \/>\n<script type=\"application\/ld+json\" class=\"yoast-schema-graph\">{\"@context\":\"https:\/\/schema.org\",\"@graph\":[{\"@type\":\"WebPage\",\"@id\":\"https:\/\/blog.zeit.de\/nsu-prozess-blog\/2014\/05\/27\/der-kontaktmann-ohne-kontakte-das-medienlog-vom-dienstag-27-mai-2014\/\",\"url\":\"https:\/\/blog.zeit.de\/nsu-prozess-blog\/2014\/05\/27\/der-kontaktmann-ohne-kontakte-das-medienlog-vom-dienstag-27-mai-2014\/\",\"name\":\"Der Kontaktmann ohne Kontakte \u2013 Das Medienlog vom Dienstag, 27. Mai 2014 - Das NSU-Prozess-Blog\",\"isPartOf\":{\"@id\":\"https:\/\/blog.zeit.de\/nsu-prozess-blog\/#website\"},\"datePublished\":\"2014-05-27T06:28:25+00:00\",\"dateModified\":\"2014-06-24T17:35:44+00:00\",\"author\":{\"@id\":\"https:\/\/blog.zeit.de\/nsu-prozess-blog\/#\/schema\/person\/c47a6dca36b1f27625a5df38f46b760d\"},\"breadcrumb\":{\"@id\":\"https:\/\/blog.zeit.de\/nsu-prozess-blog\/2014\/05\/27\/der-kontaktmann-ohne-kontakte-das-medienlog-vom-dienstag-27-mai-2014\/#breadcrumb\"},\"inLanguage\":\"de\",\"potentialAction\":[{\"@type\":\"ReadAction\",\"target\":[\"https:\/\/blog.zeit.de\/nsu-prozess-blog\/2014\/05\/27\/der-kontaktmann-ohne-kontakte-das-medienlog-vom-dienstag-27-mai-2014\/\"]}]},{\"@type\":\"BreadcrumbList\",\"@id\":\"https:\/\/blog.zeit.de\/nsu-prozess-blog\/2014\/05\/27\/der-kontaktmann-ohne-kontakte-das-medienlog-vom-dienstag-27-mai-2014\/#breadcrumb\",\"itemListElement\":[{\"@type\":\"ListItem\",\"position\":1,\"name\":\"Startseite\",\"item\":\"https:\/\/blog.zeit.de\/nsu-prozess-blog\/\"},{\"@type\":\"ListItem\",\"position\":2,\"name\":\"Der Kontaktmann ohne Kontakte \u2013 Das Medienlog vom Dienstag, 27. Mai 2014\"}]},{\"@type\":\"WebSite\",\"@id\":\"https:\/\/blog.zeit.de\/nsu-prozess-blog\/#website\",\"url\":\"https:\/\/blog.zeit.de\/nsu-prozess-blog\/\",\"name\":\"Das NSU-Prozess-Blog\",\"description\":\"Alle Berichte zum Terrorverfahren in M\u00fcnchen\",\"potentialAction\":[{\"@type\":\"SearchAction\",\"target\":{\"@type\":\"EntryPoint\",\"urlTemplate\":\"https:\/\/blog.zeit.de\/nsu-prozess-blog\/?s={search_term_string}\"},\"query-input\":\"required name=search_term_string\"}],\"inLanguage\":\"de\"},{\"@type\":\"Person\",\"@id\":\"https:\/\/blog.zeit.de\/nsu-prozess-blog\/#\/schema\/person\/c47a6dca36b1f27625a5df38f46b760d\",\"name\":\"nsagener\",\"image\":{\"@type\":\"ImageObject\",\"inLanguage\":\"de\",\"@id\":\"https:\/\/blog.zeit.de\/nsu-prozess-blog\/#\/schema\/person\/image\/\",\"url\":\"https:\/\/secure.gravatar.com\/avatar\/7d31e54d5da099236c38261ff348888161d2858d69fd21c2ff77c50450e817f4?s=96&d=mm&r=g\",\"contentUrl\":\"https:\/\/secure.gravatar.com\/avatar\/7d31e54d5da099236c38261ff348888161d2858d69fd21c2ff77c50450e817f4?s=96&d=mm&r=g\",\"caption\":\"nsagener\"},\"url\":\"https:\/\/blog.zeit.de\/nsu-prozess-blog\/author\/nsagener\/\"}]}<\/script>\n<!-- \/ Yoast SEO plugin. -->","yoast_head_json":{"title":"Der Kontaktmann ohne Kontakte \u2013 Das Medienlog vom Dienstag, 27. Mai 2014 - Das NSU-Prozess-Blog","robots":{"index":"index","follow":"follow","max-snippet":"max-snippet:-1","max-image-preview":"max-image-preview:large","max-video-preview":"max-video-preview:-1"},"canonical":"https:\/\/blog.zeit.de\/nsu-prozess-blog\/2014\/05\/27\/der-kontaktmann-ohne-kontakte-das-medienlog-vom-dienstag-27-mai-2014\/","og_locale":"de_DE","og_type":"article","og_title":"Der Kontaktmann ohne Kontakte \u2013 Das Medienlog vom Dienstag, 27. Mai 2014 - Das NSU-Prozess-Blog","og_description":"Es w\u00e4re nicht das erste Mal, dass ein Gefangener aus einer Haftanstalt behauptet, etwas \u00fcber etwaige NSU-Unterst\u00fctzer zu wissen \u2013 obwohl dem nicht so ist. Der Grund ist meist simpel: die Hoffnung auf einen Vorteil. Am Montag war das Gericht m\u00f6glicherweise mit einem solchen Fall konfrontiert.","og_url":"https:\/\/blog.zeit.de\/nsu-prozess-blog\/2014\/05\/27\/der-kontaktmann-ohne-kontakte-das-medienlog-vom-dienstag-27-mai-2014\/","og_site_name":"Das NSU-Prozess-Blog","article_published_time":"2014-05-27T06:28:25+00:00","article_modified_time":"2014-06-24T17:35:44+00:00","author":"nsagener","twitter_misc":{"Geschrieben von":"nsagener","Gesch\u00e4tzte Lesezeit":"3\u00a0Minuten"},"schema":{"@context":"https:\/\/schema.org","@graph":[{"@type":"WebPage","@id":"https:\/\/blog.zeit.de\/nsu-prozess-blog\/2014\/05\/27\/der-kontaktmann-ohne-kontakte-das-medienlog-vom-dienstag-27-mai-2014\/","url":"https:\/\/blog.zeit.de\/nsu-prozess-blog\/2014\/05\/27\/der-kontaktmann-ohne-kontakte-das-medienlog-vom-dienstag-27-mai-2014\/","name":"Der Kontaktmann ohne Kontakte \u2013 Das Medienlog vom Dienstag, 27. Mai 2014 - Das NSU-Prozess-Blog","isPartOf":{"@id":"https:\/\/blog.zeit.de\/nsu-prozess-blog\/#website"},"datePublished":"2014-05-27T06:28:25+00:00","dateModified":"2014-06-24T17:35:44+00:00","author":{"@id":"https:\/\/blog.zeit.de\/nsu-prozess-blog\/#\/schema\/person\/c47a6dca36b1f27625a5df38f46b760d"},"breadcrumb":{"@id":"https:\/\/blog.zeit.de\/nsu-prozess-blog\/2014\/05\/27\/der-kontaktmann-ohne-kontakte-das-medienlog-vom-dienstag-27-mai-2014\/#breadcrumb"},"inLanguage":"de","potentialAction":[{"@type":"ReadAction","target":["https:\/\/blog.zeit.de\/nsu-prozess-blog\/2014\/05\/27\/der-kontaktmann-ohne-kontakte-das-medienlog-vom-dienstag-27-mai-2014\/"]}]},{"@type":"BreadcrumbList","@id":"https:\/\/blog.zeit.de\/nsu-prozess-blog\/2014\/05\/27\/der-kontaktmann-ohne-kontakte-das-medienlog-vom-dienstag-27-mai-2014\/#breadcrumb","itemListElement":[{"@type":"ListItem","position":1,"name":"Startseite","item":"https:\/\/blog.zeit.de\/nsu-prozess-blog\/"},{"@type":"ListItem","position":2,"name":"Der Kontaktmann ohne Kontakte \u2013 Das Medienlog vom Dienstag, 27. Mai 2014"}]},{"@type":"WebSite","@id":"https:\/\/blog.zeit.de\/nsu-prozess-blog\/#website","url":"https:\/\/blog.zeit.de\/nsu-prozess-blog\/","name":"Das NSU-Prozess-Blog","description":"Alle Berichte zum Terrorverfahren in M\u00fcnchen","potentialAction":[{"@type":"SearchAction","target":{"@type":"EntryPoint","urlTemplate":"https:\/\/blog.zeit.de\/nsu-prozess-blog\/?s={search_term_string}"},"query-input":"required name=search_term_string"}],"inLanguage":"de"},{"@type":"Person","@id":"https:\/\/blog.zeit.de\/nsu-prozess-blog\/#\/schema\/person\/c47a6dca36b1f27625a5df38f46b760d","name":"nsagener","image":{"@type":"ImageObject","inLanguage":"de","@id":"https:\/\/blog.zeit.de\/nsu-prozess-blog\/#\/schema\/person\/image\/","url":"https:\/\/secure.gravatar.com\/avatar\/7d31e54d5da099236c38261ff348888161d2858d69fd21c2ff77c50450e817f4?s=96&d=mm&r=g","contentUrl":"https:\/\/secure.gravatar.com\/avatar\/7d31e54d5da099236c38261ff348888161d2858d69fd21c2ff77c50450e817f4?s=96&d=mm&r=g","caption":"nsagener"},"url":"https:\/\/blog.zeit.de\/nsu-prozess-blog\/author\/nsagener\/"}]}},"jetpack_featured_media_url":"","jetpack_sharing_enabled":true,"_links":{"self":[{"href":"https:\/\/blog.zeit.de\/nsu-prozess-blog\/wp-json\/wp\/v2\/posts\/6840","targetHints":{"allow":["GET"]}}],"collection":[{"href":"https:\/\/blog.zeit.de\/nsu-prozess-blog\/wp-json\/wp\/v2\/posts"}],"about":[{"href":"https:\/\/blog.zeit.de\/nsu-prozess-blog\/wp-json\/wp\/v2\/types\/post"}],"author":[{"embeddable":true,"href":"https:\/\/blog.zeit.de\/nsu-prozess-blog\/wp-json\/wp\/v2\/users\/508"}],"replies":[{"embeddable":true,"href":"https:\/\/blog.zeit.de\/nsu-prozess-blog\/wp-json\/wp\/v2\/comments?post=6840"}],"version-history":[{"count":10,"href":"https:\/\/blog.zeit.de\/nsu-prozess-blog\/wp-json\/wp\/v2\/posts\/6840\/revisions"}],"predecessor-version":[{"id":7045,"href":"https:\/\/blog.zeit.de\/nsu-prozess-blog\/wp-json\/wp\/v2\/posts\/6840\/revisions\/7045"}],"wp:attachment":[{"href":"https:\/\/blog.zeit.de\/nsu-prozess-blog\/wp-json\/wp\/v2\/media?parent=6840"}],"wp:term":[{"taxonomy":"category","embeddable":true,"href":"https:\/\/blog.zeit.de\/nsu-prozess-blog\/wp-json\/wp\/v2\/categories?post=6840"},{"taxonomy":"post_tag","embeddable":true,"href":"https:\/\/blog.zeit.de\/nsu-prozess-blog\/wp-json\/wp\/v2\/tags?post=6840"}],"curies":[{"name":"wp","href":"https:\/\/api.w.org\/{rel}","templated":true}]}}