{"id":6851,"date":"2014-06-03T07:00:58","date_gmt":"2014-06-03T05:00:58","guid":{"rendered":"http:\/\/blog.zeit.de\/nsu-prozess-blog\/?p=6851"},"modified":"2014-05-28T21:06:32","modified_gmt":"2014-05-28T19:06:32","slug":"117-prozesstag-gericht-beginnt-mit-aufarbeitung-des-ersten-koelner-anschlags","status":"publish","type":"post","link":"https:\/\/blog.zeit.de\/nsu-prozess-blog\/2014\/06\/03\/117-prozesstag-gericht-beginnt-mit-aufarbeitung-des-ersten-koelner-anschlags\/","title":{"rendered":"117. Prozesstag \u2013 Gericht beginnt mit Aufarbeitung des ersten K\u00f6lner Anschlags"},"content":{"rendered":"<p>Die Tat ist der erste Anschlag, den der NSU nach Erkenntnis der Anklage begangen hat: Am 19. Januar 2001 explodierte in einem Lebensmittelgesch\u00e4ft in der K\u00f6lner Probsteigasse eine Bombe und verletzte die 19-j\u00e4hrige Mashia M. schwer. Den Sprengsatz sollen Uwe Mundlos und Uwe B\u00f6hnhardt im Jahr zuvor in dem Laden hinterlassen haben. M. ist die Tochter des damaligen Inhabers, eines Deutsch-Iraners.<\/p>\n<p>Am Dienstag beginnt das Oberlandesgericht M\u00fcnchen mit der Auswertung des Attentats. Als Zeugen sagen drei K\u00f6lner Polizisten aus, die am Tatort ermittelten und Spuren sicherten. Zudem sind w\u00e4hrend der ganzen Prozesswoche der Gerichtsmediziner Oliver Peschel und der Gutachter R\u00fcdiger M\u00f6lle im Saal.<\/p>\n<p><em>ZEIT ONLINE berichtet aus M\u00fcnchen und fasst den Prozesstag am Abend auf diesem Blog zusammen. Informationen aus der Verhandlung gibt es <a href=\"https:\/\/twitter.com\/zeitonline\/lists\/nsu-prozess\">via Twitter hier<\/a>. Weitere Berichte stellen wir morgen im <a href=\"https:\/\/blog.zeit.de\/nsu-prozess-blog\/category\/medienschau\/\">NSU-Medienlog<\/a> zusammen.<\/em><\/p>\n","protected":false},"excerpt":{"rendered":"<p>Die Tat ist der erste Anschlag, den der NSU nach Erkenntnis der Anklage begangen hat: Am 19. Januar 2001 explodierte in einem Lebensmittelgesch\u00e4ft in der K\u00f6lner Probsteigasse eine Bombe und verletzte die 19-j\u00e4hrige Mashia M. schwer. Den Sprengsatz sollen Uwe Mundlos und Uwe B\u00f6hnhardt im Jahr zuvor in dem Laden hinterlassen haben. M. ist die [&hellip;]<\/p>\n","protected":false},"author":435,"featured_media":0,"comment_status":"open","ping_status":"open","sticky":false,"template":"","format":"standard","meta":{"_jetpack_memberships_contains_paid_content":false,"footnotes":""},"categories":[27532],"tags":[24914,29521],"class_list":["post-6851","post","type-post","status-publish","format-standard","hentry","category-prozesstage","tag-koln","tag-probsteigasse"],"yoast_head":"<!-- This site is optimized with the Yoast SEO plugin v21.0 - https:\/\/yoast.com\/wordpress\/plugins\/seo\/ -->\n<title>117. Prozesstag \u2013 Gericht beginnt mit Aufarbeitung des ersten K\u00f6lner Anschlags - Das NSU-Prozess-Blog<\/title>\n<meta name=\"robots\" content=\"index, follow, max-snippet:-1, max-image-preview:large, max-video-preview:-1\" \/>\n<link rel=\"canonical\" href=\"https:\/\/blog.zeit.de\/nsu-prozess-blog\/2014\/06\/03\/117-prozesstag-gericht-beginnt-mit-aufarbeitung-des-ersten-koelner-anschlags\/\" \/>\n<meta property=\"og:locale\" content=\"de_DE\" \/>\n<meta property=\"og:type\" content=\"article\" \/>\n<meta property=\"og:title\" content=\"117. Prozesstag \u2013 Gericht beginnt mit Aufarbeitung des ersten K\u00f6lner Anschlags - Das NSU-Prozess-Blog\" \/>\n<meta property=\"og:description\" content=\"Die Tat ist der erste Anschlag, den der NSU nach Erkenntnis der Anklage begangen hat: Am 19. Januar 2001 explodierte in einem Lebensmittelgesch\u00e4ft in der K\u00f6lner Probsteigasse eine Bombe und verletzte die 19-j\u00e4hrige Mashia M. schwer. Den Sprengsatz sollen Uwe Mundlos und Uwe B\u00f6hnhardt im Jahr zuvor in dem Laden hinterlassen haben. M. ist die [&hellip;]\" \/>\n<meta property=\"og:url\" content=\"https:\/\/blog.zeit.de\/nsu-prozess-blog\/2014\/06\/03\/117-prozesstag-gericht-beginnt-mit-aufarbeitung-des-ersten-koelner-anschlags\/\" \/>\n<meta property=\"og:site_name\" content=\"Das NSU-Prozess-Blog\" \/>\n<meta property=\"article:published_time\" content=\"2014-06-03T05:00:58+00:00\" \/>\n<meta property=\"article:modified_time\" content=\"2014-05-28T19:06:32+00:00\" \/>\n<meta name=\"author\" content=\"Tom Sundermann\" \/>\n<meta name=\"twitter:label1\" content=\"Geschrieben von\" \/>\n\t<meta name=\"twitter:data1\" content=\"Tom Sundermann\" \/>\n\t<meta name=\"twitter:label2\" content=\"Gesch\u00e4tzte Lesezeit\" \/>\n\t<meta name=\"twitter:data2\" content=\"1\u00a0Minute\" \/>\n<script type=\"application\/ld+json\" class=\"yoast-schema-graph\">{\"@context\":\"https:\/\/schema.org\",\"@graph\":[{\"@type\":\"WebPage\",\"@id\":\"https:\/\/blog.zeit.de\/nsu-prozess-blog\/2014\/06\/03\/117-prozesstag-gericht-beginnt-mit-aufarbeitung-des-ersten-koelner-anschlags\/\",\"url\":\"https:\/\/blog.zeit.de\/nsu-prozess-blog\/2014\/06\/03\/117-prozesstag-gericht-beginnt-mit-aufarbeitung-des-ersten-koelner-anschlags\/\",\"name\":\"117. Prozesstag \u2013 Gericht beginnt mit Aufarbeitung des ersten K\u00f6lner Anschlags - Das NSU-Prozess-Blog\",\"isPartOf\":{\"@id\":\"https:\/\/blog.zeit.de\/nsu-prozess-blog\/#website\"},\"datePublished\":\"2014-06-03T05:00:58+00:00\",\"dateModified\":\"2014-05-28T19:06:32+00:00\",\"author\":{\"@id\":\"https:\/\/blog.zeit.de\/nsu-prozess-blog\/#\/schema\/person\/553ea9bb5d1fc2ae054c589bd59380a5\"},\"breadcrumb\":{\"@id\":\"https:\/\/blog.zeit.de\/nsu-prozess-blog\/2014\/06\/03\/117-prozesstag-gericht-beginnt-mit-aufarbeitung-des-ersten-koelner-anschlags\/#breadcrumb\"},\"inLanguage\":\"de\",\"potentialAction\":[{\"@type\":\"ReadAction\",\"target\":[\"https:\/\/blog.zeit.de\/nsu-prozess-blog\/2014\/06\/03\/117-prozesstag-gericht-beginnt-mit-aufarbeitung-des-ersten-koelner-anschlags\/\"]}]},{\"@type\":\"BreadcrumbList\",\"@id\":\"https:\/\/blog.zeit.de\/nsu-prozess-blog\/2014\/06\/03\/117-prozesstag-gericht-beginnt-mit-aufarbeitung-des-ersten-koelner-anschlags\/#breadcrumb\",\"itemListElement\":[{\"@type\":\"ListItem\",\"position\":1,\"name\":\"Startseite\",\"item\":\"https:\/\/blog.zeit.de\/nsu-prozess-blog\/\"},{\"@type\":\"ListItem\",\"position\":2,\"name\":\"117. Prozesstag \u2013 Gericht beginnt mit Aufarbeitung des ersten K\u00f6lner Anschlags\"}]},{\"@type\":\"WebSite\",\"@id\":\"https:\/\/blog.zeit.de\/nsu-prozess-blog\/#website\",\"url\":\"https:\/\/blog.zeit.de\/nsu-prozess-blog\/\",\"name\":\"Das NSU-Prozess-Blog\",\"description\":\"Alle Berichte zum Terrorverfahren in M\u00fcnchen\",\"potentialAction\":[{\"@type\":\"SearchAction\",\"target\":{\"@type\":\"EntryPoint\",\"urlTemplate\":\"https:\/\/blog.zeit.de\/nsu-prozess-blog\/?s={search_term_string}\"},\"query-input\":\"required name=search_term_string\"}],\"inLanguage\":\"de\"},{\"@type\":\"Person\",\"@id\":\"https:\/\/blog.zeit.de\/nsu-prozess-blog\/#\/schema\/person\/553ea9bb5d1fc2ae054c589bd59380a5\",\"name\":\"Tom Sundermann\",\"image\":{\"@type\":\"ImageObject\",\"inLanguage\":\"de\",\"@id\":\"https:\/\/blog.zeit.de\/nsu-prozess-blog\/#\/schema\/person\/image\/\",\"url\":\"https:\/\/secure.gravatar.com\/avatar\/e108a3dc18766f719b2f797dc5d19093f06a1870c55b553ab6b7563f1f9a5e68?s=96&d=mm&r=g\",\"contentUrl\":\"https:\/\/secure.gravatar.com\/avatar\/e108a3dc18766f719b2f797dc5d19093f06a1870c55b553ab6b7563f1f9a5e68?s=96&d=mm&r=g\",\"caption\":\"Tom Sundermann\"},\"sameAs\":[\"https:\/\/twitter.com\/messeticker\"],\"url\":\"https:\/\/blog.zeit.de\/nsu-prozess-blog\/author\/tsundermann\/\"}]}<\/script>\n<!-- \/ Yoast SEO plugin. -->","yoast_head_json":{"title":"117. Prozesstag \u2013 Gericht beginnt mit Aufarbeitung des ersten K\u00f6lner Anschlags - Das NSU-Prozess-Blog","robots":{"index":"index","follow":"follow","max-snippet":"max-snippet:-1","max-image-preview":"max-image-preview:large","max-video-preview":"max-video-preview:-1"},"canonical":"https:\/\/blog.zeit.de\/nsu-prozess-blog\/2014\/06\/03\/117-prozesstag-gericht-beginnt-mit-aufarbeitung-des-ersten-koelner-anschlags\/","og_locale":"de_DE","og_type":"article","og_title":"117. Prozesstag \u2013 Gericht beginnt mit Aufarbeitung des ersten K\u00f6lner Anschlags - Das NSU-Prozess-Blog","og_description":"Die Tat ist der erste Anschlag, den der NSU nach Erkenntnis der Anklage begangen hat: Am 19. Januar 2001 explodierte in einem Lebensmittelgesch\u00e4ft in der K\u00f6lner Probsteigasse eine Bombe und verletzte die 19-j\u00e4hrige Mashia M. schwer. Den Sprengsatz sollen Uwe Mundlos und Uwe B\u00f6hnhardt im Jahr zuvor in dem Laden hinterlassen haben. M. ist die [&hellip;]","og_url":"https:\/\/blog.zeit.de\/nsu-prozess-blog\/2014\/06\/03\/117-prozesstag-gericht-beginnt-mit-aufarbeitung-des-ersten-koelner-anschlags\/","og_site_name":"Das NSU-Prozess-Blog","article_published_time":"2014-06-03T05:00:58+00:00","article_modified_time":"2014-05-28T19:06:32+00:00","author":"Tom Sundermann","twitter_misc":{"Geschrieben von":"Tom Sundermann","Gesch\u00e4tzte Lesezeit":"1\u00a0Minute"},"schema":{"@context":"https:\/\/schema.org","@graph":[{"@type":"WebPage","@id":"https:\/\/blog.zeit.de\/nsu-prozess-blog\/2014\/06\/03\/117-prozesstag-gericht-beginnt-mit-aufarbeitung-des-ersten-koelner-anschlags\/","url":"https:\/\/blog.zeit.de\/nsu-prozess-blog\/2014\/06\/03\/117-prozesstag-gericht-beginnt-mit-aufarbeitung-des-ersten-koelner-anschlags\/","name":"117. Prozesstag \u2013 Gericht beginnt mit Aufarbeitung des ersten K\u00f6lner Anschlags - Das NSU-Prozess-Blog","isPartOf":{"@id":"https:\/\/blog.zeit.de\/nsu-prozess-blog\/#website"},"datePublished":"2014-06-03T05:00:58+00:00","dateModified":"2014-05-28T19:06:32+00:00","author":{"@id":"https:\/\/blog.zeit.de\/nsu-prozess-blog\/#\/schema\/person\/553ea9bb5d1fc2ae054c589bd59380a5"},"breadcrumb":{"@id":"https:\/\/blog.zeit.de\/nsu-prozess-blog\/2014\/06\/03\/117-prozesstag-gericht-beginnt-mit-aufarbeitung-des-ersten-koelner-anschlags\/#breadcrumb"},"inLanguage":"de","potentialAction":[{"@type":"ReadAction","target":["https:\/\/blog.zeit.de\/nsu-prozess-blog\/2014\/06\/03\/117-prozesstag-gericht-beginnt-mit-aufarbeitung-des-ersten-koelner-anschlags\/"]}]},{"@type":"BreadcrumbList","@id":"https:\/\/blog.zeit.de\/nsu-prozess-blog\/2014\/06\/03\/117-prozesstag-gericht-beginnt-mit-aufarbeitung-des-ersten-koelner-anschlags\/#breadcrumb","itemListElement":[{"@type":"ListItem","position":1,"name":"Startseite","item":"https:\/\/blog.zeit.de\/nsu-prozess-blog\/"},{"@type":"ListItem","position":2,"name":"117. Prozesstag \u2013 Gericht beginnt mit Aufarbeitung des ersten K\u00f6lner Anschlags"}]},{"@type":"WebSite","@id":"https:\/\/blog.zeit.de\/nsu-prozess-blog\/#website","url":"https:\/\/blog.zeit.de\/nsu-prozess-blog\/","name":"Das NSU-Prozess-Blog","description":"Alle Berichte zum Terrorverfahren in M\u00fcnchen","potentialAction":[{"@type":"SearchAction","target":{"@type":"EntryPoint","urlTemplate":"https:\/\/blog.zeit.de\/nsu-prozess-blog\/?s={search_term_string}"},"query-input":"required name=search_term_string"}],"inLanguage":"de"},{"@type":"Person","@id":"https:\/\/blog.zeit.de\/nsu-prozess-blog\/#\/schema\/person\/553ea9bb5d1fc2ae054c589bd59380a5","name":"Tom Sundermann","image":{"@type":"ImageObject","inLanguage":"de","@id":"https:\/\/blog.zeit.de\/nsu-prozess-blog\/#\/schema\/person\/image\/","url":"https:\/\/secure.gravatar.com\/avatar\/e108a3dc18766f719b2f797dc5d19093f06a1870c55b553ab6b7563f1f9a5e68?s=96&d=mm&r=g","contentUrl":"https:\/\/secure.gravatar.com\/avatar\/e108a3dc18766f719b2f797dc5d19093f06a1870c55b553ab6b7563f1f9a5e68?s=96&d=mm&r=g","caption":"Tom Sundermann"},"sameAs":["https:\/\/twitter.com\/messeticker"],"url":"https:\/\/blog.zeit.de\/nsu-prozess-blog\/author\/tsundermann\/"}]}},"jetpack_featured_media_url":"","jetpack_sharing_enabled":true,"_links":{"self":[{"href":"https:\/\/blog.zeit.de\/nsu-prozess-blog\/wp-json\/wp\/v2\/posts\/6851","targetHints":{"allow":["GET"]}}],"collection":[{"href":"https:\/\/blog.zeit.de\/nsu-prozess-blog\/wp-json\/wp\/v2\/posts"}],"about":[{"href":"https:\/\/blog.zeit.de\/nsu-prozess-blog\/wp-json\/wp\/v2\/types\/post"}],"author":[{"embeddable":true,"href":"https:\/\/blog.zeit.de\/nsu-prozess-blog\/wp-json\/wp\/v2\/users\/435"}],"replies":[{"embeddable":true,"href":"https:\/\/blog.zeit.de\/nsu-prozess-blog\/wp-json\/wp\/v2\/comments?post=6851"}],"version-history":[{"count":1,"href":"https:\/\/blog.zeit.de\/nsu-prozess-blog\/wp-json\/wp\/v2\/posts\/6851\/revisions"}],"predecessor-version":[{"id":6852,"href":"https:\/\/blog.zeit.de\/nsu-prozess-blog\/wp-json\/wp\/v2\/posts\/6851\/revisions\/6852"}],"wp:attachment":[{"href":"https:\/\/blog.zeit.de\/nsu-prozess-blog\/wp-json\/wp\/v2\/media?parent=6851"}],"wp:term":[{"taxonomy":"category","embeddable":true,"href":"https:\/\/blog.zeit.de\/nsu-prozess-blog\/wp-json\/wp\/v2\/categories?post=6851"},{"taxonomy":"post_tag","embeddable":true,"href":"https:\/\/blog.zeit.de\/nsu-prozess-blog\/wp-json\/wp\/v2\/tags?post=6851"}],"curies":[{"name":"wp","href":"https:\/\/api.w.org\/{rel}","templated":true}]}}