{"id":6853,"date":"2014-06-04T07:00:41","date_gmt":"2014-06-04T05:00:41","guid":{"rendered":"http:\/\/blog.zeit.de\/nsu-prozess-blog\/?p=6853"},"modified":"2014-06-03T16:51:12","modified_gmt":"2014-06-03T14:51:12","slug":"118-prozesstag-welche-qualen-durchlitt-mashia-m","status":"publish","type":"post","link":"https:\/\/blog.zeit.de\/nsu-prozess-blog\/2014\/06\/04\/118-prozesstag-welche-qualen-durchlitt-mashia-m\/","title":{"rendered":"118. Prozesstag \u2013 Anschlagsopfer Mashia M. sagt aus"},"content":{"rendered":"<p>Der 19. Januar 2001 war ein Schicksalstag f\u00fcr die damals 19-j\u00e4hrige Mashia M.: Im Lebensmittelgesch\u00e4ft ihres Vaters in K\u00f6ln \u00f6ffnete sie eine Christstollendose, in der eine Bombe versteckt war. Der Sprengstoff explodierte und f\u00fcgte M. schwere Verletzungen zu. Bis heute leidet sie unter der Tat, die dem NSU zugeschrieben wird. Uwe Mundlos und Uwe B\u00f6hnhardt sollen die Dose zuvor in dem Laden hinterlassen haben.<\/p>\n<p>Am Mittwoch \u00e4u\u00dfert sich das Opfer vor Gericht zu der Tat: M. ist als Zeugin nach M\u00fcnchen geladen. Dabei wird sie schildern, welche Folgen der Anschlag f\u00fcr sie und ihre Familie hatte.<\/p>\n<p>Ebenfalls geladen sind drei Polizisten, die mit Ermittlungen betraut waren, zudem vier \u00c4rzte, die M. behandelt hatten. Ob tats\u00e4chlich alle Zeugen zur Aussage kommen, ist angesichts der begrenzten Zeit unklar.<\/p>\n<p><em>ZEIT ONLINE berichtet aus M\u00fcnchen und fasst den Prozesstag am Abend auf diesem Blog zusammen. Informationen aus der Verhandlung gibt es <a href=\"https:\/\/twitter.com\/zeitonline\/lists\/nsu-prozess\">via Twitter hier<\/a>. Weitere Berichte stellen wir morgen im <a href=\"https:\/\/blog.zeit.de\/nsu-prozess-blog\/category\/medienschau\/\">NSU-Medienlog<\/a> zusammen.<\/em><\/p>\n","protected":false},"excerpt":{"rendered":"<p>Der 19. Januar 2001 war ein Schicksalstag f\u00fcr die damals 19-j\u00e4hrige Mashia M.: Im Lebensmittelgesch\u00e4ft ihres Vaters in K\u00f6ln \u00f6ffnete sie eine Christstollendose, in der eine Bombe versteckt war. Der Sprengstoff explodierte und f\u00fcgte M. schwere Verletzungen zu. Bis heute leidet sie unter der Tat, die dem NSU zugeschrieben wird. Uwe Mundlos und Uwe B\u00f6hnhardt [&hellip;]<\/p>\n","protected":false},"author":435,"featured_media":0,"comment_status":"open","ping_status":"open","sticky":false,"template":"","format":"standard","meta":{"_jetpack_memberships_contains_paid_content":false,"footnotes":""},"categories":[27532],"tags":[24914,29521],"class_list":["post-6853","post","type-post","status-publish","format-standard","hentry","category-prozesstage","tag-koln","tag-probsteigasse"],"yoast_head":"<!-- This site is optimized with the Yoast SEO plugin v21.0 - https:\/\/yoast.com\/wordpress\/plugins\/seo\/ -->\n<title>118. Prozesstag \u2013 Anschlagsopfer Mashia M. sagt aus - Das NSU-Prozess-Blog<\/title>\n<meta name=\"robots\" content=\"index, follow, max-snippet:-1, max-image-preview:large, max-video-preview:-1\" \/>\n<link rel=\"canonical\" href=\"https:\/\/blog.zeit.de\/nsu-prozess-blog\/2014\/06\/04\/118-prozesstag-welche-qualen-durchlitt-mashia-m\/\" \/>\n<meta property=\"og:locale\" content=\"de_DE\" \/>\n<meta property=\"og:type\" content=\"article\" \/>\n<meta property=\"og:title\" content=\"118. Prozesstag \u2013 Anschlagsopfer Mashia M. sagt aus - Das NSU-Prozess-Blog\" \/>\n<meta property=\"og:description\" content=\"Der 19. Januar 2001 war ein Schicksalstag f\u00fcr die damals 19-j\u00e4hrige Mashia M.: Im Lebensmittelgesch\u00e4ft ihres Vaters in K\u00f6ln \u00f6ffnete sie eine Christstollendose, in der eine Bombe versteckt war. Der Sprengstoff explodierte und f\u00fcgte M. schwere Verletzungen zu. Bis heute leidet sie unter der Tat, die dem NSU zugeschrieben wird. Uwe Mundlos und Uwe B\u00f6hnhardt [&hellip;]\" \/>\n<meta property=\"og:url\" content=\"https:\/\/blog.zeit.de\/nsu-prozess-blog\/2014\/06\/04\/118-prozesstag-welche-qualen-durchlitt-mashia-m\/\" \/>\n<meta property=\"og:site_name\" content=\"Das NSU-Prozess-Blog\" \/>\n<meta property=\"article:published_time\" content=\"2014-06-04T05:00:41+00:00\" \/>\n<meta property=\"article:modified_time\" content=\"2014-06-03T14:51:12+00:00\" \/>\n<meta name=\"author\" content=\"Tom Sundermann\" \/>\n<meta name=\"twitter:label1\" content=\"Geschrieben von\" \/>\n\t<meta name=\"twitter:data1\" content=\"Tom Sundermann\" \/>\n\t<meta name=\"twitter:label2\" content=\"Gesch\u00e4tzte Lesezeit\" \/>\n\t<meta name=\"twitter:data2\" content=\"1\u00a0Minute\" \/>\n<script type=\"application\/ld+json\" class=\"yoast-schema-graph\">{\"@context\":\"https:\/\/schema.org\",\"@graph\":[{\"@type\":\"WebPage\",\"@id\":\"https:\/\/blog.zeit.de\/nsu-prozess-blog\/2014\/06\/04\/118-prozesstag-welche-qualen-durchlitt-mashia-m\/\",\"url\":\"https:\/\/blog.zeit.de\/nsu-prozess-blog\/2014\/06\/04\/118-prozesstag-welche-qualen-durchlitt-mashia-m\/\",\"name\":\"118. Prozesstag \u2013 Anschlagsopfer Mashia M. sagt aus - Das NSU-Prozess-Blog\",\"isPartOf\":{\"@id\":\"https:\/\/blog.zeit.de\/nsu-prozess-blog\/#website\"},\"datePublished\":\"2014-06-04T05:00:41+00:00\",\"dateModified\":\"2014-06-03T14:51:12+00:00\",\"author\":{\"@id\":\"https:\/\/blog.zeit.de\/nsu-prozess-blog\/#\/schema\/person\/553ea9bb5d1fc2ae054c589bd59380a5\"},\"breadcrumb\":{\"@id\":\"https:\/\/blog.zeit.de\/nsu-prozess-blog\/2014\/06\/04\/118-prozesstag-welche-qualen-durchlitt-mashia-m\/#breadcrumb\"},\"inLanguage\":\"de\",\"potentialAction\":[{\"@type\":\"ReadAction\",\"target\":[\"https:\/\/blog.zeit.de\/nsu-prozess-blog\/2014\/06\/04\/118-prozesstag-welche-qualen-durchlitt-mashia-m\/\"]}]},{\"@type\":\"BreadcrumbList\",\"@id\":\"https:\/\/blog.zeit.de\/nsu-prozess-blog\/2014\/06\/04\/118-prozesstag-welche-qualen-durchlitt-mashia-m\/#breadcrumb\",\"itemListElement\":[{\"@type\":\"ListItem\",\"position\":1,\"name\":\"Startseite\",\"item\":\"https:\/\/blog.zeit.de\/nsu-prozess-blog\/\"},{\"@type\":\"ListItem\",\"position\":2,\"name\":\"118. Prozesstag \u2013 Anschlagsopfer Mashia M. sagt aus\"}]},{\"@type\":\"WebSite\",\"@id\":\"https:\/\/blog.zeit.de\/nsu-prozess-blog\/#website\",\"url\":\"https:\/\/blog.zeit.de\/nsu-prozess-blog\/\",\"name\":\"Das NSU-Prozess-Blog\",\"description\":\"Alle Berichte zum Terrorverfahren in M\u00fcnchen\",\"potentialAction\":[{\"@type\":\"SearchAction\",\"target\":{\"@type\":\"EntryPoint\",\"urlTemplate\":\"https:\/\/blog.zeit.de\/nsu-prozess-blog\/?s={search_term_string}\"},\"query-input\":\"required name=search_term_string\"}],\"inLanguage\":\"de\"},{\"@type\":\"Person\",\"@id\":\"https:\/\/blog.zeit.de\/nsu-prozess-blog\/#\/schema\/person\/553ea9bb5d1fc2ae054c589bd59380a5\",\"name\":\"Tom Sundermann\",\"image\":{\"@type\":\"ImageObject\",\"inLanguage\":\"de\",\"@id\":\"https:\/\/blog.zeit.de\/nsu-prozess-blog\/#\/schema\/person\/image\/\",\"url\":\"https:\/\/secure.gravatar.com\/avatar\/e108a3dc18766f719b2f797dc5d19093f06a1870c55b553ab6b7563f1f9a5e68?s=96&d=mm&r=g\",\"contentUrl\":\"https:\/\/secure.gravatar.com\/avatar\/e108a3dc18766f719b2f797dc5d19093f06a1870c55b553ab6b7563f1f9a5e68?s=96&d=mm&r=g\",\"caption\":\"Tom Sundermann\"},\"sameAs\":[\"https:\/\/twitter.com\/messeticker\"],\"url\":\"https:\/\/blog.zeit.de\/nsu-prozess-blog\/author\/tsundermann\/\"}]}<\/script>\n<!-- \/ Yoast SEO plugin. -->","yoast_head_json":{"title":"118. Prozesstag \u2013 Anschlagsopfer Mashia M. sagt aus - Das NSU-Prozess-Blog","robots":{"index":"index","follow":"follow","max-snippet":"max-snippet:-1","max-image-preview":"max-image-preview:large","max-video-preview":"max-video-preview:-1"},"canonical":"https:\/\/blog.zeit.de\/nsu-prozess-blog\/2014\/06\/04\/118-prozesstag-welche-qualen-durchlitt-mashia-m\/","og_locale":"de_DE","og_type":"article","og_title":"118. Prozesstag \u2013 Anschlagsopfer Mashia M. sagt aus - Das NSU-Prozess-Blog","og_description":"Der 19. Januar 2001 war ein Schicksalstag f\u00fcr die damals 19-j\u00e4hrige Mashia M.: Im Lebensmittelgesch\u00e4ft ihres Vaters in K\u00f6ln \u00f6ffnete sie eine Christstollendose, in der eine Bombe versteckt war. Der Sprengstoff explodierte und f\u00fcgte M. schwere Verletzungen zu. Bis heute leidet sie unter der Tat, die dem NSU zugeschrieben wird. Uwe Mundlos und Uwe B\u00f6hnhardt [&hellip;]","og_url":"https:\/\/blog.zeit.de\/nsu-prozess-blog\/2014\/06\/04\/118-prozesstag-welche-qualen-durchlitt-mashia-m\/","og_site_name":"Das NSU-Prozess-Blog","article_published_time":"2014-06-04T05:00:41+00:00","article_modified_time":"2014-06-03T14:51:12+00:00","author":"Tom Sundermann","twitter_misc":{"Geschrieben von":"Tom Sundermann","Gesch\u00e4tzte Lesezeit":"1\u00a0Minute"},"schema":{"@context":"https:\/\/schema.org","@graph":[{"@type":"WebPage","@id":"https:\/\/blog.zeit.de\/nsu-prozess-blog\/2014\/06\/04\/118-prozesstag-welche-qualen-durchlitt-mashia-m\/","url":"https:\/\/blog.zeit.de\/nsu-prozess-blog\/2014\/06\/04\/118-prozesstag-welche-qualen-durchlitt-mashia-m\/","name":"118. Prozesstag \u2013 Anschlagsopfer Mashia M. sagt aus - Das NSU-Prozess-Blog","isPartOf":{"@id":"https:\/\/blog.zeit.de\/nsu-prozess-blog\/#website"},"datePublished":"2014-06-04T05:00:41+00:00","dateModified":"2014-06-03T14:51:12+00:00","author":{"@id":"https:\/\/blog.zeit.de\/nsu-prozess-blog\/#\/schema\/person\/553ea9bb5d1fc2ae054c589bd59380a5"},"breadcrumb":{"@id":"https:\/\/blog.zeit.de\/nsu-prozess-blog\/2014\/06\/04\/118-prozesstag-welche-qualen-durchlitt-mashia-m\/#breadcrumb"},"inLanguage":"de","potentialAction":[{"@type":"ReadAction","target":["https:\/\/blog.zeit.de\/nsu-prozess-blog\/2014\/06\/04\/118-prozesstag-welche-qualen-durchlitt-mashia-m\/"]}]},{"@type":"BreadcrumbList","@id":"https:\/\/blog.zeit.de\/nsu-prozess-blog\/2014\/06\/04\/118-prozesstag-welche-qualen-durchlitt-mashia-m\/#breadcrumb","itemListElement":[{"@type":"ListItem","position":1,"name":"Startseite","item":"https:\/\/blog.zeit.de\/nsu-prozess-blog\/"},{"@type":"ListItem","position":2,"name":"118. Prozesstag \u2013 Anschlagsopfer Mashia M. sagt aus"}]},{"@type":"WebSite","@id":"https:\/\/blog.zeit.de\/nsu-prozess-blog\/#website","url":"https:\/\/blog.zeit.de\/nsu-prozess-blog\/","name":"Das NSU-Prozess-Blog","description":"Alle Berichte zum Terrorverfahren in M\u00fcnchen","potentialAction":[{"@type":"SearchAction","target":{"@type":"EntryPoint","urlTemplate":"https:\/\/blog.zeit.de\/nsu-prozess-blog\/?s={search_term_string}"},"query-input":"required name=search_term_string"}],"inLanguage":"de"},{"@type":"Person","@id":"https:\/\/blog.zeit.de\/nsu-prozess-blog\/#\/schema\/person\/553ea9bb5d1fc2ae054c589bd59380a5","name":"Tom Sundermann","image":{"@type":"ImageObject","inLanguage":"de","@id":"https:\/\/blog.zeit.de\/nsu-prozess-blog\/#\/schema\/person\/image\/","url":"https:\/\/secure.gravatar.com\/avatar\/e108a3dc18766f719b2f797dc5d19093f06a1870c55b553ab6b7563f1f9a5e68?s=96&d=mm&r=g","contentUrl":"https:\/\/secure.gravatar.com\/avatar\/e108a3dc18766f719b2f797dc5d19093f06a1870c55b553ab6b7563f1f9a5e68?s=96&d=mm&r=g","caption":"Tom Sundermann"},"sameAs":["https:\/\/twitter.com\/messeticker"],"url":"https:\/\/blog.zeit.de\/nsu-prozess-blog\/author\/tsundermann\/"}]}},"jetpack_featured_media_url":"","jetpack_sharing_enabled":true,"_links":{"self":[{"href":"https:\/\/blog.zeit.de\/nsu-prozess-blog\/wp-json\/wp\/v2\/posts\/6853","targetHints":{"allow":["GET"]}}],"collection":[{"href":"https:\/\/blog.zeit.de\/nsu-prozess-blog\/wp-json\/wp\/v2\/posts"}],"about":[{"href":"https:\/\/blog.zeit.de\/nsu-prozess-blog\/wp-json\/wp\/v2\/types\/post"}],"author":[{"embeddable":true,"href":"https:\/\/blog.zeit.de\/nsu-prozess-blog\/wp-json\/wp\/v2\/users\/435"}],"replies":[{"embeddable":true,"href":"https:\/\/blog.zeit.de\/nsu-prozess-blog\/wp-json\/wp\/v2\/comments?post=6853"}],"version-history":[{"count":3,"href":"https:\/\/blog.zeit.de\/nsu-prozess-blog\/wp-json\/wp\/v2\/posts\/6853\/revisions"}],"predecessor-version":[{"id":6886,"href":"https:\/\/blog.zeit.de\/nsu-prozess-blog\/wp-json\/wp\/v2\/posts\/6853\/revisions\/6886"}],"wp:attachment":[{"href":"https:\/\/blog.zeit.de\/nsu-prozess-blog\/wp-json\/wp\/v2\/media?parent=6853"}],"wp:term":[{"taxonomy":"category","embeddable":true,"href":"https:\/\/blog.zeit.de\/nsu-prozess-blog\/wp-json\/wp\/v2\/categories?post=6853"},{"taxonomy":"post_tag","embeddable":true,"href":"https:\/\/blog.zeit.de\/nsu-prozess-blog\/wp-json\/wp\/v2\/tags?post=6853"}],"curies":[{"name":"wp","href":"https:\/\/api.w.org\/{rel}","templated":true}]}}