{"id":6855,"date":"2014-06-05T07:00:18","date_gmt":"2014-06-05T05:00:18","guid":{"rendered":"http:\/\/blog.zeit.de\/nsu-prozess-blog\/?p=6855"},"modified":"2014-06-05T18:54:40","modified_gmt":"2014-06-05T16:54:40","slug":"119-prozesstag-anschlagsopfer-mashia-m-sagt-aus","status":"publish","type":"post","link":"https:\/\/blog.zeit.de\/nsu-prozess-blog\/2014\/06\/05\/119-prozesstag-anschlagsopfer-mashia-m-sagt-aus\/","title":{"rendered":"119. Prozesstag \u2013 Welche Qualen durchlitt Familie M.?"},"content":{"rendered":"<p>Der Anschlag, den der NSU im Januar 2001 auf ein Gesch\u00e4ft in der Probsteigasse ver\u00fcbt haben soll, traf eine ganze Familie. Mashia M. wurde durch eine Bombe schwer verletzt. Die Recherchen der Polizei waren \u2013 wie in fast allen NSU-F\u00e4llen \u2013 eine schwere Belastung f\u00fcr ihre Eltern und die drei Geschwister. Am Donnerstag \u00e4u\u00dfern sich die Betroffenen vor Gericht, nachdem am Tag zuvor bereits Mashia M. ausgesagt hatte.<\/p>\n<p>Geladen sind ihre Mutter Soheila A., ihr Vater Djavad M. und eine ihrer Schwestern. Zu erwarten ist, dass die Nebenklageanw\u00e4lte bei den Vernehmungen ausf\u00fchrlich auf die Ermittlungen eingehen werden. Schon in den vorigen Prozesstagen war deutlich geworden, dass die K\u00f6lner Polizisten mit Nachdruck untersucht hatten, ob die aus dem Iran eingewanderte Familie politische Feinde hatte oder in die organisierter Kriminalit\u00e4t verwickelt war.<\/p>\n<p><em>ZEIT ONLINE berichtet aus M\u00fcnchen und fasst den Prozesstag am Abend auf diesem Blog zusammen. Informationen aus der Verhandlung gibt es <a href=\"https:\/\/twitter.com\/zeitonline\/lists\/nsu-prozess\">via Twitter hier<\/a>. Weitere Berichte stellen wir morgen im <a href=\"https:\/\/blog.zeit.de\/nsu-prozess-blog\/category\/medienschau\/\">NSU-Medienlog<\/a> zusammen.<\/em><\/p>\n","protected":false},"excerpt":{"rendered":"<p>Der Anschlag, den der NSU im Januar 2001 auf ein Gesch\u00e4ft in der Probsteigasse ver\u00fcbt haben soll, traf eine ganze Familie. Mashia M. wurde durch eine Bombe schwer verletzt. Die Recherchen der Polizei waren \u2013 wie in fast allen NSU-F\u00e4llen \u2013 eine schwere Belastung f\u00fcr ihre Eltern und die drei Geschwister. Am Donnerstag \u00e4u\u00dfern sich [&hellip;]<\/p>\n","protected":false},"author":435,"featured_media":0,"comment_status":"open","ping_status":"open","sticky":false,"template":"","format":"standard","meta":{"_jetpack_memberships_contains_paid_content":false,"footnotes":""},"categories":[27532],"tags":[24914,29521],"class_list":["post-6855","post","type-post","status-publish","format-standard","hentry","category-prozesstage","tag-koln","tag-probsteigasse"],"yoast_head":"<!-- This site is optimized with the Yoast SEO plugin v21.0 - https:\/\/yoast.com\/wordpress\/plugins\/seo\/ -->\n<title>119. Prozesstag \u2013 Welche Qualen durchlitt Familie M.? - Das NSU-Prozess-Blog<\/title>\n<meta name=\"robots\" content=\"index, follow, max-snippet:-1, max-image-preview:large, max-video-preview:-1\" \/>\n<link rel=\"canonical\" href=\"https:\/\/blog.zeit.de\/nsu-prozess-blog\/2014\/06\/05\/119-prozesstag-anschlagsopfer-mashia-m-sagt-aus\/\" \/>\n<meta property=\"og:locale\" content=\"de_DE\" \/>\n<meta property=\"og:type\" content=\"article\" \/>\n<meta property=\"og:title\" content=\"119. Prozesstag \u2013 Welche Qualen durchlitt Familie M.? - Das NSU-Prozess-Blog\" \/>\n<meta property=\"og:description\" content=\"Der Anschlag, den der NSU im Januar 2001 auf ein Gesch\u00e4ft in der Probsteigasse ver\u00fcbt haben soll, traf eine ganze Familie. Mashia M. wurde durch eine Bombe schwer verletzt. Die Recherchen der Polizei waren \u2013 wie in fast allen NSU-F\u00e4llen \u2013 eine schwere Belastung f\u00fcr ihre Eltern und die drei Geschwister. Am Donnerstag \u00e4u\u00dfern sich [&hellip;]\" \/>\n<meta property=\"og:url\" content=\"https:\/\/blog.zeit.de\/nsu-prozess-blog\/2014\/06\/05\/119-prozesstag-anschlagsopfer-mashia-m-sagt-aus\/\" \/>\n<meta property=\"og:site_name\" content=\"Das NSU-Prozess-Blog\" \/>\n<meta property=\"article:published_time\" content=\"2014-06-05T05:00:18+00:00\" \/>\n<meta property=\"article:modified_time\" content=\"2014-06-05T16:54:40+00:00\" \/>\n<meta name=\"author\" content=\"Tom Sundermann\" \/>\n<meta name=\"twitter:label1\" content=\"Geschrieben von\" \/>\n\t<meta name=\"twitter:data1\" content=\"Tom Sundermann\" \/>\n\t<meta name=\"twitter:label2\" content=\"Gesch\u00e4tzte Lesezeit\" \/>\n\t<meta name=\"twitter:data2\" content=\"1\u00a0Minute\" \/>\n<script type=\"application\/ld+json\" class=\"yoast-schema-graph\">{\"@context\":\"https:\/\/schema.org\",\"@graph\":[{\"@type\":\"WebPage\",\"@id\":\"https:\/\/blog.zeit.de\/nsu-prozess-blog\/2014\/06\/05\/119-prozesstag-anschlagsopfer-mashia-m-sagt-aus\/\",\"url\":\"https:\/\/blog.zeit.de\/nsu-prozess-blog\/2014\/06\/05\/119-prozesstag-anschlagsopfer-mashia-m-sagt-aus\/\",\"name\":\"119. Prozesstag \u2013 Welche Qualen durchlitt Familie M.? - Das NSU-Prozess-Blog\",\"isPartOf\":{\"@id\":\"https:\/\/blog.zeit.de\/nsu-prozess-blog\/#website\"},\"datePublished\":\"2014-06-05T05:00:18+00:00\",\"dateModified\":\"2014-06-05T16:54:40+00:00\",\"author\":{\"@id\":\"https:\/\/blog.zeit.de\/nsu-prozess-blog\/#\/schema\/person\/553ea9bb5d1fc2ae054c589bd59380a5\"},\"breadcrumb\":{\"@id\":\"https:\/\/blog.zeit.de\/nsu-prozess-blog\/2014\/06\/05\/119-prozesstag-anschlagsopfer-mashia-m-sagt-aus\/#breadcrumb\"},\"inLanguage\":\"de\",\"potentialAction\":[{\"@type\":\"ReadAction\",\"target\":[\"https:\/\/blog.zeit.de\/nsu-prozess-blog\/2014\/06\/05\/119-prozesstag-anschlagsopfer-mashia-m-sagt-aus\/\"]}]},{\"@type\":\"BreadcrumbList\",\"@id\":\"https:\/\/blog.zeit.de\/nsu-prozess-blog\/2014\/06\/05\/119-prozesstag-anschlagsopfer-mashia-m-sagt-aus\/#breadcrumb\",\"itemListElement\":[{\"@type\":\"ListItem\",\"position\":1,\"name\":\"Startseite\",\"item\":\"https:\/\/blog.zeit.de\/nsu-prozess-blog\/\"},{\"@type\":\"ListItem\",\"position\":2,\"name\":\"119. Prozesstag \u2013 Welche Qualen durchlitt Familie M.?\"}]},{\"@type\":\"WebSite\",\"@id\":\"https:\/\/blog.zeit.de\/nsu-prozess-blog\/#website\",\"url\":\"https:\/\/blog.zeit.de\/nsu-prozess-blog\/\",\"name\":\"Das NSU-Prozess-Blog\",\"description\":\"Alle Berichte zum Terrorverfahren in M\u00fcnchen\",\"potentialAction\":[{\"@type\":\"SearchAction\",\"target\":{\"@type\":\"EntryPoint\",\"urlTemplate\":\"https:\/\/blog.zeit.de\/nsu-prozess-blog\/?s={search_term_string}\"},\"query-input\":\"required name=search_term_string\"}],\"inLanguage\":\"de\"},{\"@type\":\"Person\",\"@id\":\"https:\/\/blog.zeit.de\/nsu-prozess-blog\/#\/schema\/person\/553ea9bb5d1fc2ae054c589bd59380a5\",\"name\":\"Tom Sundermann\",\"image\":{\"@type\":\"ImageObject\",\"inLanguage\":\"de\",\"@id\":\"https:\/\/blog.zeit.de\/nsu-prozess-blog\/#\/schema\/person\/image\/\",\"url\":\"https:\/\/secure.gravatar.com\/avatar\/e108a3dc18766f719b2f797dc5d19093f06a1870c55b553ab6b7563f1f9a5e68?s=96&d=mm&r=g\",\"contentUrl\":\"https:\/\/secure.gravatar.com\/avatar\/e108a3dc18766f719b2f797dc5d19093f06a1870c55b553ab6b7563f1f9a5e68?s=96&d=mm&r=g\",\"caption\":\"Tom Sundermann\"},\"sameAs\":[\"https:\/\/twitter.com\/messeticker\"],\"url\":\"https:\/\/blog.zeit.de\/nsu-prozess-blog\/author\/tsundermann\/\"}]}<\/script>\n<!-- \/ Yoast SEO plugin. -->","yoast_head_json":{"title":"119. Prozesstag \u2013 Welche Qualen durchlitt Familie M.? - Das NSU-Prozess-Blog","robots":{"index":"index","follow":"follow","max-snippet":"max-snippet:-1","max-image-preview":"max-image-preview:large","max-video-preview":"max-video-preview:-1"},"canonical":"https:\/\/blog.zeit.de\/nsu-prozess-blog\/2014\/06\/05\/119-prozesstag-anschlagsopfer-mashia-m-sagt-aus\/","og_locale":"de_DE","og_type":"article","og_title":"119. Prozesstag \u2013 Welche Qualen durchlitt Familie M.? - Das NSU-Prozess-Blog","og_description":"Der Anschlag, den der NSU im Januar 2001 auf ein Gesch\u00e4ft in der Probsteigasse ver\u00fcbt haben soll, traf eine ganze Familie. Mashia M. wurde durch eine Bombe schwer verletzt. Die Recherchen der Polizei waren \u2013 wie in fast allen NSU-F\u00e4llen \u2013 eine schwere Belastung f\u00fcr ihre Eltern und die drei Geschwister. Am Donnerstag \u00e4u\u00dfern sich [&hellip;]","og_url":"https:\/\/blog.zeit.de\/nsu-prozess-blog\/2014\/06\/05\/119-prozesstag-anschlagsopfer-mashia-m-sagt-aus\/","og_site_name":"Das NSU-Prozess-Blog","article_published_time":"2014-06-05T05:00:18+00:00","article_modified_time":"2014-06-05T16:54:40+00:00","author":"Tom Sundermann","twitter_misc":{"Geschrieben von":"Tom Sundermann","Gesch\u00e4tzte Lesezeit":"1\u00a0Minute"},"schema":{"@context":"https:\/\/schema.org","@graph":[{"@type":"WebPage","@id":"https:\/\/blog.zeit.de\/nsu-prozess-blog\/2014\/06\/05\/119-prozesstag-anschlagsopfer-mashia-m-sagt-aus\/","url":"https:\/\/blog.zeit.de\/nsu-prozess-blog\/2014\/06\/05\/119-prozesstag-anschlagsopfer-mashia-m-sagt-aus\/","name":"119. Prozesstag \u2013 Welche Qualen durchlitt Familie M.? - Das NSU-Prozess-Blog","isPartOf":{"@id":"https:\/\/blog.zeit.de\/nsu-prozess-blog\/#website"},"datePublished":"2014-06-05T05:00:18+00:00","dateModified":"2014-06-05T16:54:40+00:00","author":{"@id":"https:\/\/blog.zeit.de\/nsu-prozess-blog\/#\/schema\/person\/553ea9bb5d1fc2ae054c589bd59380a5"},"breadcrumb":{"@id":"https:\/\/blog.zeit.de\/nsu-prozess-blog\/2014\/06\/05\/119-prozesstag-anschlagsopfer-mashia-m-sagt-aus\/#breadcrumb"},"inLanguage":"de","potentialAction":[{"@type":"ReadAction","target":["https:\/\/blog.zeit.de\/nsu-prozess-blog\/2014\/06\/05\/119-prozesstag-anschlagsopfer-mashia-m-sagt-aus\/"]}]},{"@type":"BreadcrumbList","@id":"https:\/\/blog.zeit.de\/nsu-prozess-blog\/2014\/06\/05\/119-prozesstag-anschlagsopfer-mashia-m-sagt-aus\/#breadcrumb","itemListElement":[{"@type":"ListItem","position":1,"name":"Startseite","item":"https:\/\/blog.zeit.de\/nsu-prozess-blog\/"},{"@type":"ListItem","position":2,"name":"119. Prozesstag \u2013 Welche Qualen durchlitt Familie M.?"}]},{"@type":"WebSite","@id":"https:\/\/blog.zeit.de\/nsu-prozess-blog\/#website","url":"https:\/\/blog.zeit.de\/nsu-prozess-blog\/","name":"Das NSU-Prozess-Blog","description":"Alle Berichte zum Terrorverfahren in M\u00fcnchen","potentialAction":[{"@type":"SearchAction","target":{"@type":"EntryPoint","urlTemplate":"https:\/\/blog.zeit.de\/nsu-prozess-blog\/?s={search_term_string}"},"query-input":"required name=search_term_string"}],"inLanguage":"de"},{"@type":"Person","@id":"https:\/\/blog.zeit.de\/nsu-prozess-blog\/#\/schema\/person\/553ea9bb5d1fc2ae054c589bd59380a5","name":"Tom Sundermann","image":{"@type":"ImageObject","inLanguage":"de","@id":"https:\/\/blog.zeit.de\/nsu-prozess-blog\/#\/schema\/person\/image\/","url":"https:\/\/secure.gravatar.com\/avatar\/e108a3dc18766f719b2f797dc5d19093f06a1870c55b553ab6b7563f1f9a5e68?s=96&d=mm&r=g","contentUrl":"https:\/\/secure.gravatar.com\/avatar\/e108a3dc18766f719b2f797dc5d19093f06a1870c55b553ab6b7563f1f9a5e68?s=96&d=mm&r=g","caption":"Tom Sundermann"},"sameAs":["https:\/\/twitter.com\/messeticker"],"url":"https:\/\/blog.zeit.de\/nsu-prozess-blog\/author\/tsundermann\/"}]}},"jetpack_featured_media_url":"","jetpack_sharing_enabled":true,"_links":{"self":[{"href":"https:\/\/blog.zeit.de\/nsu-prozess-blog\/wp-json\/wp\/v2\/posts\/6855","targetHints":{"allow":["GET"]}}],"collection":[{"href":"https:\/\/blog.zeit.de\/nsu-prozess-blog\/wp-json\/wp\/v2\/posts"}],"about":[{"href":"https:\/\/blog.zeit.de\/nsu-prozess-blog\/wp-json\/wp\/v2\/types\/post"}],"author":[{"embeddable":true,"href":"https:\/\/blog.zeit.de\/nsu-prozess-blog\/wp-json\/wp\/v2\/users\/435"}],"replies":[{"embeddable":true,"href":"https:\/\/blog.zeit.de\/nsu-prozess-blog\/wp-json\/wp\/v2\/comments?post=6855"}],"version-history":[{"count":5,"href":"https:\/\/blog.zeit.de\/nsu-prozess-blog\/wp-json\/wp\/v2\/posts\/6855\/revisions"}],"predecessor-version":[{"id":6933,"href":"https:\/\/blog.zeit.de\/nsu-prozess-blog\/wp-json\/wp\/v2\/posts\/6855\/revisions\/6933"}],"wp:attachment":[{"href":"https:\/\/blog.zeit.de\/nsu-prozess-blog\/wp-json\/wp\/v2\/media?parent=6855"}],"wp:term":[{"taxonomy":"category","embeddable":true,"href":"https:\/\/blog.zeit.de\/nsu-prozess-blog\/wp-json\/wp\/v2\/categories?post=6855"},{"taxonomy":"post_tag","embeddable":true,"href":"https:\/\/blog.zeit.de\/nsu-prozess-blog\/wp-json\/wp\/v2\/tags?post=6855"}],"curies":[{"name":"wp","href":"https:\/\/api.w.org\/{rel}","templated":true}]}}