{"id":687,"date":"2013-05-27T13:59:57","date_gmt":"2013-05-27T11:59:57","guid":{"rendered":"http:\/\/blog.zeit.de\/nsu-prozess-blog\/?p=687"},"modified":"2013-05-27T14:05:15","modified_gmt":"2013-05-27T12:05:15","slug":"deutscher-botschafter-anschlaege","status":"publish","type":"post","link":"https:\/\/blog.zeit.de\/nsu-prozess-blog\/2013\/05\/27\/deutscher-botschafter-anschlaege\/","title":{"rendered":"Ein zuversichtlicher Botschafter \u2013 das NSU-Medienlog vom 27. Mai 2013"},"content":{"rendered":"<p><em>An jedem Werktag fassen wir im <a title=\"NSU-Prozess-Blog\" href=\"https:\/\/blog.zeit.de\/nsu-prozess-blog\/\">NSU-Prozess-Blog<\/a> die wichtigsten Medienberichte, Blogs, Videos und Tweets zusammen.\u00a0Wir freuen uns \u00fcber Hinweise via Twitter mit dem Hashtag #nsublog \u2013 oder per E-Mail an nsublog@zeit.de.<\/em><\/p>\n<p><strong>Erneut rassistische Anschl\u00e4ge?<\/strong> R\u00fcckschau: Am Freitag attackierten Unbekannte erneut linke Einrichtungen in M\u00fcnchen, <a href=\"http:\/\/www.sueddeutsche.de\/muenchen\/nsu-prozess-in-muenchen-erneut-attacke-auf-linke-einrichtung-1.1680171\">wie die <em>S\u00fcddeutsche Zeitung <\/em>berichtete<em>.<\/em><\/a> Diesmal seien die Fenster der Rosa-Luxemburg-Stiftung und des Kurt-Eisner-Vereins eingeschlagen worden. Die Polizei vermutet einen rechtsextremen Hintergrund und einen Zusammenhang mit dem NSU-Prozess. &#8222;Wir haben eine H\u00e4ufung von Sachbesch\u00e4digungsdelikten&#8220;, zitierte die <em>S\u00fcddeutsche Zeitung<\/em> den Polizeisprecher. &#8222;Wir nehmen das ernst und haben Ma\u00dfnahmen\u00a0ergriffen.&#8220; Bereits vergangene Woche <a href=\"https:\/\/blog.zeit.de\/nsu-prozess-blog\/2013\/05\/21\/mandantenfang-das-nsu-medienlog-vom-21-mai-2013\/\">wurden verschiedene Einrichtungen in M\u00fcnchen attackiert. <\/a><\/p>\n<p><!--more--><\/p>\n<p>&nbsp;<\/p>\n<blockquote class=\"twitter-tweet\" lang=\"de\"><p>Pressemitteilung der @<a href=\"https:\/\/twitter.com\/gj_muenchen\">gj_muenchen<\/a>: \u00bbSolidarit\u00e4t mit den Betroffenen der mutma\u00dflichen Neonazi-Attacken\u00ab &#8211; <a title=\"http:\/\/gjm.de\/index.php?option=com_content&amp;view=article&amp;id=927:pm-solidaritaet-mit-den-betroffenen-der-mutmasslichen-neonazi-attacken&amp;catid=1:pressemitteilungen&amp;Itemid=13\" href=\"http:\/\/t.co\/32T6mCa9h7\">gjm.de\/index.php?opti\u2026<\/a> <a href=\"https:\/\/twitter.com\/search\/%23NSU_Prozess\">#NSU_Prozess<\/a><\/p>\n<p>\u2014 Freddy2805 (@Freddy2805) <a href=\"https:\/\/twitter.com\/Freddy2805\/status\/337959793702629376\">24. Mai 2013<\/a><\/p><\/blockquote>\n<p>&nbsp;<\/p>\n<p><strong>Vertrauen in das deutsche Recht:<\/strong> Der deutsche Botschafter in der T\u00fcrkei, Eberhard Pohl, \u00e4u\u00dfert sich zum NSU-Prozess: Er sei sich sicher, dass die Schuldigen die Strafe erhalten, die sie verdienten<em>. <\/em> &#8222;Ich bin selbst Jurist. Ich vertraue vollends in das deutsche Recht&#8220;, zitierte ihn die t\u00fcrkische Tageszeitung<a href=\"http:\/\/zaman-online.de\/30402\/nsu-davasinda-suclular-cezasini-alacak\"><em> Zaman<\/em><\/a>.<\/p>\n<p>Das ist deshalb bemerkenswert, weil es auch von t\u00fcrkischer Seite Vorw\u00fcrfe an die deutsche Justiz gab, sie habe nicht unvoreingenommen und intensiv genug ermittelt.<\/p>\n<p>Zum Auftreten der Angeklagten Beate Zsch\u00e4pe spielte Pohl auf die vielen Berichte aus den ersten Prozesstagen an, in denen viele \u00c4u\u00dferlichkeiten beschrieben wurden. &#8222;F\u00fcr mich ist nicht wichtig, wie sie angezogen war und vor Gericht aussah&#8220;, sagte Pohl.<\/p>\n<p><em>Das n\u00e4chste Medienlog zum NSU-Prozess erscheint am Dienstag, 28. Mai 2013.<\/em><\/p>\n<p>&nbsp;<\/p>\n","protected":false},"excerpt":{"rendered":"<p>An jedem Werktag fassen wir im NSU-Prozess-Blog die wichtigsten Medienberichte, Blogs, Videos und Tweets zusammen.\u00a0Wir freuen uns \u00fcber Hinweise via Twitter mit dem Hashtag #nsublog \u2013 oder per E-Mail an nsublog@zeit.de. Erneut rassistische Anschl\u00e4ge? R\u00fcckschau: Am Freitag attackierten Unbekannte erneut linke Einrichtungen in M\u00fcnchen, wie die S\u00fcddeutsche Zeitung berichtete. Diesmal seien die Fenster der Rosa-Luxemburg-Stiftung [&hellip;]<\/p>\n","protected":false},"author":410,"featured_media":0,"comment_status":"open","ping_status":"open","sticky":false,"template":"","format":"standard","meta":{"_jetpack_memberships_contains_paid_content":false,"footnotes":""},"categories":[27531],"tags":[],"class_list":["post-687","post","type-post","status-publish","format-standard","hentry","category-medienschau"],"yoast_head":"<!-- This site is optimized with the Yoast SEO plugin v21.0 - https:\/\/yoast.com\/wordpress\/plugins\/seo\/ -->\n<title>Ein zuversichtlicher Botschafter \u2013 das NSU-Medienlog vom 27. Mai 2013 - Das NSU-Prozess-Blog<\/title>\n<meta name=\"robots\" content=\"index, follow, max-snippet:-1, max-image-preview:large, max-video-preview:-1\" \/>\n<link rel=\"canonical\" href=\"https:\/\/blog.zeit.de\/nsu-prozess-blog\/2013\/05\/27\/deutscher-botschafter-anschlaege\/\" \/>\n<meta property=\"og:locale\" content=\"de_DE\" \/>\n<meta property=\"og:type\" content=\"article\" \/>\n<meta property=\"og:title\" content=\"Ein zuversichtlicher Botschafter \u2013 das NSU-Medienlog vom 27. Mai 2013 - Das NSU-Prozess-Blog\" \/>\n<meta property=\"og:description\" content=\"An jedem Werktag fassen wir im NSU-Prozess-Blog die wichtigsten Medienberichte, Blogs, Videos und Tweets zusammen.\u00a0Wir freuen uns \u00fcber Hinweise via Twitter mit dem Hashtag #nsublog \u2013 oder per E-Mail an nsublog@zeit.de. Erneut rassistische Anschl\u00e4ge? R\u00fcckschau: Am Freitag attackierten Unbekannte erneut linke Einrichtungen in M\u00fcnchen, wie die S\u00fcddeutsche Zeitung berichtete. Diesmal seien die Fenster der Rosa-Luxemburg-Stiftung [&hellip;]\" \/>\n<meta property=\"og:url\" content=\"https:\/\/blog.zeit.de\/nsu-prozess-blog\/2013\/05\/27\/deutscher-botschafter-anschlaege\/\" \/>\n<meta property=\"og:site_name\" content=\"Das NSU-Prozess-Blog\" \/>\n<meta property=\"article:published_time\" content=\"2013-05-27T11:59:57+00:00\" \/>\n<meta property=\"article:modified_time\" content=\"2013-05-27T12:05:15+00:00\" \/>\n<meta name=\"author\" content=\"Mirjam Schmitt\" \/>\n<meta name=\"twitter:label1\" content=\"Geschrieben von\" \/>\n\t<meta name=\"twitter:data1\" content=\"Mirjam Schmitt\" \/>\n\t<meta name=\"twitter:label2\" content=\"Gesch\u00e4tzte Lesezeit\" \/>\n\t<meta name=\"twitter:data2\" content=\"1\u00a0Minute\" \/>\n<script type=\"application\/ld+json\" class=\"yoast-schema-graph\">{\"@context\":\"https:\/\/schema.org\",\"@graph\":[{\"@type\":\"WebPage\",\"@id\":\"https:\/\/blog.zeit.de\/nsu-prozess-blog\/2013\/05\/27\/deutscher-botschafter-anschlaege\/\",\"url\":\"https:\/\/blog.zeit.de\/nsu-prozess-blog\/2013\/05\/27\/deutscher-botschafter-anschlaege\/\",\"name\":\"Ein zuversichtlicher Botschafter \u2013 das NSU-Medienlog vom 27. Mai 2013 - Das NSU-Prozess-Blog\",\"isPartOf\":{\"@id\":\"https:\/\/blog.zeit.de\/nsu-prozess-blog\/#website\"},\"datePublished\":\"2013-05-27T11:59:57+00:00\",\"dateModified\":\"2013-05-27T12:05:15+00:00\",\"author\":{\"@id\":\"https:\/\/blog.zeit.de\/nsu-prozess-blog\/#\/schema\/person\/45acffb344ee326a2ebea3f5c0ad3ae8\"},\"breadcrumb\":{\"@id\":\"https:\/\/blog.zeit.de\/nsu-prozess-blog\/2013\/05\/27\/deutscher-botschafter-anschlaege\/#breadcrumb\"},\"inLanguage\":\"de\",\"potentialAction\":[{\"@type\":\"ReadAction\",\"target\":[\"https:\/\/blog.zeit.de\/nsu-prozess-blog\/2013\/05\/27\/deutscher-botschafter-anschlaege\/\"]}]},{\"@type\":\"BreadcrumbList\",\"@id\":\"https:\/\/blog.zeit.de\/nsu-prozess-blog\/2013\/05\/27\/deutscher-botschafter-anschlaege\/#breadcrumb\",\"itemListElement\":[{\"@type\":\"ListItem\",\"position\":1,\"name\":\"Startseite\",\"item\":\"https:\/\/blog.zeit.de\/nsu-prozess-blog\/\"},{\"@type\":\"ListItem\",\"position\":2,\"name\":\"Ein zuversichtlicher Botschafter \u2013 das NSU-Medienlog vom 27. Mai 2013\"}]},{\"@type\":\"WebSite\",\"@id\":\"https:\/\/blog.zeit.de\/nsu-prozess-blog\/#website\",\"url\":\"https:\/\/blog.zeit.de\/nsu-prozess-blog\/\",\"name\":\"Das NSU-Prozess-Blog\",\"description\":\"Alle Berichte zum Terrorverfahren in M\u00fcnchen\",\"potentialAction\":[{\"@type\":\"SearchAction\",\"target\":{\"@type\":\"EntryPoint\",\"urlTemplate\":\"https:\/\/blog.zeit.de\/nsu-prozess-blog\/?s={search_term_string}\"},\"query-input\":\"required name=search_term_string\"}],\"inLanguage\":\"de\"},{\"@type\":\"Person\",\"@id\":\"https:\/\/blog.zeit.de\/nsu-prozess-blog\/#\/schema\/person\/45acffb344ee326a2ebea3f5c0ad3ae8\",\"name\":\"Mirjam Schmitt\",\"image\":{\"@type\":\"ImageObject\",\"inLanguage\":\"de\",\"@id\":\"https:\/\/blog.zeit.de\/nsu-prozess-blog\/#\/schema\/person\/image\/\",\"url\":\"https:\/\/secure.gravatar.com\/avatar\/21ea3e922b6404f0cab7bb919e2b401850e5cef2e7155dba6caa935b66c5688b?s=96&d=mm&r=g\",\"contentUrl\":\"https:\/\/secure.gravatar.com\/avatar\/21ea3e922b6404f0cab7bb919e2b401850e5cef2e7155dba6caa935b66c5688b?s=96&d=mm&r=g\",\"caption\":\"Mirjam Schmitt\"},\"url\":\"https:\/\/blog.zeit.de\/nsu-prozess-blog\/author\/mschmitt\/\"}]}<\/script>\n<!-- \/ Yoast SEO plugin. -->","yoast_head_json":{"title":"Ein zuversichtlicher Botschafter \u2013 das NSU-Medienlog vom 27. Mai 2013 - Das NSU-Prozess-Blog","robots":{"index":"index","follow":"follow","max-snippet":"max-snippet:-1","max-image-preview":"max-image-preview:large","max-video-preview":"max-video-preview:-1"},"canonical":"https:\/\/blog.zeit.de\/nsu-prozess-blog\/2013\/05\/27\/deutscher-botschafter-anschlaege\/","og_locale":"de_DE","og_type":"article","og_title":"Ein zuversichtlicher Botschafter \u2013 das NSU-Medienlog vom 27. Mai 2013 - Das NSU-Prozess-Blog","og_description":"An jedem Werktag fassen wir im NSU-Prozess-Blog die wichtigsten Medienberichte, Blogs, Videos und Tweets zusammen.\u00a0Wir freuen uns \u00fcber Hinweise via Twitter mit dem Hashtag #nsublog \u2013 oder per E-Mail an nsublog@zeit.de. Erneut rassistische Anschl\u00e4ge? R\u00fcckschau: Am Freitag attackierten Unbekannte erneut linke Einrichtungen in M\u00fcnchen, wie die S\u00fcddeutsche Zeitung berichtete. Diesmal seien die Fenster der Rosa-Luxemburg-Stiftung [&hellip;]","og_url":"https:\/\/blog.zeit.de\/nsu-prozess-blog\/2013\/05\/27\/deutscher-botschafter-anschlaege\/","og_site_name":"Das NSU-Prozess-Blog","article_published_time":"2013-05-27T11:59:57+00:00","article_modified_time":"2013-05-27T12:05:15+00:00","author":"Mirjam Schmitt","twitter_misc":{"Geschrieben von":"Mirjam Schmitt","Gesch\u00e4tzte Lesezeit":"1\u00a0Minute"},"schema":{"@context":"https:\/\/schema.org","@graph":[{"@type":"WebPage","@id":"https:\/\/blog.zeit.de\/nsu-prozess-blog\/2013\/05\/27\/deutscher-botschafter-anschlaege\/","url":"https:\/\/blog.zeit.de\/nsu-prozess-blog\/2013\/05\/27\/deutscher-botschafter-anschlaege\/","name":"Ein zuversichtlicher Botschafter \u2013 das NSU-Medienlog vom 27. Mai 2013 - Das NSU-Prozess-Blog","isPartOf":{"@id":"https:\/\/blog.zeit.de\/nsu-prozess-blog\/#website"},"datePublished":"2013-05-27T11:59:57+00:00","dateModified":"2013-05-27T12:05:15+00:00","author":{"@id":"https:\/\/blog.zeit.de\/nsu-prozess-blog\/#\/schema\/person\/45acffb344ee326a2ebea3f5c0ad3ae8"},"breadcrumb":{"@id":"https:\/\/blog.zeit.de\/nsu-prozess-blog\/2013\/05\/27\/deutscher-botschafter-anschlaege\/#breadcrumb"},"inLanguage":"de","potentialAction":[{"@type":"ReadAction","target":["https:\/\/blog.zeit.de\/nsu-prozess-blog\/2013\/05\/27\/deutscher-botschafter-anschlaege\/"]}]},{"@type":"BreadcrumbList","@id":"https:\/\/blog.zeit.de\/nsu-prozess-blog\/2013\/05\/27\/deutscher-botschafter-anschlaege\/#breadcrumb","itemListElement":[{"@type":"ListItem","position":1,"name":"Startseite","item":"https:\/\/blog.zeit.de\/nsu-prozess-blog\/"},{"@type":"ListItem","position":2,"name":"Ein zuversichtlicher Botschafter \u2013 das NSU-Medienlog vom 27. Mai 2013"}]},{"@type":"WebSite","@id":"https:\/\/blog.zeit.de\/nsu-prozess-blog\/#website","url":"https:\/\/blog.zeit.de\/nsu-prozess-blog\/","name":"Das NSU-Prozess-Blog","description":"Alle Berichte zum Terrorverfahren in M\u00fcnchen","potentialAction":[{"@type":"SearchAction","target":{"@type":"EntryPoint","urlTemplate":"https:\/\/blog.zeit.de\/nsu-prozess-blog\/?s={search_term_string}"},"query-input":"required name=search_term_string"}],"inLanguage":"de"},{"@type":"Person","@id":"https:\/\/blog.zeit.de\/nsu-prozess-blog\/#\/schema\/person\/45acffb344ee326a2ebea3f5c0ad3ae8","name":"Mirjam Schmitt","image":{"@type":"ImageObject","inLanguage":"de","@id":"https:\/\/blog.zeit.de\/nsu-prozess-blog\/#\/schema\/person\/image\/","url":"https:\/\/secure.gravatar.com\/avatar\/21ea3e922b6404f0cab7bb919e2b401850e5cef2e7155dba6caa935b66c5688b?s=96&d=mm&r=g","contentUrl":"https:\/\/secure.gravatar.com\/avatar\/21ea3e922b6404f0cab7bb919e2b401850e5cef2e7155dba6caa935b66c5688b?s=96&d=mm&r=g","caption":"Mirjam Schmitt"},"url":"https:\/\/blog.zeit.de\/nsu-prozess-blog\/author\/mschmitt\/"}]}},"jetpack_featured_media_url":"","jetpack_sharing_enabled":true,"_links":{"self":[{"href":"https:\/\/blog.zeit.de\/nsu-prozess-blog\/wp-json\/wp\/v2\/posts\/687","targetHints":{"allow":["GET"]}}],"collection":[{"href":"https:\/\/blog.zeit.de\/nsu-prozess-blog\/wp-json\/wp\/v2\/posts"}],"about":[{"href":"https:\/\/blog.zeit.de\/nsu-prozess-blog\/wp-json\/wp\/v2\/types\/post"}],"author":[{"embeddable":true,"href":"https:\/\/blog.zeit.de\/nsu-prozess-blog\/wp-json\/wp\/v2\/users\/410"}],"replies":[{"embeddable":true,"href":"https:\/\/blog.zeit.de\/nsu-prozess-blog\/wp-json\/wp\/v2\/comments?post=687"}],"version-history":[{"count":14,"href":"https:\/\/blog.zeit.de\/nsu-prozess-blog\/wp-json\/wp\/v2\/posts\/687\/revisions"}],"predecessor-version":[{"id":698,"href":"https:\/\/blog.zeit.de\/nsu-prozess-blog\/wp-json\/wp\/v2\/posts\/687\/revisions\/698"}],"wp:attachment":[{"href":"https:\/\/blog.zeit.de\/nsu-prozess-blog\/wp-json\/wp\/v2\/media?parent=687"}],"wp:term":[{"taxonomy":"category","embeddable":true,"href":"https:\/\/blog.zeit.de\/nsu-prozess-blog\/wp-json\/wp\/v2\/categories?post=687"},{"taxonomy":"post_tag","embeddable":true,"href":"https:\/\/blog.zeit.de\/nsu-prozess-blog\/wp-json\/wp\/v2\/tags?post=687"}],"curies":[{"name":"wp","href":"https:\/\/api.w.org\/{rel}","templated":true}]}}