{"id":6874,"date":"2014-06-03T08:28:10","date_gmt":"2014-06-03T06:28:10","guid":{"rendered":"http:\/\/blog.zeit.de\/nsu-prozess-blog\/?p=6874"},"modified":"2014-06-03T09:23:04","modified_gmt":"2014-06-03T07:23:04","slug":"anklaeger-muessen-auf-hamburger-spitzel-verzichten-das-medienlog-vom-dienstag-3-juni-2014","status":"publish","type":"post","link":"https:\/\/blog.zeit.de\/nsu-prozess-blog\/2014\/06\/03\/anklaeger-muessen-auf-hamburger-spitzel-verzichten-das-medienlog-vom-dienstag-3-juni-2014\/","title":{"rendered":"Ankl\u00e4ger m\u00fcssen auf Hamburger Spitzel verzichten \u2013 Das Medienlog vom Dienstag, 3. Juni 2014"},"content":{"rendered":"<p>Eine DVD auf dem Dachboden, Geheimniskr\u00e4merei beim Verfassungsschutz und ein Rechter, der ein Phantom bleiben wird: Dieser Tage gibt es eine Fortsetzung im Fall des verstorbenen V-Manns <a href=\"https:\/\/blog.zeit.de\/nsu-prozess-blog\/2014\/04\/15\/medienlog-corelli-nsu\/\">Corelli<\/a>, der Ende M\u00e4rz tot aufgefunden worden war. Wie der <em>Spiegel<\/em> berichtet, verschweigt der Hamburger Verfassungsschutz die Identit\u00e4t eines seiner eigenen V-M\u00e4nner, der von <em>Corelli<\/em> eine DVD mit der Aufschrift &#8222;NSU\/NSDAP&#8220; erhalten haben soll. Die Bundesanwaltschaft h\u00e4tte den Mann jedoch gerne zur Vernehmung geladen. &#8222;Die Quelle ist ein wichtiger Zeuge&#8220;, schreibt Tanjev Schultz in der <a href=\"http:\/\/www.sueddeutsche.de\/politik\/rechtsextreme-szene-brisanter-fund-beim-aufraeumen-1.1982839\" target=\"_blank\"><em>S\u00fcddeutschen Zeitung<\/em><\/a>.<\/p>\n<p><!--more--><\/p>\n<p><em>An jedem Werktag sichten wir f\u00fcr das NSU-Prozess-Blog die Medien und stellen wichtige Berichte, Blogs, Videos und Tweets zusammen. Wir freuen uns \u00fcber Hinweise via Twitter mit dem Hashtag #nsublog \u2013 oder per E-Mail an <a href=\"mailto:nsublog@zeit.de\">nsublog@zeit.de<\/a>.<\/em><\/p>\n<p>Nach Mitteilung der Hamburger Beh\u00f6rde hatte ihr Spitzel die DVD gefunden, als er seinen Dachboden aufr\u00e4umte. Hinweisen zufolge hatte Corelli den Datentr\u00e4ger schon 2006 an den Bekannten abgegeben. Sie k\u00f6nnte ein Indiz daf\u00fcr sein, dass der NSU als solcher schon vor dem Auffliegen der Truppe im Jahr 2011 gut in der rechten Szene bekannt war. Die Absage der Hamburger an die Bundesanw\u00e4lte ruft Irritation hervor: &#8222;Es ist die alte Leier: Quellenschutz geht vor Kriminalit\u00e4tsbek\u00e4mpfung&#8220;, zitiert die <em>S\u00fcddeutsche<\/em> die Linken-Politikerin Petra Pau.<\/p>\n<p>Ab Dienstag besch\u00e4ftigt sich das Gericht mit dem <a href=\"https:\/\/blog.zeit.de\/nsu-prozess-blog\/2014\/06\/03\/117-prozesstag-gericht-beginnt-mit-aufarbeitung-des-ersten-koelner-anschlags\">Anschlag in der K\u00f6lner Probsteigasse<\/a> von 2001, der dem NSU zugeschrieben wird. Schwer verletzt wurde dabei die damals 19-j\u00e4hrige Mashia M., die zwei Tage sp\u00e4ter geladen ist. &#8222;Dieser Donnerstag wird f\u00fcr die vor 13 Jahren so schlimm im Gesicht verbrannte junge Frau ein schwerer Tag werden&#8220;, schreibt Kai Mudra in einem Vorbericht der <a href=\"http:\/\/www.thueringer-allgemeine.de\/startseite\/detail\/-\/specific\/NSU-Prozess-Koelner-Bombenanschlag-folgten-halbherzige-Ermittlungen-2131702885\" target=\"_blank\"><em>Th\u00fcringer Allgemeinen<\/em><\/a>. Bei den Ermittlungen pr\u00fcfte die Polizei wie in vielen F\u00e4llen intensiv Verdachtsmomente gegen die Familie, f\u00fcnf Jahre nach der Tat wurden die Asservate vernichtet. Angesichts solcher Lasten stehe &#8222;das Gericht vor keiner leichten Aufgabe&#8220;.<\/p>\n<p>Wie der <a href=\"http:\/\/www.swr.de\/blog\/terrorismus\/2014\/06\/02\/nsu-aktuelle-zeugenladungen-oma-v-mann-bruder\/\" target=\"_blank\"><em>Terrorismus-Blog<\/em><\/a> des SWR und die Nachrichtenagentur <a href=\"http:\/\/www.spiegel.de\/panorama\/justiz\/nsu-prozess-gericht-laedt-grossmutter-von-zschaepe-als-zeugin-a-972993.html\" target=\"_blank\">dpa<\/a> berichten, ist Beate Zsch\u00e4pes Gro\u00dfmutter Anneliese A. am 10. Juli als Zeugin nach M\u00fcnchen geladen. Es w\u00e4re die wohl letzte Konfrontation der Hauptangeklagten mit einem Familienmitglied. Im November 2013 hatte Zsch\u00e4pes Mutter Annerose die <a href=\"http:\/\/www.zeit.de\/gesellschaft\/zeitgeschehen\/2013-11\/nsu-prozess-zschaepe-mutter-cousin\" target=\"_blank\">Aussage verweigert<\/a> \u2013 es ist gut denkbar, dass die Oma dasselbe tun wird.<\/p>\n<p>In dem neuen Sachbuch <em>Heimatschutz<\/em> beleuchten Stefan Aust und Dirk Laabs die Beziehung zwischen Staat und den Taten des NSU. Das in vielerlei Hinsicht mysteri\u00f6se Verh\u00e4ltnis strahlt auch auf den Prozess aus, wie Stefan Geiger in einer Buchbesprechung f\u00fcr die <a href=\"http:\/\/www.stuttgarter-zeitung.de\/inhalt.buch-ueber-nsu-mordserie-ueber-das-versagen-der-sicherheitsbehoerden.b6fae8dc-f3fc-4e5c-a3a7-4af3cb3e877b.html\" target=\"_blank\"><em>Stuttgarter Zeitung<\/em><\/a> darlegt: Demnach wird der Prozess erheblich &#8222;durch die Anklage der Bundesanwaltschaft gepr\u00e4gt&#8220;, genauer durch deren Auswahl der Zeugen. So seien nur wenige Informanten der Geheimdienste geladen worden. &#8222;Aus der Anklageschrift wurden sie, so gut es ging, herausgehalten.&#8220; Dabei sei f\u00fcr die Schuld der Angeklagten bedeutend, was die Sicherheitsbeh\u00f6rden \u00fcber das Trio erfuhren und ob sie Morde h\u00e4tten verhindern k\u00f6nnen.<\/p>\n<p><em>Das n\u00e4chste Medienlog erscheint am Mittwoch, 4. Juni 2014.<\/em><\/p>\n","protected":false},"excerpt":{"rendered":"<p>Eine DVD auf dem Dachboden, Geheimniskr\u00e4merei beim Verfassungsschutz und ein Rechter, der ein Phantom bleiben wird: Dieser Tage gibt es eine Fortsetzung im Fall des verstorbenen V-Manns Corelli, der Ende M\u00e4rz tot aufgefunden worden war. Wie der Spiegel berichtet, verschweigt der Hamburger Verfassungsschutz die Identit\u00e4t eines seiner eigenen V-M\u00e4nner, der von Corelli eine DVD mit [&hellip;]<\/p>\n","protected":false},"author":435,"featured_media":0,"comment_status":"open","ping_status":"open","sticky":false,"template":"","format":"standard","meta":{"_jetpack_memberships_contains_paid_content":false,"footnotes":""},"categories":[27531],"tags":[17793,29521,17899,1836],"class_list":["post-6874","post","type-post","status-publish","format-standard","hentry","category-medienschau","tag-beate-zschape","tag-probsteigasse","tag-v-mann","tag-verfassungsschutz"],"yoast_head":"<!-- This site is optimized with the Yoast SEO plugin v21.0 - https:\/\/yoast.com\/wordpress\/plugins\/seo\/ -->\n<title>Ankl\u00e4ger m\u00fcssen auf Hamburger Spitzel verzichten \u2013 Das Medienlog vom Dienstag, 3. Juni 2014 - Das NSU-Prozess-Blog<\/title>\n<meta name=\"robots\" content=\"index, follow, max-snippet:-1, max-image-preview:large, max-video-preview:-1\" \/>\n<link rel=\"canonical\" href=\"https:\/\/blog.zeit.de\/nsu-prozess-blog\/2014\/06\/03\/anklaeger-muessen-auf-hamburger-spitzel-verzichten-das-medienlog-vom-dienstag-3-juni-2014\/\" \/>\n<meta property=\"og:locale\" content=\"de_DE\" \/>\n<meta property=\"og:type\" content=\"article\" \/>\n<meta property=\"og:title\" content=\"Ankl\u00e4ger m\u00fcssen auf Hamburger Spitzel verzichten \u2013 Das Medienlog vom Dienstag, 3. Juni 2014 - Das NSU-Prozess-Blog\" \/>\n<meta property=\"og:description\" content=\"Eine DVD auf dem Dachboden, Geheimniskr\u00e4merei beim Verfassungsschutz und ein Rechter, der ein Phantom bleiben wird: Dieser Tage gibt es eine Fortsetzung im Fall des verstorbenen V-Manns Corelli, der Ende M\u00e4rz tot aufgefunden worden war. Wie der Spiegel berichtet, verschweigt der Hamburger Verfassungsschutz die Identit\u00e4t eines seiner eigenen V-M\u00e4nner, der von Corelli eine DVD mit [&hellip;]\" \/>\n<meta property=\"og:url\" content=\"https:\/\/blog.zeit.de\/nsu-prozess-blog\/2014\/06\/03\/anklaeger-muessen-auf-hamburger-spitzel-verzichten-das-medienlog-vom-dienstag-3-juni-2014\/\" \/>\n<meta property=\"og:site_name\" content=\"Das NSU-Prozess-Blog\" \/>\n<meta property=\"article:published_time\" content=\"2014-06-03T06:28:10+00:00\" \/>\n<meta property=\"article:modified_time\" content=\"2014-06-03T07:23:04+00:00\" \/>\n<meta name=\"author\" content=\"Tom Sundermann\" \/>\n<meta name=\"twitter:label1\" content=\"Geschrieben von\" \/>\n\t<meta name=\"twitter:data1\" content=\"Tom Sundermann\" \/>\n\t<meta name=\"twitter:label2\" content=\"Gesch\u00e4tzte Lesezeit\" \/>\n\t<meta name=\"twitter:data2\" content=\"2\u00a0Minuten\" \/>\n<script type=\"application\/ld+json\" class=\"yoast-schema-graph\">{\"@context\":\"https:\/\/schema.org\",\"@graph\":[{\"@type\":\"WebPage\",\"@id\":\"https:\/\/blog.zeit.de\/nsu-prozess-blog\/2014\/06\/03\/anklaeger-muessen-auf-hamburger-spitzel-verzichten-das-medienlog-vom-dienstag-3-juni-2014\/\",\"url\":\"https:\/\/blog.zeit.de\/nsu-prozess-blog\/2014\/06\/03\/anklaeger-muessen-auf-hamburger-spitzel-verzichten-das-medienlog-vom-dienstag-3-juni-2014\/\",\"name\":\"Ankl\u00e4ger m\u00fcssen auf Hamburger Spitzel verzichten \u2013 Das Medienlog vom Dienstag, 3. Juni 2014 - Das NSU-Prozess-Blog\",\"isPartOf\":{\"@id\":\"https:\/\/blog.zeit.de\/nsu-prozess-blog\/#website\"},\"datePublished\":\"2014-06-03T06:28:10+00:00\",\"dateModified\":\"2014-06-03T07:23:04+00:00\",\"author\":{\"@id\":\"https:\/\/blog.zeit.de\/nsu-prozess-blog\/#\/schema\/person\/553ea9bb5d1fc2ae054c589bd59380a5\"},\"breadcrumb\":{\"@id\":\"https:\/\/blog.zeit.de\/nsu-prozess-blog\/2014\/06\/03\/anklaeger-muessen-auf-hamburger-spitzel-verzichten-das-medienlog-vom-dienstag-3-juni-2014\/#breadcrumb\"},\"inLanguage\":\"de\",\"potentialAction\":[{\"@type\":\"ReadAction\",\"target\":[\"https:\/\/blog.zeit.de\/nsu-prozess-blog\/2014\/06\/03\/anklaeger-muessen-auf-hamburger-spitzel-verzichten-das-medienlog-vom-dienstag-3-juni-2014\/\"]}]},{\"@type\":\"BreadcrumbList\",\"@id\":\"https:\/\/blog.zeit.de\/nsu-prozess-blog\/2014\/06\/03\/anklaeger-muessen-auf-hamburger-spitzel-verzichten-das-medienlog-vom-dienstag-3-juni-2014\/#breadcrumb\",\"itemListElement\":[{\"@type\":\"ListItem\",\"position\":1,\"name\":\"Startseite\",\"item\":\"https:\/\/blog.zeit.de\/nsu-prozess-blog\/\"},{\"@type\":\"ListItem\",\"position\":2,\"name\":\"Ankl\u00e4ger m\u00fcssen auf Hamburger Spitzel verzichten \u2013 Das Medienlog vom Dienstag, 3. Juni 2014\"}]},{\"@type\":\"WebSite\",\"@id\":\"https:\/\/blog.zeit.de\/nsu-prozess-blog\/#website\",\"url\":\"https:\/\/blog.zeit.de\/nsu-prozess-blog\/\",\"name\":\"Das NSU-Prozess-Blog\",\"description\":\"Alle Berichte zum Terrorverfahren in M\u00fcnchen\",\"potentialAction\":[{\"@type\":\"SearchAction\",\"target\":{\"@type\":\"EntryPoint\",\"urlTemplate\":\"https:\/\/blog.zeit.de\/nsu-prozess-blog\/?s={search_term_string}\"},\"query-input\":\"required name=search_term_string\"}],\"inLanguage\":\"de\"},{\"@type\":\"Person\",\"@id\":\"https:\/\/blog.zeit.de\/nsu-prozess-blog\/#\/schema\/person\/553ea9bb5d1fc2ae054c589bd59380a5\",\"name\":\"Tom Sundermann\",\"image\":{\"@type\":\"ImageObject\",\"inLanguage\":\"de\",\"@id\":\"https:\/\/blog.zeit.de\/nsu-prozess-blog\/#\/schema\/person\/image\/\",\"url\":\"https:\/\/secure.gravatar.com\/avatar\/e108a3dc18766f719b2f797dc5d19093f06a1870c55b553ab6b7563f1f9a5e68?s=96&d=mm&r=g\",\"contentUrl\":\"https:\/\/secure.gravatar.com\/avatar\/e108a3dc18766f719b2f797dc5d19093f06a1870c55b553ab6b7563f1f9a5e68?s=96&d=mm&r=g\",\"caption\":\"Tom Sundermann\"},\"sameAs\":[\"https:\/\/twitter.com\/messeticker\"],\"url\":\"https:\/\/blog.zeit.de\/nsu-prozess-blog\/author\/tsundermann\/\"}]}<\/script>\n<!-- \/ Yoast SEO plugin. -->","yoast_head_json":{"title":"Ankl\u00e4ger m\u00fcssen auf Hamburger Spitzel verzichten \u2013 Das Medienlog vom Dienstag, 3. Juni 2014 - Das NSU-Prozess-Blog","robots":{"index":"index","follow":"follow","max-snippet":"max-snippet:-1","max-image-preview":"max-image-preview:large","max-video-preview":"max-video-preview:-1"},"canonical":"https:\/\/blog.zeit.de\/nsu-prozess-blog\/2014\/06\/03\/anklaeger-muessen-auf-hamburger-spitzel-verzichten-das-medienlog-vom-dienstag-3-juni-2014\/","og_locale":"de_DE","og_type":"article","og_title":"Ankl\u00e4ger m\u00fcssen auf Hamburger Spitzel verzichten \u2013 Das Medienlog vom Dienstag, 3. Juni 2014 - Das NSU-Prozess-Blog","og_description":"Eine DVD auf dem Dachboden, Geheimniskr\u00e4merei beim Verfassungsschutz und ein Rechter, der ein Phantom bleiben wird: Dieser Tage gibt es eine Fortsetzung im Fall des verstorbenen V-Manns Corelli, der Ende M\u00e4rz tot aufgefunden worden war. Wie der Spiegel berichtet, verschweigt der Hamburger Verfassungsschutz die Identit\u00e4t eines seiner eigenen V-M\u00e4nner, der von Corelli eine DVD mit [&hellip;]","og_url":"https:\/\/blog.zeit.de\/nsu-prozess-blog\/2014\/06\/03\/anklaeger-muessen-auf-hamburger-spitzel-verzichten-das-medienlog-vom-dienstag-3-juni-2014\/","og_site_name":"Das NSU-Prozess-Blog","article_published_time":"2014-06-03T06:28:10+00:00","article_modified_time":"2014-06-03T07:23:04+00:00","author":"Tom Sundermann","twitter_misc":{"Geschrieben von":"Tom Sundermann","Gesch\u00e4tzte Lesezeit":"2\u00a0Minuten"},"schema":{"@context":"https:\/\/schema.org","@graph":[{"@type":"WebPage","@id":"https:\/\/blog.zeit.de\/nsu-prozess-blog\/2014\/06\/03\/anklaeger-muessen-auf-hamburger-spitzel-verzichten-das-medienlog-vom-dienstag-3-juni-2014\/","url":"https:\/\/blog.zeit.de\/nsu-prozess-blog\/2014\/06\/03\/anklaeger-muessen-auf-hamburger-spitzel-verzichten-das-medienlog-vom-dienstag-3-juni-2014\/","name":"Ankl\u00e4ger m\u00fcssen auf Hamburger Spitzel verzichten \u2013 Das Medienlog vom Dienstag, 3. Juni 2014 - Das NSU-Prozess-Blog","isPartOf":{"@id":"https:\/\/blog.zeit.de\/nsu-prozess-blog\/#website"},"datePublished":"2014-06-03T06:28:10+00:00","dateModified":"2014-06-03T07:23:04+00:00","author":{"@id":"https:\/\/blog.zeit.de\/nsu-prozess-blog\/#\/schema\/person\/553ea9bb5d1fc2ae054c589bd59380a5"},"breadcrumb":{"@id":"https:\/\/blog.zeit.de\/nsu-prozess-blog\/2014\/06\/03\/anklaeger-muessen-auf-hamburger-spitzel-verzichten-das-medienlog-vom-dienstag-3-juni-2014\/#breadcrumb"},"inLanguage":"de","potentialAction":[{"@type":"ReadAction","target":["https:\/\/blog.zeit.de\/nsu-prozess-blog\/2014\/06\/03\/anklaeger-muessen-auf-hamburger-spitzel-verzichten-das-medienlog-vom-dienstag-3-juni-2014\/"]}]},{"@type":"BreadcrumbList","@id":"https:\/\/blog.zeit.de\/nsu-prozess-blog\/2014\/06\/03\/anklaeger-muessen-auf-hamburger-spitzel-verzichten-das-medienlog-vom-dienstag-3-juni-2014\/#breadcrumb","itemListElement":[{"@type":"ListItem","position":1,"name":"Startseite","item":"https:\/\/blog.zeit.de\/nsu-prozess-blog\/"},{"@type":"ListItem","position":2,"name":"Ankl\u00e4ger m\u00fcssen auf Hamburger Spitzel verzichten \u2013 Das Medienlog vom Dienstag, 3. Juni 2014"}]},{"@type":"WebSite","@id":"https:\/\/blog.zeit.de\/nsu-prozess-blog\/#website","url":"https:\/\/blog.zeit.de\/nsu-prozess-blog\/","name":"Das NSU-Prozess-Blog","description":"Alle Berichte zum Terrorverfahren in M\u00fcnchen","potentialAction":[{"@type":"SearchAction","target":{"@type":"EntryPoint","urlTemplate":"https:\/\/blog.zeit.de\/nsu-prozess-blog\/?s={search_term_string}"},"query-input":"required name=search_term_string"}],"inLanguage":"de"},{"@type":"Person","@id":"https:\/\/blog.zeit.de\/nsu-prozess-blog\/#\/schema\/person\/553ea9bb5d1fc2ae054c589bd59380a5","name":"Tom Sundermann","image":{"@type":"ImageObject","inLanguage":"de","@id":"https:\/\/blog.zeit.de\/nsu-prozess-blog\/#\/schema\/person\/image\/","url":"https:\/\/secure.gravatar.com\/avatar\/e108a3dc18766f719b2f797dc5d19093f06a1870c55b553ab6b7563f1f9a5e68?s=96&d=mm&r=g","contentUrl":"https:\/\/secure.gravatar.com\/avatar\/e108a3dc18766f719b2f797dc5d19093f06a1870c55b553ab6b7563f1f9a5e68?s=96&d=mm&r=g","caption":"Tom Sundermann"},"sameAs":["https:\/\/twitter.com\/messeticker"],"url":"https:\/\/blog.zeit.de\/nsu-prozess-blog\/author\/tsundermann\/"}]}},"jetpack_featured_media_url":"","jetpack_sharing_enabled":true,"_links":{"self":[{"href":"https:\/\/blog.zeit.de\/nsu-prozess-blog\/wp-json\/wp\/v2\/posts\/6874","targetHints":{"allow":["GET"]}}],"collection":[{"href":"https:\/\/blog.zeit.de\/nsu-prozess-blog\/wp-json\/wp\/v2\/posts"}],"about":[{"href":"https:\/\/blog.zeit.de\/nsu-prozess-blog\/wp-json\/wp\/v2\/types\/post"}],"author":[{"embeddable":true,"href":"https:\/\/blog.zeit.de\/nsu-prozess-blog\/wp-json\/wp\/v2\/users\/435"}],"replies":[{"embeddable":true,"href":"https:\/\/blog.zeit.de\/nsu-prozess-blog\/wp-json\/wp\/v2\/comments?post=6874"}],"version-history":[{"count":7,"href":"https:\/\/blog.zeit.de\/nsu-prozess-blog\/wp-json\/wp\/v2\/posts\/6874\/revisions"}],"predecessor-version":[{"id":6881,"href":"https:\/\/blog.zeit.de\/nsu-prozess-blog\/wp-json\/wp\/v2\/posts\/6874\/revisions\/6881"}],"wp:attachment":[{"href":"https:\/\/blog.zeit.de\/nsu-prozess-blog\/wp-json\/wp\/v2\/media?parent=6874"}],"wp:term":[{"taxonomy":"category","embeddable":true,"href":"https:\/\/blog.zeit.de\/nsu-prozess-blog\/wp-json\/wp\/v2\/categories?post=6874"},{"taxonomy":"post_tag","embeddable":true,"href":"https:\/\/blog.zeit.de\/nsu-prozess-blog\/wp-json\/wp\/v2\/tags?post=6874"}],"curies":[{"name":"wp","href":"https:\/\/api.w.org\/{rel}","templated":true}]}}