{"id":6965,"date":"2014-06-26T07:00:29","date_gmt":"2014-06-26T05:00:29","guid":{"rendered":"http:\/\/blog.zeit.de\/nsu-prozess-blog\/?p=6965"},"modified":"2014-06-10T17:35:12","modified_gmt":"2014-06-10T15:35:12","slug":"120-prozesstag-sachverstaendige-zur-probsteigasse-und-alte-bekannte","status":"publish","type":"post","link":"https:\/\/blog.zeit.de\/nsu-prozess-blog\/2014\/06\/26\/120-prozesstag-sachverstaendige-zur-probsteigasse-und-alte-bekannte\/","title":{"rendered":"120. Prozesstag \u2013 Sachverst\u00e4ndige zur Probsteigasse und alte Bekannte"},"content":{"rendered":"<p>Nach mehr als zwei Wochen Pause untersucht das Gericht im NSU-Prozess weiter den Fall des <a href=\"https:\/\/blog.zeit.de\/nsu-prozess-blog\/2014\/06\/05\/das-raetsel-vom-mann-mit-dem-korb\/\">Anschlags in der K\u00f6lner Probsteigasse<\/a> von 2001. Geh\u00f6rt werden die Sachverst\u00e4ndigen Oliver Peschel, der ein Gutachten zum Gesundheitszustand des Opfers Mashia M. vortr\u00e4gt, und R\u00fcdiger M\u00f6lle vom bayerischen Landeskriminalamt, der den Fall aus kriminalistischer Sicht analysiert. Eine Polizistin sagt zudem als Zeugin aus.<\/p>\n<p>Im Anschluss geht es noch einmal um die Anf\u00e4nge des NSU: Der Zeuge Andreas K. soll Angaben dazu machen, wie das Trio sich Waffen beschaffte. Die Gruppe h\u00e4ufte \u00fcber die Zeit ein <a href=\"https:\/\/blog.zeit.de\/nsu-prozess-blog\/2014\/01\/28\/die-macht-in-der-hand-des-nsu\/\">Arsenal von 20 Pistolen und Gewehren<\/a> an. Ebenfalls geladen ist Thomas B., ein Jugendfreund von Uwe B\u00f6hnhardt. B. beging damals gemeinsam mit B\u00f6hnhardt Straftaten. In Vernehmungen beschrieb er ihn als aggressiv.<\/p>\n<p><em>ZEIT ONLINE berichtet aus M\u00fcnchen und fasst den Prozesstag am Abend auf diesem Blog zusammen. Informationen aus der Verhandlung gibt es <a href=\"https:\/\/twitter.com\/zeitonline\/lists\/nsu-prozess\">via Twitter hier<\/a>. Weitere Berichte stellen wir morgen im <a href=\"https:\/\/blog.zeit.de\/nsu-prozess-blog\/category\/medienschau\/\">NSU-Medienlog<\/a> zusammen.<\/em><\/p>\n","protected":false},"excerpt":{"rendered":"<p>Nach mehr als zwei Wochen Pause untersucht das Gericht im NSU-Prozess weiter den Fall des Anschlags in der K\u00f6lner Probsteigasse von 2001. Geh\u00f6rt werden die Sachverst\u00e4ndigen Oliver Peschel, der ein Gutachten zum Gesundheitszustand des Opfers Mashia M. vortr\u00e4gt, und R\u00fcdiger M\u00f6lle vom bayerischen Landeskriminalamt, der den Fall aus kriminalistischer Sicht analysiert. Eine Polizistin sagt zudem [&hellip;]<\/p>\n","protected":false},"author":435,"featured_media":0,"comment_status":"open","ping_status":"open","sticky":false,"template":"","format":"standard","meta":{"_jetpack_memberships_contains_paid_content":false,"footnotes":""},"categories":[27532],"tags":[1474,24914,29521,22860],"class_list":["post-6965","post","type-post","status-publish","format-standard","hentry","category-prozesstage","tag-anschlag","tag-koln","tag-probsteigasse","tag-uwe-bohnhardt"],"yoast_head":"<!-- This site is optimized with the Yoast SEO plugin v21.0 - https:\/\/yoast.com\/wordpress\/plugins\/seo\/ -->\n<title>120. Prozesstag \u2013 Sachverst\u00e4ndige zur Probsteigasse und alte Bekannte - Das NSU-Prozess-Blog<\/title>\n<meta name=\"robots\" content=\"index, follow, max-snippet:-1, max-image-preview:large, max-video-preview:-1\" \/>\n<link rel=\"canonical\" href=\"https:\/\/blog.zeit.de\/nsu-prozess-blog\/2014\/06\/26\/120-prozesstag-sachverstaendige-zur-probsteigasse-und-alte-bekannte\/\" \/>\n<meta property=\"og:locale\" content=\"de_DE\" \/>\n<meta property=\"og:type\" content=\"article\" \/>\n<meta property=\"og:title\" content=\"120. Prozesstag \u2013 Sachverst\u00e4ndige zur Probsteigasse und alte Bekannte - Das NSU-Prozess-Blog\" \/>\n<meta property=\"og:description\" content=\"Nach mehr als zwei Wochen Pause untersucht das Gericht im NSU-Prozess weiter den Fall des Anschlags in der K\u00f6lner Probsteigasse von 2001. Geh\u00f6rt werden die Sachverst\u00e4ndigen Oliver Peschel, der ein Gutachten zum Gesundheitszustand des Opfers Mashia M. vortr\u00e4gt, und R\u00fcdiger M\u00f6lle vom bayerischen Landeskriminalamt, der den Fall aus kriminalistischer Sicht analysiert. Eine Polizistin sagt zudem [&hellip;]\" \/>\n<meta property=\"og:url\" content=\"https:\/\/blog.zeit.de\/nsu-prozess-blog\/2014\/06\/26\/120-prozesstag-sachverstaendige-zur-probsteigasse-und-alte-bekannte\/\" \/>\n<meta property=\"og:site_name\" content=\"Das NSU-Prozess-Blog\" \/>\n<meta property=\"article:published_time\" content=\"2014-06-26T05:00:29+00:00\" \/>\n<meta property=\"article:modified_time\" content=\"2014-06-10T15:35:12+00:00\" \/>\n<meta name=\"author\" content=\"Tom Sundermann\" \/>\n<meta name=\"twitter:label1\" content=\"Geschrieben von\" \/>\n\t<meta name=\"twitter:data1\" content=\"Tom Sundermann\" \/>\n\t<meta name=\"twitter:label2\" content=\"Gesch\u00e4tzte Lesezeit\" \/>\n\t<meta name=\"twitter:data2\" content=\"1\u00a0Minute\" \/>\n<script type=\"application\/ld+json\" class=\"yoast-schema-graph\">{\"@context\":\"https:\/\/schema.org\",\"@graph\":[{\"@type\":\"WebPage\",\"@id\":\"https:\/\/blog.zeit.de\/nsu-prozess-blog\/2014\/06\/26\/120-prozesstag-sachverstaendige-zur-probsteigasse-und-alte-bekannte\/\",\"url\":\"https:\/\/blog.zeit.de\/nsu-prozess-blog\/2014\/06\/26\/120-prozesstag-sachverstaendige-zur-probsteigasse-und-alte-bekannte\/\",\"name\":\"120. Prozesstag \u2013 Sachverst\u00e4ndige zur Probsteigasse und alte Bekannte - Das NSU-Prozess-Blog\",\"isPartOf\":{\"@id\":\"https:\/\/blog.zeit.de\/nsu-prozess-blog\/#website\"},\"datePublished\":\"2014-06-26T05:00:29+00:00\",\"dateModified\":\"2014-06-10T15:35:12+00:00\",\"author\":{\"@id\":\"https:\/\/blog.zeit.de\/nsu-prozess-blog\/#\/schema\/person\/553ea9bb5d1fc2ae054c589bd59380a5\"},\"breadcrumb\":{\"@id\":\"https:\/\/blog.zeit.de\/nsu-prozess-blog\/2014\/06\/26\/120-prozesstag-sachverstaendige-zur-probsteigasse-und-alte-bekannte\/#breadcrumb\"},\"inLanguage\":\"de\",\"potentialAction\":[{\"@type\":\"ReadAction\",\"target\":[\"https:\/\/blog.zeit.de\/nsu-prozess-blog\/2014\/06\/26\/120-prozesstag-sachverstaendige-zur-probsteigasse-und-alte-bekannte\/\"]}]},{\"@type\":\"BreadcrumbList\",\"@id\":\"https:\/\/blog.zeit.de\/nsu-prozess-blog\/2014\/06\/26\/120-prozesstag-sachverstaendige-zur-probsteigasse-und-alte-bekannte\/#breadcrumb\",\"itemListElement\":[{\"@type\":\"ListItem\",\"position\":1,\"name\":\"Startseite\",\"item\":\"https:\/\/blog.zeit.de\/nsu-prozess-blog\/\"},{\"@type\":\"ListItem\",\"position\":2,\"name\":\"120. Prozesstag \u2013 Sachverst\u00e4ndige zur Probsteigasse und alte Bekannte\"}]},{\"@type\":\"WebSite\",\"@id\":\"https:\/\/blog.zeit.de\/nsu-prozess-blog\/#website\",\"url\":\"https:\/\/blog.zeit.de\/nsu-prozess-blog\/\",\"name\":\"Das NSU-Prozess-Blog\",\"description\":\"Alle Berichte zum Terrorverfahren in M\u00fcnchen\",\"potentialAction\":[{\"@type\":\"SearchAction\",\"target\":{\"@type\":\"EntryPoint\",\"urlTemplate\":\"https:\/\/blog.zeit.de\/nsu-prozess-blog\/?s={search_term_string}\"},\"query-input\":\"required name=search_term_string\"}],\"inLanguage\":\"de\"},{\"@type\":\"Person\",\"@id\":\"https:\/\/blog.zeit.de\/nsu-prozess-blog\/#\/schema\/person\/553ea9bb5d1fc2ae054c589bd59380a5\",\"name\":\"Tom Sundermann\",\"image\":{\"@type\":\"ImageObject\",\"inLanguage\":\"de\",\"@id\":\"https:\/\/blog.zeit.de\/nsu-prozess-blog\/#\/schema\/person\/image\/\",\"url\":\"https:\/\/secure.gravatar.com\/avatar\/e108a3dc18766f719b2f797dc5d19093f06a1870c55b553ab6b7563f1f9a5e68?s=96&d=mm&r=g\",\"contentUrl\":\"https:\/\/secure.gravatar.com\/avatar\/e108a3dc18766f719b2f797dc5d19093f06a1870c55b553ab6b7563f1f9a5e68?s=96&d=mm&r=g\",\"caption\":\"Tom Sundermann\"},\"sameAs\":[\"https:\/\/twitter.com\/messeticker\"],\"url\":\"https:\/\/blog.zeit.de\/nsu-prozess-blog\/author\/tsundermann\/\"}]}<\/script>\n<!-- \/ Yoast SEO plugin. -->","yoast_head_json":{"title":"120. Prozesstag \u2013 Sachverst\u00e4ndige zur Probsteigasse und alte Bekannte - Das NSU-Prozess-Blog","robots":{"index":"index","follow":"follow","max-snippet":"max-snippet:-1","max-image-preview":"max-image-preview:large","max-video-preview":"max-video-preview:-1"},"canonical":"https:\/\/blog.zeit.de\/nsu-prozess-blog\/2014\/06\/26\/120-prozesstag-sachverstaendige-zur-probsteigasse-und-alte-bekannte\/","og_locale":"de_DE","og_type":"article","og_title":"120. Prozesstag \u2013 Sachverst\u00e4ndige zur Probsteigasse und alte Bekannte - Das NSU-Prozess-Blog","og_description":"Nach mehr als zwei Wochen Pause untersucht das Gericht im NSU-Prozess weiter den Fall des Anschlags in der K\u00f6lner Probsteigasse von 2001. Geh\u00f6rt werden die Sachverst\u00e4ndigen Oliver Peschel, der ein Gutachten zum Gesundheitszustand des Opfers Mashia M. vortr\u00e4gt, und R\u00fcdiger M\u00f6lle vom bayerischen Landeskriminalamt, der den Fall aus kriminalistischer Sicht analysiert. Eine Polizistin sagt zudem [&hellip;]","og_url":"https:\/\/blog.zeit.de\/nsu-prozess-blog\/2014\/06\/26\/120-prozesstag-sachverstaendige-zur-probsteigasse-und-alte-bekannte\/","og_site_name":"Das NSU-Prozess-Blog","article_published_time":"2014-06-26T05:00:29+00:00","article_modified_time":"2014-06-10T15:35:12+00:00","author":"Tom Sundermann","twitter_misc":{"Geschrieben von":"Tom Sundermann","Gesch\u00e4tzte Lesezeit":"1\u00a0Minute"},"schema":{"@context":"https:\/\/schema.org","@graph":[{"@type":"WebPage","@id":"https:\/\/blog.zeit.de\/nsu-prozess-blog\/2014\/06\/26\/120-prozesstag-sachverstaendige-zur-probsteigasse-und-alte-bekannte\/","url":"https:\/\/blog.zeit.de\/nsu-prozess-blog\/2014\/06\/26\/120-prozesstag-sachverstaendige-zur-probsteigasse-und-alte-bekannte\/","name":"120. Prozesstag \u2013 Sachverst\u00e4ndige zur Probsteigasse und alte Bekannte - Das NSU-Prozess-Blog","isPartOf":{"@id":"https:\/\/blog.zeit.de\/nsu-prozess-blog\/#website"},"datePublished":"2014-06-26T05:00:29+00:00","dateModified":"2014-06-10T15:35:12+00:00","author":{"@id":"https:\/\/blog.zeit.de\/nsu-prozess-blog\/#\/schema\/person\/553ea9bb5d1fc2ae054c589bd59380a5"},"breadcrumb":{"@id":"https:\/\/blog.zeit.de\/nsu-prozess-blog\/2014\/06\/26\/120-prozesstag-sachverstaendige-zur-probsteigasse-und-alte-bekannte\/#breadcrumb"},"inLanguage":"de","potentialAction":[{"@type":"ReadAction","target":["https:\/\/blog.zeit.de\/nsu-prozess-blog\/2014\/06\/26\/120-prozesstag-sachverstaendige-zur-probsteigasse-und-alte-bekannte\/"]}]},{"@type":"BreadcrumbList","@id":"https:\/\/blog.zeit.de\/nsu-prozess-blog\/2014\/06\/26\/120-prozesstag-sachverstaendige-zur-probsteigasse-und-alte-bekannte\/#breadcrumb","itemListElement":[{"@type":"ListItem","position":1,"name":"Startseite","item":"https:\/\/blog.zeit.de\/nsu-prozess-blog\/"},{"@type":"ListItem","position":2,"name":"120. Prozesstag \u2013 Sachverst\u00e4ndige zur Probsteigasse und alte Bekannte"}]},{"@type":"WebSite","@id":"https:\/\/blog.zeit.de\/nsu-prozess-blog\/#website","url":"https:\/\/blog.zeit.de\/nsu-prozess-blog\/","name":"Das NSU-Prozess-Blog","description":"Alle Berichte zum Terrorverfahren in M\u00fcnchen","potentialAction":[{"@type":"SearchAction","target":{"@type":"EntryPoint","urlTemplate":"https:\/\/blog.zeit.de\/nsu-prozess-blog\/?s={search_term_string}"},"query-input":"required name=search_term_string"}],"inLanguage":"de"},{"@type":"Person","@id":"https:\/\/blog.zeit.de\/nsu-prozess-blog\/#\/schema\/person\/553ea9bb5d1fc2ae054c589bd59380a5","name":"Tom Sundermann","image":{"@type":"ImageObject","inLanguage":"de","@id":"https:\/\/blog.zeit.de\/nsu-prozess-blog\/#\/schema\/person\/image\/","url":"https:\/\/secure.gravatar.com\/avatar\/e108a3dc18766f719b2f797dc5d19093f06a1870c55b553ab6b7563f1f9a5e68?s=96&d=mm&r=g","contentUrl":"https:\/\/secure.gravatar.com\/avatar\/e108a3dc18766f719b2f797dc5d19093f06a1870c55b553ab6b7563f1f9a5e68?s=96&d=mm&r=g","caption":"Tom Sundermann"},"sameAs":["https:\/\/twitter.com\/messeticker"],"url":"https:\/\/blog.zeit.de\/nsu-prozess-blog\/author\/tsundermann\/"}]}},"jetpack_featured_media_url":"","jetpack_sharing_enabled":true,"_links":{"self":[{"href":"https:\/\/blog.zeit.de\/nsu-prozess-blog\/wp-json\/wp\/v2\/posts\/6965","targetHints":{"allow":["GET"]}}],"collection":[{"href":"https:\/\/blog.zeit.de\/nsu-prozess-blog\/wp-json\/wp\/v2\/posts"}],"about":[{"href":"https:\/\/blog.zeit.de\/nsu-prozess-blog\/wp-json\/wp\/v2\/types\/post"}],"author":[{"embeddable":true,"href":"https:\/\/blog.zeit.de\/nsu-prozess-blog\/wp-json\/wp\/v2\/users\/435"}],"replies":[{"embeddable":true,"href":"https:\/\/blog.zeit.de\/nsu-prozess-blog\/wp-json\/wp\/v2\/comments?post=6965"}],"version-history":[{"count":1,"href":"https:\/\/blog.zeit.de\/nsu-prozess-blog\/wp-json\/wp\/v2\/posts\/6965\/revisions"}],"predecessor-version":[{"id":6966,"href":"https:\/\/blog.zeit.de\/nsu-prozess-blog\/wp-json\/wp\/v2\/posts\/6965\/revisions\/6966"}],"wp:attachment":[{"href":"https:\/\/blog.zeit.de\/nsu-prozess-blog\/wp-json\/wp\/v2\/media?parent=6965"}],"wp:term":[{"taxonomy":"category","embeddable":true,"href":"https:\/\/blog.zeit.de\/nsu-prozess-blog\/wp-json\/wp\/v2\/categories?post=6965"},{"taxonomy":"post_tag","embeddable":true,"href":"https:\/\/blog.zeit.de\/nsu-prozess-blog\/wp-json\/wp\/v2\/tags?post=6965"}],"curies":[{"name":"wp","href":"https:\/\/api.w.org\/{rel}","templated":true}]}}