{"id":6972,"date":"2014-06-13T09:09:00","date_gmt":"2014-06-13T07:09:00","guid":{"rendered":"http:\/\/blog.zeit.de\/nsu-prozess-blog\/?p=6972"},"modified":"2014-06-13T09:09:00","modified_gmt":"2014-06-13T07:09:00","slug":"nsu-prozess-medien-taeter-lange-haare","status":"publish","type":"post","link":"https:\/\/blog.zeit.de\/nsu-prozess-blog\/2014\/06\/13\/nsu-prozess-medien-taeter-lange-haare\/","title":{"rendered":"Ein Helfer mit langen Haaren? \u2013 Das Medienlog vom Freitag, 13. Juni 2014"},"content":{"rendered":"<p>Die Untersuchung des ersten <a href=\"https:\/\/blog.zeit.de\/nsu-prozess-blog\/2014\/06\/03\/hass-aus-der-stollendose\/\">K\u00f6lner Bombenanschlags von 2001<\/a> hat neue Zweifel an der These von drei NSU-T\u00e4tern geweckt. Claudia Wangerin fasst in der <a href=\"http:\/\/www.jungewelt.de\/2014\/06-13\/045.php\" target=\"_blank\"><em>Jungen Welt<\/em><\/a> die R\u00e4tsel um T\u00e4terbeschreibungen zusammen, die nicht zum Aussehen der vermuteten Terroristen Uwe Mundlos und Uwe B\u00f6hnhardt passen. So beschrieben zwei Mitglieder der Familie, die das angegriffene Lebensmittelgesch\u00e4ft in K\u00f6ln betrieb, einen Mann mit langen Haaren. &#8222;Ein langhaariger Neonaziterrorist, der vielleicht noch frei heruml\u00e4uft \u2013 das hatte die Bundesanwaltschaft nicht auf dem Zettel&#8220;, schreibt die Autorin.<\/p>\n<p><!--more--><\/p>\n<p>Kleinere Ungereimtheiten gab es bei der Beschreibung des mutma\u00dflichen M\u00f6rders von <a href=\"http:\/\/www.zeit.de\/gesellschaft\/zeitgeschehen\/2013-10\/NSU-Prozess-Kasse-Zeugin\">Ismail Yasar<\/a> im Jahr 2005. &#8222;Das lie\u00dfe weniger aufhorchen, wenn es nicht an weiteren NSU-Tatorten Hinweise auf andere oder zus\u00e4tzliche Hauptt\u00e4ter g\u00e4be&#8220;, hei\u00dft es in dem Bericht. So hatten Zeugen nach dem Mord an der Polizistin <a href=\"https:\/\/blog.zeit.de\/nsu-prozess-blog\/2014\/01\/16\/nie-wieder-ein-normales-leben\/\">Mich\u00e8le Kiesewetter<\/a> von 2007 von blutverschmierten Menschen in der N\u00e4he berichtet.<\/p>\n<p><em>An jedem Werktag sichten wir f\u00fcr das NSU-Prozess-Blog die Medien und stellen wichtige Berichte, Blogs, Videos und Tweets zusammen. Wir freuen uns \u00fcber Hinweise via Twitter mit dem Hashtag #nsublog \u2013 oder per E-Mail an <a href=\"mailto:nsublog@zeit.de\">nsublog@zeit.de<\/a>.<\/em><\/p>\n<p><em>Das n\u00e4chste Medienlog erscheint am Montag, 16. Juni 2014.<\/em><\/p>\n","protected":false},"excerpt":{"rendered":"<p>Die Untersuchung des ersten K\u00f6lner Bombenanschlags von 2001 hat neue Zweifel an der These von drei NSU-T\u00e4tern geweckt. Claudia Wangerin fasst in der Jungen Welt die R\u00e4tsel um T\u00e4terbeschreibungen zusammen, die nicht zum Aussehen der vermuteten Terroristen Uwe Mundlos und Uwe B\u00f6hnhardt passen. So beschrieben zwei Mitglieder der Familie, die das angegriffene Lebensmittelgesch\u00e4ft in K\u00f6ln [&hellip;]<\/p>\n","protected":false},"author":435,"featured_media":0,"comment_status":"open","ping_status":"open","sticky":false,"template":"","format":"standard","meta":{"_jetpack_memberships_contains_paid_content":false,"footnotes":""},"categories":[27531],"tags":[],"class_list":["post-6972","post","type-post","status-publish","format-standard","hentry","category-medienschau"],"yoast_head":"<!-- This site is optimized with the Yoast SEO plugin v21.0 - https:\/\/yoast.com\/wordpress\/plugins\/seo\/ -->\n<title>Ein Helfer mit langen Haaren? \u2013 Das Medienlog vom Freitag, 13. Juni 2014 - Das NSU-Prozess-Blog<\/title>\n<meta name=\"robots\" content=\"index, follow, max-snippet:-1, max-image-preview:large, max-video-preview:-1\" \/>\n<link rel=\"canonical\" href=\"https:\/\/blog.zeit.de\/nsu-prozess-blog\/2014\/06\/13\/nsu-prozess-medien-taeter-lange-haare\/\" \/>\n<meta property=\"og:locale\" content=\"de_DE\" \/>\n<meta property=\"og:type\" content=\"article\" \/>\n<meta property=\"og:title\" content=\"Ein Helfer mit langen Haaren? \u2013 Das Medienlog vom Freitag, 13. Juni 2014 - Das NSU-Prozess-Blog\" \/>\n<meta property=\"og:description\" content=\"Die Untersuchung des ersten K\u00f6lner Bombenanschlags von 2001 hat neue Zweifel an der These von drei NSU-T\u00e4tern geweckt. Claudia Wangerin fasst in der Jungen Welt die R\u00e4tsel um T\u00e4terbeschreibungen zusammen, die nicht zum Aussehen der vermuteten Terroristen Uwe Mundlos und Uwe B\u00f6hnhardt passen. So beschrieben zwei Mitglieder der Familie, die das angegriffene Lebensmittelgesch\u00e4ft in K\u00f6ln [&hellip;]\" \/>\n<meta property=\"og:url\" content=\"https:\/\/blog.zeit.de\/nsu-prozess-blog\/2014\/06\/13\/nsu-prozess-medien-taeter-lange-haare\/\" \/>\n<meta property=\"og:site_name\" content=\"Das NSU-Prozess-Blog\" \/>\n<meta property=\"article:published_time\" content=\"2014-06-13T07:09:00+00:00\" \/>\n<meta name=\"author\" content=\"Tom Sundermann\" \/>\n<meta name=\"twitter:label1\" content=\"Geschrieben von\" \/>\n\t<meta name=\"twitter:data1\" content=\"Tom Sundermann\" \/>\n\t<meta name=\"twitter:label2\" content=\"Gesch\u00e4tzte Lesezeit\" \/>\n\t<meta name=\"twitter:data2\" content=\"1\u00a0Minute\" \/>\n<script type=\"application\/ld+json\" class=\"yoast-schema-graph\">{\"@context\":\"https:\/\/schema.org\",\"@graph\":[{\"@type\":\"WebPage\",\"@id\":\"https:\/\/blog.zeit.de\/nsu-prozess-blog\/2014\/06\/13\/nsu-prozess-medien-taeter-lange-haare\/\",\"url\":\"https:\/\/blog.zeit.de\/nsu-prozess-blog\/2014\/06\/13\/nsu-prozess-medien-taeter-lange-haare\/\",\"name\":\"Ein Helfer mit langen Haaren? \u2013 Das Medienlog vom Freitag, 13. Juni 2014 - Das NSU-Prozess-Blog\",\"isPartOf\":{\"@id\":\"https:\/\/blog.zeit.de\/nsu-prozess-blog\/#website\"},\"datePublished\":\"2014-06-13T07:09:00+00:00\",\"dateModified\":\"2014-06-13T07:09:00+00:00\",\"author\":{\"@id\":\"https:\/\/blog.zeit.de\/nsu-prozess-blog\/#\/schema\/person\/553ea9bb5d1fc2ae054c589bd59380a5\"},\"breadcrumb\":{\"@id\":\"https:\/\/blog.zeit.de\/nsu-prozess-blog\/2014\/06\/13\/nsu-prozess-medien-taeter-lange-haare\/#breadcrumb\"},\"inLanguage\":\"de\",\"potentialAction\":[{\"@type\":\"ReadAction\",\"target\":[\"https:\/\/blog.zeit.de\/nsu-prozess-blog\/2014\/06\/13\/nsu-prozess-medien-taeter-lange-haare\/\"]}]},{\"@type\":\"BreadcrumbList\",\"@id\":\"https:\/\/blog.zeit.de\/nsu-prozess-blog\/2014\/06\/13\/nsu-prozess-medien-taeter-lange-haare\/#breadcrumb\",\"itemListElement\":[{\"@type\":\"ListItem\",\"position\":1,\"name\":\"Startseite\",\"item\":\"https:\/\/blog.zeit.de\/nsu-prozess-blog\/\"},{\"@type\":\"ListItem\",\"position\":2,\"name\":\"Ein Helfer mit langen Haaren? \u2013 Das Medienlog vom Freitag, 13. Juni 2014\"}]},{\"@type\":\"WebSite\",\"@id\":\"https:\/\/blog.zeit.de\/nsu-prozess-blog\/#website\",\"url\":\"https:\/\/blog.zeit.de\/nsu-prozess-blog\/\",\"name\":\"Das NSU-Prozess-Blog\",\"description\":\"Alle Berichte zum Terrorverfahren in M\u00fcnchen\",\"potentialAction\":[{\"@type\":\"SearchAction\",\"target\":{\"@type\":\"EntryPoint\",\"urlTemplate\":\"https:\/\/blog.zeit.de\/nsu-prozess-blog\/?s={search_term_string}\"},\"query-input\":\"required name=search_term_string\"}],\"inLanguage\":\"de\"},{\"@type\":\"Person\",\"@id\":\"https:\/\/blog.zeit.de\/nsu-prozess-blog\/#\/schema\/person\/553ea9bb5d1fc2ae054c589bd59380a5\",\"name\":\"Tom Sundermann\",\"image\":{\"@type\":\"ImageObject\",\"inLanguage\":\"de\",\"@id\":\"https:\/\/blog.zeit.de\/nsu-prozess-blog\/#\/schema\/person\/image\/\",\"url\":\"https:\/\/secure.gravatar.com\/avatar\/e108a3dc18766f719b2f797dc5d19093f06a1870c55b553ab6b7563f1f9a5e68?s=96&d=mm&r=g\",\"contentUrl\":\"https:\/\/secure.gravatar.com\/avatar\/e108a3dc18766f719b2f797dc5d19093f06a1870c55b553ab6b7563f1f9a5e68?s=96&d=mm&r=g\",\"caption\":\"Tom Sundermann\"},\"sameAs\":[\"https:\/\/twitter.com\/messeticker\"],\"url\":\"https:\/\/blog.zeit.de\/nsu-prozess-blog\/author\/tsundermann\/\"}]}<\/script>\n<!-- \/ Yoast SEO plugin. -->","yoast_head_json":{"title":"Ein Helfer mit langen Haaren? \u2013 Das Medienlog vom Freitag, 13. Juni 2014 - Das NSU-Prozess-Blog","robots":{"index":"index","follow":"follow","max-snippet":"max-snippet:-1","max-image-preview":"max-image-preview:large","max-video-preview":"max-video-preview:-1"},"canonical":"https:\/\/blog.zeit.de\/nsu-prozess-blog\/2014\/06\/13\/nsu-prozess-medien-taeter-lange-haare\/","og_locale":"de_DE","og_type":"article","og_title":"Ein Helfer mit langen Haaren? \u2013 Das Medienlog vom Freitag, 13. Juni 2014 - Das NSU-Prozess-Blog","og_description":"Die Untersuchung des ersten K\u00f6lner Bombenanschlags von 2001 hat neue Zweifel an der These von drei NSU-T\u00e4tern geweckt. Claudia Wangerin fasst in der Jungen Welt die R\u00e4tsel um T\u00e4terbeschreibungen zusammen, die nicht zum Aussehen der vermuteten Terroristen Uwe Mundlos und Uwe B\u00f6hnhardt passen. So beschrieben zwei Mitglieder der Familie, die das angegriffene Lebensmittelgesch\u00e4ft in K\u00f6ln [&hellip;]","og_url":"https:\/\/blog.zeit.de\/nsu-prozess-blog\/2014\/06\/13\/nsu-prozess-medien-taeter-lange-haare\/","og_site_name":"Das NSU-Prozess-Blog","article_published_time":"2014-06-13T07:09:00+00:00","author":"Tom Sundermann","twitter_misc":{"Geschrieben von":"Tom Sundermann","Gesch\u00e4tzte Lesezeit":"1\u00a0Minute"},"schema":{"@context":"https:\/\/schema.org","@graph":[{"@type":"WebPage","@id":"https:\/\/blog.zeit.de\/nsu-prozess-blog\/2014\/06\/13\/nsu-prozess-medien-taeter-lange-haare\/","url":"https:\/\/blog.zeit.de\/nsu-prozess-blog\/2014\/06\/13\/nsu-prozess-medien-taeter-lange-haare\/","name":"Ein Helfer mit langen Haaren? \u2013 Das Medienlog vom Freitag, 13. Juni 2014 - Das NSU-Prozess-Blog","isPartOf":{"@id":"https:\/\/blog.zeit.de\/nsu-prozess-blog\/#website"},"datePublished":"2014-06-13T07:09:00+00:00","dateModified":"2014-06-13T07:09:00+00:00","author":{"@id":"https:\/\/blog.zeit.de\/nsu-prozess-blog\/#\/schema\/person\/553ea9bb5d1fc2ae054c589bd59380a5"},"breadcrumb":{"@id":"https:\/\/blog.zeit.de\/nsu-prozess-blog\/2014\/06\/13\/nsu-prozess-medien-taeter-lange-haare\/#breadcrumb"},"inLanguage":"de","potentialAction":[{"@type":"ReadAction","target":["https:\/\/blog.zeit.de\/nsu-prozess-blog\/2014\/06\/13\/nsu-prozess-medien-taeter-lange-haare\/"]}]},{"@type":"BreadcrumbList","@id":"https:\/\/blog.zeit.de\/nsu-prozess-blog\/2014\/06\/13\/nsu-prozess-medien-taeter-lange-haare\/#breadcrumb","itemListElement":[{"@type":"ListItem","position":1,"name":"Startseite","item":"https:\/\/blog.zeit.de\/nsu-prozess-blog\/"},{"@type":"ListItem","position":2,"name":"Ein Helfer mit langen Haaren? \u2013 Das Medienlog vom Freitag, 13. Juni 2014"}]},{"@type":"WebSite","@id":"https:\/\/blog.zeit.de\/nsu-prozess-blog\/#website","url":"https:\/\/blog.zeit.de\/nsu-prozess-blog\/","name":"Das NSU-Prozess-Blog","description":"Alle Berichte zum Terrorverfahren in M\u00fcnchen","potentialAction":[{"@type":"SearchAction","target":{"@type":"EntryPoint","urlTemplate":"https:\/\/blog.zeit.de\/nsu-prozess-blog\/?s={search_term_string}"},"query-input":"required name=search_term_string"}],"inLanguage":"de"},{"@type":"Person","@id":"https:\/\/blog.zeit.de\/nsu-prozess-blog\/#\/schema\/person\/553ea9bb5d1fc2ae054c589bd59380a5","name":"Tom Sundermann","image":{"@type":"ImageObject","inLanguage":"de","@id":"https:\/\/blog.zeit.de\/nsu-prozess-blog\/#\/schema\/person\/image\/","url":"https:\/\/secure.gravatar.com\/avatar\/e108a3dc18766f719b2f797dc5d19093f06a1870c55b553ab6b7563f1f9a5e68?s=96&d=mm&r=g","contentUrl":"https:\/\/secure.gravatar.com\/avatar\/e108a3dc18766f719b2f797dc5d19093f06a1870c55b553ab6b7563f1f9a5e68?s=96&d=mm&r=g","caption":"Tom Sundermann"},"sameAs":["https:\/\/twitter.com\/messeticker"],"url":"https:\/\/blog.zeit.de\/nsu-prozess-blog\/author\/tsundermann\/"}]}},"jetpack_featured_media_url":"","jetpack_sharing_enabled":true,"_links":{"self":[{"href":"https:\/\/blog.zeit.de\/nsu-prozess-blog\/wp-json\/wp\/v2\/posts\/6972","targetHints":{"allow":["GET"]}}],"collection":[{"href":"https:\/\/blog.zeit.de\/nsu-prozess-blog\/wp-json\/wp\/v2\/posts"}],"about":[{"href":"https:\/\/blog.zeit.de\/nsu-prozess-blog\/wp-json\/wp\/v2\/types\/post"}],"author":[{"embeddable":true,"href":"https:\/\/blog.zeit.de\/nsu-prozess-blog\/wp-json\/wp\/v2\/users\/435"}],"replies":[{"embeddable":true,"href":"https:\/\/blog.zeit.de\/nsu-prozess-blog\/wp-json\/wp\/v2\/comments?post=6972"}],"version-history":[{"count":4,"href":"https:\/\/blog.zeit.de\/nsu-prozess-blog\/wp-json\/wp\/v2\/posts\/6972\/revisions"}],"predecessor-version":[{"id":6976,"href":"https:\/\/blog.zeit.de\/nsu-prozess-blog\/wp-json\/wp\/v2\/posts\/6972\/revisions\/6976"}],"wp:attachment":[{"href":"https:\/\/blog.zeit.de\/nsu-prozess-blog\/wp-json\/wp\/v2\/media?parent=6972"}],"wp:term":[{"taxonomy":"category","embeddable":true,"href":"https:\/\/blog.zeit.de\/nsu-prozess-blog\/wp-json\/wp\/v2\/categories?post=6972"},{"taxonomy":"post_tag","embeddable":true,"href":"https:\/\/blog.zeit.de\/nsu-prozess-blog\/wp-json\/wp\/v2\/tags?post=6972"}],"curies":[{"name":"wp","href":"https:\/\/api.w.org\/{rel}","templated":true}]}}