{"id":705,"date":"2013-05-28T07:46:20","date_gmt":"2013-05-28T05:46:20","guid":{"rendered":"http:\/\/blog.zeit.de\/nsu-prozess-blog\/?p=705"},"modified":"2013-05-28T10:35:54","modified_gmt":"2013-05-28T08:35:54","slug":"verwirrung-um-akten-das-nsu-medienlog-vom-28-mai-2013","status":"publish","type":"post","link":"https:\/\/blog.zeit.de\/nsu-prozess-blog\/2013\/05\/28\/verwirrung-um-akten-das-nsu-medienlog-vom-28-mai-2013\/","title":{"rendered":"Verwirrung um Akten \u2013 das NSU-Medienlog vom 28. Mai 2013"},"content":{"rendered":"<p><em>An jedem Werktag fassen wir im <a title=\"NSU-Prozess-Blog\" href=\"https:\/\/blog.zeit.de\/nsu-prozess-blog\/\">NSU-Prozess-Blog<\/a> die wichtigsten Medienberichte, Blogs, Videos und Tweets zusammen.\u00a0Wir freuen uns \u00fcber Hinweise via Twitter mit dem Hashtag #nsublog \u2013 oder per E-Mail an nsublog@zeit.de.<\/em><\/p>\n<p>In direktem Zusammenhang mit dem NSU-Prozess waren am Dienstag online keine Artikel verf\u00fcgbar. Thema war stattdessen die Verwirrung um die Weitergabe von Akten an den NSU-Untersuchungsausschuss:<\/p>\n<p><strong>Arbeit des NSU-Ausschusses blockiert?:<\/strong>\u00a0 <a href=\"http:\/\/www.stuttgarter-zeitung.de\/inhalt.durch-das-land-baden-wuerttemberg-schlechte-nachrichten-aus-krokusland.f3baf192-9745-4be6-be6d-23e9059eebe9.html\">Die <em>Stuttgarter Zeitung<\/em> hatte am Montag berichtet,<\/a> das Innenministerium Baden-W\u00fcrttemberg habe Unterlagen \u00fcber den V-Mann &#8222;Krokus&#8220; nicht rechtzeitig an den NSU-Untersuchungsausschuss weitergeleitet, eine Mahnfrist sei am Freitag abgelaufen. Die Zeitung berief sich bei den Angaben auf den Ausschussvorsitzenden Sebastian Edathy. Der V-Mann &#8222;Krokus&#8220; soll Informationen \u00fcber den Mord an der Polizistin Michele Kiesewetter gehabt haben. Die Hinweise an die Beh\u00f6rden seien jedoch ignoriert worden.<\/p>\n<p><!--more--><\/p>\n<p>&nbsp;<\/p>\n<blockquote class=\"twitter-tweet\" lang=\"de\"><p>NSU-Ausschuss: Innenministerium Stuttgart verweigert Akten <a title=\"http:\/\/bit.ly\/1apfIXK\" href=\"http:\/\/t.co\/yrkse68Rjn\">bit.ly\/1apfIXK<\/a> <a href=\"https:\/\/twitter.com\/search\/%23NSU\">#NSU<\/a><\/p>\n<p>\u2014 tagesschau (@tagesschau) <a href=\"https:\/\/twitter.com\/tagesschau\/status\/338902279870619648\">27. Mai 2013<\/a><\/p><\/blockquote>\n<p>&nbsp;<\/p>\n<p>Die Europa-Ausgabe der t\u00fcrkischsprachigen Zeitung <a href=\"http:\/\/www.hurriyet.de\/haberler\/nsu\/1409194\/baden-wurttemberg-eyaleti-dosyalari-gonderdi\"><em>H\u00fcrriyet<\/em>, <\/a>die<a href=\"http:\/\/www.sabah.de\/bu-muhabirler-ne-biliyor.html\"> <em>Sabah<\/em> <\/a>und der <a href=\"http:\/\/www.swr.de\/nachrichten\/bw\/-\/id=1622\/vv=teaser-12\/nid=1622\/did=11488508\/xb9glx\/index.html\">SWR <\/a>griffen das Thema auf. Der SWR best\u00e4tigte, der Ausschuss habe den Vorwurf erhoben, seine Arbeit w\u00fcrde blockiert. Auch die Obleute von FDP und CDU h\u00e4tten die sp\u00e4te Akten\u00fcbergabe kritisiert.<\/p>\n<p>&nbsp;<\/p>\n<blockquote class=\"twitter-tweet\" lang=\"de\"><p>Akten zu V-Mann bereits beim NSU-Ausschuss <a title=\"http:\/\/bit.ly\/1apfIXK\" href=\"http:\/\/t.co\/yrkse68Rjn\">bit.ly\/1apfIXK<\/a> <a href=\"https:\/\/twitter.com\/search\/%23NSU\">#NSU<\/a> \u2014 tagesschau (@tagesschau) <a href=\"https:\/\/twitter.com\/tagesschau\/status\/338950464706064384\">27. Mai 2013<\/a><\/p><\/blockquote>\n<p><a href=\"http:\/\/www.sueddeutsche.de\/politik\/ermittlungen-zu-neonazi-mordserie-nsu-ausschuss-beklagt-blockaden-durch-behoerden-1.1681774\">Die <em>S\u00fcddeutsche Zeitung<\/em> widersprach den Angaben:<\/a> Ihre Recherchen hatten ergeben, dass das baden-w\u00fcrttembergische Innenministerium die angeforderten Akten fristgerecht weitergegeben habe. Dabei berief sich die Zeitung auf einen Ressortsprecher des Innenministeriums in Stuttgart.<\/p>\n<p><strong>Wahlkampf?:<\/strong> In dem &#8222;aktuellen Eklat um Akten&#8220; sieht die <em>S\u00fcdwest Presse<\/em> aus Ulm ein weiteres Indiz daf\u00fcr, dass der NSU-Untersuchungsausschuss zunehmend f\u00fcr wahlkampftaktische Kalk\u00fcle gebraucht wird. In ihrer Dienstagsausgabe schreibt die Zeitung, die Vorw\u00fcrfe gegen Baden-W\u00fcrttemberg seien ein weiteres Indiz daf\u00fcr: &#8222;Bei Lichte gesehen geht es beim aktuellen Eklat um Akten, die f\u00fcr den Geschmack einiger Abgeordneter ein paar Tage zu lang unterwegs waren.&#8220; Das sei &#8222;eine willkommene Gelegenheit f\u00fcr Obleute aus CDU und FDP die gr\u00fcn-rote Landesregierung im S\u00fcdwesten unter Feuer zu nehmen&#8220;.<\/p>\n<p>&#8222;Doch Parteipolitik ist in der Aufkl\u00e4rung der Neonazi-Mordserie ebenso fehl am Platze wie irrlichternde Spekulationen, der Abgrund an Unf\u00e4higkeit k\u00f6nnte wom\u00f6glich noch gr\u00f6\u00dfer sein als ohnehin schon bewiesen&#8220;, <a href=\"http:\/\/www.swp.de\/ulm\/nachrichten\/politik\/KOMMENTAR-NSU-AUSSCHUSS-Verlockung-des-Wahlkampfs;art4306,2023807\">kommentiert die <em>S\u00fcdwest Presse.<\/em><\/a><\/p>\n<p><em>Das n\u00e4chste Medienlog zum NSU-Prozess erscheint am Mittwoch, 29. Mai 2013.<\/em><\/p>\n","protected":false},"excerpt":{"rendered":"<p>An jedem Werktag fassen wir im NSU-Prozess-Blog die wichtigsten Medienberichte, Blogs, Videos und Tweets zusammen.\u00a0Wir freuen uns \u00fcber Hinweise via Twitter mit dem Hashtag #nsublog \u2013 oder per E-Mail an nsublog@zeit.de. In direktem Zusammenhang mit dem NSU-Prozess waren am Dienstag online keine Artikel verf\u00fcgbar. Thema war stattdessen die Verwirrung um die Weitergabe von Akten an [&hellip;]<\/p>\n","protected":false},"author":410,"featured_media":0,"comment_status":"open","ping_status":"open","sticky":false,"template":"","format":"standard","meta":{"_jetpack_memberships_contains_paid_content":false,"footnotes":""},"categories":[27531],"tags":[],"class_list":["post-705","post","type-post","status-publish","format-standard","hentry","category-medienschau"],"yoast_head":"<!-- This site is optimized with the Yoast SEO plugin v21.0 - https:\/\/yoast.com\/wordpress\/plugins\/seo\/ -->\n<title>Verwirrung um Akten \u2013 das NSU-Medienlog vom 28. Mai 2013 - Das NSU-Prozess-Blog<\/title>\n<meta name=\"robots\" content=\"index, follow, max-snippet:-1, max-image-preview:large, max-video-preview:-1\" \/>\n<link rel=\"canonical\" href=\"https:\/\/blog.zeit.de\/nsu-prozess-blog\/2013\/05\/28\/verwirrung-um-akten-das-nsu-medienlog-vom-28-mai-2013\/\" \/>\n<meta property=\"og:locale\" content=\"de_DE\" \/>\n<meta property=\"og:type\" content=\"article\" \/>\n<meta property=\"og:title\" content=\"Verwirrung um Akten \u2013 das NSU-Medienlog vom 28. Mai 2013 - Das NSU-Prozess-Blog\" \/>\n<meta property=\"og:description\" content=\"An jedem Werktag fassen wir im NSU-Prozess-Blog die wichtigsten Medienberichte, Blogs, Videos und Tweets zusammen.\u00a0Wir freuen uns \u00fcber Hinweise via Twitter mit dem Hashtag #nsublog \u2013 oder per E-Mail an nsublog@zeit.de. In direktem Zusammenhang mit dem NSU-Prozess waren am Dienstag online keine Artikel verf\u00fcgbar. Thema war stattdessen die Verwirrung um die Weitergabe von Akten an [&hellip;]\" \/>\n<meta property=\"og:url\" content=\"https:\/\/blog.zeit.de\/nsu-prozess-blog\/2013\/05\/28\/verwirrung-um-akten-das-nsu-medienlog-vom-28-mai-2013\/\" \/>\n<meta property=\"og:site_name\" content=\"Das NSU-Prozess-Blog\" \/>\n<meta property=\"article:published_time\" content=\"2013-05-28T05:46:20+00:00\" \/>\n<meta property=\"article:modified_time\" content=\"2013-05-28T08:35:54+00:00\" \/>\n<meta name=\"author\" content=\"Mirjam Schmitt\" \/>\n<meta name=\"twitter:label1\" content=\"Geschrieben von\" \/>\n\t<meta name=\"twitter:data1\" content=\"Mirjam Schmitt\" \/>\n\t<meta name=\"twitter:label2\" content=\"Gesch\u00e4tzte Lesezeit\" \/>\n\t<meta name=\"twitter:data2\" content=\"2\u00a0Minuten\" \/>\n<script type=\"application\/ld+json\" class=\"yoast-schema-graph\">{\"@context\":\"https:\/\/schema.org\",\"@graph\":[{\"@type\":\"WebPage\",\"@id\":\"https:\/\/blog.zeit.de\/nsu-prozess-blog\/2013\/05\/28\/verwirrung-um-akten-das-nsu-medienlog-vom-28-mai-2013\/\",\"url\":\"https:\/\/blog.zeit.de\/nsu-prozess-blog\/2013\/05\/28\/verwirrung-um-akten-das-nsu-medienlog-vom-28-mai-2013\/\",\"name\":\"Verwirrung um Akten \u2013 das NSU-Medienlog vom 28. Mai 2013 - Das NSU-Prozess-Blog\",\"isPartOf\":{\"@id\":\"https:\/\/blog.zeit.de\/nsu-prozess-blog\/#website\"},\"datePublished\":\"2013-05-28T05:46:20+00:00\",\"dateModified\":\"2013-05-28T08:35:54+00:00\",\"author\":{\"@id\":\"https:\/\/blog.zeit.de\/nsu-prozess-blog\/#\/schema\/person\/45acffb344ee326a2ebea3f5c0ad3ae8\"},\"breadcrumb\":{\"@id\":\"https:\/\/blog.zeit.de\/nsu-prozess-blog\/2013\/05\/28\/verwirrung-um-akten-das-nsu-medienlog-vom-28-mai-2013\/#breadcrumb\"},\"inLanguage\":\"de\",\"potentialAction\":[{\"@type\":\"ReadAction\",\"target\":[\"https:\/\/blog.zeit.de\/nsu-prozess-blog\/2013\/05\/28\/verwirrung-um-akten-das-nsu-medienlog-vom-28-mai-2013\/\"]}]},{\"@type\":\"BreadcrumbList\",\"@id\":\"https:\/\/blog.zeit.de\/nsu-prozess-blog\/2013\/05\/28\/verwirrung-um-akten-das-nsu-medienlog-vom-28-mai-2013\/#breadcrumb\",\"itemListElement\":[{\"@type\":\"ListItem\",\"position\":1,\"name\":\"Startseite\",\"item\":\"https:\/\/blog.zeit.de\/nsu-prozess-blog\/\"},{\"@type\":\"ListItem\",\"position\":2,\"name\":\"Verwirrung um Akten \u2013 das NSU-Medienlog vom 28. Mai 2013\"}]},{\"@type\":\"WebSite\",\"@id\":\"https:\/\/blog.zeit.de\/nsu-prozess-blog\/#website\",\"url\":\"https:\/\/blog.zeit.de\/nsu-prozess-blog\/\",\"name\":\"Das NSU-Prozess-Blog\",\"description\":\"Alle Berichte zum Terrorverfahren in M\u00fcnchen\",\"potentialAction\":[{\"@type\":\"SearchAction\",\"target\":{\"@type\":\"EntryPoint\",\"urlTemplate\":\"https:\/\/blog.zeit.de\/nsu-prozess-blog\/?s={search_term_string}\"},\"query-input\":\"required name=search_term_string\"}],\"inLanguage\":\"de\"},{\"@type\":\"Person\",\"@id\":\"https:\/\/blog.zeit.de\/nsu-prozess-blog\/#\/schema\/person\/45acffb344ee326a2ebea3f5c0ad3ae8\",\"name\":\"Mirjam Schmitt\",\"image\":{\"@type\":\"ImageObject\",\"inLanguage\":\"de\",\"@id\":\"https:\/\/blog.zeit.de\/nsu-prozess-blog\/#\/schema\/person\/image\/\",\"url\":\"https:\/\/secure.gravatar.com\/avatar\/21ea3e922b6404f0cab7bb919e2b401850e5cef2e7155dba6caa935b66c5688b?s=96&d=mm&r=g\",\"contentUrl\":\"https:\/\/secure.gravatar.com\/avatar\/21ea3e922b6404f0cab7bb919e2b401850e5cef2e7155dba6caa935b66c5688b?s=96&d=mm&r=g\",\"caption\":\"Mirjam Schmitt\"},\"url\":\"https:\/\/blog.zeit.de\/nsu-prozess-blog\/author\/mschmitt\/\"}]}<\/script>\n<!-- \/ Yoast SEO plugin. -->","yoast_head_json":{"title":"Verwirrung um Akten \u2013 das NSU-Medienlog vom 28. Mai 2013 - Das NSU-Prozess-Blog","robots":{"index":"index","follow":"follow","max-snippet":"max-snippet:-1","max-image-preview":"max-image-preview:large","max-video-preview":"max-video-preview:-1"},"canonical":"https:\/\/blog.zeit.de\/nsu-prozess-blog\/2013\/05\/28\/verwirrung-um-akten-das-nsu-medienlog-vom-28-mai-2013\/","og_locale":"de_DE","og_type":"article","og_title":"Verwirrung um Akten \u2013 das NSU-Medienlog vom 28. Mai 2013 - Das NSU-Prozess-Blog","og_description":"An jedem Werktag fassen wir im NSU-Prozess-Blog die wichtigsten Medienberichte, Blogs, Videos und Tweets zusammen.\u00a0Wir freuen uns \u00fcber Hinweise via Twitter mit dem Hashtag #nsublog \u2013 oder per E-Mail an nsublog@zeit.de. In direktem Zusammenhang mit dem NSU-Prozess waren am Dienstag online keine Artikel verf\u00fcgbar. Thema war stattdessen die Verwirrung um die Weitergabe von Akten an [&hellip;]","og_url":"https:\/\/blog.zeit.de\/nsu-prozess-blog\/2013\/05\/28\/verwirrung-um-akten-das-nsu-medienlog-vom-28-mai-2013\/","og_site_name":"Das NSU-Prozess-Blog","article_published_time":"2013-05-28T05:46:20+00:00","article_modified_time":"2013-05-28T08:35:54+00:00","author":"Mirjam Schmitt","twitter_misc":{"Geschrieben von":"Mirjam Schmitt","Gesch\u00e4tzte Lesezeit":"2\u00a0Minuten"},"schema":{"@context":"https:\/\/schema.org","@graph":[{"@type":"WebPage","@id":"https:\/\/blog.zeit.de\/nsu-prozess-blog\/2013\/05\/28\/verwirrung-um-akten-das-nsu-medienlog-vom-28-mai-2013\/","url":"https:\/\/blog.zeit.de\/nsu-prozess-blog\/2013\/05\/28\/verwirrung-um-akten-das-nsu-medienlog-vom-28-mai-2013\/","name":"Verwirrung um Akten \u2013 das NSU-Medienlog vom 28. Mai 2013 - Das NSU-Prozess-Blog","isPartOf":{"@id":"https:\/\/blog.zeit.de\/nsu-prozess-blog\/#website"},"datePublished":"2013-05-28T05:46:20+00:00","dateModified":"2013-05-28T08:35:54+00:00","author":{"@id":"https:\/\/blog.zeit.de\/nsu-prozess-blog\/#\/schema\/person\/45acffb344ee326a2ebea3f5c0ad3ae8"},"breadcrumb":{"@id":"https:\/\/blog.zeit.de\/nsu-prozess-blog\/2013\/05\/28\/verwirrung-um-akten-das-nsu-medienlog-vom-28-mai-2013\/#breadcrumb"},"inLanguage":"de","potentialAction":[{"@type":"ReadAction","target":["https:\/\/blog.zeit.de\/nsu-prozess-blog\/2013\/05\/28\/verwirrung-um-akten-das-nsu-medienlog-vom-28-mai-2013\/"]}]},{"@type":"BreadcrumbList","@id":"https:\/\/blog.zeit.de\/nsu-prozess-blog\/2013\/05\/28\/verwirrung-um-akten-das-nsu-medienlog-vom-28-mai-2013\/#breadcrumb","itemListElement":[{"@type":"ListItem","position":1,"name":"Startseite","item":"https:\/\/blog.zeit.de\/nsu-prozess-blog\/"},{"@type":"ListItem","position":2,"name":"Verwirrung um Akten \u2013 das NSU-Medienlog vom 28. Mai 2013"}]},{"@type":"WebSite","@id":"https:\/\/blog.zeit.de\/nsu-prozess-blog\/#website","url":"https:\/\/blog.zeit.de\/nsu-prozess-blog\/","name":"Das NSU-Prozess-Blog","description":"Alle Berichte zum Terrorverfahren in M\u00fcnchen","potentialAction":[{"@type":"SearchAction","target":{"@type":"EntryPoint","urlTemplate":"https:\/\/blog.zeit.de\/nsu-prozess-blog\/?s={search_term_string}"},"query-input":"required name=search_term_string"}],"inLanguage":"de"},{"@type":"Person","@id":"https:\/\/blog.zeit.de\/nsu-prozess-blog\/#\/schema\/person\/45acffb344ee326a2ebea3f5c0ad3ae8","name":"Mirjam Schmitt","image":{"@type":"ImageObject","inLanguage":"de","@id":"https:\/\/blog.zeit.de\/nsu-prozess-blog\/#\/schema\/person\/image\/","url":"https:\/\/secure.gravatar.com\/avatar\/21ea3e922b6404f0cab7bb919e2b401850e5cef2e7155dba6caa935b66c5688b?s=96&d=mm&r=g","contentUrl":"https:\/\/secure.gravatar.com\/avatar\/21ea3e922b6404f0cab7bb919e2b401850e5cef2e7155dba6caa935b66c5688b?s=96&d=mm&r=g","caption":"Mirjam Schmitt"},"url":"https:\/\/blog.zeit.de\/nsu-prozess-blog\/author\/mschmitt\/"}]}},"jetpack_featured_media_url":"","jetpack_sharing_enabled":true,"_links":{"self":[{"href":"https:\/\/blog.zeit.de\/nsu-prozess-blog\/wp-json\/wp\/v2\/posts\/705","targetHints":{"allow":["GET"]}}],"collection":[{"href":"https:\/\/blog.zeit.de\/nsu-prozess-blog\/wp-json\/wp\/v2\/posts"}],"about":[{"href":"https:\/\/blog.zeit.de\/nsu-prozess-blog\/wp-json\/wp\/v2\/types\/post"}],"author":[{"embeddable":true,"href":"https:\/\/blog.zeit.de\/nsu-prozess-blog\/wp-json\/wp\/v2\/users\/410"}],"replies":[{"embeddable":true,"href":"https:\/\/blog.zeit.de\/nsu-prozess-blog\/wp-json\/wp\/v2\/comments?post=705"}],"version-history":[{"count":20,"href":"https:\/\/blog.zeit.de\/nsu-prozess-blog\/wp-json\/wp\/v2\/posts\/705\/revisions"}],"predecessor-version":[{"id":721,"href":"https:\/\/blog.zeit.de\/nsu-prozess-blog\/wp-json\/wp\/v2\/posts\/705\/revisions\/721"}],"wp:attachment":[{"href":"https:\/\/blog.zeit.de\/nsu-prozess-blog\/wp-json\/wp\/v2\/media?parent=705"}],"wp:term":[{"taxonomy":"category","embeddable":true,"href":"https:\/\/blog.zeit.de\/nsu-prozess-blog\/wp-json\/wp\/v2\/categories?post=705"},{"taxonomy":"post_tag","embeddable":true,"href":"https:\/\/blog.zeit.de\/nsu-prozess-blog\/wp-json\/wp\/v2\/tags?post=705"}],"curies":[{"name":"wp","href":"https:\/\/api.w.org\/{rel}","templated":true}]}}