{"id":7102,"date":"2014-07-01T08:06:05","date_gmt":"2014-07-01T06:06:05","guid":{"rendered":"http:\/\/blog.zeit.de\/nsu-prozess-blog\/?p=7102"},"modified":"2014-07-03T14:27:42","modified_gmt":"2014-07-03T12:27:42","slug":"anklaeger-legen-neuen-verdacht-ad-acta-das-medienlog-vom-dienstag-1-juli-2014-2","status":"publish","type":"post","link":"https:\/\/blog.zeit.de\/nsu-prozess-blog\/2014\/07\/01\/anklaeger-legen-neuen-verdacht-ad-acta-das-medienlog-vom-dienstag-1-juli-2014-2\/","title":{"rendered":"Ankl\u00e4ger legen neuen Verdacht ad acta \u2013 Das Medienlog vom Dienstag, 1. Juli 2014"},"content":{"rendered":"<p>Zum ersten <a href=\"https:\/\/blog.zeit.de\/nsu-prozess-blog\/2014\/06\/05\/das-raetsel-vom-mann-mit-dem-korb\/\">Bombenanschlag in K\u00f6ln<\/a> von 2001 hatten zwei Nebenklageanw\u00e4ltinnen die erneute <a href=\"https:\/\/blog.zeit.de\/nsu-prozess-blog\/2014\/06\/26\/wer-brachte-die-bombe-in-den-lebensmittelladen\/\">Pr\u00fcfung einer hei\u00dfen Spur<\/a> gefordert. Demnach k\u00f6nnte statt den NSU-Mitgliedern Uwe Mundlos und Uwe B\u00f6hnhardt ein K\u00f6lner Neonazi die Tat begangen haben. Die Bundesanwaltschaft, verantwortlich f\u00fcr die Anklage, schlie\u00dft diese Version jedoch aus: Sie besch\u00e4ftigte sich erneut mit dem Mann und schloss ihn als Mitt\u00e4ter aus, wie der <a href=\"http:\/\/www.ksta.de\/koeln\/anschlag-in-der-probsteigasse-wirbel-um-fahndung-zum-nsu-terror,15187530,27656846.html\" target=\"_blank\"><em>K\u00f6lner Stadtanzeiger<\/em><\/a> berichtet.<\/p>\n<p><!--more--><\/p>\n<p><em>An jedem Werktag sichten wir f\u00fcr das NSU-Prozess-Blog die Medien und stellen wichtige Berichte, Blogs, Videos und Tweets zusammen. Wir freuen uns \u00fcber Hinweise via Twitter mit dem Hashtag #nsublog \u2013 oder per E-Mail an <a href=\"mailto:nsublog@zeit.de\">nsublog@zeit.de<\/a>.<\/em><\/p>\n<p>Die Begr\u00fcndung der Anklage: Der Mann habe zum Tatzeitpunkt anders ausgesehen als von der Opferfamilie beschrieben. Ob dem Verdacht dennoch nachgegangen wird, entscheidet allerdings das Oberlandesgericht M\u00fcnchen.<\/p>\n<p>Der <a href=\"https:\/\/blog.zeit.de\/nsu-prozess-blog\/2014\/07\/01\/121-prozesstag-thueringer-neonazi-kopf-thomas-g\/\">Neonazi Thomas G.<\/a>, der heute nach M\u00fcnchen geladen ist, ist ein wichtiger Zeuge. Er soll Kontakt gehabt haben mit der Hauptangeklagten Beate Zsch\u00e4pe, ihren Komplizen Mundlos und B\u00f6hnhardt und dem Mitangeklagten Ralf Wohlleben. &#8222;Ob G. in M\u00fcnchen freim\u00fctig aussagen wird, darf mithin bezweifelt werden&#8220;, analysiert Martin Debes in der <a href=\"http:\/\/www.thueringer-allgemeine.de\/web\/zgt\/suche\/detail\/-\/specific\/NSU-Prozess-Was-wusste-Ace_79-2134227376\" target=\"_blank\"><em>Th\u00fcringer Allgemeinen<\/em><\/a>. Er sei zwar nicht mehr so stark in der rechten Szene aktiv wie fr\u00fcher, sehe Deutschland aber weiterhin als Feind. Zudem hatte er in einer \u00c4u\u00dferung im Internet den NSU-Prozess als \u00fcberfl\u00fcssig abgetan.<\/p>\n<p><em>Das n\u00e4chste Medienlog erscheint am Mittwoch, 2. Juli 2014.<\/em><\/p>\n","protected":false},"excerpt":{"rendered":"<p>Zum ersten Bombenanschlag in K\u00f6ln von 2001 hatten zwei Nebenklageanw\u00e4ltinnen die erneute Pr\u00fcfung einer hei\u00dfen Spur gefordert. Demnach k\u00f6nnte statt den NSU-Mitgliedern Uwe Mundlos und Uwe B\u00f6hnhardt ein K\u00f6lner Neonazi die Tat begangen haben. Die Bundesanwaltschaft, verantwortlich f\u00fcr die Anklage, schlie\u00dft diese Version jedoch aus: Sie besch\u00e4ftigte sich erneut mit dem Mann und schloss ihn [&hellip;]<\/p>\n","protected":false},"author":435,"featured_media":0,"comment_status":"open","ping_status":"open","sticky":false,"template":"","format":"standard","meta":{"_jetpack_memberships_contains_paid_content":false,"footnotes":""},"categories":[27531],"tags":[29521,29526],"class_list":["post-7102","post","type-post","status-publish","format-standard","hentry","category-medienschau","tag-probsteigasse","tag-thomas-g"],"yoast_head":"<!-- This site is optimized with the Yoast SEO plugin v21.0 - https:\/\/yoast.com\/wordpress\/plugins\/seo\/ -->\n<title>Ankl\u00e4ger legen neuen Verdacht ad acta \u2013 Das Medienlog vom Dienstag, 1. Juli 2014 - Das NSU-Prozess-Blog<\/title>\n<meta name=\"robots\" content=\"index, follow, max-snippet:-1, max-image-preview:large, max-video-preview:-1\" \/>\n<link rel=\"canonical\" href=\"https:\/\/blog.zeit.de\/nsu-prozess-blog\/2014\/07\/01\/anklaeger-legen-neuen-verdacht-ad-acta-das-medienlog-vom-dienstag-1-juli-2014-2\/\" \/>\n<meta property=\"og:locale\" content=\"de_DE\" \/>\n<meta property=\"og:type\" content=\"article\" \/>\n<meta property=\"og:title\" content=\"Ankl\u00e4ger legen neuen Verdacht ad acta \u2013 Das Medienlog vom Dienstag, 1. Juli 2014 - Das NSU-Prozess-Blog\" \/>\n<meta property=\"og:description\" content=\"Zum ersten Bombenanschlag in K\u00f6ln von 2001 hatten zwei Nebenklageanw\u00e4ltinnen die erneute Pr\u00fcfung einer hei\u00dfen Spur gefordert. Demnach k\u00f6nnte statt den NSU-Mitgliedern Uwe Mundlos und Uwe B\u00f6hnhardt ein K\u00f6lner Neonazi die Tat begangen haben. Die Bundesanwaltschaft, verantwortlich f\u00fcr die Anklage, schlie\u00dft diese Version jedoch aus: Sie besch\u00e4ftigte sich erneut mit dem Mann und schloss ihn [&hellip;]\" \/>\n<meta property=\"og:url\" content=\"https:\/\/blog.zeit.de\/nsu-prozess-blog\/2014\/07\/01\/anklaeger-legen-neuen-verdacht-ad-acta-das-medienlog-vom-dienstag-1-juli-2014-2\/\" \/>\n<meta property=\"og:site_name\" content=\"Das NSU-Prozess-Blog\" \/>\n<meta property=\"article:published_time\" content=\"2014-07-01T06:06:05+00:00\" \/>\n<meta property=\"article:modified_time\" content=\"2014-07-03T12:27:42+00:00\" \/>\n<meta name=\"author\" content=\"Tom Sundermann\" \/>\n<meta name=\"twitter:label1\" content=\"Geschrieben von\" \/>\n\t<meta name=\"twitter:data1\" content=\"Tom Sundermann\" \/>\n\t<meta name=\"twitter:label2\" content=\"Gesch\u00e4tzte Lesezeit\" \/>\n\t<meta name=\"twitter:data2\" content=\"1\u00a0Minute\" \/>\n<script type=\"application\/ld+json\" class=\"yoast-schema-graph\">{\"@context\":\"https:\/\/schema.org\",\"@graph\":[{\"@type\":\"WebPage\",\"@id\":\"https:\/\/blog.zeit.de\/nsu-prozess-blog\/2014\/07\/01\/anklaeger-legen-neuen-verdacht-ad-acta-das-medienlog-vom-dienstag-1-juli-2014-2\/\",\"url\":\"https:\/\/blog.zeit.de\/nsu-prozess-blog\/2014\/07\/01\/anklaeger-legen-neuen-verdacht-ad-acta-das-medienlog-vom-dienstag-1-juli-2014-2\/\",\"name\":\"Ankl\u00e4ger legen neuen Verdacht ad acta \u2013 Das Medienlog vom Dienstag, 1. Juli 2014 - Das NSU-Prozess-Blog\",\"isPartOf\":{\"@id\":\"https:\/\/blog.zeit.de\/nsu-prozess-blog\/#website\"},\"datePublished\":\"2014-07-01T06:06:05+00:00\",\"dateModified\":\"2014-07-03T12:27:42+00:00\",\"author\":{\"@id\":\"https:\/\/blog.zeit.de\/nsu-prozess-blog\/#\/schema\/person\/553ea9bb5d1fc2ae054c589bd59380a5\"},\"breadcrumb\":{\"@id\":\"https:\/\/blog.zeit.de\/nsu-prozess-blog\/2014\/07\/01\/anklaeger-legen-neuen-verdacht-ad-acta-das-medienlog-vom-dienstag-1-juli-2014-2\/#breadcrumb\"},\"inLanguage\":\"de\",\"potentialAction\":[{\"@type\":\"ReadAction\",\"target\":[\"https:\/\/blog.zeit.de\/nsu-prozess-blog\/2014\/07\/01\/anklaeger-legen-neuen-verdacht-ad-acta-das-medienlog-vom-dienstag-1-juli-2014-2\/\"]}]},{\"@type\":\"BreadcrumbList\",\"@id\":\"https:\/\/blog.zeit.de\/nsu-prozess-blog\/2014\/07\/01\/anklaeger-legen-neuen-verdacht-ad-acta-das-medienlog-vom-dienstag-1-juli-2014-2\/#breadcrumb\",\"itemListElement\":[{\"@type\":\"ListItem\",\"position\":1,\"name\":\"Startseite\",\"item\":\"https:\/\/blog.zeit.de\/nsu-prozess-blog\/\"},{\"@type\":\"ListItem\",\"position\":2,\"name\":\"Ankl\u00e4ger legen neuen Verdacht ad acta \u2013 Das Medienlog vom Dienstag, 1. Juli 2014\"}]},{\"@type\":\"WebSite\",\"@id\":\"https:\/\/blog.zeit.de\/nsu-prozess-blog\/#website\",\"url\":\"https:\/\/blog.zeit.de\/nsu-prozess-blog\/\",\"name\":\"Das NSU-Prozess-Blog\",\"description\":\"Alle Berichte zum Terrorverfahren in M\u00fcnchen\",\"potentialAction\":[{\"@type\":\"SearchAction\",\"target\":{\"@type\":\"EntryPoint\",\"urlTemplate\":\"https:\/\/blog.zeit.de\/nsu-prozess-blog\/?s={search_term_string}\"},\"query-input\":\"required name=search_term_string\"}],\"inLanguage\":\"de\"},{\"@type\":\"Person\",\"@id\":\"https:\/\/blog.zeit.de\/nsu-prozess-blog\/#\/schema\/person\/553ea9bb5d1fc2ae054c589bd59380a5\",\"name\":\"Tom Sundermann\",\"image\":{\"@type\":\"ImageObject\",\"inLanguage\":\"de\",\"@id\":\"https:\/\/blog.zeit.de\/nsu-prozess-blog\/#\/schema\/person\/image\/\",\"url\":\"https:\/\/secure.gravatar.com\/avatar\/e108a3dc18766f719b2f797dc5d19093f06a1870c55b553ab6b7563f1f9a5e68?s=96&d=mm&r=g\",\"contentUrl\":\"https:\/\/secure.gravatar.com\/avatar\/e108a3dc18766f719b2f797dc5d19093f06a1870c55b553ab6b7563f1f9a5e68?s=96&d=mm&r=g\",\"caption\":\"Tom Sundermann\"},\"sameAs\":[\"https:\/\/twitter.com\/messeticker\"],\"url\":\"https:\/\/blog.zeit.de\/nsu-prozess-blog\/author\/tsundermann\/\"}]}<\/script>\n<!-- \/ Yoast SEO plugin. -->","yoast_head_json":{"title":"Ankl\u00e4ger legen neuen Verdacht ad acta \u2013 Das Medienlog vom Dienstag, 1. Juli 2014 - Das NSU-Prozess-Blog","robots":{"index":"index","follow":"follow","max-snippet":"max-snippet:-1","max-image-preview":"max-image-preview:large","max-video-preview":"max-video-preview:-1"},"canonical":"https:\/\/blog.zeit.de\/nsu-prozess-blog\/2014\/07\/01\/anklaeger-legen-neuen-verdacht-ad-acta-das-medienlog-vom-dienstag-1-juli-2014-2\/","og_locale":"de_DE","og_type":"article","og_title":"Ankl\u00e4ger legen neuen Verdacht ad acta \u2013 Das Medienlog vom Dienstag, 1. Juli 2014 - Das NSU-Prozess-Blog","og_description":"Zum ersten Bombenanschlag in K\u00f6ln von 2001 hatten zwei Nebenklageanw\u00e4ltinnen die erneute Pr\u00fcfung einer hei\u00dfen Spur gefordert. Demnach k\u00f6nnte statt den NSU-Mitgliedern Uwe Mundlos und Uwe B\u00f6hnhardt ein K\u00f6lner Neonazi die Tat begangen haben. Die Bundesanwaltschaft, verantwortlich f\u00fcr die Anklage, schlie\u00dft diese Version jedoch aus: Sie besch\u00e4ftigte sich erneut mit dem Mann und schloss ihn [&hellip;]","og_url":"https:\/\/blog.zeit.de\/nsu-prozess-blog\/2014\/07\/01\/anklaeger-legen-neuen-verdacht-ad-acta-das-medienlog-vom-dienstag-1-juli-2014-2\/","og_site_name":"Das NSU-Prozess-Blog","article_published_time":"2014-07-01T06:06:05+00:00","article_modified_time":"2014-07-03T12:27:42+00:00","author":"Tom Sundermann","twitter_misc":{"Geschrieben von":"Tom Sundermann","Gesch\u00e4tzte Lesezeit":"1\u00a0Minute"},"schema":{"@context":"https:\/\/schema.org","@graph":[{"@type":"WebPage","@id":"https:\/\/blog.zeit.de\/nsu-prozess-blog\/2014\/07\/01\/anklaeger-legen-neuen-verdacht-ad-acta-das-medienlog-vom-dienstag-1-juli-2014-2\/","url":"https:\/\/blog.zeit.de\/nsu-prozess-blog\/2014\/07\/01\/anklaeger-legen-neuen-verdacht-ad-acta-das-medienlog-vom-dienstag-1-juli-2014-2\/","name":"Ankl\u00e4ger legen neuen Verdacht ad acta \u2013 Das Medienlog vom Dienstag, 1. Juli 2014 - Das NSU-Prozess-Blog","isPartOf":{"@id":"https:\/\/blog.zeit.de\/nsu-prozess-blog\/#website"},"datePublished":"2014-07-01T06:06:05+00:00","dateModified":"2014-07-03T12:27:42+00:00","author":{"@id":"https:\/\/blog.zeit.de\/nsu-prozess-blog\/#\/schema\/person\/553ea9bb5d1fc2ae054c589bd59380a5"},"breadcrumb":{"@id":"https:\/\/blog.zeit.de\/nsu-prozess-blog\/2014\/07\/01\/anklaeger-legen-neuen-verdacht-ad-acta-das-medienlog-vom-dienstag-1-juli-2014-2\/#breadcrumb"},"inLanguage":"de","potentialAction":[{"@type":"ReadAction","target":["https:\/\/blog.zeit.de\/nsu-prozess-blog\/2014\/07\/01\/anklaeger-legen-neuen-verdacht-ad-acta-das-medienlog-vom-dienstag-1-juli-2014-2\/"]}]},{"@type":"BreadcrumbList","@id":"https:\/\/blog.zeit.de\/nsu-prozess-blog\/2014\/07\/01\/anklaeger-legen-neuen-verdacht-ad-acta-das-medienlog-vom-dienstag-1-juli-2014-2\/#breadcrumb","itemListElement":[{"@type":"ListItem","position":1,"name":"Startseite","item":"https:\/\/blog.zeit.de\/nsu-prozess-blog\/"},{"@type":"ListItem","position":2,"name":"Ankl\u00e4ger legen neuen Verdacht ad acta \u2013 Das Medienlog vom Dienstag, 1. Juli 2014"}]},{"@type":"WebSite","@id":"https:\/\/blog.zeit.de\/nsu-prozess-blog\/#website","url":"https:\/\/blog.zeit.de\/nsu-prozess-blog\/","name":"Das NSU-Prozess-Blog","description":"Alle Berichte zum Terrorverfahren in M\u00fcnchen","potentialAction":[{"@type":"SearchAction","target":{"@type":"EntryPoint","urlTemplate":"https:\/\/blog.zeit.de\/nsu-prozess-blog\/?s={search_term_string}"},"query-input":"required name=search_term_string"}],"inLanguage":"de"},{"@type":"Person","@id":"https:\/\/blog.zeit.de\/nsu-prozess-blog\/#\/schema\/person\/553ea9bb5d1fc2ae054c589bd59380a5","name":"Tom Sundermann","image":{"@type":"ImageObject","inLanguage":"de","@id":"https:\/\/blog.zeit.de\/nsu-prozess-blog\/#\/schema\/person\/image\/","url":"https:\/\/secure.gravatar.com\/avatar\/e108a3dc18766f719b2f797dc5d19093f06a1870c55b553ab6b7563f1f9a5e68?s=96&d=mm&r=g","contentUrl":"https:\/\/secure.gravatar.com\/avatar\/e108a3dc18766f719b2f797dc5d19093f06a1870c55b553ab6b7563f1f9a5e68?s=96&d=mm&r=g","caption":"Tom Sundermann"},"sameAs":["https:\/\/twitter.com\/messeticker"],"url":"https:\/\/blog.zeit.de\/nsu-prozess-blog\/author\/tsundermann\/"}]}},"jetpack_featured_media_url":"","jetpack_sharing_enabled":true,"_links":{"self":[{"href":"https:\/\/blog.zeit.de\/nsu-prozess-blog\/wp-json\/wp\/v2\/posts\/7102","targetHints":{"allow":["GET"]}}],"collection":[{"href":"https:\/\/blog.zeit.de\/nsu-prozess-blog\/wp-json\/wp\/v2\/posts"}],"about":[{"href":"https:\/\/blog.zeit.de\/nsu-prozess-blog\/wp-json\/wp\/v2\/types\/post"}],"author":[{"embeddable":true,"href":"https:\/\/blog.zeit.de\/nsu-prozess-blog\/wp-json\/wp\/v2\/users\/435"}],"replies":[{"embeddable":true,"href":"https:\/\/blog.zeit.de\/nsu-prozess-blog\/wp-json\/wp\/v2\/comments?post=7102"}],"version-history":[{"count":5,"href":"https:\/\/blog.zeit.de\/nsu-prozess-blog\/wp-json\/wp\/v2\/posts\/7102\/revisions"}],"predecessor-version":[{"id":7133,"href":"https:\/\/blog.zeit.de\/nsu-prozess-blog\/wp-json\/wp\/v2\/posts\/7102\/revisions\/7133"}],"wp:attachment":[{"href":"https:\/\/blog.zeit.de\/nsu-prozess-blog\/wp-json\/wp\/v2\/media?parent=7102"}],"wp:term":[{"taxonomy":"category","embeddable":true,"href":"https:\/\/blog.zeit.de\/nsu-prozess-blog\/wp-json\/wp\/v2\/categories?post=7102"},{"taxonomy":"post_tag","embeddable":true,"href":"https:\/\/blog.zeit.de\/nsu-prozess-blog\/wp-json\/wp\/v2\/tags?post=7102"}],"curies":[{"name":"wp","href":"https:\/\/api.w.org\/{rel}","templated":true}]}}