{"id":7108,"date":"2014-07-02T08:28:17","date_gmt":"2014-07-02T06:28:17","guid":{"rendered":"http:\/\/blog.zeit.de\/nsu-prozess-blog\/?p=7108"},"modified":"2014-07-02T09:14:10","modified_gmt":"2014-07-02T07:14:10","slug":"medienlog-wohlleben-untersuchungshaft","status":"publish","type":"post","link":"https:\/\/blog.zeit.de\/nsu-prozess-blog\/2014\/07\/02\/medienlog-wohlleben-untersuchungshaft\/","title":{"rendered":"Wohlleben muss mit hoher Strafe rechnen \u2013 Das Medienlog vom Mittwoch, 2. Juli 2014"},"content":{"rendered":"<p>Seit zweieinhalb Jahren sitzt der Mitangeklagte Ralf Wohlleben in Untersuchungshaft \u2013 und wird dort bleiben, wie die Richter im NSU-Prozess am Dienstag entschieden. Sie lehnten einen <a href=\"https:\/\/blog.zeit.de\/nsu-prozess-blog\/2014\/05\/29\/immer-in-kontakt-mit-dem-nsu-das-medienlog-vom-donnerstag-29-mai-2014\/\">Antrag von Wohllebens Verteidigern<\/a> auf Entlassung ab. Das konterten die Verteidiger mit einem Befangenheitsantrag. &#8222;In der Begr\u00fcndung f\u00fcr die Ablehnung l\u00e4sst sich das Gericht erstmals in die Karten schauen&#8220;, analysiert Gisela Friedrichsen auf <a href=\"http:\/\/www.spiegel.de\/panorama\/justiz\/nsu-prozess-ralf-wohlleben-bleibt-in-untersuchungshaft-a-978563.html\" target=\"_blank\"><em>Spiegel Online<\/em><\/a>. Denn die Richter h\u00e4tten so gezeigt, dass sie die Tatvorw\u00fcrfe gegen den Angeklagten als stichhaltig einsch\u00e4tzen.<\/p>\n<p><!--more--><\/p>\n<p><em>An jedem Werktag sichten wir f\u00fcr das NSU-Prozess-Blog die Medien und stellen wichtige Berichte, Blogs, Videos und Tweets zusammen. Wir freuen uns \u00fcber Hinweise via Twitter mit dem Hashtag #nsublog \u2013 oder per E-Mail an <a href=\"mailto:nsublog@zeit.de\">nsublog@zeit.de<\/a>.<\/em><\/p>\n<p>Friedrichsen ist der Meinung, der Antrag der Verteidiger Nicole Schneiders und Olaf Klemke h\u00e4tte vorrangig dem Zweck gedient, die Stimmungslage im Strafsenat zu erfahren. &#8222;Und dies d\u00fcrfte jetzt ziemlich klar sein.&#8220;<\/p>\n<p>Auch Frank Jansen vom <a href=\"http:\/\/www.tagesspiegel.de\/politik\/nsu-prozess-schwerer-schlag-fuer-angeklagten-ralf-wohlleben\/10133696.html\" target=\"_blank\"><em>Tagesspiegel<\/em><\/a> wertet den Beschluss als schlechtes Signal f\u00fcr die Verteidiger und ihren Mandanten: &#8222;Es wird eng f\u00fcr den Angeklagten Ralf Wohlleben, eine hohe Strafe erscheint unausweichlich.&#8220; Die Richter h\u00e4tten gezeigt, dass sie die belastenden Aussagen des ebenfalls Angeklagten <a href=\"http:\/\/www.zeit.de\/gesellschaft\/zeitgeschehen\/2013-06\/nsu-prozess-carsten-s-aussage-brandt\">Carsten S.<\/a> glauben. Somit lese sich die Entscheidung &#8222;fast schon wie ein Schuldspruch&#8220;, den die Anklage &#8222;als Etappensieg verbuchen&#8220; werde.<\/p>\n<p>In der Folge warfen Schneiders und Klemke dem Senat vor, entlastende Indizien gegen den Mandanten ignoriert zu haben, wie im Bericht von Tanjev Schultz in der <a href=\"http:\/\/www.sueddeutsche.de\/politik\/nsu-prozess-wohlleben-bleibt-in-haft-1.2026130\" target=\"_blank\"><em>S\u00fcddeutschen<\/em><\/a> zu lesen ist. So habe Carsten S. die Waffe, die er auf Gehei\u00df Wohllebens dem NSU-Trio \u00fcbergeben haben soll, sp\u00e4ter wom\u00f6glich f\u00e4lschlicherweise wiedererkannt. Mit der Pistole, einer Ceska 83, sollen Uwe Mundlos und Uwe B\u00f6hnhardt neun Migranten erschossen haben.<\/p>\n<p>Durch das Gezerre um die Antr\u00e4ge verschob sich die Vernehmung des Zeugen Thomas G. in den Nachmittag. Der fr\u00fchere Weggef\u00e4hrte sollte \u00fcber seine Verbindungen zum Trio und seine eigenen Bande in die rechte Szene berichten. G. gab jedoch an, er habe &#8222;bewusst&#8220; nur zu Ralf Wohlleben Kontakt gehabt und nicht zu Beate Zsch\u00e4pe, Mundlos und B\u00f6hnhardt, wie Martin Debes in der <a href=\"http:\/\/www.thueringer-allgemeine.de\/web\/zgt\/leben\/detail\/-\/specific\/NSU-Prozess-Verteidigung-streitet-fuer-Freilassung-von-Wohlleben-2018229712\" target=\"_blank\"><em>Th\u00fcringer Allgemeinen<\/em><\/a> berichtet. &#8222;Ansonsten pr\u00e4sentiert sich G. ahnungslos.&#8220; Er relativierte gewaltverherrlichende \u00c4u\u00dferungen und betonte, in der Szene habe ein Konsens gegen Gewalt geherrscht \u2013 so zeichnete G. &#8222;von sich und der Szene ein friedvolles Bild&#8220;.<\/p>\n<p>Der Zeuge soll allerdings Verbindungen zur rechtsextremen Organisation Hammerskins gehalten haben. Als Richter Manfred G\u00f6tzl ihn danach fragte, antwortete er: &#8222;Mein an mich selbst gestelltes Wertegef\u00fcge verbietet mir, dar\u00fcber zu reden.&#8220; Wegen der Aussageverweigerung drohte G\u00f6tzl ihm mit einem Ordnungsgeld. Ob das verh\u00e4ngt wird, entscheidet sich erst zu einem sp\u00e4teren Termin: Die Aussage wurde vertagt.<\/p>\n<blockquote class=\"twitter-tweet\" lang=\"de\"><p>Thomas G. muss wiederkommen. Bis dahin wird sich G\u00f6tzl \u00fcberlegen, welche Konsequenz die Antwortverweigerung bzgl Hammerskins haben soll <a href=\"https:\/\/twitter.com\/hashtag\/NSU?src=hash\">#NSU<\/a><\/p>\n<p>\u2014 PZ hautnah (@PZhautnah) <a href=\"https:\/\/twitter.com\/PZhautnah\/statuses\/483982572444463104\">1. Juli 2014<\/a><\/p><\/blockquote>\n<p>&nbsp;<\/p>\n<p><em>Das n\u00e4chste Medienlog erscheint am Donnerstag, 3. Juli 2014.<\/em><\/p>\n","protected":false},"excerpt":{"rendered":"<p>Seit zweieinhalb Jahren sitzt der Mitangeklagte Ralf Wohlleben in Untersuchungshaft \u2013 und wird dort bleiben, wie die Richter im NSU-Prozess am Dienstag entschieden. Sie lehnten einen Antrag von Wohllebens Verteidigern auf Entlassung ab. Das konterten die Verteidiger mit einem Befangenheitsantrag. &#8222;In der Begr\u00fcndung f\u00fcr die Ablehnung l\u00e4sst sich das Gericht erstmals in die Karten schauen&#8220;, [&hellip;]<\/p>\n","protected":false},"author":435,"featured_media":0,"comment_status":"open","ping_status":"open","sticky":false,"template":"","format":"standard","meta":{"_jetpack_memberships_contains_paid_content":false,"footnotes":""},"categories":[27531],"tags":[27541,17772,29526],"class_list":["post-7108","post","type-post","status-publish","format-standard","hentry","category-medienschau","tag-carsten-s","tag-ralf-wohlleben","tag-thomas-g"],"yoast_head":"<!-- This site is optimized with the Yoast SEO plugin v21.0 - https:\/\/yoast.com\/wordpress\/plugins\/seo\/ -->\n<title>Wohlleben muss mit hoher Strafe rechnen \u2013 Das Medienlog vom Mittwoch, 2. Juli 2014 - Das NSU-Prozess-Blog<\/title>\n<meta name=\"robots\" content=\"index, follow, max-snippet:-1, max-image-preview:large, max-video-preview:-1\" \/>\n<link rel=\"canonical\" href=\"https:\/\/blog.zeit.de\/nsu-prozess-blog\/2014\/07\/02\/medienlog-wohlleben-untersuchungshaft\/\" \/>\n<meta property=\"og:locale\" content=\"de_DE\" \/>\n<meta property=\"og:type\" content=\"article\" \/>\n<meta property=\"og:title\" content=\"Wohlleben muss mit hoher Strafe rechnen \u2013 Das Medienlog vom Mittwoch, 2. Juli 2014 - Das NSU-Prozess-Blog\" \/>\n<meta property=\"og:description\" content=\"Seit zweieinhalb Jahren sitzt der Mitangeklagte Ralf Wohlleben in Untersuchungshaft \u2013 und wird dort bleiben, wie die Richter im NSU-Prozess am Dienstag entschieden. Sie lehnten einen Antrag von Wohllebens Verteidigern auf Entlassung ab. Das konterten die Verteidiger mit einem Befangenheitsantrag. &#8222;In der Begr\u00fcndung f\u00fcr die Ablehnung l\u00e4sst sich das Gericht erstmals in die Karten schauen&#8220;, [&hellip;]\" \/>\n<meta property=\"og:url\" content=\"https:\/\/blog.zeit.de\/nsu-prozess-blog\/2014\/07\/02\/medienlog-wohlleben-untersuchungshaft\/\" \/>\n<meta property=\"og:site_name\" content=\"Das NSU-Prozess-Blog\" \/>\n<meta property=\"article:published_time\" content=\"2014-07-02T06:28:17+00:00\" \/>\n<meta property=\"article:modified_time\" content=\"2014-07-02T07:14:10+00:00\" \/>\n<meta name=\"author\" content=\"Tom Sundermann\" \/>\n<meta name=\"twitter:label1\" content=\"Geschrieben von\" \/>\n\t<meta name=\"twitter:data1\" content=\"Tom Sundermann\" \/>\n\t<meta name=\"twitter:label2\" content=\"Gesch\u00e4tzte Lesezeit\" \/>\n\t<meta name=\"twitter:data2\" content=\"2\u00a0Minuten\" \/>\n<script type=\"application\/ld+json\" class=\"yoast-schema-graph\">{\"@context\":\"https:\/\/schema.org\",\"@graph\":[{\"@type\":\"WebPage\",\"@id\":\"https:\/\/blog.zeit.de\/nsu-prozess-blog\/2014\/07\/02\/medienlog-wohlleben-untersuchungshaft\/\",\"url\":\"https:\/\/blog.zeit.de\/nsu-prozess-blog\/2014\/07\/02\/medienlog-wohlleben-untersuchungshaft\/\",\"name\":\"Wohlleben muss mit hoher Strafe rechnen \u2013 Das Medienlog vom Mittwoch, 2. Juli 2014 - Das NSU-Prozess-Blog\",\"isPartOf\":{\"@id\":\"https:\/\/blog.zeit.de\/nsu-prozess-blog\/#website\"},\"datePublished\":\"2014-07-02T06:28:17+00:00\",\"dateModified\":\"2014-07-02T07:14:10+00:00\",\"author\":{\"@id\":\"https:\/\/blog.zeit.de\/nsu-prozess-blog\/#\/schema\/person\/553ea9bb5d1fc2ae054c589bd59380a5\"},\"breadcrumb\":{\"@id\":\"https:\/\/blog.zeit.de\/nsu-prozess-blog\/2014\/07\/02\/medienlog-wohlleben-untersuchungshaft\/#breadcrumb\"},\"inLanguage\":\"de\",\"potentialAction\":[{\"@type\":\"ReadAction\",\"target\":[\"https:\/\/blog.zeit.de\/nsu-prozess-blog\/2014\/07\/02\/medienlog-wohlleben-untersuchungshaft\/\"]}]},{\"@type\":\"BreadcrumbList\",\"@id\":\"https:\/\/blog.zeit.de\/nsu-prozess-blog\/2014\/07\/02\/medienlog-wohlleben-untersuchungshaft\/#breadcrumb\",\"itemListElement\":[{\"@type\":\"ListItem\",\"position\":1,\"name\":\"Startseite\",\"item\":\"https:\/\/blog.zeit.de\/nsu-prozess-blog\/\"},{\"@type\":\"ListItem\",\"position\":2,\"name\":\"Wohlleben muss mit hoher Strafe rechnen \u2013 Das Medienlog vom Mittwoch, 2. Juli 2014\"}]},{\"@type\":\"WebSite\",\"@id\":\"https:\/\/blog.zeit.de\/nsu-prozess-blog\/#website\",\"url\":\"https:\/\/blog.zeit.de\/nsu-prozess-blog\/\",\"name\":\"Das NSU-Prozess-Blog\",\"description\":\"Alle Berichte zum Terrorverfahren in M\u00fcnchen\",\"potentialAction\":[{\"@type\":\"SearchAction\",\"target\":{\"@type\":\"EntryPoint\",\"urlTemplate\":\"https:\/\/blog.zeit.de\/nsu-prozess-blog\/?s={search_term_string}\"},\"query-input\":\"required name=search_term_string\"}],\"inLanguage\":\"de\"},{\"@type\":\"Person\",\"@id\":\"https:\/\/blog.zeit.de\/nsu-prozess-blog\/#\/schema\/person\/553ea9bb5d1fc2ae054c589bd59380a5\",\"name\":\"Tom Sundermann\",\"image\":{\"@type\":\"ImageObject\",\"inLanguage\":\"de\",\"@id\":\"https:\/\/blog.zeit.de\/nsu-prozess-blog\/#\/schema\/person\/image\/\",\"url\":\"https:\/\/secure.gravatar.com\/avatar\/e108a3dc18766f719b2f797dc5d19093f06a1870c55b553ab6b7563f1f9a5e68?s=96&d=mm&r=g\",\"contentUrl\":\"https:\/\/secure.gravatar.com\/avatar\/e108a3dc18766f719b2f797dc5d19093f06a1870c55b553ab6b7563f1f9a5e68?s=96&d=mm&r=g\",\"caption\":\"Tom Sundermann\"},\"sameAs\":[\"https:\/\/twitter.com\/messeticker\"],\"url\":\"https:\/\/blog.zeit.de\/nsu-prozess-blog\/author\/tsundermann\/\"}]}<\/script>\n<!-- \/ Yoast SEO plugin. -->","yoast_head_json":{"title":"Wohlleben muss mit hoher Strafe rechnen \u2013 Das Medienlog vom Mittwoch, 2. Juli 2014 - Das NSU-Prozess-Blog","robots":{"index":"index","follow":"follow","max-snippet":"max-snippet:-1","max-image-preview":"max-image-preview:large","max-video-preview":"max-video-preview:-1"},"canonical":"https:\/\/blog.zeit.de\/nsu-prozess-blog\/2014\/07\/02\/medienlog-wohlleben-untersuchungshaft\/","og_locale":"de_DE","og_type":"article","og_title":"Wohlleben muss mit hoher Strafe rechnen \u2013 Das Medienlog vom Mittwoch, 2. Juli 2014 - Das NSU-Prozess-Blog","og_description":"Seit zweieinhalb Jahren sitzt der Mitangeklagte Ralf Wohlleben in Untersuchungshaft \u2013 und wird dort bleiben, wie die Richter im NSU-Prozess am Dienstag entschieden. Sie lehnten einen Antrag von Wohllebens Verteidigern auf Entlassung ab. Das konterten die Verteidiger mit einem Befangenheitsantrag. &#8222;In der Begr\u00fcndung f\u00fcr die Ablehnung l\u00e4sst sich das Gericht erstmals in die Karten schauen&#8220;, [&hellip;]","og_url":"https:\/\/blog.zeit.de\/nsu-prozess-blog\/2014\/07\/02\/medienlog-wohlleben-untersuchungshaft\/","og_site_name":"Das NSU-Prozess-Blog","article_published_time":"2014-07-02T06:28:17+00:00","article_modified_time":"2014-07-02T07:14:10+00:00","author":"Tom Sundermann","twitter_misc":{"Geschrieben von":"Tom Sundermann","Gesch\u00e4tzte Lesezeit":"2\u00a0Minuten"},"schema":{"@context":"https:\/\/schema.org","@graph":[{"@type":"WebPage","@id":"https:\/\/blog.zeit.de\/nsu-prozess-blog\/2014\/07\/02\/medienlog-wohlleben-untersuchungshaft\/","url":"https:\/\/blog.zeit.de\/nsu-prozess-blog\/2014\/07\/02\/medienlog-wohlleben-untersuchungshaft\/","name":"Wohlleben muss mit hoher Strafe rechnen \u2013 Das Medienlog vom Mittwoch, 2. Juli 2014 - Das NSU-Prozess-Blog","isPartOf":{"@id":"https:\/\/blog.zeit.de\/nsu-prozess-blog\/#website"},"datePublished":"2014-07-02T06:28:17+00:00","dateModified":"2014-07-02T07:14:10+00:00","author":{"@id":"https:\/\/blog.zeit.de\/nsu-prozess-blog\/#\/schema\/person\/553ea9bb5d1fc2ae054c589bd59380a5"},"breadcrumb":{"@id":"https:\/\/blog.zeit.de\/nsu-prozess-blog\/2014\/07\/02\/medienlog-wohlleben-untersuchungshaft\/#breadcrumb"},"inLanguage":"de","potentialAction":[{"@type":"ReadAction","target":["https:\/\/blog.zeit.de\/nsu-prozess-blog\/2014\/07\/02\/medienlog-wohlleben-untersuchungshaft\/"]}]},{"@type":"BreadcrumbList","@id":"https:\/\/blog.zeit.de\/nsu-prozess-blog\/2014\/07\/02\/medienlog-wohlleben-untersuchungshaft\/#breadcrumb","itemListElement":[{"@type":"ListItem","position":1,"name":"Startseite","item":"https:\/\/blog.zeit.de\/nsu-prozess-blog\/"},{"@type":"ListItem","position":2,"name":"Wohlleben muss mit hoher Strafe rechnen \u2013 Das Medienlog vom Mittwoch, 2. Juli 2014"}]},{"@type":"WebSite","@id":"https:\/\/blog.zeit.de\/nsu-prozess-blog\/#website","url":"https:\/\/blog.zeit.de\/nsu-prozess-blog\/","name":"Das NSU-Prozess-Blog","description":"Alle Berichte zum Terrorverfahren in M\u00fcnchen","potentialAction":[{"@type":"SearchAction","target":{"@type":"EntryPoint","urlTemplate":"https:\/\/blog.zeit.de\/nsu-prozess-blog\/?s={search_term_string}"},"query-input":"required name=search_term_string"}],"inLanguage":"de"},{"@type":"Person","@id":"https:\/\/blog.zeit.de\/nsu-prozess-blog\/#\/schema\/person\/553ea9bb5d1fc2ae054c589bd59380a5","name":"Tom Sundermann","image":{"@type":"ImageObject","inLanguage":"de","@id":"https:\/\/blog.zeit.de\/nsu-prozess-blog\/#\/schema\/person\/image\/","url":"https:\/\/secure.gravatar.com\/avatar\/e108a3dc18766f719b2f797dc5d19093f06a1870c55b553ab6b7563f1f9a5e68?s=96&d=mm&r=g","contentUrl":"https:\/\/secure.gravatar.com\/avatar\/e108a3dc18766f719b2f797dc5d19093f06a1870c55b553ab6b7563f1f9a5e68?s=96&d=mm&r=g","caption":"Tom Sundermann"},"sameAs":["https:\/\/twitter.com\/messeticker"],"url":"https:\/\/blog.zeit.de\/nsu-prozess-blog\/author\/tsundermann\/"}]}},"jetpack_featured_media_url":"","jetpack_sharing_enabled":true,"_links":{"self":[{"href":"https:\/\/blog.zeit.de\/nsu-prozess-blog\/wp-json\/wp\/v2\/posts\/7108","targetHints":{"allow":["GET"]}}],"collection":[{"href":"https:\/\/blog.zeit.de\/nsu-prozess-blog\/wp-json\/wp\/v2\/posts"}],"about":[{"href":"https:\/\/blog.zeit.de\/nsu-prozess-blog\/wp-json\/wp\/v2\/types\/post"}],"author":[{"embeddable":true,"href":"https:\/\/blog.zeit.de\/nsu-prozess-blog\/wp-json\/wp\/v2\/users\/435"}],"replies":[{"embeddable":true,"href":"https:\/\/blog.zeit.de\/nsu-prozess-blog\/wp-json\/wp\/v2\/comments?post=7108"}],"version-history":[{"count":10,"href":"https:\/\/blog.zeit.de\/nsu-prozess-blog\/wp-json\/wp\/v2\/posts\/7108\/revisions"}],"predecessor-version":[{"id":7118,"href":"https:\/\/blog.zeit.de\/nsu-prozess-blog\/wp-json\/wp\/v2\/posts\/7108\/revisions\/7118"}],"wp:attachment":[{"href":"https:\/\/blog.zeit.de\/nsu-prozess-blog\/wp-json\/wp\/v2\/media?parent=7108"}],"wp:term":[{"taxonomy":"category","embeddable":true,"href":"https:\/\/blog.zeit.de\/nsu-prozess-blog\/wp-json\/wp\/v2\/categories?post=7108"},{"taxonomy":"post_tag","embeddable":true,"href":"https:\/\/blog.zeit.de\/nsu-prozess-blog\/wp-json\/wp\/v2\/tags?post=7108"}],"curies":[{"name":"wp","href":"https:\/\/api.w.org\/{rel}","templated":true}]}}