{"id":7134,"date":"2014-07-09T07:00:19","date_gmt":"2014-07-09T05:00:19","guid":{"rendered":"http:\/\/blog.zeit.de\/nsu-prozess-blog\/?p=7134"},"modified":"2014-07-03T22:53:46","modified_gmt":"2014-07-03T20:53:46","slug":"125-prozesstag-aliasgeber-matthias-d-und-boehnhardts-bruder","status":"publish","type":"post","link":"https:\/\/blog.zeit.de\/nsu-prozess-blog\/2014\/07\/09\/125-prozesstag-aliasgeber-matthias-d-und-boehnhardts-bruder\/","title":{"rendered":"125. Prozesstag \u2013 Aliasgeber Matthias D. und B\u00f6hnhardts Bruder"},"content":{"rendered":"<p>F\u00fcr das untergetauchte NSU-Trio war Matthias D. ein unsch\u00e4tzbarer Helfer: Er lieh den dreien seine Identit\u00e4t, mit der sie unerkannt ein b\u00fcrgerliches Leben f\u00fchren konnten. Auf seinen Namen mieteten Beate Zsch\u00e4pe, Uwe Mundlos und Uwe B\u00f6hnhardt mehrere Wohnungen, auch bei der letzten Unterkunft in der Zwickauer Fr\u00fchlingsstra\u00dfe stand sein Name auf dem Klingelschild. F\u00fcr die heikle Aufgabe hatte ihn offenbar der Mitangeklagte <a href=\"https:\/\/blog.zeit.de\/nsu-prozess-blog\/2014\/01\/21\/der-schatten-des-nsu\/\">Andr\u00e9 E.<\/a> gewonnen. Am Mittwoch ist D. als Zeuge geladen.<\/p>\n<p>Weil gegen ihn ein Ermittlungsverfahren l\u00e4uft, wird er sehr wahrscheinlich die Aussage verweigern \u2013 anders als bei der Polizei: Im Anschluss ist ein Beamter geladen, der D. nach Auffliegen des NSU im November 2011 vernommen hatte.<\/p>\n<p>Zuletzt tritt als Zeuge Jan B\u00f6hnhardt auf, Bruder des NSU-Mitglieds Uwe B\u00f6hnhardt. Von ihm werden Erkenntnisse zum Werdegang des Rechtsextremisten erwartet. Jan B\u00f6hnhardt hat mittlerweile selbst eine Familie gegr\u00fcndet, er hatte den Erkenntnissen zufolge nie Kontakte ins rechte Milieu.<\/p>\n<p><em>ZEIT ONLINE berichtet aus M\u00fcnchen und fasst den Prozesstag am Abend auf diesem Blog zusammen. Informationen aus der Verhandlung gibt es <a href=\"https:\/\/twitter.com\/zeitonline\/lists\/nsu-prozess\">via Twitter hier<\/a>. Weitere Berichte stellen wir morgen im <a href=\"https:\/\/blog.zeit.de\/nsu-prozess-blog\/category\/medienschau\/\">NSU-Medienlog<\/a> zusammen.<\/em><\/p>\n","protected":false},"excerpt":{"rendered":"<p>F\u00fcr das untergetauchte NSU-Trio war Matthias D. ein unsch\u00e4tzbarer Helfer: Er lieh den dreien seine Identit\u00e4t, mit der sie unerkannt ein b\u00fcrgerliches Leben f\u00fchren konnten. Auf seinen Namen mieteten Beate Zsch\u00e4pe, Uwe Mundlos und Uwe B\u00f6hnhardt mehrere Wohnungen, auch bei der letzten Unterkunft in der Zwickauer Fr\u00fchlingsstra\u00dfe stand sein Name auf dem Klingelschild. F\u00fcr die [&hellip;]<\/p>\n","protected":false},"author":435,"featured_media":0,"comment_status":"open","ping_status":"open","sticky":false,"template":"","format":"standard","meta":{"_jetpack_memberships_contains_paid_content":false,"footnotes":""},"categories":[27532],"tags":[29528,1449,22860],"class_list":["post-7134","post","type-post","status-publish","format-standard","hentry","category-prozesstage","tag-matthias-d","tag-unterstutzer","tag-uwe-bohnhardt"],"yoast_head":"<!-- This site is optimized with the Yoast SEO plugin v21.0 - https:\/\/yoast.com\/wordpress\/plugins\/seo\/ -->\n<title>125. Prozesstag \u2013 Aliasgeber Matthias D. und B\u00f6hnhardts Bruder - Das NSU-Prozess-Blog<\/title>\n<meta name=\"robots\" content=\"index, follow, max-snippet:-1, max-image-preview:large, max-video-preview:-1\" \/>\n<link rel=\"canonical\" href=\"https:\/\/blog.zeit.de\/nsu-prozess-blog\/2014\/07\/09\/125-prozesstag-aliasgeber-matthias-d-und-boehnhardts-bruder\/\" \/>\n<meta property=\"og:locale\" content=\"de_DE\" \/>\n<meta property=\"og:type\" content=\"article\" \/>\n<meta property=\"og:title\" content=\"125. Prozesstag \u2013 Aliasgeber Matthias D. und B\u00f6hnhardts Bruder - Das NSU-Prozess-Blog\" \/>\n<meta property=\"og:description\" content=\"F\u00fcr das untergetauchte NSU-Trio war Matthias D. ein unsch\u00e4tzbarer Helfer: Er lieh den dreien seine Identit\u00e4t, mit der sie unerkannt ein b\u00fcrgerliches Leben f\u00fchren konnten. Auf seinen Namen mieteten Beate Zsch\u00e4pe, Uwe Mundlos und Uwe B\u00f6hnhardt mehrere Wohnungen, auch bei der letzten Unterkunft in der Zwickauer Fr\u00fchlingsstra\u00dfe stand sein Name auf dem Klingelschild. F\u00fcr die [&hellip;]\" \/>\n<meta property=\"og:url\" content=\"https:\/\/blog.zeit.de\/nsu-prozess-blog\/2014\/07\/09\/125-prozesstag-aliasgeber-matthias-d-und-boehnhardts-bruder\/\" \/>\n<meta property=\"og:site_name\" content=\"Das NSU-Prozess-Blog\" \/>\n<meta property=\"article:published_time\" content=\"2014-07-09T05:00:19+00:00\" \/>\n<meta property=\"article:modified_time\" content=\"2014-07-03T20:53:46+00:00\" \/>\n<meta name=\"author\" content=\"Tom Sundermann\" \/>\n<meta name=\"twitter:label1\" content=\"Geschrieben von\" \/>\n\t<meta name=\"twitter:data1\" content=\"Tom Sundermann\" \/>\n\t<meta name=\"twitter:label2\" content=\"Gesch\u00e4tzte Lesezeit\" \/>\n\t<meta name=\"twitter:data2\" content=\"1\u00a0Minute\" \/>\n<script type=\"application\/ld+json\" class=\"yoast-schema-graph\">{\"@context\":\"https:\/\/schema.org\",\"@graph\":[{\"@type\":\"WebPage\",\"@id\":\"https:\/\/blog.zeit.de\/nsu-prozess-blog\/2014\/07\/09\/125-prozesstag-aliasgeber-matthias-d-und-boehnhardts-bruder\/\",\"url\":\"https:\/\/blog.zeit.de\/nsu-prozess-blog\/2014\/07\/09\/125-prozesstag-aliasgeber-matthias-d-und-boehnhardts-bruder\/\",\"name\":\"125. Prozesstag \u2013 Aliasgeber Matthias D. und B\u00f6hnhardts Bruder - Das NSU-Prozess-Blog\",\"isPartOf\":{\"@id\":\"https:\/\/blog.zeit.de\/nsu-prozess-blog\/#website\"},\"datePublished\":\"2014-07-09T05:00:19+00:00\",\"dateModified\":\"2014-07-03T20:53:46+00:00\",\"author\":{\"@id\":\"https:\/\/blog.zeit.de\/nsu-prozess-blog\/#\/schema\/person\/553ea9bb5d1fc2ae054c589bd59380a5\"},\"breadcrumb\":{\"@id\":\"https:\/\/blog.zeit.de\/nsu-prozess-blog\/2014\/07\/09\/125-prozesstag-aliasgeber-matthias-d-und-boehnhardts-bruder\/#breadcrumb\"},\"inLanguage\":\"de\",\"potentialAction\":[{\"@type\":\"ReadAction\",\"target\":[\"https:\/\/blog.zeit.de\/nsu-prozess-blog\/2014\/07\/09\/125-prozesstag-aliasgeber-matthias-d-und-boehnhardts-bruder\/\"]}]},{\"@type\":\"BreadcrumbList\",\"@id\":\"https:\/\/blog.zeit.de\/nsu-prozess-blog\/2014\/07\/09\/125-prozesstag-aliasgeber-matthias-d-und-boehnhardts-bruder\/#breadcrumb\",\"itemListElement\":[{\"@type\":\"ListItem\",\"position\":1,\"name\":\"Startseite\",\"item\":\"https:\/\/blog.zeit.de\/nsu-prozess-blog\/\"},{\"@type\":\"ListItem\",\"position\":2,\"name\":\"125. Prozesstag \u2013 Aliasgeber Matthias D. und B\u00f6hnhardts Bruder\"}]},{\"@type\":\"WebSite\",\"@id\":\"https:\/\/blog.zeit.de\/nsu-prozess-blog\/#website\",\"url\":\"https:\/\/blog.zeit.de\/nsu-prozess-blog\/\",\"name\":\"Das NSU-Prozess-Blog\",\"description\":\"Alle Berichte zum Terrorverfahren in M\u00fcnchen\",\"potentialAction\":[{\"@type\":\"SearchAction\",\"target\":{\"@type\":\"EntryPoint\",\"urlTemplate\":\"https:\/\/blog.zeit.de\/nsu-prozess-blog\/?s={search_term_string}\"},\"query-input\":\"required name=search_term_string\"}],\"inLanguage\":\"de\"},{\"@type\":\"Person\",\"@id\":\"https:\/\/blog.zeit.de\/nsu-prozess-blog\/#\/schema\/person\/553ea9bb5d1fc2ae054c589bd59380a5\",\"name\":\"Tom Sundermann\",\"image\":{\"@type\":\"ImageObject\",\"inLanguage\":\"de\",\"@id\":\"https:\/\/blog.zeit.de\/nsu-prozess-blog\/#\/schema\/person\/image\/\",\"url\":\"https:\/\/secure.gravatar.com\/avatar\/e108a3dc18766f719b2f797dc5d19093f06a1870c55b553ab6b7563f1f9a5e68?s=96&d=mm&r=g\",\"contentUrl\":\"https:\/\/secure.gravatar.com\/avatar\/e108a3dc18766f719b2f797dc5d19093f06a1870c55b553ab6b7563f1f9a5e68?s=96&d=mm&r=g\",\"caption\":\"Tom Sundermann\"},\"sameAs\":[\"https:\/\/twitter.com\/messeticker\"],\"url\":\"https:\/\/blog.zeit.de\/nsu-prozess-blog\/author\/tsundermann\/\"}]}<\/script>\n<!-- \/ Yoast SEO plugin. -->","yoast_head_json":{"title":"125. Prozesstag \u2013 Aliasgeber Matthias D. und B\u00f6hnhardts Bruder - Das NSU-Prozess-Blog","robots":{"index":"index","follow":"follow","max-snippet":"max-snippet:-1","max-image-preview":"max-image-preview:large","max-video-preview":"max-video-preview:-1"},"canonical":"https:\/\/blog.zeit.de\/nsu-prozess-blog\/2014\/07\/09\/125-prozesstag-aliasgeber-matthias-d-und-boehnhardts-bruder\/","og_locale":"de_DE","og_type":"article","og_title":"125. Prozesstag \u2013 Aliasgeber Matthias D. und B\u00f6hnhardts Bruder - Das NSU-Prozess-Blog","og_description":"F\u00fcr das untergetauchte NSU-Trio war Matthias D. ein unsch\u00e4tzbarer Helfer: Er lieh den dreien seine Identit\u00e4t, mit der sie unerkannt ein b\u00fcrgerliches Leben f\u00fchren konnten. Auf seinen Namen mieteten Beate Zsch\u00e4pe, Uwe Mundlos und Uwe B\u00f6hnhardt mehrere Wohnungen, auch bei der letzten Unterkunft in der Zwickauer Fr\u00fchlingsstra\u00dfe stand sein Name auf dem Klingelschild. F\u00fcr die [&hellip;]","og_url":"https:\/\/blog.zeit.de\/nsu-prozess-blog\/2014\/07\/09\/125-prozesstag-aliasgeber-matthias-d-und-boehnhardts-bruder\/","og_site_name":"Das NSU-Prozess-Blog","article_published_time":"2014-07-09T05:00:19+00:00","article_modified_time":"2014-07-03T20:53:46+00:00","author":"Tom Sundermann","twitter_misc":{"Geschrieben von":"Tom Sundermann","Gesch\u00e4tzte Lesezeit":"1\u00a0Minute"},"schema":{"@context":"https:\/\/schema.org","@graph":[{"@type":"WebPage","@id":"https:\/\/blog.zeit.de\/nsu-prozess-blog\/2014\/07\/09\/125-prozesstag-aliasgeber-matthias-d-und-boehnhardts-bruder\/","url":"https:\/\/blog.zeit.de\/nsu-prozess-blog\/2014\/07\/09\/125-prozesstag-aliasgeber-matthias-d-und-boehnhardts-bruder\/","name":"125. Prozesstag \u2013 Aliasgeber Matthias D. und B\u00f6hnhardts Bruder - Das NSU-Prozess-Blog","isPartOf":{"@id":"https:\/\/blog.zeit.de\/nsu-prozess-blog\/#website"},"datePublished":"2014-07-09T05:00:19+00:00","dateModified":"2014-07-03T20:53:46+00:00","author":{"@id":"https:\/\/blog.zeit.de\/nsu-prozess-blog\/#\/schema\/person\/553ea9bb5d1fc2ae054c589bd59380a5"},"breadcrumb":{"@id":"https:\/\/blog.zeit.de\/nsu-prozess-blog\/2014\/07\/09\/125-prozesstag-aliasgeber-matthias-d-und-boehnhardts-bruder\/#breadcrumb"},"inLanguage":"de","potentialAction":[{"@type":"ReadAction","target":["https:\/\/blog.zeit.de\/nsu-prozess-blog\/2014\/07\/09\/125-prozesstag-aliasgeber-matthias-d-und-boehnhardts-bruder\/"]}]},{"@type":"BreadcrumbList","@id":"https:\/\/blog.zeit.de\/nsu-prozess-blog\/2014\/07\/09\/125-prozesstag-aliasgeber-matthias-d-und-boehnhardts-bruder\/#breadcrumb","itemListElement":[{"@type":"ListItem","position":1,"name":"Startseite","item":"https:\/\/blog.zeit.de\/nsu-prozess-blog\/"},{"@type":"ListItem","position":2,"name":"125. Prozesstag \u2013 Aliasgeber Matthias D. und B\u00f6hnhardts Bruder"}]},{"@type":"WebSite","@id":"https:\/\/blog.zeit.de\/nsu-prozess-blog\/#website","url":"https:\/\/blog.zeit.de\/nsu-prozess-blog\/","name":"Das NSU-Prozess-Blog","description":"Alle Berichte zum Terrorverfahren in M\u00fcnchen","potentialAction":[{"@type":"SearchAction","target":{"@type":"EntryPoint","urlTemplate":"https:\/\/blog.zeit.de\/nsu-prozess-blog\/?s={search_term_string}"},"query-input":"required name=search_term_string"}],"inLanguage":"de"},{"@type":"Person","@id":"https:\/\/blog.zeit.de\/nsu-prozess-blog\/#\/schema\/person\/553ea9bb5d1fc2ae054c589bd59380a5","name":"Tom Sundermann","image":{"@type":"ImageObject","inLanguage":"de","@id":"https:\/\/blog.zeit.de\/nsu-prozess-blog\/#\/schema\/person\/image\/","url":"https:\/\/secure.gravatar.com\/avatar\/e108a3dc18766f719b2f797dc5d19093f06a1870c55b553ab6b7563f1f9a5e68?s=96&d=mm&r=g","contentUrl":"https:\/\/secure.gravatar.com\/avatar\/e108a3dc18766f719b2f797dc5d19093f06a1870c55b553ab6b7563f1f9a5e68?s=96&d=mm&r=g","caption":"Tom Sundermann"},"sameAs":["https:\/\/twitter.com\/messeticker"],"url":"https:\/\/blog.zeit.de\/nsu-prozess-blog\/author\/tsundermann\/"}]}},"jetpack_featured_media_url":"","jetpack_sharing_enabled":true,"_links":{"self":[{"href":"https:\/\/blog.zeit.de\/nsu-prozess-blog\/wp-json\/wp\/v2\/posts\/7134","targetHints":{"allow":["GET"]}}],"collection":[{"href":"https:\/\/blog.zeit.de\/nsu-prozess-blog\/wp-json\/wp\/v2\/posts"}],"about":[{"href":"https:\/\/blog.zeit.de\/nsu-prozess-blog\/wp-json\/wp\/v2\/types\/post"}],"author":[{"embeddable":true,"href":"https:\/\/blog.zeit.de\/nsu-prozess-blog\/wp-json\/wp\/v2\/users\/435"}],"replies":[{"embeddable":true,"href":"https:\/\/blog.zeit.de\/nsu-prozess-blog\/wp-json\/wp\/v2\/comments?post=7134"}],"version-history":[{"count":4,"href":"https:\/\/blog.zeit.de\/nsu-prozess-blog\/wp-json\/wp\/v2\/posts\/7134\/revisions"}],"predecessor-version":[{"id":7149,"href":"https:\/\/blog.zeit.de\/nsu-prozess-blog\/wp-json\/wp\/v2\/posts\/7134\/revisions\/7149"}],"wp:attachment":[{"href":"https:\/\/blog.zeit.de\/nsu-prozess-blog\/wp-json\/wp\/v2\/media?parent=7134"}],"wp:term":[{"taxonomy":"category","embeddable":true,"href":"https:\/\/blog.zeit.de\/nsu-prozess-blog\/wp-json\/wp\/v2\/categories?post=7134"},{"taxonomy":"post_tag","embeddable":true,"href":"https:\/\/blog.zeit.de\/nsu-prozess-blog\/wp-json\/wp\/v2\/tags?post=7134"}],"curies":[{"name":"wp","href":"https:\/\/api.w.org\/{rel}","templated":true}]}}