{"id":7148,"date":"2014-07-10T07:00:24","date_gmt":"2014-07-10T05:00:24","guid":{"rendered":"http:\/\/blog.zeit.de\/nsu-prozess-blog\/?p=7148"},"modified":"2014-07-09T16:39:12","modified_gmt":"2014-07-09T14:39:12","slug":"126-prozesstag-thomas-g-hammerskins","status":"publish","type":"post","link":"https:\/\/blog.zeit.de\/nsu-prozess-blog\/2014\/07\/10\/126-prozesstag-thomas-g-hammerskins\/","title":{"rendered":"126. Prozesstag \u2013 Thomas G. erneut als Zeuge geladen"},"content":{"rendered":"<p>Zum zweiten Mal muss der Th\u00fcringer Neonazi-Anf\u00fchrer Thomas G. am Donnerstag aussagen. Der Zeuge hatte bereits <a href=\"https:\/\/blog.zeit.de\/nsu-prozess-blog\/2014\/07\/02\/medienlog-wohlleben-untersuchungshaft\/\">am 1. Juli ausgesagt<\/a>, dabei aber wenig Angaben gemacht. Als sich G. weigerte, \u00fcber seine Verbindungen zu der rechtsextremen Gruppe Hammerskins zu sprechen, drohte ihm Richter Manfred G\u00f6tzl mit einem Ordnungsgeld. Ob das verh\u00e4ngt wird, entscheidet sich heute.<\/p>\n<p>Zudem sind die Aussagen von zwei Ermittlern des Bundeskriminalamts und einem Kommissar des s\u00e4chsischen Landeskriminalamts geplant. Zwei von ihnen \u00e4u\u00dfern sich zu Gespr\u00e4chen, die sie mit Uwe Mundlos&#8216; Vater Siegfried vor <a href=\"http:\/\/www.zeit.de\/gesellschaft\/zeitgeschehen\/2013-12\/vater-uwe-mundlos-siegfried-nsu-prozess\">dessen Aussage<\/a> gef\u00fchrt hatten. Ein weiterer Beamter tr\u00e4gt Erkenntnisse zu den \u00dcberf\u00e4llen vor, mit denen das NSU-Trio seinen Lebensunterhalt bestritten haben soll.<\/p>\n<p>Urspr\u00fcnglich war auch die Gro\u00dfmutter von Beate Zsch\u00e4pe, Annerose A., geladen. Wie das Oberlandesgericht mitteilte, erkrankte A. jedoch und wird nicht erscheinen. Da sie angek\u00fcndigt hatte, als Angeh\u00f6rige die Aussage zu verweigern, wird die 90-J\u00e4hrige auch nicht erneut nach M\u00fcnchen beordert.<\/p>\n<p><em>Informationen aus der Verhandlung gibt es <a href=\"https:\/\/twitter.com\/zeitonline\/lists\/nsu-prozess\">via Twitter hier<\/a>. Die Berichte dar\u00fcber fassen wir morgen im <a href=\"https:\/\/blog.zeit.de\/nsu-prozess-blog\/category\/medienschau\/\">NSU-Medienlog<\/a> zusammen.<\/em><\/p>\n","protected":false},"excerpt":{"rendered":"<p>Zum zweiten Mal muss der Th\u00fcringer Neonazi-Anf\u00fchrer Thomas G. am Donnerstag aussagen. Der Zeuge hatte bereits am 1. Juli ausgesagt, dabei aber wenig Angaben gemacht. Als sich G. weigerte, \u00fcber seine Verbindungen zu der rechtsextremen Gruppe Hammerskins zu sprechen, drohte ihm Richter Manfred G\u00f6tzl mit einem Ordnungsgeld. Ob das verh\u00e4ngt wird, entscheidet sich heute. Zudem [&hellip;]<\/p>\n","protected":false},"author":435,"featured_media":0,"comment_status":"open","ping_status":"open","sticky":false,"template":"","format":"standard","meta":{"_jetpack_memberships_contains_paid_content":false,"footnotes":""},"categories":[27532],"tags":[17793,29526,29529],"class_list":["post-7148","post","type-post","status-publish","format-standard","hentry","category-prozesstage","tag-beate-zschape","tag-thomas-g","tag-ueberfaelle"],"yoast_head":"<!-- This site is optimized with the Yoast SEO plugin v21.0 - https:\/\/yoast.com\/wordpress\/plugins\/seo\/ -->\n<title>126. Prozesstag \u2013 Thomas G. erneut als Zeuge geladen - Das NSU-Prozess-Blog<\/title>\n<meta name=\"robots\" content=\"index, follow, max-snippet:-1, max-image-preview:large, max-video-preview:-1\" \/>\n<link rel=\"canonical\" href=\"https:\/\/blog.zeit.de\/nsu-prozess-blog\/2014\/07\/10\/126-prozesstag-thomas-g-hammerskins\/\" \/>\n<meta property=\"og:locale\" content=\"de_DE\" \/>\n<meta property=\"og:type\" content=\"article\" \/>\n<meta property=\"og:title\" content=\"126. Prozesstag \u2013 Thomas G. erneut als Zeuge geladen - Das NSU-Prozess-Blog\" \/>\n<meta property=\"og:description\" content=\"Zum zweiten Mal muss der Th\u00fcringer Neonazi-Anf\u00fchrer Thomas G. am Donnerstag aussagen. Der Zeuge hatte bereits am 1. Juli ausgesagt, dabei aber wenig Angaben gemacht. Als sich G. weigerte, \u00fcber seine Verbindungen zu der rechtsextremen Gruppe Hammerskins zu sprechen, drohte ihm Richter Manfred G\u00f6tzl mit einem Ordnungsgeld. Ob das verh\u00e4ngt wird, entscheidet sich heute. Zudem [&hellip;]\" \/>\n<meta property=\"og:url\" content=\"https:\/\/blog.zeit.de\/nsu-prozess-blog\/2014\/07\/10\/126-prozesstag-thomas-g-hammerskins\/\" \/>\n<meta property=\"og:site_name\" content=\"Das NSU-Prozess-Blog\" \/>\n<meta property=\"article:published_time\" content=\"2014-07-10T05:00:24+00:00\" \/>\n<meta property=\"article:modified_time\" content=\"2014-07-09T14:39:12+00:00\" \/>\n<meta name=\"author\" content=\"Tom Sundermann\" \/>\n<meta name=\"twitter:label1\" content=\"Geschrieben von\" \/>\n\t<meta name=\"twitter:data1\" content=\"Tom Sundermann\" \/>\n\t<meta name=\"twitter:label2\" content=\"Gesch\u00e4tzte Lesezeit\" \/>\n\t<meta name=\"twitter:data2\" content=\"1\u00a0Minute\" \/>\n<script type=\"application\/ld+json\" class=\"yoast-schema-graph\">{\"@context\":\"https:\/\/schema.org\",\"@graph\":[{\"@type\":\"WebPage\",\"@id\":\"https:\/\/blog.zeit.de\/nsu-prozess-blog\/2014\/07\/10\/126-prozesstag-thomas-g-hammerskins\/\",\"url\":\"https:\/\/blog.zeit.de\/nsu-prozess-blog\/2014\/07\/10\/126-prozesstag-thomas-g-hammerskins\/\",\"name\":\"126. Prozesstag \u2013 Thomas G. erneut als Zeuge geladen - Das NSU-Prozess-Blog\",\"isPartOf\":{\"@id\":\"https:\/\/blog.zeit.de\/nsu-prozess-blog\/#website\"},\"datePublished\":\"2014-07-10T05:00:24+00:00\",\"dateModified\":\"2014-07-09T14:39:12+00:00\",\"author\":{\"@id\":\"https:\/\/blog.zeit.de\/nsu-prozess-blog\/#\/schema\/person\/553ea9bb5d1fc2ae054c589bd59380a5\"},\"breadcrumb\":{\"@id\":\"https:\/\/blog.zeit.de\/nsu-prozess-blog\/2014\/07\/10\/126-prozesstag-thomas-g-hammerskins\/#breadcrumb\"},\"inLanguage\":\"de\",\"potentialAction\":[{\"@type\":\"ReadAction\",\"target\":[\"https:\/\/blog.zeit.de\/nsu-prozess-blog\/2014\/07\/10\/126-prozesstag-thomas-g-hammerskins\/\"]}]},{\"@type\":\"BreadcrumbList\",\"@id\":\"https:\/\/blog.zeit.de\/nsu-prozess-blog\/2014\/07\/10\/126-prozesstag-thomas-g-hammerskins\/#breadcrumb\",\"itemListElement\":[{\"@type\":\"ListItem\",\"position\":1,\"name\":\"Startseite\",\"item\":\"https:\/\/blog.zeit.de\/nsu-prozess-blog\/\"},{\"@type\":\"ListItem\",\"position\":2,\"name\":\"126. Prozesstag \u2013 Thomas G. erneut als Zeuge geladen\"}]},{\"@type\":\"WebSite\",\"@id\":\"https:\/\/blog.zeit.de\/nsu-prozess-blog\/#website\",\"url\":\"https:\/\/blog.zeit.de\/nsu-prozess-blog\/\",\"name\":\"Das NSU-Prozess-Blog\",\"description\":\"Alle Berichte zum Terrorverfahren in M\u00fcnchen\",\"potentialAction\":[{\"@type\":\"SearchAction\",\"target\":{\"@type\":\"EntryPoint\",\"urlTemplate\":\"https:\/\/blog.zeit.de\/nsu-prozess-blog\/?s={search_term_string}\"},\"query-input\":\"required name=search_term_string\"}],\"inLanguage\":\"de\"},{\"@type\":\"Person\",\"@id\":\"https:\/\/blog.zeit.de\/nsu-prozess-blog\/#\/schema\/person\/553ea9bb5d1fc2ae054c589bd59380a5\",\"name\":\"Tom Sundermann\",\"image\":{\"@type\":\"ImageObject\",\"inLanguage\":\"de\",\"@id\":\"https:\/\/blog.zeit.de\/nsu-prozess-blog\/#\/schema\/person\/image\/\",\"url\":\"https:\/\/secure.gravatar.com\/avatar\/e108a3dc18766f719b2f797dc5d19093f06a1870c55b553ab6b7563f1f9a5e68?s=96&d=mm&r=g\",\"contentUrl\":\"https:\/\/secure.gravatar.com\/avatar\/e108a3dc18766f719b2f797dc5d19093f06a1870c55b553ab6b7563f1f9a5e68?s=96&d=mm&r=g\",\"caption\":\"Tom Sundermann\"},\"sameAs\":[\"https:\/\/twitter.com\/messeticker\"],\"url\":\"https:\/\/blog.zeit.de\/nsu-prozess-blog\/author\/tsundermann\/\"}]}<\/script>\n<!-- \/ Yoast SEO plugin. -->","yoast_head_json":{"title":"126. Prozesstag \u2013 Thomas G. erneut als Zeuge geladen - Das NSU-Prozess-Blog","robots":{"index":"index","follow":"follow","max-snippet":"max-snippet:-1","max-image-preview":"max-image-preview:large","max-video-preview":"max-video-preview:-1"},"canonical":"https:\/\/blog.zeit.de\/nsu-prozess-blog\/2014\/07\/10\/126-prozesstag-thomas-g-hammerskins\/","og_locale":"de_DE","og_type":"article","og_title":"126. Prozesstag \u2013 Thomas G. erneut als Zeuge geladen - Das NSU-Prozess-Blog","og_description":"Zum zweiten Mal muss der Th\u00fcringer Neonazi-Anf\u00fchrer Thomas G. am Donnerstag aussagen. Der Zeuge hatte bereits am 1. Juli ausgesagt, dabei aber wenig Angaben gemacht. Als sich G. weigerte, \u00fcber seine Verbindungen zu der rechtsextremen Gruppe Hammerskins zu sprechen, drohte ihm Richter Manfred G\u00f6tzl mit einem Ordnungsgeld. Ob das verh\u00e4ngt wird, entscheidet sich heute. Zudem [&hellip;]","og_url":"https:\/\/blog.zeit.de\/nsu-prozess-blog\/2014\/07\/10\/126-prozesstag-thomas-g-hammerskins\/","og_site_name":"Das NSU-Prozess-Blog","article_published_time":"2014-07-10T05:00:24+00:00","article_modified_time":"2014-07-09T14:39:12+00:00","author":"Tom Sundermann","twitter_misc":{"Geschrieben von":"Tom Sundermann","Gesch\u00e4tzte Lesezeit":"1\u00a0Minute"},"schema":{"@context":"https:\/\/schema.org","@graph":[{"@type":"WebPage","@id":"https:\/\/blog.zeit.de\/nsu-prozess-blog\/2014\/07\/10\/126-prozesstag-thomas-g-hammerskins\/","url":"https:\/\/blog.zeit.de\/nsu-prozess-blog\/2014\/07\/10\/126-prozesstag-thomas-g-hammerskins\/","name":"126. Prozesstag \u2013 Thomas G. erneut als Zeuge geladen - Das NSU-Prozess-Blog","isPartOf":{"@id":"https:\/\/blog.zeit.de\/nsu-prozess-blog\/#website"},"datePublished":"2014-07-10T05:00:24+00:00","dateModified":"2014-07-09T14:39:12+00:00","author":{"@id":"https:\/\/blog.zeit.de\/nsu-prozess-blog\/#\/schema\/person\/553ea9bb5d1fc2ae054c589bd59380a5"},"breadcrumb":{"@id":"https:\/\/blog.zeit.de\/nsu-prozess-blog\/2014\/07\/10\/126-prozesstag-thomas-g-hammerskins\/#breadcrumb"},"inLanguage":"de","potentialAction":[{"@type":"ReadAction","target":["https:\/\/blog.zeit.de\/nsu-prozess-blog\/2014\/07\/10\/126-prozesstag-thomas-g-hammerskins\/"]}]},{"@type":"BreadcrumbList","@id":"https:\/\/blog.zeit.de\/nsu-prozess-blog\/2014\/07\/10\/126-prozesstag-thomas-g-hammerskins\/#breadcrumb","itemListElement":[{"@type":"ListItem","position":1,"name":"Startseite","item":"https:\/\/blog.zeit.de\/nsu-prozess-blog\/"},{"@type":"ListItem","position":2,"name":"126. Prozesstag \u2013 Thomas G. erneut als Zeuge geladen"}]},{"@type":"WebSite","@id":"https:\/\/blog.zeit.de\/nsu-prozess-blog\/#website","url":"https:\/\/blog.zeit.de\/nsu-prozess-blog\/","name":"Das NSU-Prozess-Blog","description":"Alle Berichte zum Terrorverfahren in M\u00fcnchen","potentialAction":[{"@type":"SearchAction","target":{"@type":"EntryPoint","urlTemplate":"https:\/\/blog.zeit.de\/nsu-prozess-blog\/?s={search_term_string}"},"query-input":"required name=search_term_string"}],"inLanguage":"de"},{"@type":"Person","@id":"https:\/\/blog.zeit.de\/nsu-prozess-blog\/#\/schema\/person\/553ea9bb5d1fc2ae054c589bd59380a5","name":"Tom Sundermann","image":{"@type":"ImageObject","inLanguage":"de","@id":"https:\/\/blog.zeit.de\/nsu-prozess-blog\/#\/schema\/person\/image\/","url":"https:\/\/secure.gravatar.com\/avatar\/e108a3dc18766f719b2f797dc5d19093f06a1870c55b553ab6b7563f1f9a5e68?s=96&d=mm&r=g","contentUrl":"https:\/\/secure.gravatar.com\/avatar\/e108a3dc18766f719b2f797dc5d19093f06a1870c55b553ab6b7563f1f9a5e68?s=96&d=mm&r=g","caption":"Tom Sundermann"},"sameAs":["https:\/\/twitter.com\/messeticker"],"url":"https:\/\/blog.zeit.de\/nsu-prozess-blog\/author\/tsundermann\/"}]}},"jetpack_featured_media_url":"","jetpack_sharing_enabled":true,"_links":{"self":[{"href":"https:\/\/blog.zeit.de\/nsu-prozess-blog\/wp-json\/wp\/v2\/posts\/7148","targetHints":{"allow":["GET"]}}],"collection":[{"href":"https:\/\/blog.zeit.de\/nsu-prozess-blog\/wp-json\/wp\/v2\/posts"}],"about":[{"href":"https:\/\/blog.zeit.de\/nsu-prozess-blog\/wp-json\/wp\/v2\/types\/post"}],"author":[{"embeddable":true,"href":"https:\/\/blog.zeit.de\/nsu-prozess-blog\/wp-json\/wp\/v2\/users\/435"}],"replies":[{"embeddable":true,"href":"https:\/\/blog.zeit.de\/nsu-prozess-blog\/wp-json\/wp\/v2\/comments?post=7148"}],"version-history":[{"count":7,"href":"https:\/\/blog.zeit.de\/nsu-prozess-blog\/wp-json\/wp\/v2\/posts\/7148\/revisions"}],"predecessor-version":[{"id":7187,"href":"https:\/\/blog.zeit.de\/nsu-prozess-blog\/wp-json\/wp\/v2\/posts\/7148\/revisions\/7187"}],"wp:attachment":[{"href":"https:\/\/blog.zeit.de\/nsu-prozess-blog\/wp-json\/wp\/v2\/media?parent=7148"}],"wp:term":[{"taxonomy":"category","embeddable":true,"href":"https:\/\/blog.zeit.de\/nsu-prozess-blog\/wp-json\/wp\/v2\/categories?post=7148"},{"taxonomy":"post_tag","embeddable":true,"href":"https:\/\/blog.zeit.de\/nsu-prozess-blog\/wp-json\/wp\/v2\/tags?post=7148"}],"curies":[{"name":"wp","href":"https:\/\/api.w.org\/{rel}","templated":true}]}}