{"id":7171,"date":"2014-07-08T18:35:03","date_gmt":"2014-07-08T16:35:03","guid":{"rendered":"http:\/\/blog.zeit.de\/nsu-prozess-blog\/?p=7171"},"modified":"2014-07-08T19:07:44","modified_gmt":"2014-07-08T17:07:44","slug":"ein-anwalt-im-netzwerk-der-rechten","status":"publish","type":"post","link":"https:\/\/blog.zeit.de\/nsu-prozess-blog\/2014\/07\/08\/ein-anwalt-im-netzwerk-der-rechten\/","title":{"rendered":"Ein Anwalt im Netzwerk der Rechten"},"content":{"rendered":"<p><strong>Der Anwalt Thomas Jauch soll Zsch\u00e4pe, Mundlos und B\u00f6hnhardt nach ihrer Flucht beraten haben. Vor Gericht mauert er \u2013 doch Unterst\u00fctzern des Trios ging er offenbar flei\u00dfig zur Hand.<\/strong><\/p>\n<p>Wer in Mitteldeutschland lebt und sich zur rechtsextremen Szene bekennt, der stolpert fr\u00fcher oder sp\u00e4ter \u00fcber den Namen Thomas Jauch. Denn viele, die sich f\u00fcr die sogenannte nationale Sache einsetzen, kommen fr\u00fcher oder sp\u00e4ter mit dem Gesetz in Konflikt \u2013 und k\u00f6nnen sich darauf verlassen, in Jauch einen Anwalt zu finden, der die Verteidigung eines Rechtsradikalen nicht aus Gewissensgr\u00fcnden ablehnt.<\/p>\n<p>Jauch tritt beruflich regelm\u00e4\u00dfig vor Gericht auf. Am 124. Verhandlungstag des NSU-Prozesses nimmt er hingegen als Zeuge Platz. Der 54-J\u00e4hrige ist ein drahtiger Mann mit grimmigem Gesichtsausdruck. Vor sich auf den Tisch legt er ein Buch mit dem Titel \u201eGesamtes Strafrecht\u201c. Er betreibt seine Kanzlei im sachsen-anhaltinischen Wei\u00dfenfels. Man kann nur dar\u00fcber r\u00e4tseln, wie viele rechts eingestellte Kameraden dort schon ein- und ausgegangen sind. Fest steht allerdings: Etliche von ihnen hatten Kontakte zum Trio aus Beate Zsch\u00e4pe, Uwe Mundlos und Uwe B\u00f6hnhardt. Und mindestens einmal waren die drei auch selbst dort.<\/p>\n<p>Gericht und Nebenkl\u00e4ger w\u00fcssten gerne mehr \u00fcber ein solches Gespr\u00e4ch. Das Problem ist nur, dass Jauch sich als Anwalt auf den Paragrafen 53 der Strafprozessordnung berufen kann, der ihm ein Schweigerecht \u00fcber seine beruflichen Kontakte einr\u00e4umt. Und dass er auch klug genug ist, den Paragrafen zu nutzen.<\/p>\n<p>Beantragt hatte Jauchs Ladung der Nebenklageanwalt Sebastian Scharmer. Dass es das Treffen von B\u00f6hnhardt, Zsch\u00e4pe und Mundlos mit Jauch gab, ist unumstritten: 1998, als die drei nach einem Bombenfund in einer Garage untergetaucht waren, wandten sie sich an den Szeneverteidiger. Dabei sollen 800 Mark Vorschuss gezahlt worden sein. Beate Zsch\u00e4pe, vermerkte Jauch in einem Schreiben an die Polizei, sei bereit, zu den Vorw\u00fcrfen auszusagen, wenn der Anwalt zuvor Akteneinsicht erhalte.<\/p>\n<p>Vor Gericht gibt es am Dienstag keine neuen Informationen. \u201eDie Angeklagte und die Verstorbenen waren nur einmal bei mir. Sonst hatte ich keinen Kontakt\u201c, sagt Jauch, als ihn Richter Manfred G\u00f6tzl befragt. Was damals besprochen wurde \u2013 Anwaltsgeheimnis. Zsch\u00e4pes Verteidiger Wolfgang Stahl geht schon diese d\u00fcrre \u00c4u\u00dferung zu weit: Den Zeugen \u00fcberhaupt danach zu Fragen sei \u201eeine Anstiftung zum Verrat von Privatgeheimnissen\u201c. Tats\u00e4chlich l\u00e4sst die Aussage zumindest eine Schlussfolgerung zu: Wenn das Treffen Jauchs Recht auf Geheimhaltung unterlag, d\u00fcrfte er das Trio beraten haben. Und wenn Zsch\u00e4pe wirklich zur Aussage bereit war, wollte sie wom\u00f6glich aus der Gruppe aussteigen, bevor es zum ersten Mord kam. Doch letzteres ist nur eine Vermutung.<\/p>\n<p>F\u00fcr seine Unwilligkeit zu reden bekommt Szeneanwalt Jauch R\u00fcckendeckung von den Verteidigern Zsch\u00e4pes und des Mitangeklagten Ralf Wohlleben. Immer wieder verf\u00e4llt die Verhandlung in ein geduldszehrendes Spiel, in dem die Rechtsbeist\u00e4nde eine Frage beanstanden, schlie\u00dflich einen offiziellen Beschluss aller Richter verlangen und am Ende unterliegen. Gerade den Nebenkl\u00e4gern wollen sie es nicht leicht machen.<\/p>\n<p>Dennoch entfaltet sich nach und nach das rechtsextreme Netzwerk, das Jauch besonders in Th\u00fcringen zu nutzen wusste. Belegt ist, dass darin auch die Mitangeklagten Carsten S. und Holger G. eine Rolle spielten: An G. schickte Jauch einmal einen Scheck mit einer Geb\u00fchrenr\u00fcckzahlung. Wahrscheinlich hatte er das Geld f\u00fcr seinen Kumpel Andr\u00e9 K. vorgestreckt, ein Zeuge, der schon mehrmals im Prozess aussagen musste. Carsten S. hatte Jauch im Jahr 2002 zweimal Geld \u00fcberwiesen. Wof\u00fcr, daran kann sich der Anwalt angeblich nicht mehr erinnern.<\/p>\n<p>Doch die Unterst\u00fctzung f\u00fcr die Kameraden ging m\u00f6glicherweise \u00fcber juristische Dienstleistungen hinaus, wie Nebenklagebeistand Scharmer in seiner Befragung heraussch\u00e4lt. So soll Jauch in den Jahren um die Jahrtausendwende ein Grundst\u00fcck in seinem Heimatort L\u00fctzen an Gesinnungsgenossen vermietet haben, auf dem Rechtsrockkonzerte abgehalten wurden. Dabei sollen Spenden f\u00fcr das untergetauchte Trio gesammelt worden sein. \u201eDas wird von manchen behauptet. Ich war nicht zugegen\u201c, entgegnet der Zeuge.<\/p>\n<p>Auch soll er Bewohner einer Art Nazi-WG in Jena unterst\u00fctzt haben, in der der Mitangeklagte Ralf Wohlleben zeitweise gewohnt hatte \u2013 das sogenannte Braune Haus. \u201eIst das ein Haus, das braun angestrichen ist?\u201c, fragt Jauch und l\u00e4sst es sich von Scharmer ganz genau erkl\u00e4ren. \u201eEs geht doch! Damit bin ich befasst\u201c, patzt er schlie\u00dflich.<\/p>\n<p>\u201eWarum sind Sie so gereizt? Wenn Sie meinen, dass Sie das Verfahren beurteilen k\u00f6nnen, h\u00e4tte ich auch noch ein paar Fragen an Sie\u201c, geht G\u00f6tzl dazwischen. Er will nicht riskieren, dass der Hardliner mit Spitzfindigkeiten das Gericht vorf\u00fchrt.<\/p>\n<p>Der Gescholtene sucht sich eine andere Gelegenheit zur Profilierung. Scharmer fragt ihn, ob er mit dem Verfassungsschutz oder dem Milit\u00e4rischen Abschirmdienst zusammengearbeitet habe. \u201eMir fehlte es an der erforderlichen Verschlagenheit und Verlogenheit\u201c, gibt Jauch zur\u00fcck. Zumindest aus seiner Gesinnung macht er kein Geheimnis.<\/p>\n","protected":false},"excerpt":{"rendered":"<p>Der Anwalt Thomas Jauch soll Zsch\u00e4pe, Mundlos und B\u00f6hnhardt nach ihrer Flucht beraten haben. Vor Gericht mauert er \u2013 doch Unterst\u00fctzern des Trios ging er offenbar flei\u00dfig zur Hand. Wer in Mitteldeutschland lebt und sich zur rechtsextremen Szene bekennt, der stolpert fr\u00fcher oder sp\u00e4ter \u00fcber den Namen Thomas Jauch. Denn viele, die sich f\u00fcr die [&hellip;]<\/p>\n","protected":false},"author":435,"featured_media":0,"comment_status":"open","ping_status":"open","sticky":false,"template":"","format":"standard","meta":{"_jetpack_memberships_contains_paid_content":false,"footnotes":""},"categories":[27532],"tags":[],"class_list":["post-7171","post","type-post","status-publish","format-standard","hentry","category-prozesstage"],"yoast_head":"<!-- This site is optimized with the Yoast SEO plugin v21.0 - https:\/\/yoast.com\/wordpress\/plugins\/seo\/ -->\n<title>Ein Anwalt im Netzwerk der Rechten - Das NSU-Prozess-Blog<\/title>\n<meta name=\"robots\" content=\"index, follow, max-snippet:-1, max-image-preview:large, max-video-preview:-1\" \/>\n<link rel=\"canonical\" href=\"https:\/\/blog.zeit.de\/nsu-prozess-blog\/2014\/07\/08\/ein-anwalt-im-netzwerk-der-rechten\/\" \/>\n<meta property=\"og:locale\" content=\"de_DE\" \/>\n<meta property=\"og:type\" content=\"article\" \/>\n<meta property=\"og:title\" content=\"Ein Anwalt im Netzwerk der Rechten - Das NSU-Prozess-Blog\" \/>\n<meta property=\"og:description\" content=\"Der Anwalt Thomas Jauch soll Zsch\u00e4pe, Mundlos und B\u00f6hnhardt nach ihrer Flucht beraten haben. Vor Gericht mauert er \u2013 doch Unterst\u00fctzern des Trios ging er offenbar flei\u00dfig zur Hand. Wer in Mitteldeutschland lebt und sich zur rechtsextremen Szene bekennt, der stolpert fr\u00fcher oder sp\u00e4ter \u00fcber den Namen Thomas Jauch. Denn viele, die sich f\u00fcr die [&hellip;]\" \/>\n<meta property=\"og:url\" content=\"https:\/\/blog.zeit.de\/nsu-prozess-blog\/2014\/07\/08\/ein-anwalt-im-netzwerk-der-rechten\/\" \/>\n<meta property=\"og:site_name\" content=\"Das NSU-Prozess-Blog\" \/>\n<meta property=\"article:published_time\" content=\"2014-07-08T16:35:03+00:00\" \/>\n<meta property=\"article:modified_time\" content=\"2014-07-08T17:07:44+00:00\" \/>\n<meta name=\"author\" content=\"Tom Sundermann\" \/>\n<meta name=\"twitter:label1\" content=\"Geschrieben von\" \/>\n\t<meta name=\"twitter:data1\" content=\"Tom Sundermann\" \/>\n\t<meta name=\"twitter:label2\" content=\"Gesch\u00e4tzte Lesezeit\" \/>\n\t<meta name=\"twitter:data2\" content=\"4\u00a0Minuten\" \/>\n<script type=\"application\/ld+json\" class=\"yoast-schema-graph\">{\"@context\":\"https:\/\/schema.org\",\"@graph\":[{\"@type\":\"WebPage\",\"@id\":\"https:\/\/blog.zeit.de\/nsu-prozess-blog\/2014\/07\/08\/ein-anwalt-im-netzwerk-der-rechten\/\",\"url\":\"https:\/\/blog.zeit.de\/nsu-prozess-blog\/2014\/07\/08\/ein-anwalt-im-netzwerk-der-rechten\/\",\"name\":\"Ein Anwalt im Netzwerk der Rechten - Das NSU-Prozess-Blog\",\"isPartOf\":{\"@id\":\"https:\/\/blog.zeit.de\/nsu-prozess-blog\/#website\"},\"datePublished\":\"2014-07-08T16:35:03+00:00\",\"dateModified\":\"2014-07-08T17:07:44+00:00\",\"author\":{\"@id\":\"https:\/\/blog.zeit.de\/nsu-prozess-blog\/#\/schema\/person\/553ea9bb5d1fc2ae054c589bd59380a5\"},\"breadcrumb\":{\"@id\":\"https:\/\/blog.zeit.de\/nsu-prozess-blog\/2014\/07\/08\/ein-anwalt-im-netzwerk-der-rechten\/#breadcrumb\"},\"inLanguage\":\"de\",\"potentialAction\":[{\"@type\":\"ReadAction\",\"target\":[\"https:\/\/blog.zeit.de\/nsu-prozess-blog\/2014\/07\/08\/ein-anwalt-im-netzwerk-der-rechten\/\"]}]},{\"@type\":\"BreadcrumbList\",\"@id\":\"https:\/\/blog.zeit.de\/nsu-prozess-blog\/2014\/07\/08\/ein-anwalt-im-netzwerk-der-rechten\/#breadcrumb\",\"itemListElement\":[{\"@type\":\"ListItem\",\"position\":1,\"name\":\"Startseite\",\"item\":\"https:\/\/blog.zeit.de\/nsu-prozess-blog\/\"},{\"@type\":\"ListItem\",\"position\":2,\"name\":\"Ein Anwalt im Netzwerk der Rechten\"}]},{\"@type\":\"WebSite\",\"@id\":\"https:\/\/blog.zeit.de\/nsu-prozess-blog\/#website\",\"url\":\"https:\/\/blog.zeit.de\/nsu-prozess-blog\/\",\"name\":\"Das NSU-Prozess-Blog\",\"description\":\"Alle Berichte zum Terrorverfahren in M\u00fcnchen\",\"potentialAction\":[{\"@type\":\"SearchAction\",\"target\":{\"@type\":\"EntryPoint\",\"urlTemplate\":\"https:\/\/blog.zeit.de\/nsu-prozess-blog\/?s={search_term_string}\"},\"query-input\":\"required name=search_term_string\"}],\"inLanguage\":\"de\"},{\"@type\":\"Person\",\"@id\":\"https:\/\/blog.zeit.de\/nsu-prozess-blog\/#\/schema\/person\/553ea9bb5d1fc2ae054c589bd59380a5\",\"name\":\"Tom Sundermann\",\"image\":{\"@type\":\"ImageObject\",\"inLanguage\":\"de\",\"@id\":\"https:\/\/blog.zeit.de\/nsu-prozess-blog\/#\/schema\/person\/image\/\",\"url\":\"https:\/\/secure.gravatar.com\/avatar\/e108a3dc18766f719b2f797dc5d19093f06a1870c55b553ab6b7563f1f9a5e68?s=96&d=mm&r=g\",\"contentUrl\":\"https:\/\/secure.gravatar.com\/avatar\/e108a3dc18766f719b2f797dc5d19093f06a1870c55b553ab6b7563f1f9a5e68?s=96&d=mm&r=g\",\"caption\":\"Tom Sundermann\"},\"sameAs\":[\"https:\/\/twitter.com\/messeticker\"],\"url\":\"https:\/\/blog.zeit.de\/nsu-prozess-blog\/author\/tsundermann\/\"}]}<\/script>\n<!-- \/ Yoast SEO plugin. -->","yoast_head_json":{"title":"Ein Anwalt im Netzwerk der Rechten - Das NSU-Prozess-Blog","robots":{"index":"index","follow":"follow","max-snippet":"max-snippet:-1","max-image-preview":"max-image-preview:large","max-video-preview":"max-video-preview:-1"},"canonical":"https:\/\/blog.zeit.de\/nsu-prozess-blog\/2014\/07\/08\/ein-anwalt-im-netzwerk-der-rechten\/","og_locale":"de_DE","og_type":"article","og_title":"Ein Anwalt im Netzwerk der Rechten - Das NSU-Prozess-Blog","og_description":"Der Anwalt Thomas Jauch soll Zsch\u00e4pe, Mundlos und B\u00f6hnhardt nach ihrer Flucht beraten haben. Vor Gericht mauert er \u2013 doch Unterst\u00fctzern des Trios ging er offenbar flei\u00dfig zur Hand. Wer in Mitteldeutschland lebt und sich zur rechtsextremen Szene bekennt, der stolpert fr\u00fcher oder sp\u00e4ter \u00fcber den Namen Thomas Jauch. Denn viele, die sich f\u00fcr die [&hellip;]","og_url":"https:\/\/blog.zeit.de\/nsu-prozess-blog\/2014\/07\/08\/ein-anwalt-im-netzwerk-der-rechten\/","og_site_name":"Das NSU-Prozess-Blog","article_published_time":"2014-07-08T16:35:03+00:00","article_modified_time":"2014-07-08T17:07:44+00:00","author":"Tom Sundermann","twitter_misc":{"Geschrieben von":"Tom Sundermann","Gesch\u00e4tzte Lesezeit":"4\u00a0Minuten"},"schema":{"@context":"https:\/\/schema.org","@graph":[{"@type":"WebPage","@id":"https:\/\/blog.zeit.de\/nsu-prozess-blog\/2014\/07\/08\/ein-anwalt-im-netzwerk-der-rechten\/","url":"https:\/\/blog.zeit.de\/nsu-prozess-blog\/2014\/07\/08\/ein-anwalt-im-netzwerk-der-rechten\/","name":"Ein Anwalt im Netzwerk der Rechten - Das NSU-Prozess-Blog","isPartOf":{"@id":"https:\/\/blog.zeit.de\/nsu-prozess-blog\/#website"},"datePublished":"2014-07-08T16:35:03+00:00","dateModified":"2014-07-08T17:07:44+00:00","author":{"@id":"https:\/\/blog.zeit.de\/nsu-prozess-blog\/#\/schema\/person\/553ea9bb5d1fc2ae054c589bd59380a5"},"breadcrumb":{"@id":"https:\/\/blog.zeit.de\/nsu-prozess-blog\/2014\/07\/08\/ein-anwalt-im-netzwerk-der-rechten\/#breadcrumb"},"inLanguage":"de","potentialAction":[{"@type":"ReadAction","target":["https:\/\/blog.zeit.de\/nsu-prozess-blog\/2014\/07\/08\/ein-anwalt-im-netzwerk-der-rechten\/"]}]},{"@type":"BreadcrumbList","@id":"https:\/\/blog.zeit.de\/nsu-prozess-blog\/2014\/07\/08\/ein-anwalt-im-netzwerk-der-rechten\/#breadcrumb","itemListElement":[{"@type":"ListItem","position":1,"name":"Startseite","item":"https:\/\/blog.zeit.de\/nsu-prozess-blog\/"},{"@type":"ListItem","position":2,"name":"Ein Anwalt im Netzwerk der Rechten"}]},{"@type":"WebSite","@id":"https:\/\/blog.zeit.de\/nsu-prozess-blog\/#website","url":"https:\/\/blog.zeit.de\/nsu-prozess-blog\/","name":"Das NSU-Prozess-Blog","description":"Alle Berichte zum Terrorverfahren in M\u00fcnchen","potentialAction":[{"@type":"SearchAction","target":{"@type":"EntryPoint","urlTemplate":"https:\/\/blog.zeit.de\/nsu-prozess-blog\/?s={search_term_string}"},"query-input":"required name=search_term_string"}],"inLanguage":"de"},{"@type":"Person","@id":"https:\/\/blog.zeit.de\/nsu-prozess-blog\/#\/schema\/person\/553ea9bb5d1fc2ae054c589bd59380a5","name":"Tom Sundermann","image":{"@type":"ImageObject","inLanguage":"de","@id":"https:\/\/blog.zeit.de\/nsu-prozess-blog\/#\/schema\/person\/image\/","url":"https:\/\/secure.gravatar.com\/avatar\/e108a3dc18766f719b2f797dc5d19093f06a1870c55b553ab6b7563f1f9a5e68?s=96&d=mm&r=g","contentUrl":"https:\/\/secure.gravatar.com\/avatar\/e108a3dc18766f719b2f797dc5d19093f06a1870c55b553ab6b7563f1f9a5e68?s=96&d=mm&r=g","caption":"Tom Sundermann"},"sameAs":["https:\/\/twitter.com\/messeticker"],"url":"https:\/\/blog.zeit.de\/nsu-prozess-blog\/author\/tsundermann\/"}]}},"jetpack_featured_media_url":"","jetpack_sharing_enabled":true,"_links":{"self":[{"href":"https:\/\/blog.zeit.de\/nsu-prozess-blog\/wp-json\/wp\/v2\/posts\/7171","targetHints":{"allow":["GET"]}}],"collection":[{"href":"https:\/\/blog.zeit.de\/nsu-prozess-blog\/wp-json\/wp\/v2\/posts"}],"about":[{"href":"https:\/\/blog.zeit.de\/nsu-prozess-blog\/wp-json\/wp\/v2\/types\/post"}],"author":[{"embeddable":true,"href":"https:\/\/blog.zeit.de\/nsu-prozess-blog\/wp-json\/wp\/v2\/users\/435"}],"replies":[{"embeddable":true,"href":"https:\/\/blog.zeit.de\/nsu-prozess-blog\/wp-json\/wp\/v2\/comments?post=7171"}],"version-history":[{"count":5,"href":"https:\/\/blog.zeit.de\/nsu-prozess-blog\/wp-json\/wp\/v2\/posts\/7171\/revisions"}],"predecessor-version":[{"id":7176,"href":"https:\/\/blog.zeit.de\/nsu-prozess-blog\/wp-json\/wp\/v2\/posts\/7171\/revisions\/7176"}],"wp:attachment":[{"href":"https:\/\/blog.zeit.de\/nsu-prozess-blog\/wp-json\/wp\/v2\/media?parent=7171"}],"wp:term":[{"taxonomy":"category","embeddable":true,"href":"https:\/\/blog.zeit.de\/nsu-prozess-blog\/wp-json\/wp\/v2\/categories?post=7171"},{"taxonomy":"post_tag","embeddable":true,"href":"https:\/\/blog.zeit.de\/nsu-prozess-blog\/wp-json\/wp\/v2\/tags?post=7171"}],"curies":[{"name":"wp","href":"https:\/\/api.w.org\/{rel}","templated":true}]}}