{"id":7177,"date":"2014-07-09T10:57:47","date_gmt":"2014-07-09T08:57:47","guid":{"rendered":"http:\/\/blog.zeit.de\/nsu-prozess-blog\/?p=7177"},"modified":"2014-07-09T11:09:21","modified_gmt":"2014-07-09T09:09:21","slug":"medienlog-anwalt-thomas-jauch","status":"publish","type":"post","link":"https:\/\/blog.zeit.de\/nsu-prozess-blog\/2014\/07\/09\/medienlog-anwalt-thomas-jauch\/","title":{"rendered":"Szeneanwalt fordert das Gericht heraus \u2013 Das Medienlog vom Mittwoch, 9. Juli 2014"},"content":{"rendered":"<p>F\u00fcr einen bestens vernetzten Szeneanwalt hatte <a href=\"http:\/\/www.zeit.de\/gesellschaft\/zeitgeschehen\/2014-06\/neonazi-anwalt-jauch-sachsen-anhalt\">Thomas Jauch<\/a> aus Sachsen-Anhalt erstaunlich wenig zu sagen: Der Zeuge, der am 124. Verhandlungstag im Prozess auftrat, soll die NSU-Terroristen und zahlreiche andere Rechtsextreme aus Th\u00fcringen beraten haben. Doch der Anwalt berief sich immer wieder auf sein Recht zur Aussageverweigerung \u2013 und sorgte damit f\u00fcr eine qu\u00e4lend z\u00e4he Vernehmung.<\/p>\n<p>&#8222;Ein ums andere Mal versucht Richter Manfred G\u00f6tzl, den Panzer aus Abwehrfloskeln und angeblichen Erinnerungsl\u00fccken zu knacken&#8220;, beschreibt Per Hinrichs von der <a href=\"http:\/\/www.welt.de\/politik\/deutschland\/article129936517\/Thomas-Jauch-der-Anwalt-dem-die-Nazis-vertrauen.html\" target=\"_blank\"><em>Welt<\/em><\/a> die Sitzung. Jauch gab nur das N\u00f6tigste von sich \u2013 so &#8222;reiht er sich in den Kreis der Zeugen aus dem rechten Spektrum ein, die den Prozess bislang kaum vorangebracht haben&#8220;.<\/p>\n<p><!--more--><\/p>\n<p><em>An jedem Werktag sichten wir f\u00fcr das NSU-Prozess-Blog die Medien und stellen wichtige Berichte, Blogs, Videos und Tweets zusammen. Wir freuen uns \u00fcber Hinweise via Twitter mit dem Hashtag #nsublog \u2013 oder per E-Mail an <a href=\"mailto:nsublog@zeit.de\">nsublog@zeit.de<\/a>.<\/em><\/p>\n<p>Gebremst wurde die Verhandlung durch die st\u00e4ndigen Antr\u00e4ge der Verteidiger von Beate Zsch\u00e4pe und Ralf Wohlleben, die etliche Fragen der Nebenklage per Gerichtsbeschluss kassieren wollten \u2013 doch jedes Mal erfolglos. &#8222;Statt handhabbarere Aussagen zu gewinnen, haben sich s\u00e4mtliche Parteien heute einen Schlagabtausch in Sachen Strafprozessordnung geliefert&#8220;, bilanziert Mira Barthelmann vom <a href=\"http:\/\/www.br.de\/nachrichten\/nsu-prozess\/140708-tagebuch-gerichtsreporter-100.html\" target=\"_blank\">Bayerischen Rundfunk<\/a> die Sitzung. Jauch sei ein &#8222;Zeuge, der von Beginn der Befragung an nichts sagen will, kann oder darf&#8220;.<\/p>\n<p>&#8222;Dennoch entfaltet sich nach und nach das rechtsextreme Netzwerk, das Jauch besonders in Th\u00fcringen zu nutzen wusste&#8220;, analysiert <a href=\"https:\/\/blog.zeit.de\/nsu-prozess-blog\/2014\/07\/08\/ein-anwalt-im-netzwerk-der-rechten\/\" target=\"_blank\">ZEIT ONLINE<\/a>. Jauch best\u00e4tigte indirekt eine Vielzahl von Mandantenkontakten aus dem Umfeld des NSU, eingeschlossen der Angeklagten Holger G. und Carsten S. Eindeutig bekannt sei die Gesinnung des Anwalts bei potenziellen Klienten \u2013 diese k\u00f6nnten sicher sein, &#8222;in Jauch einen Anwalt zu finden, der die Verteidigung eines Rechtsradikalen nicht aus Gewissensgr\u00fcnden ablehnt&#8220;.<\/p>\n<p>An dem juristischen Fingerhakeln liest Kai Mudra von der <a href=\"http:\/\/www.thueringer-allgemeine.de\/web\/zgt\/suche\/detail\/-\/specific\/Frage-nach-V-Mann-Taetigkeit-eines-Anwalts-war-im-NSU-Prozess-zulaessig-1132798176\" target=\"_blank\"><em>Th\u00fcringer Allgemeinen<\/em><\/a> die Einstellung des Strafsenats ab: &#8222;Wenn rechtlich zul\u00e4ssig, wird das Gericht einen weiten Spielraum nutzen&#8220;, um Hinweise auf Schuld oder Unschuld der Angeklagten zu finden. Schlie\u00dflich handle es sich beim NSU-Verfahren um einen Indizienprozess.<\/p>\n<p>Ebenfalls als Zeugin geladen war eine Frau aus dem Eisenacher Viertel Stregda, die Beate Zsch\u00e4pe zwei Tage nach dem Selbstmord von Uwe Mundlos und Uwe B\u00f6hnhardt vor ihrem Haus gesehen haben will. Zsch\u00e4pe h\u00e4tte demnach den Ort aufgesucht, an dem ihre Kameraden den Tod gefunden hatten. Die Zeugin bemerkte die Frau, weil sie ortsfremd war und eigenartig wirkte. &#8222;Diesen kurzen Moment eines Aufmerkens, eines St\u00f6rgef\u00fchls, einer Irritation in Worte zu fassen, f\u00e4llt der Zeugin nicht leicht&#8220;, res\u00fcmiert Gisela Friedrichsen auf <a href=\"http:\/\/www.spiegel.de\/panorama\/justiz\/nsu-prozess-zeugin-will-zschaepe-in-eisenach-gesehen-haben-a-979938.html\" target=\"_blank\"><em>Spiegel Online<\/em><\/a>. Der Besuch k\u00f6nne als Zeichen der Verbundenheit Zsch\u00e4pes zu den M\u00e4nnern gesehen werden. &#8222;Auch so etwas k\u00f6nnte der Senat angesichts einer schweigenden Angeklagten im Sinn der Anklage bewerten.&#8220;<\/p>\n<p>Die f\u00fcr Donnerstag geplante Aussage von Zsch\u00e4pes Gro\u00dfmutter Anneliese A. f\u00e4llt ersatzlos aus. Wie das Oberlandesgericht mitteilte, meldete sich die Zeugin krank. Da sie angek\u00fcndigt hatte, als Angeh\u00f6rige die Aussage zu verweigern, wird die 90-J\u00e4hrige nicht erneut nach M\u00fcnchen beordert.<\/p>\n<p><em>Das n\u00e4chste Medienlog erscheint am Donnerstag, 10. Juli 2014.<\/em><\/p>\n","protected":false},"excerpt":{"rendered":"<p>F\u00fcr einen bestens vernetzten Szeneanwalt hatte Thomas Jauch aus Sachsen-Anhalt erstaunlich wenig zu sagen: Der Zeuge, der am 124. Verhandlungstag im Prozess auftrat, soll die NSU-Terroristen und zahlreiche andere Rechtsextreme aus Th\u00fcringen beraten haben. Doch der Anwalt berief sich immer wieder auf sein Recht zur Aussageverweigerung \u2013 und sorgte damit f\u00fcr eine qu\u00e4lend z\u00e4he Vernehmung. [&hellip;]<\/p>\n","protected":false},"author":435,"featured_media":0,"comment_status":"open","ping_status":"open","sticky":false,"template":"","format":"standard","meta":{"_jetpack_memberships_contains_paid_content":false,"footnotes":""},"categories":[27531],"tags":[29424,17793,29426,29527],"class_list":["post-7177","post","type-post","status-publish","format-standard","hentry","category-medienschau","tag-anwalte","tag-beate-zschape","tag-nebenklage","tag-thomas-jauch"],"yoast_head":"<!-- This site is optimized with the Yoast SEO plugin v21.0 - https:\/\/yoast.com\/wordpress\/plugins\/seo\/ -->\n<title>Szeneanwalt fordert das Gericht heraus \u2013 Das Medienlog vom Mittwoch, 9. Juli 2014 - Das NSU-Prozess-Blog<\/title>\n<meta name=\"robots\" content=\"index, follow, max-snippet:-1, max-image-preview:large, max-video-preview:-1\" \/>\n<link rel=\"canonical\" href=\"https:\/\/blog.zeit.de\/nsu-prozess-blog\/2014\/07\/09\/medienlog-anwalt-thomas-jauch\/\" \/>\n<meta property=\"og:locale\" content=\"de_DE\" \/>\n<meta property=\"og:type\" content=\"article\" \/>\n<meta property=\"og:title\" content=\"Szeneanwalt fordert das Gericht heraus \u2013 Das Medienlog vom Mittwoch, 9. Juli 2014 - Das NSU-Prozess-Blog\" \/>\n<meta property=\"og:description\" content=\"F\u00fcr einen bestens vernetzten Szeneanwalt hatte Thomas Jauch aus Sachsen-Anhalt erstaunlich wenig zu sagen: Der Zeuge, der am 124. Verhandlungstag im Prozess auftrat, soll die NSU-Terroristen und zahlreiche andere Rechtsextreme aus Th\u00fcringen beraten haben. Doch der Anwalt berief sich immer wieder auf sein Recht zur Aussageverweigerung \u2013 und sorgte damit f\u00fcr eine qu\u00e4lend z\u00e4he Vernehmung. [&hellip;]\" \/>\n<meta property=\"og:url\" content=\"https:\/\/blog.zeit.de\/nsu-prozess-blog\/2014\/07\/09\/medienlog-anwalt-thomas-jauch\/\" \/>\n<meta property=\"og:site_name\" content=\"Das NSU-Prozess-Blog\" \/>\n<meta property=\"article:published_time\" content=\"2014-07-09T08:57:47+00:00\" \/>\n<meta property=\"article:modified_time\" content=\"2014-07-09T09:09:21+00:00\" \/>\n<meta name=\"author\" content=\"Tom Sundermann\" \/>\n<meta name=\"twitter:label1\" content=\"Geschrieben von\" \/>\n\t<meta name=\"twitter:data1\" content=\"Tom Sundermann\" \/>\n\t<meta name=\"twitter:label2\" content=\"Gesch\u00e4tzte Lesezeit\" \/>\n\t<meta name=\"twitter:data2\" content=\"3\u00a0Minuten\" \/>\n<script type=\"application\/ld+json\" class=\"yoast-schema-graph\">{\"@context\":\"https:\/\/schema.org\",\"@graph\":[{\"@type\":\"WebPage\",\"@id\":\"https:\/\/blog.zeit.de\/nsu-prozess-blog\/2014\/07\/09\/medienlog-anwalt-thomas-jauch\/\",\"url\":\"https:\/\/blog.zeit.de\/nsu-prozess-blog\/2014\/07\/09\/medienlog-anwalt-thomas-jauch\/\",\"name\":\"Szeneanwalt fordert das Gericht heraus \u2013 Das Medienlog vom Mittwoch, 9. Juli 2014 - Das NSU-Prozess-Blog\",\"isPartOf\":{\"@id\":\"https:\/\/blog.zeit.de\/nsu-prozess-blog\/#website\"},\"datePublished\":\"2014-07-09T08:57:47+00:00\",\"dateModified\":\"2014-07-09T09:09:21+00:00\",\"author\":{\"@id\":\"https:\/\/blog.zeit.de\/nsu-prozess-blog\/#\/schema\/person\/553ea9bb5d1fc2ae054c589bd59380a5\"},\"breadcrumb\":{\"@id\":\"https:\/\/blog.zeit.de\/nsu-prozess-blog\/2014\/07\/09\/medienlog-anwalt-thomas-jauch\/#breadcrumb\"},\"inLanguage\":\"de\",\"potentialAction\":[{\"@type\":\"ReadAction\",\"target\":[\"https:\/\/blog.zeit.de\/nsu-prozess-blog\/2014\/07\/09\/medienlog-anwalt-thomas-jauch\/\"]}]},{\"@type\":\"BreadcrumbList\",\"@id\":\"https:\/\/blog.zeit.de\/nsu-prozess-blog\/2014\/07\/09\/medienlog-anwalt-thomas-jauch\/#breadcrumb\",\"itemListElement\":[{\"@type\":\"ListItem\",\"position\":1,\"name\":\"Startseite\",\"item\":\"https:\/\/blog.zeit.de\/nsu-prozess-blog\/\"},{\"@type\":\"ListItem\",\"position\":2,\"name\":\"Szeneanwalt fordert das Gericht heraus \u2013 Das Medienlog vom Mittwoch, 9. Juli 2014\"}]},{\"@type\":\"WebSite\",\"@id\":\"https:\/\/blog.zeit.de\/nsu-prozess-blog\/#website\",\"url\":\"https:\/\/blog.zeit.de\/nsu-prozess-blog\/\",\"name\":\"Das NSU-Prozess-Blog\",\"description\":\"Alle Berichte zum Terrorverfahren in M\u00fcnchen\",\"potentialAction\":[{\"@type\":\"SearchAction\",\"target\":{\"@type\":\"EntryPoint\",\"urlTemplate\":\"https:\/\/blog.zeit.de\/nsu-prozess-blog\/?s={search_term_string}\"},\"query-input\":\"required name=search_term_string\"}],\"inLanguage\":\"de\"},{\"@type\":\"Person\",\"@id\":\"https:\/\/blog.zeit.de\/nsu-prozess-blog\/#\/schema\/person\/553ea9bb5d1fc2ae054c589bd59380a5\",\"name\":\"Tom Sundermann\",\"image\":{\"@type\":\"ImageObject\",\"inLanguage\":\"de\",\"@id\":\"https:\/\/blog.zeit.de\/nsu-prozess-blog\/#\/schema\/person\/image\/\",\"url\":\"https:\/\/secure.gravatar.com\/avatar\/e108a3dc18766f719b2f797dc5d19093f06a1870c55b553ab6b7563f1f9a5e68?s=96&d=mm&r=g\",\"contentUrl\":\"https:\/\/secure.gravatar.com\/avatar\/e108a3dc18766f719b2f797dc5d19093f06a1870c55b553ab6b7563f1f9a5e68?s=96&d=mm&r=g\",\"caption\":\"Tom Sundermann\"},\"sameAs\":[\"https:\/\/twitter.com\/messeticker\"],\"url\":\"https:\/\/blog.zeit.de\/nsu-prozess-blog\/author\/tsundermann\/\"}]}<\/script>\n<!-- \/ Yoast SEO plugin. -->","yoast_head_json":{"title":"Szeneanwalt fordert das Gericht heraus \u2013 Das Medienlog vom Mittwoch, 9. Juli 2014 - Das NSU-Prozess-Blog","robots":{"index":"index","follow":"follow","max-snippet":"max-snippet:-1","max-image-preview":"max-image-preview:large","max-video-preview":"max-video-preview:-1"},"canonical":"https:\/\/blog.zeit.de\/nsu-prozess-blog\/2014\/07\/09\/medienlog-anwalt-thomas-jauch\/","og_locale":"de_DE","og_type":"article","og_title":"Szeneanwalt fordert das Gericht heraus \u2013 Das Medienlog vom Mittwoch, 9. Juli 2014 - Das NSU-Prozess-Blog","og_description":"F\u00fcr einen bestens vernetzten Szeneanwalt hatte Thomas Jauch aus Sachsen-Anhalt erstaunlich wenig zu sagen: Der Zeuge, der am 124. Verhandlungstag im Prozess auftrat, soll die NSU-Terroristen und zahlreiche andere Rechtsextreme aus Th\u00fcringen beraten haben. Doch der Anwalt berief sich immer wieder auf sein Recht zur Aussageverweigerung \u2013 und sorgte damit f\u00fcr eine qu\u00e4lend z\u00e4he Vernehmung. [&hellip;]","og_url":"https:\/\/blog.zeit.de\/nsu-prozess-blog\/2014\/07\/09\/medienlog-anwalt-thomas-jauch\/","og_site_name":"Das NSU-Prozess-Blog","article_published_time":"2014-07-09T08:57:47+00:00","article_modified_time":"2014-07-09T09:09:21+00:00","author":"Tom Sundermann","twitter_misc":{"Geschrieben von":"Tom Sundermann","Gesch\u00e4tzte Lesezeit":"3\u00a0Minuten"},"schema":{"@context":"https:\/\/schema.org","@graph":[{"@type":"WebPage","@id":"https:\/\/blog.zeit.de\/nsu-prozess-blog\/2014\/07\/09\/medienlog-anwalt-thomas-jauch\/","url":"https:\/\/blog.zeit.de\/nsu-prozess-blog\/2014\/07\/09\/medienlog-anwalt-thomas-jauch\/","name":"Szeneanwalt fordert das Gericht heraus \u2013 Das Medienlog vom Mittwoch, 9. Juli 2014 - Das NSU-Prozess-Blog","isPartOf":{"@id":"https:\/\/blog.zeit.de\/nsu-prozess-blog\/#website"},"datePublished":"2014-07-09T08:57:47+00:00","dateModified":"2014-07-09T09:09:21+00:00","author":{"@id":"https:\/\/blog.zeit.de\/nsu-prozess-blog\/#\/schema\/person\/553ea9bb5d1fc2ae054c589bd59380a5"},"breadcrumb":{"@id":"https:\/\/blog.zeit.de\/nsu-prozess-blog\/2014\/07\/09\/medienlog-anwalt-thomas-jauch\/#breadcrumb"},"inLanguage":"de","potentialAction":[{"@type":"ReadAction","target":["https:\/\/blog.zeit.de\/nsu-prozess-blog\/2014\/07\/09\/medienlog-anwalt-thomas-jauch\/"]}]},{"@type":"BreadcrumbList","@id":"https:\/\/blog.zeit.de\/nsu-prozess-blog\/2014\/07\/09\/medienlog-anwalt-thomas-jauch\/#breadcrumb","itemListElement":[{"@type":"ListItem","position":1,"name":"Startseite","item":"https:\/\/blog.zeit.de\/nsu-prozess-blog\/"},{"@type":"ListItem","position":2,"name":"Szeneanwalt fordert das Gericht heraus \u2013 Das Medienlog vom Mittwoch, 9. Juli 2014"}]},{"@type":"WebSite","@id":"https:\/\/blog.zeit.de\/nsu-prozess-blog\/#website","url":"https:\/\/blog.zeit.de\/nsu-prozess-blog\/","name":"Das NSU-Prozess-Blog","description":"Alle Berichte zum Terrorverfahren in M\u00fcnchen","potentialAction":[{"@type":"SearchAction","target":{"@type":"EntryPoint","urlTemplate":"https:\/\/blog.zeit.de\/nsu-prozess-blog\/?s={search_term_string}"},"query-input":"required name=search_term_string"}],"inLanguage":"de"},{"@type":"Person","@id":"https:\/\/blog.zeit.de\/nsu-prozess-blog\/#\/schema\/person\/553ea9bb5d1fc2ae054c589bd59380a5","name":"Tom Sundermann","image":{"@type":"ImageObject","inLanguage":"de","@id":"https:\/\/blog.zeit.de\/nsu-prozess-blog\/#\/schema\/person\/image\/","url":"https:\/\/secure.gravatar.com\/avatar\/e108a3dc18766f719b2f797dc5d19093f06a1870c55b553ab6b7563f1f9a5e68?s=96&d=mm&r=g","contentUrl":"https:\/\/secure.gravatar.com\/avatar\/e108a3dc18766f719b2f797dc5d19093f06a1870c55b553ab6b7563f1f9a5e68?s=96&d=mm&r=g","caption":"Tom Sundermann"},"sameAs":["https:\/\/twitter.com\/messeticker"],"url":"https:\/\/blog.zeit.de\/nsu-prozess-blog\/author\/tsundermann\/"}]}},"jetpack_featured_media_url":"","jetpack_sharing_enabled":true,"_links":{"self":[{"href":"https:\/\/blog.zeit.de\/nsu-prozess-blog\/wp-json\/wp\/v2\/posts\/7177","targetHints":{"allow":["GET"]}}],"collection":[{"href":"https:\/\/blog.zeit.de\/nsu-prozess-blog\/wp-json\/wp\/v2\/posts"}],"about":[{"href":"https:\/\/blog.zeit.de\/nsu-prozess-blog\/wp-json\/wp\/v2\/types\/post"}],"author":[{"embeddable":true,"href":"https:\/\/blog.zeit.de\/nsu-prozess-blog\/wp-json\/wp\/v2\/users\/435"}],"replies":[{"embeddable":true,"href":"https:\/\/blog.zeit.de\/nsu-prozess-blog\/wp-json\/wp\/v2\/comments?post=7177"}],"version-history":[{"count":9,"href":"https:\/\/blog.zeit.de\/nsu-prozess-blog\/wp-json\/wp\/v2\/posts\/7177\/revisions"}],"predecessor-version":[{"id":7191,"href":"https:\/\/blog.zeit.de\/nsu-prozess-blog\/wp-json\/wp\/v2\/posts\/7177\/revisions\/7191"}],"wp:attachment":[{"href":"https:\/\/blog.zeit.de\/nsu-prozess-blog\/wp-json\/wp\/v2\/media?parent=7177"}],"wp:term":[{"taxonomy":"category","embeddable":true,"href":"https:\/\/blog.zeit.de\/nsu-prozess-blog\/wp-json\/wp\/v2\/categories?post=7177"},{"taxonomy":"post_tag","embeddable":true,"href":"https:\/\/blog.zeit.de\/nsu-prozess-blog\/wp-json\/wp\/v2\/tags?post=7177"}],"curies":[{"name":"wp","href":"https:\/\/api.w.org\/{rel}","templated":true}]}}