{"id":7192,"date":"2014-07-09T18:19:41","date_gmt":"2014-07-09T16:19:41","guid":{"rendered":"http:\/\/blog.zeit.de\/nsu-prozess-blog\/?p=7192"},"modified":"2014-07-09T20:09:44","modified_gmt":"2014-07-09T18:09:44","slug":"naives-opfer-oder-williger-helfer-fuer-terror-trio","status":"publish","type":"post","link":"https:\/\/blog.zeit.de\/nsu-prozess-blog\/2014\/07\/09\/naives-opfer-oder-williger-helfer-fuer-terror-trio\/","title":{"rendered":"Naives Opfer oder williger Helfer der Terroristen?"},"content":{"rendered":"<p>Mindestens acht Zeugen aus dem NSU-Prozess d\u00fcrften nach dem Urteil in M\u00fcnchen selbst juristischen \u00c4rger bekommen. So viele Ermittlungsverfahren f\u00fchrt der Generalbundesanwalt gegen mutma\u00dfliche Unterst\u00fctzer der Terrorgruppe. Einer davon ist Matthias D. Der 38-J\u00e4hrige ist eine plumpe Erscheinung mit Stiernacken. Doch D. sollte nicht untersch\u00e4tzt werden. Die Beh\u00f6rden identifizierten ihn als engagierten Rechtsradikalen, als Anf\u00fchrer der Brigade Ost, einer Nazi-Kameradschaft in seiner Heimat im Erzgebirge.<\/p>\n<p>Als Zeuge ist er jedoch nach M\u00fcnchen geladen, weil er der Zwickauer Gruppe zur Tarnung seine Identit\u00e4t geliehen haben soll. Sein Name stand an T\u00fcr und Briefkasten der letzten Wohnung der drei. Wegen der laufenden Ermittlungen darf D. die Aussage verweigern \u2013 und beruft sich prompt auf sein Recht. Nach drei Minuten ist der Auftritt vorbei. Wie viele andere mutma\u00dfliche Unterst\u00fctzer schweigt D. zwar vor Gericht, hatte aber eine Aussage bei der Polizei gemacht. Direkt im Anschluss sagt deshalb der Beamte des Zwickauer Pr\u00e4sidiums aus, der den Zeugen vernommen hatte.<\/p>\n<p>D. kam damals mit einem Anwalt zur Befragung, gerade zwei Tage nach dem Ende des NSU im November 2011. Die Faktenlage war noch d\u00fcnn und die Ermittler weitgehend ahnungslos. In ihren Augen war der Zeuge durch ungl\u00fcckliche Umst\u00e4nde in die Sache hineingeraten. Die Bundesanwaltschaft, die sp\u00e4ter die Ermittlungen an sich zog, sah das anders: Anfang Dezember 2011 erreichte sie, dass D. f\u00fcr ein halbes Jahr in Untersuchungshaft genommen wurde.<\/p>\n<p><strong>Max, Gerri und Liese<\/strong><\/p>\n<p>&#8222;Ich habe ihn als etwas naiv eingesch\u00e4tzt&#8220;, beschreibt der Polizist Volker F. seinen Eindruck. So hatte sich D. jedenfalls dargestellt: Er arbeitete als Fernfahrer und lebte im Erzgebirge. Weil er jedoch h\u00e4ufig von Zwickau aus fuhr, suchte er dort ein Zimmer f\u00fcr gelegentliche \u00dcbernachtungen. Die L\u00f6sung bot ihm sein Kumpel Andr\u00e9 E. an, der heute neben Beate Zsch\u00e4pe auf der Anklagebank sitzt: Ein Freund suchte im Jahr 2001 eine Wohnung, bekam aber keine, weil er Schulden und eine negative Kreditauskunft hatte. D. sollte einen Mietvertrag unterschreiben und den Freund offiziell als Untermieter aufnehmen. Dieser sollte dann in der Wohnung leben und D. ab und zu dort schlafen lassen.<\/p>\n<p>D. willigte ein. Auf dem Vertrag f\u00fcr den Untermieter stand der Name Max-Florian B. Dahinter verbarg sich allerdings Uwe Mundlos. Und er zog nicht allein in die Wohnung: Mit ihm lebten ein gewisser Gerri und eine Liese \u2013 Uwe B\u00f6hnhardt und Beate Zsch\u00e4pe. D. hielt die beiden f\u00fcr ein Paar. Vor manchen Touren kam der Hauptmieter dann f\u00fcr eine Nacht in die Wohnung, daf\u00fcr gab er Mundlos 50 bis 70 Euro im Monat. Der zahlte die Miete an den Vermieter.<\/p>\n<p>Sollte die Version stimmen, w\u00e4re D. ein Zufallshelfer des NSU, ein Opfer der trickreichen Verschleierung, die sich die Drei ausgedacht hatte. Mit seinem Namen im Mietvertrag konnten die vor der Polizei gefl\u00fcchteten Rechtsextremen ungest\u00f6rt in einer normalen Nachbarschaft leben. Doch es gibt Indizien, die gegen eine Rolle von D. als naivem Helfer sprechen.<\/p>\n<p><strong>Anrufe nur aus der Telefonzelle<\/strong><\/p>\n<p>Im Herbst 2008 zogen Max, Gerri und Liese in die Fr\u00fchlingsstra\u00dfe 26 in Zwickau \u2013 die letzte Wohnung. Wieder unterschrieb D. im Austausch f\u00fcr ein Zimmer den Vertrag. In dem Haus war ausschlie\u00dflich der Name von D. am Briefkasten und dem Klingelschild angebracht. Ob ihn das nicht gewundert habe, fragte ihn Polizist F. Darauf entgegnete D., Max-Florian B. habe ihm gesagt, er wolle wegen seiner Schulden Ruhe zu Hause haben. Damit habe er sich zufriedengegeben.<\/p>\n<p>Es ist nicht die einzige Merkw\u00fcrdigkeit: D. hatte keine Telefonnummer seiner Untermieter. Wenn sie etwas von ihm wollten, riefen sie ihn aus einer Telefonzelle an. Vom Mietvertrag bekam er kein Exemplar, das habe B. gleich wieder mitgenommen. Einmal im Jahr gab es zudem eine R\u00fcckzahlung \u00fcbersch\u00fcssiger Betriebskostenvorsch\u00fcsse vom Vermieter aufs Konto von D. Das Geld hob er ab und gab es B. in bar \u2013 obwohl die Untermieter die Miete per \u00dcberweisung an den Hauseigent\u00fcmer zahlten. Daf\u00fcr nutzten sie allerdings ein Konto, das auf einen weiteren Tarnnamen lief.<\/p>\n<p>\u00dcber so viel Geheimniskr\u00e4merei h\u00e4tten sich normale Mieter gewundert. Nicht so Matthias D. Die Marotten seiner Untermieter akzeptierte er, ohne Verdacht zu sch\u00f6pfen. Vielleicht, weil er wusste, was die drei im Schilde f\u00fchrten.<\/p>\n<p><strong>Keine Springerstiefel in der Wohnung<\/strong><\/p>\n<p>Am Nachmittag tritt Jan B\u00f6hnhardt in den Zeugenstand, der gro\u00dfe Bruder von Uwe B\u00f6hnhardt. Der 44-J\u00e4hrige arbeitet als Kraftfahrer und hat eine Tochter. Im Gegensatz zu seinem acht Jahre j\u00fcngeren Bruder kam er mit der rechten Szene nicht in Kontakt. Er habe sich gew\u00fcnscht, Uwe w\u00fcrde den Absprung schaffen, erz\u00e4hlt er: &#8222;In meiner Wohnung durfte er keine Springerstiefel anziehen.&#8220; In die Szene sei er geraten, weil er sich allein gef\u00fchlt habe und bei etwas dabei sein wollte \u2013 &#8222;das war damals Kult&#8220;.<\/p>\n<p>Im Januar 1998 ging Uwe B\u00f6hnhardt mit Mundlos und Zsch\u00e4pe in den Untergrund. Er sei &#8222;irgendwann ausgerissen&#8220;, beschreibt Jan B\u00f6hnhardt die Flucht des Bruders. Kontakt hatte er nie wieder mit Uwe, w\u00e4hrend die Eltern der beiden alle Drei noch dreimal in einem Chemnitzer Park trafen. &#8222;Sie wollten mich da nicht mit reinziehen&#8220;, sagt B\u00f6hnhardt.<\/p>\n","protected":false},"excerpt":{"rendered":"<p>Mindestens acht Zeugen aus dem NSU-Prozess d\u00fcrften nach dem Urteil in M\u00fcnchen selbst juristischen \u00c4rger bekommen. So viele Ermittlungsverfahren f\u00fchrt der Generalbundesanwalt gegen mutma\u00dfliche Unterst\u00fctzer der Terrorgruppe. Einer davon ist Matthias D. Der 38-J\u00e4hrige ist eine plumpe Erscheinung mit Stiernacken. Doch D. sollte nicht untersch\u00e4tzt werden. Die Beh\u00f6rden identifizierten ihn als engagierten Rechtsradikalen, als Anf\u00fchrer [&hellip;]<\/p>\n","protected":false},"author":435,"featured_media":0,"comment_status":"open","ping_status":"open","sticky":false,"template":"","format":"standard","meta":{"_jetpack_memberships_contains_paid_content":false,"footnotes":""},"categories":[27532],"tags":[],"class_list":["post-7192","post","type-post","status-publish","format-standard","hentry","category-prozesstage"],"yoast_head":"<!-- This site is optimized with the Yoast SEO plugin v21.0 - https:\/\/yoast.com\/wordpress\/plugins\/seo\/ -->\n<title>Naives Opfer oder williger Helfer der Terroristen? - Das NSU-Prozess-Blog<\/title>\n<meta name=\"robots\" content=\"index, follow, max-snippet:-1, max-image-preview:large, max-video-preview:-1\" \/>\n<link rel=\"canonical\" href=\"https:\/\/blog.zeit.de\/nsu-prozess-blog\/2014\/07\/09\/naives-opfer-oder-williger-helfer-fuer-terror-trio\/\" \/>\n<meta property=\"og:locale\" content=\"de_DE\" \/>\n<meta property=\"og:type\" content=\"article\" \/>\n<meta property=\"og:title\" content=\"Naives Opfer oder williger Helfer der Terroristen? - Das NSU-Prozess-Blog\" \/>\n<meta property=\"og:description\" content=\"Mindestens acht Zeugen aus dem NSU-Prozess d\u00fcrften nach dem Urteil in M\u00fcnchen selbst juristischen \u00c4rger bekommen. So viele Ermittlungsverfahren f\u00fchrt der Generalbundesanwalt gegen mutma\u00dfliche Unterst\u00fctzer der Terrorgruppe. Einer davon ist Matthias D. Der 38-J\u00e4hrige ist eine plumpe Erscheinung mit Stiernacken. Doch D. sollte nicht untersch\u00e4tzt werden. Die Beh\u00f6rden identifizierten ihn als engagierten Rechtsradikalen, als Anf\u00fchrer [&hellip;]\" \/>\n<meta property=\"og:url\" content=\"https:\/\/blog.zeit.de\/nsu-prozess-blog\/2014\/07\/09\/naives-opfer-oder-williger-helfer-fuer-terror-trio\/\" \/>\n<meta property=\"og:site_name\" content=\"Das NSU-Prozess-Blog\" \/>\n<meta property=\"article:published_time\" content=\"2014-07-09T16:19:41+00:00\" \/>\n<meta property=\"article:modified_time\" content=\"2014-07-09T18:09:44+00:00\" \/>\n<meta name=\"author\" content=\"Tom Sundermann\" \/>\n<meta name=\"twitter:label1\" content=\"Geschrieben von\" \/>\n\t<meta name=\"twitter:data1\" content=\"Tom Sundermann\" \/>\n\t<meta name=\"twitter:label2\" content=\"Gesch\u00e4tzte Lesezeit\" \/>\n\t<meta name=\"twitter:data2\" content=\"4\u00a0Minuten\" \/>\n<script type=\"application\/ld+json\" class=\"yoast-schema-graph\">{\"@context\":\"https:\/\/schema.org\",\"@graph\":[{\"@type\":\"WebPage\",\"@id\":\"https:\/\/blog.zeit.de\/nsu-prozess-blog\/2014\/07\/09\/naives-opfer-oder-williger-helfer-fuer-terror-trio\/\",\"url\":\"https:\/\/blog.zeit.de\/nsu-prozess-blog\/2014\/07\/09\/naives-opfer-oder-williger-helfer-fuer-terror-trio\/\",\"name\":\"Naives Opfer oder williger Helfer der Terroristen? - Das NSU-Prozess-Blog\",\"isPartOf\":{\"@id\":\"https:\/\/blog.zeit.de\/nsu-prozess-blog\/#website\"},\"datePublished\":\"2014-07-09T16:19:41+00:00\",\"dateModified\":\"2014-07-09T18:09:44+00:00\",\"author\":{\"@id\":\"https:\/\/blog.zeit.de\/nsu-prozess-blog\/#\/schema\/person\/553ea9bb5d1fc2ae054c589bd59380a5\"},\"breadcrumb\":{\"@id\":\"https:\/\/blog.zeit.de\/nsu-prozess-blog\/2014\/07\/09\/naives-opfer-oder-williger-helfer-fuer-terror-trio\/#breadcrumb\"},\"inLanguage\":\"de\",\"potentialAction\":[{\"@type\":\"ReadAction\",\"target\":[\"https:\/\/blog.zeit.de\/nsu-prozess-blog\/2014\/07\/09\/naives-opfer-oder-williger-helfer-fuer-terror-trio\/\"]}]},{\"@type\":\"BreadcrumbList\",\"@id\":\"https:\/\/blog.zeit.de\/nsu-prozess-blog\/2014\/07\/09\/naives-opfer-oder-williger-helfer-fuer-terror-trio\/#breadcrumb\",\"itemListElement\":[{\"@type\":\"ListItem\",\"position\":1,\"name\":\"Startseite\",\"item\":\"https:\/\/blog.zeit.de\/nsu-prozess-blog\/\"},{\"@type\":\"ListItem\",\"position\":2,\"name\":\"Naives Opfer oder williger Helfer der Terroristen?\"}]},{\"@type\":\"WebSite\",\"@id\":\"https:\/\/blog.zeit.de\/nsu-prozess-blog\/#website\",\"url\":\"https:\/\/blog.zeit.de\/nsu-prozess-blog\/\",\"name\":\"Das NSU-Prozess-Blog\",\"description\":\"Alle Berichte zum Terrorverfahren in M\u00fcnchen\",\"potentialAction\":[{\"@type\":\"SearchAction\",\"target\":{\"@type\":\"EntryPoint\",\"urlTemplate\":\"https:\/\/blog.zeit.de\/nsu-prozess-blog\/?s={search_term_string}\"},\"query-input\":\"required name=search_term_string\"}],\"inLanguage\":\"de\"},{\"@type\":\"Person\",\"@id\":\"https:\/\/blog.zeit.de\/nsu-prozess-blog\/#\/schema\/person\/553ea9bb5d1fc2ae054c589bd59380a5\",\"name\":\"Tom Sundermann\",\"image\":{\"@type\":\"ImageObject\",\"inLanguage\":\"de\",\"@id\":\"https:\/\/blog.zeit.de\/nsu-prozess-blog\/#\/schema\/person\/image\/\",\"url\":\"https:\/\/secure.gravatar.com\/avatar\/e108a3dc18766f719b2f797dc5d19093f06a1870c55b553ab6b7563f1f9a5e68?s=96&d=mm&r=g\",\"contentUrl\":\"https:\/\/secure.gravatar.com\/avatar\/e108a3dc18766f719b2f797dc5d19093f06a1870c55b553ab6b7563f1f9a5e68?s=96&d=mm&r=g\",\"caption\":\"Tom Sundermann\"},\"sameAs\":[\"https:\/\/twitter.com\/messeticker\"],\"url\":\"https:\/\/blog.zeit.de\/nsu-prozess-blog\/author\/tsundermann\/\"}]}<\/script>\n<!-- \/ Yoast SEO plugin. -->","yoast_head_json":{"title":"Naives Opfer oder williger Helfer der Terroristen? - Das NSU-Prozess-Blog","robots":{"index":"index","follow":"follow","max-snippet":"max-snippet:-1","max-image-preview":"max-image-preview:large","max-video-preview":"max-video-preview:-1"},"canonical":"https:\/\/blog.zeit.de\/nsu-prozess-blog\/2014\/07\/09\/naives-opfer-oder-williger-helfer-fuer-terror-trio\/","og_locale":"de_DE","og_type":"article","og_title":"Naives Opfer oder williger Helfer der Terroristen? - Das NSU-Prozess-Blog","og_description":"Mindestens acht Zeugen aus dem NSU-Prozess d\u00fcrften nach dem Urteil in M\u00fcnchen selbst juristischen \u00c4rger bekommen. So viele Ermittlungsverfahren f\u00fchrt der Generalbundesanwalt gegen mutma\u00dfliche Unterst\u00fctzer der Terrorgruppe. Einer davon ist Matthias D. Der 38-J\u00e4hrige ist eine plumpe Erscheinung mit Stiernacken. Doch D. sollte nicht untersch\u00e4tzt werden. Die Beh\u00f6rden identifizierten ihn als engagierten Rechtsradikalen, als Anf\u00fchrer [&hellip;]","og_url":"https:\/\/blog.zeit.de\/nsu-prozess-blog\/2014\/07\/09\/naives-opfer-oder-williger-helfer-fuer-terror-trio\/","og_site_name":"Das NSU-Prozess-Blog","article_published_time":"2014-07-09T16:19:41+00:00","article_modified_time":"2014-07-09T18:09:44+00:00","author":"Tom Sundermann","twitter_misc":{"Geschrieben von":"Tom Sundermann","Gesch\u00e4tzte Lesezeit":"4\u00a0Minuten"},"schema":{"@context":"https:\/\/schema.org","@graph":[{"@type":"WebPage","@id":"https:\/\/blog.zeit.de\/nsu-prozess-blog\/2014\/07\/09\/naives-opfer-oder-williger-helfer-fuer-terror-trio\/","url":"https:\/\/blog.zeit.de\/nsu-prozess-blog\/2014\/07\/09\/naives-opfer-oder-williger-helfer-fuer-terror-trio\/","name":"Naives Opfer oder williger Helfer der Terroristen? - Das NSU-Prozess-Blog","isPartOf":{"@id":"https:\/\/blog.zeit.de\/nsu-prozess-blog\/#website"},"datePublished":"2014-07-09T16:19:41+00:00","dateModified":"2014-07-09T18:09:44+00:00","author":{"@id":"https:\/\/blog.zeit.de\/nsu-prozess-blog\/#\/schema\/person\/553ea9bb5d1fc2ae054c589bd59380a5"},"breadcrumb":{"@id":"https:\/\/blog.zeit.de\/nsu-prozess-blog\/2014\/07\/09\/naives-opfer-oder-williger-helfer-fuer-terror-trio\/#breadcrumb"},"inLanguage":"de","potentialAction":[{"@type":"ReadAction","target":["https:\/\/blog.zeit.de\/nsu-prozess-blog\/2014\/07\/09\/naives-opfer-oder-williger-helfer-fuer-terror-trio\/"]}]},{"@type":"BreadcrumbList","@id":"https:\/\/blog.zeit.de\/nsu-prozess-blog\/2014\/07\/09\/naives-opfer-oder-williger-helfer-fuer-terror-trio\/#breadcrumb","itemListElement":[{"@type":"ListItem","position":1,"name":"Startseite","item":"https:\/\/blog.zeit.de\/nsu-prozess-blog\/"},{"@type":"ListItem","position":2,"name":"Naives Opfer oder williger Helfer der Terroristen?"}]},{"@type":"WebSite","@id":"https:\/\/blog.zeit.de\/nsu-prozess-blog\/#website","url":"https:\/\/blog.zeit.de\/nsu-prozess-blog\/","name":"Das NSU-Prozess-Blog","description":"Alle Berichte zum Terrorverfahren in M\u00fcnchen","potentialAction":[{"@type":"SearchAction","target":{"@type":"EntryPoint","urlTemplate":"https:\/\/blog.zeit.de\/nsu-prozess-blog\/?s={search_term_string}"},"query-input":"required name=search_term_string"}],"inLanguage":"de"},{"@type":"Person","@id":"https:\/\/blog.zeit.de\/nsu-prozess-blog\/#\/schema\/person\/553ea9bb5d1fc2ae054c589bd59380a5","name":"Tom Sundermann","image":{"@type":"ImageObject","inLanguage":"de","@id":"https:\/\/blog.zeit.de\/nsu-prozess-blog\/#\/schema\/person\/image\/","url":"https:\/\/secure.gravatar.com\/avatar\/e108a3dc18766f719b2f797dc5d19093f06a1870c55b553ab6b7563f1f9a5e68?s=96&d=mm&r=g","contentUrl":"https:\/\/secure.gravatar.com\/avatar\/e108a3dc18766f719b2f797dc5d19093f06a1870c55b553ab6b7563f1f9a5e68?s=96&d=mm&r=g","caption":"Tom Sundermann"},"sameAs":["https:\/\/twitter.com\/messeticker"],"url":"https:\/\/blog.zeit.de\/nsu-prozess-blog\/author\/tsundermann\/"}]}},"jetpack_featured_media_url":"","jetpack_sharing_enabled":true,"_links":{"self":[{"href":"https:\/\/blog.zeit.de\/nsu-prozess-blog\/wp-json\/wp\/v2\/posts\/7192","targetHints":{"allow":["GET"]}}],"collection":[{"href":"https:\/\/blog.zeit.de\/nsu-prozess-blog\/wp-json\/wp\/v2\/posts"}],"about":[{"href":"https:\/\/blog.zeit.de\/nsu-prozess-blog\/wp-json\/wp\/v2\/types\/post"}],"author":[{"embeddable":true,"href":"https:\/\/blog.zeit.de\/nsu-prozess-blog\/wp-json\/wp\/v2\/users\/435"}],"replies":[{"embeddable":true,"href":"https:\/\/blog.zeit.de\/nsu-prozess-blog\/wp-json\/wp\/v2\/comments?post=7192"}],"version-history":[{"count":9,"href":"https:\/\/blog.zeit.de\/nsu-prozess-blog\/wp-json\/wp\/v2\/posts\/7192\/revisions"}],"predecessor-version":[{"id":7201,"href":"https:\/\/blog.zeit.de\/nsu-prozess-blog\/wp-json\/wp\/v2\/posts\/7192\/revisions\/7201"}],"wp:attachment":[{"href":"https:\/\/blog.zeit.de\/nsu-prozess-blog\/wp-json\/wp\/v2\/media?parent=7192"}],"wp:term":[{"taxonomy":"category","embeddable":true,"href":"https:\/\/blog.zeit.de\/nsu-prozess-blog\/wp-json\/wp\/v2\/categories?post=7192"},{"taxonomy":"post_tag","embeddable":true,"href":"https:\/\/blog.zeit.de\/nsu-prozess-blog\/wp-json\/wp\/v2\/tags?post=7192"}],"curies":[{"name":"wp","href":"https:\/\/api.w.org\/{rel}","templated":true}]}}