{"id":7202,"date":"2014-07-10T08:39:01","date_gmt":"2014-07-10T06:39:01","guid":{"rendered":"http:\/\/blog.zeit.de\/nsu-prozess-blog\/?p=7202"},"modified":"2014-07-10T09:35:51","modified_gmt":"2014-07-10T07:35:51","slug":"medienlog-uwe-boehnhardt-bruder","status":"publish","type":"post","link":"https:\/\/blog.zeit.de\/nsu-prozess-blog\/2014\/07\/10\/medienlog-uwe-boehnhardt-bruder\/","title":{"rendered":"Uwe B\u00f6hnhardts verst\u00e4ndnisvoller Bruder \u2013 Das Medienlog vom Donnerstag, 10. Juli 2014"},"content":{"rendered":"<p>Zwei wichtige Zeugen sind am Mittwoch vor dem M\u00fcnchner Landgericht aufgetreten: Der mutma\u00dfliche NSU-Unterst\u00fctzer Matthias D., der unter seinem Namen Wohnungen f\u00fcr die untergetauchten Rechtsextremisten gemietet hatte, und Jan B\u00f6hnhardt, der Bruder des toten NSU-Mitglieds Uwe B\u00f6hnhardt.<\/p>\n<p>Die meisten Medien stellen in ihren Berichten B\u00f6hnhardts anfangs schmallippige Aussage in den Vordergrund, in der er auch \u00fcber die Ansichten seines Bruders sprach. Er habe das Leben von Uwe so geschildert, &#8222;wie es klischeehafter f\u00fcr ein Abdriften in die rechte Szene nicht sein k\u00f6nnte&#8220;, schreibt Karin Truscheit in der <a href=\"http:\/\/www.faz.net\/aktuell\/politik\/inland\/nsu-prozess-ein-gutes-verhaeltnis-zu-pistolen-und-messern-13036506.html\" target=\"_blank\"><em>FAZ<\/em><\/a>. Als &#8222;irregeleitet und perspektivlos&#8220; habe er ihn beschrieben, wie zuvor schon die <a href=\"http:\/\/www.zeit.de\/gesellschaft\/zeitgeschehen\/2013-11\/nsu-prozess-boehnhardt-aussage-schuld\">Mutter der beiden<\/a>.<\/p>\n<p><!--more--><\/p>\n<p><em>An jedem Werktag sichten wir f\u00fcr das NSU-Prozess-Blog die Medien und stellen wichtige Berichte, Blogs, Videos und Tweets zusammen. Wir freuen uns \u00fcber Hinweise via Twitter mit dem Hashtag #nsublog \u2013 oder per E-Mail an <a href=\"mailto:nsublog@zeit.de\">nsublog@zeit.de<\/a>.<\/em><\/p>\n<p>Der 44-j\u00e4hrige Kraftfahrer, Vater einer Tochter, hatte mehrmals Schwierigkeiten, die richtigen Worte zu finden. &#8222;Und der, glaubt man ihm, einfach nichts wissen wollte von dem, was sein Bruder trieb&#8220;, wie Annette Ramelsberger in der <a href=\"http:\/\/www.sueddeutsche.de\/politik\/nsu-prozess-ein-bruder-dem-die-worte-fehlen-1.2038399\" target=\"_blank\"><em>S\u00fcddeutschen Zeitung<\/em><\/a> schreibt. Sein acht Jahre j\u00fcngerer Bruder kam ihn h\u00e4ufig besuchen \u2013 doch trotz des angeblich guten Verh\u00e4ltnisses gelang es Jan B\u00f6hnhardt offenbar nicht, auf den in den Rechtsextremismus abdriftenden Uwe einzuwirken. Auch als gewaltbereit habe er den Bruder nicht eingesch\u00e4tzt, obwohl Uwe mehrmals aufgrund von Gewalttaten vor Gericht stand.<\/p>\n<p>Befremdlich kommt mehreren Berichterstattern vor, dass B\u00f6hnhardt das Aufwachsen und die rechtsextremen Ansichten von Uwe als &#8222;normal&#8220; bezeichnete. \u00c4hnlich irritierend wirkte der Moment, als Richter Manfred G\u00f6tzl den Zeugen fragte, welches Verh\u00e4ltnis Uwe B\u00f6hnhardt zu Waffen hatte. &#8222;Ein gutes&#8220;, antwortete Jan B\u00f6hnhardt, &#8222;und erntet Lacher f\u00fcr die unfreiwillig komische Antwort&#8220;, wie Per Hinrichs von der <a href=\"http:\/\/www.welt.de\/politik\/deutschland\/article129979249\/Uwes-Boehnhardts-gutes-Verhaeltnis-zu-Waffen.html\" target=\"_blank\"><em>Welt<\/em><\/a> die Szene beschreibt. Allerdings: Die teils verharmlosenden Antworten m\u00fcssten im Licht der br\u00fcderlichen Bande gesehen werden. &#8222;Die Grenze zwischen verzweifelter Solidarit\u00e4t f\u00fcr einen Bruder oder Sohn und bedingungsloser Verteidigung oder Leugnung von Verbrechen, die das Leid der Opfer ausblendet, verwischt schnell.&#8220;<\/p>\n<p>Nicht alle bringen so viel Verst\u00e4ndnis f\u00fcr die \u00c4u\u00dferungen \u00fcber den angeblich lieben Bruder auf. Die Vernehmung reihe sich ein in eine &#8222;Serie befremdlicher Aussagen von Angeh\u00f6rigen&#8220; der Verstorbenen, schreibt Frank Jansen im <a href=\"http:\/\/www.tagesspiegel.de\/politik\/nsu-prozess-125-prozesstag-seltsame-verwandte\/10175062.html\" target=\"_blank\"><em>Tagesspiegel<\/em><\/a>. Die \u00c4u\u00dferungen h\u00e4tten den Eindruck erweckt, &#8222;als sei bei seinem acht Jahre j\u00fcngeren Bruder nur etwas schief gegangen&#8220;.<\/p>\n<p>Auff\u00e4llig war auch, dass B\u00f6hnhardt angesichts der Flucht von Uwe und seinen Komplizen Uwe Mundlos und Beate Zsch\u00e4pe davon sprach, er sei &#8222;ausgerissen&#8220;. &#8222;Richter Manfred G\u00f6tzl ignoriert das zum Beginn seiner Befragung, hakt dann aber erwartungsgem\u00e4\u00df nach&#8220;, schildert Kai Mudra die Vernehmung in der <a href=\"http:\/\/www.thueringer-allgemeine.de\/web\/zgt\/rechtsterrorismus\/detail\/-\/specific\/Bei-Uwe-Boehnhardts-Bruder-klingt-vieles-einfach-nur-harmlos-1413741281\" target=\"_blank\"><em>Th\u00fcringer Allgemeinen<\/em><\/a>. Bei der Aussage habe Jan B\u00f6hnhardt nicht ein einziges Mal erkennen lassen, wie er zur Schuld des Bruders an den Verbrechen stehe. Er habe jedoch erkennen lassen, dass er mit Uwes Einstieg in die rechtsextreme Szene nicht einverstanden gewesen sei.<\/p>\n<p>Matthias D., der m\u00f6glicherweise ein Helfer des NSU war, verweigerte wie erwartet die Aussage. Stattdessen schilderte ein Polizist dessen \u00c4u\u00dferungen von einer Vernehmung zwei Tage nach dem Auffliegen des NSU im November 2011. D. soll zwei Wohnungen in Zwickau gemietet haben, damit die NSU-Mitglieder darin wohnen konnten \u2013 nach eigenen Angaben jedoch in Unkenntnis ihrer Ziele. &#8222;Sollte die Version stimmen, w\u00e4re D. ein Zufallshelfer des NSU, ein Opfer der trickreichen Verschleierung&#8220; der Terroristen, hei\u00dft es auf <a href=\"https:\/\/blog.zeit.de\/nsu-prozess-blog\/2014\/07\/09\/naives-opfer-oder-williger-helfer-fuer-terror-trio\/\" target=\"_blank\">ZEIT ONLINE<\/a>. Bei vielen klandestinen Ma\u00dfnahmen seiner Untermieter will D. arglos geblieben sein. &#8222;\u00dcber so viel Geheimniskr\u00e4merei h\u00e4tten sich normale Mieter gewundert.&#8220;<\/p>\n<p>Das Mietverh\u00e4ltnis sei Teil einer &#8222;einer ausgefeilten Logistik&#8220; der Geheimhaltung gewesen, schreibt Gisela Friedrichsen auf <a href=\"http:\/\/www.spiegel.de\/panorama\/justiz\/nsu-prozess-wie-zschaepe-mundlos-und-boehnhardt-an-wohnungen-kam-a-980165.html\" target=\"_blank\"><em>Spiegel Online<\/em><\/a>. Von dem Zwickauer Polizisten wurde D., der mit einem Anwalt auf die Wache gekommen war, als ganz normaler Zeuge befragt. &#8222;Im Nachhinein habe er sich Vorw\u00fcrfe gemacht, D. nicht intensiver vernommen zu haben&#8220;, notiert die Autorin zur Aussage des Beamten.<\/p>\n<p><em>Das n\u00e4chste Medienlog erscheint am Freitag, 11. Juli 2014.<\/em><\/p>\n","protected":false},"excerpt":{"rendered":"<p>Zwei wichtige Zeugen sind am Mittwoch vor dem M\u00fcnchner Landgericht aufgetreten: Der mutma\u00dfliche NSU-Unterst\u00fctzer Matthias D., der unter seinem Namen Wohnungen f\u00fcr die untergetauchten Rechtsextremisten gemietet hatte, und Jan B\u00f6hnhardt, der Bruder des toten NSU-Mitglieds Uwe B\u00f6hnhardt. Die meisten Medien stellen in ihren Berichten B\u00f6hnhardts anfangs schmallippige Aussage in den Vordergrund, in der er auch [&hellip;]<\/p>\n","protected":false},"author":435,"featured_media":0,"comment_status":"open","ping_status":"open","sticky":false,"template":"","format":"standard","meta":{"_jetpack_memberships_contains_paid_content":false,"footnotes":""},"categories":[27531],"tags":[29512,29528,22860,27560],"class_list":["post-7202","post","type-post","status-publish","format-standard","hentry","category-medienschau","tag-fruehlingsstrasse","tag-matthias-d","tag-uwe-bohnhardt","tag-zwickau"],"yoast_head":"<!-- This site is optimized with the Yoast SEO plugin v21.0 - https:\/\/yoast.com\/wordpress\/plugins\/seo\/ -->\n<title>Uwe B\u00f6hnhardts verst\u00e4ndnisvoller Bruder \u2013 Das Medienlog vom Donnerstag, 10. Juli 2014 - Das NSU-Prozess-Blog<\/title>\n<meta name=\"robots\" content=\"index, follow, max-snippet:-1, max-image-preview:large, max-video-preview:-1\" \/>\n<link rel=\"canonical\" href=\"https:\/\/blog.zeit.de\/nsu-prozess-blog\/2014\/07\/10\/medienlog-uwe-boehnhardt-bruder\/\" \/>\n<meta property=\"og:locale\" content=\"de_DE\" \/>\n<meta property=\"og:type\" content=\"article\" \/>\n<meta property=\"og:title\" content=\"Uwe B\u00f6hnhardts verst\u00e4ndnisvoller Bruder \u2013 Das Medienlog vom Donnerstag, 10. Juli 2014 - Das NSU-Prozess-Blog\" \/>\n<meta property=\"og:description\" content=\"Zwei wichtige Zeugen sind am Mittwoch vor dem M\u00fcnchner Landgericht aufgetreten: Der mutma\u00dfliche NSU-Unterst\u00fctzer Matthias D., der unter seinem Namen Wohnungen f\u00fcr die untergetauchten Rechtsextremisten gemietet hatte, und Jan B\u00f6hnhardt, der Bruder des toten NSU-Mitglieds Uwe B\u00f6hnhardt. Die meisten Medien stellen in ihren Berichten B\u00f6hnhardts anfangs schmallippige Aussage in den Vordergrund, in der er auch [&hellip;]\" \/>\n<meta property=\"og:url\" content=\"https:\/\/blog.zeit.de\/nsu-prozess-blog\/2014\/07\/10\/medienlog-uwe-boehnhardt-bruder\/\" \/>\n<meta property=\"og:site_name\" content=\"Das NSU-Prozess-Blog\" \/>\n<meta property=\"article:published_time\" content=\"2014-07-10T06:39:01+00:00\" \/>\n<meta property=\"article:modified_time\" content=\"2014-07-10T07:35:51+00:00\" \/>\n<meta name=\"author\" content=\"Tom Sundermann\" \/>\n<meta name=\"twitter:label1\" content=\"Geschrieben von\" \/>\n\t<meta name=\"twitter:data1\" content=\"Tom Sundermann\" \/>\n\t<meta name=\"twitter:label2\" content=\"Gesch\u00e4tzte Lesezeit\" \/>\n\t<meta name=\"twitter:data2\" content=\"3\u00a0Minuten\" \/>\n<script type=\"application\/ld+json\" class=\"yoast-schema-graph\">{\"@context\":\"https:\/\/schema.org\",\"@graph\":[{\"@type\":\"WebPage\",\"@id\":\"https:\/\/blog.zeit.de\/nsu-prozess-blog\/2014\/07\/10\/medienlog-uwe-boehnhardt-bruder\/\",\"url\":\"https:\/\/blog.zeit.de\/nsu-prozess-blog\/2014\/07\/10\/medienlog-uwe-boehnhardt-bruder\/\",\"name\":\"Uwe B\u00f6hnhardts verst\u00e4ndnisvoller Bruder \u2013 Das Medienlog vom Donnerstag, 10. Juli 2014 - Das NSU-Prozess-Blog\",\"isPartOf\":{\"@id\":\"https:\/\/blog.zeit.de\/nsu-prozess-blog\/#website\"},\"datePublished\":\"2014-07-10T06:39:01+00:00\",\"dateModified\":\"2014-07-10T07:35:51+00:00\",\"author\":{\"@id\":\"https:\/\/blog.zeit.de\/nsu-prozess-blog\/#\/schema\/person\/553ea9bb5d1fc2ae054c589bd59380a5\"},\"breadcrumb\":{\"@id\":\"https:\/\/blog.zeit.de\/nsu-prozess-blog\/2014\/07\/10\/medienlog-uwe-boehnhardt-bruder\/#breadcrumb\"},\"inLanguage\":\"de\",\"potentialAction\":[{\"@type\":\"ReadAction\",\"target\":[\"https:\/\/blog.zeit.de\/nsu-prozess-blog\/2014\/07\/10\/medienlog-uwe-boehnhardt-bruder\/\"]}]},{\"@type\":\"BreadcrumbList\",\"@id\":\"https:\/\/blog.zeit.de\/nsu-prozess-blog\/2014\/07\/10\/medienlog-uwe-boehnhardt-bruder\/#breadcrumb\",\"itemListElement\":[{\"@type\":\"ListItem\",\"position\":1,\"name\":\"Startseite\",\"item\":\"https:\/\/blog.zeit.de\/nsu-prozess-blog\/\"},{\"@type\":\"ListItem\",\"position\":2,\"name\":\"Uwe B\u00f6hnhardts verst\u00e4ndnisvoller Bruder \u2013 Das Medienlog vom Donnerstag, 10. Juli 2014\"}]},{\"@type\":\"WebSite\",\"@id\":\"https:\/\/blog.zeit.de\/nsu-prozess-blog\/#website\",\"url\":\"https:\/\/blog.zeit.de\/nsu-prozess-blog\/\",\"name\":\"Das NSU-Prozess-Blog\",\"description\":\"Alle Berichte zum Terrorverfahren in M\u00fcnchen\",\"potentialAction\":[{\"@type\":\"SearchAction\",\"target\":{\"@type\":\"EntryPoint\",\"urlTemplate\":\"https:\/\/blog.zeit.de\/nsu-prozess-blog\/?s={search_term_string}\"},\"query-input\":\"required name=search_term_string\"}],\"inLanguage\":\"de\"},{\"@type\":\"Person\",\"@id\":\"https:\/\/blog.zeit.de\/nsu-prozess-blog\/#\/schema\/person\/553ea9bb5d1fc2ae054c589bd59380a5\",\"name\":\"Tom Sundermann\",\"image\":{\"@type\":\"ImageObject\",\"inLanguage\":\"de\",\"@id\":\"https:\/\/blog.zeit.de\/nsu-prozess-blog\/#\/schema\/person\/image\/\",\"url\":\"https:\/\/secure.gravatar.com\/avatar\/e108a3dc18766f719b2f797dc5d19093f06a1870c55b553ab6b7563f1f9a5e68?s=96&d=mm&r=g\",\"contentUrl\":\"https:\/\/secure.gravatar.com\/avatar\/e108a3dc18766f719b2f797dc5d19093f06a1870c55b553ab6b7563f1f9a5e68?s=96&d=mm&r=g\",\"caption\":\"Tom Sundermann\"},\"sameAs\":[\"https:\/\/twitter.com\/messeticker\"],\"url\":\"https:\/\/blog.zeit.de\/nsu-prozess-blog\/author\/tsundermann\/\"}]}<\/script>\n<!-- \/ Yoast SEO plugin. -->","yoast_head_json":{"title":"Uwe B\u00f6hnhardts verst\u00e4ndnisvoller Bruder \u2013 Das Medienlog vom Donnerstag, 10. Juli 2014 - Das NSU-Prozess-Blog","robots":{"index":"index","follow":"follow","max-snippet":"max-snippet:-1","max-image-preview":"max-image-preview:large","max-video-preview":"max-video-preview:-1"},"canonical":"https:\/\/blog.zeit.de\/nsu-prozess-blog\/2014\/07\/10\/medienlog-uwe-boehnhardt-bruder\/","og_locale":"de_DE","og_type":"article","og_title":"Uwe B\u00f6hnhardts verst\u00e4ndnisvoller Bruder \u2013 Das Medienlog vom Donnerstag, 10. Juli 2014 - Das NSU-Prozess-Blog","og_description":"Zwei wichtige Zeugen sind am Mittwoch vor dem M\u00fcnchner Landgericht aufgetreten: Der mutma\u00dfliche NSU-Unterst\u00fctzer Matthias D., der unter seinem Namen Wohnungen f\u00fcr die untergetauchten Rechtsextremisten gemietet hatte, und Jan B\u00f6hnhardt, der Bruder des toten NSU-Mitglieds Uwe B\u00f6hnhardt. Die meisten Medien stellen in ihren Berichten B\u00f6hnhardts anfangs schmallippige Aussage in den Vordergrund, in der er auch [&hellip;]","og_url":"https:\/\/blog.zeit.de\/nsu-prozess-blog\/2014\/07\/10\/medienlog-uwe-boehnhardt-bruder\/","og_site_name":"Das NSU-Prozess-Blog","article_published_time":"2014-07-10T06:39:01+00:00","article_modified_time":"2014-07-10T07:35:51+00:00","author":"Tom Sundermann","twitter_misc":{"Geschrieben von":"Tom Sundermann","Gesch\u00e4tzte Lesezeit":"3\u00a0Minuten"},"schema":{"@context":"https:\/\/schema.org","@graph":[{"@type":"WebPage","@id":"https:\/\/blog.zeit.de\/nsu-prozess-blog\/2014\/07\/10\/medienlog-uwe-boehnhardt-bruder\/","url":"https:\/\/blog.zeit.de\/nsu-prozess-blog\/2014\/07\/10\/medienlog-uwe-boehnhardt-bruder\/","name":"Uwe B\u00f6hnhardts verst\u00e4ndnisvoller Bruder \u2013 Das Medienlog vom Donnerstag, 10. Juli 2014 - Das NSU-Prozess-Blog","isPartOf":{"@id":"https:\/\/blog.zeit.de\/nsu-prozess-blog\/#website"},"datePublished":"2014-07-10T06:39:01+00:00","dateModified":"2014-07-10T07:35:51+00:00","author":{"@id":"https:\/\/blog.zeit.de\/nsu-prozess-blog\/#\/schema\/person\/553ea9bb5d1fc2ae054c589bd59380a5"},"breadcrumb":{"@id":"https:\/\/blog.zeit.de\/nsu-prozess-blog\/2014\/07\/10\/medienlog-uwe-boehnhardt-bruder\/#breadcrumb"},"inLanguage":"de","potentialAction":[{"@type":"ReadAction","target":["https:\/\/blog.zeit.de\/nsu-prozess-blog\/2014\/07\/10\/medienlog-uwe-boehnhardt-bruder\/"]}]},{"@type":"BreadcrumbList","@id":"https:\/\/blog.zeit.de\/nsu-prozess-blog\/2014\/07\/10\/medienlog-uwe-boehnhardt-bruder\/#breadcrumb","itemListElement":[{"@type":"ListItem","position":1,"name":"Startseite","item":"https:\/\/blog.zeit.de\/nsu-prozess-blog\/"},{"@type":"ListItem","position":2,"name":"Uwe B\u00f6hnhardts verst\u00e4ndnisvoller Bruder \u2013 Das Medienlog vom Donnerstag, 10. Juli 2014"}]},{"@type":"WebSite","@id":"https:\/\/blog.zeit.de\/nsu-prozess-blog\/#website","url":"https:\/\/blog.zeit.de\/nsu-prozess-blog\/","name":"Das NSU-Prozess-Blog","description":"Alle Berichte zum Terrorverfahren in M\u00fcnchen","potentialAction":[{"@type":"SearchAction","target":{"@type":"EntryPoint","urlTemplate":"https:\/\/blog.zeit.de\/nsu-prozess-blog\/?s={search_term_string}"},"query-input":"required name=search_term_string"}],"inLanguage":"de"},{"@type":"Person","@id":"https:\/\/blog.zeit.de\/nsu-prozess-blog\/#\/schema\/person\/553ea9bb5d1fc2ae054c589bd59380a5","name":"Tom Sundermann","image":{"@type":"ImageObject","inLanguage":"de","@id":"https:\/\/blog.zeit.de\/nsu-prozess-blog\/#\/schema\/person\/image\/","url":"https:\/\/secure.gravatar.com\/avatar\/e108a3dc18766f719b2f797dc5d19093f06a1870c55b553ab6b7563f1f9a5e68?s=96&d=mm&r=g","contentUrl":"https:\/\/secure.gravatar.com\/avatar\/e108a3dc18766f719b2f797dc5d19093f06a1870c55b553ab6b7563f1f9a5e68?s=96&d=mm&r=g","caption":"Tom Sundermann"},"sameAs":["https:\/\/twitter.com\/messeticker"],"url":"https:\/\/blog.zeit.de\/nsu-prozess-blog\/author\/tsundermann\/"}]}},"jetpack_featured_media_url":"","jetpack_sharing_enabled":true,"_links":{"self":[{"href":"https:\/\/blog.zeit.de\/nsu-prozess-blog\/wp-json\/wp\/v2\/posts\/7202","targetHints":{"allow":["GET"]}}],"collection":[{"href":"https:\/\/blog.zeit.de\/nsu-prozess-blog\/wp-json\/wp\/v2\/posts"}],"about":[{"href":"https:\/\/blog.zeit.de\/nsu-prozess-blog\/wp-json\/wp\/v2\/types\/post"}],"author":[{"embeddable":true,"href":"https:\/\/blog.zeit.de\/nsu-prozess-blog\/wp-json\/wp\/v2\/users\/435"}],"replies":[{"embeddable":true,"href":"https:\/\/blog.zeit.de\/nsu-prozess-blog\/wp-json\/wp\/v2\/comments?post=7202"}],"version-history":[{"count":10,"href":"https:\/\/blog.zeit.de\/nsu-prozess-blog\/wp-json\/wp\/v2\/posts\/7202\/revisions"}],"predecessor-version":[{"id":7212,"href":"https:\/\/blog.zeit.de\/nsu-prozess-blog\/wp-json\/wp\/v2\/posts\/7202\/revisions\/7212"}],"wp:attachment":[{"href":"https:\/\/blog.zeit.de\/nsu-prozess-blog\/wp-json\/wp\/v2\/media?parent=7202"}],"wp:term":[{"taxonomy":"category","embeddable":true,"href":"https:\/\/blog.zeit.de\/nsu-prozess-blog\/wp-json\/wp\/v2\/categories?post=7202"},{"taxonomy":"post_tag","embeddable":true,"href":"https:\/\/blog.zeit.de\/nsu-prozess-blog\/wp-json\/wp\/v2\/tags?post=7202"}],"curies":[{"name":"wp","href":"https:\/\/api.w.org\/{rel}","templated":true}]}}