{"id":7290,"date":"2014-07-18T08:23:39","date_gmt":"2014-07-18T06:23:39","guid":{"rendered":"http:\/\/blog.zeit.de\/nsu-prozess-blog\/?p=7290"},"modified":"2014-07-18T09:05:29","modified_gmt":"2014-07-18T07:05:29","slug":"medienlog-zschaepe-schweigen-risiko","status":"publish","type":"post","link":"https:\/\/blog.zeit.de\/nsu-prozess-blog\/2014\/07\/18\/medienlog-zschaepe-schweigen-risiko\/","title":{"rendered":"Zsch\u00e4pe geht ein hohes Risiko ein \u2013 Das Medienlog vom Freitag, 18. Juli 2014"},"content":{"rendered":"<p>Beate Zsch\u00e4pe <a href=\"https:\/\/blog.zeit.de\/nsu-prozess-blog\/2014\/07\/16\/will-zschaepe-aussagen\/\">vertraut ihren Verteidigern nicht mehr<\/a> \u2013 unklar ist, welche Folgen das f\u00fcr den NSU-Prozess hat. Vorerst wird die Verhandlung wie geplant fortgesetzt. Zudem bekam Zsch\u00e4pe eine Verl\u00e4ngerung f\u00fcr die Frist, innerhalb der sie begr\u00fcnden muss, weswegen sie nicht mehr mit ihren Anw\u00e4lten zusammenarbeiten kann. Ist die bislang ausge\u00fcbte Strategie des Schweigens ein Grund f\u00fcr den Bruch mit der Verteidigung? &#8222;Diese Frau ist klug genug, um zu erkennen, dass sie mit dieser Verteidigungsstrategie ein wachsendes Risiko l\u00e4uft, zur H\u00f6chststrafe verurteilt zu werden&#8220;, kommentiert Stefan Geiger von der <a href=\"http:\/\/www.stuttgarter-zeitung.de\/inhalt.kommentar-zum-nsu-prozess-zschaepe-soll-reden-koennen.137484c4-022b-4ed9-9ff8-2add9efe3dae.html\" target=\"_blank\"><em>Stuttgarter Zeitung<\/em><\/a>.<\/p>\n<p><!--more--><\/p>\n<p><em>An jedem Werktag sichten wir f\u00fcr das NSU-Prozess-Blog die Medien und stellen wichtige Berichte, Blogs, Videos und Tweets zusammen. Wir freuen uns \u00fcber Hinweise via Twitter mit dem Hashtag #nsublog \u2013 oder per E-Mail an <a href=\"mailto:nsublog@zeit.de\">nsublog@zeit.de<\/a>.<\/em><\/p>\n<p>Bis heute Abend hat Zsch\u00e4pe Zeit, dem Gericht das Misstrauen gegen\u00fcber ihren Anw\u00e4lten Wolfgang Heer, Anja Sturm und Wolfgang Stahl darzulegen. Und die Anforderungen an ihren Antrag sind hoch: &#8222;Der Prozess wird nicht deshalb scheitern, weil sie mit ihren Anw\u00e4lten nicht mehr zufrieden ist&#8220;, schreibt Reinhard M\u00fcller von der <a href=\"http:\/\/www.faz.net\/aktuell\/politik\/nsu-prozess\/rechtsextremer-terror-wende-im-nsu-prozess-13051399.html\" target=\"_blank\"><em>FAZ<\/em><\/a>. Er vermutet Taktik hinter der Erkl\u00e4rung der Hauptangeklagten \u2013 diese werde &#8222;nichts unversucht lassen&#8220;, um den Prozess zu torpedieren.<\/p>\n<p>Weniger Kalk\u00fcl vermutet Gisela Friedrichsen von <a href=\"http:\/\/www.spiegel.de\/panorama\/justiz\/beate-zschaepe-und-anwaelte-gericht-verlaengert-frist-fuer-begruendung-a-981599.html\" target=\"_blank\"><em>Spiegel Online<\/em><\/a>. Zsch\u00e4pe k\u00f6nnte die Bedeutung einer Entpflichtung, also eines Verteidigungswechsels, untersch\u00e4tzt haben: &#8222;Es sieht so aus, als sei sie \u00fcber die hohen Anforderungen eines Wechsels der Pflichtverteidiger nicht im Bilde gewesen.&#8220; Das gelte insbesondere, wenn sie glaube, ein simpler Dissens reiche, um in den Augen des Gerichts das Vertrauen zwischen Angeklagtem und Verteidigern zu zerst\u00f6ren: &#8222;Sollte Zsch\u00e4pes Antrag einer spontanen Ver\u00e4rgerung entsprungen sein, d\u00fcrfte er wenig Aussicht auf Erfolg haben.&#8220;<\/p>\n<p>R\u00e4tselhaft ist indes der Grund, der Zsch\u00e4pe zu der Z\u00e4sur bewogen hat. Nach wie vor wird ihre Bereitschaft zu einer Aussage als Ausgangspunkt gehandelt. &#8222;Unvorstellbar, dass ein Mensch, auch einer, der sich wom\u00f6glich so schuldig gemacht hat wie Beate Zsch\u00e4pe, diese Situation jahrelang ertragen kann&#8220;, meinen wir von <a href=\"http:\/\/www.zeit.de\/gesellschaft\/zeitgeschehen\/2014-07\/nsu-prozess-beate-zschaepe-verteidigung\" target=\"_blank\">ZEIT ONLINE<\/a>. Doch Zsch\u00e4pe ist nicht von der Erlaubnis ihrer Anw\u00e4lte abh\u00e4ngig, wenn sie reden will. Ein Wechsel der Verteidigung k\u00f6nnte ihr allerdings mehr schaden als nutzen: &#8222;Tats\u00e4chlich ist der <em>Point of no Return<\/em> f\u00fcr einen Wechsel der Verteidigung l\u00e4ngst \u00fcberschritten&#8220;, weil die Nachfolger eine unermessliche Informationsmenge aufarbeiten m\u00fcssten.<\/p>\n<p>Bislang ist nur das Schweigen als Zsch\u00e4pes Verteidigungsstrategie bekannt. &#8222;Und selbst, wenn sie dieses jetzt bricht, bleibt der Ausgang unklar. W\u00fcrde sie die Taten bereuen?&#8220;, fragen Konrad Litschko und Andreas Speit von der <a href=\"http:\/\/www.taz.de\/Zschaepe-im-NSU-Prozess\/!142629\/\" target=\"_blank\"><em>taz<\/em><\/a>. Die Riege ihrer Verteidiger werde wohl dieselbe bleiben: &#8222;Nicht unwahrscheinlich, dass G\u00f6tzl ihr Ansinnen am Ende einfach ablehnt.&#8220;<\/p>\n<p><em>Das n\u00e4chste Medienlog erscheint am Montag, 21. Juli 2014.<\/em><\/p>\n","protected":false},"excerpt":{"rendered":"<p>Beate Zsch\u00e4pe vertraut ihren Verteidigern nicht mehr \u2013 unklar ist, welche Folgen das f\u00fcr den NSU-Prozess hat. Vorerst wird die Verhandlung wie geplant fortgesetzt. Zudem bekam Zsch\u00e4pe eine Verl\u00e4ngerung f\u00fcr die Frist, innerhalb der sie begr\u00fcnden muss, weswegen sie nicht mehr mit ihren Anw\u00e4lten zusammenarbeiten kann. Ist die bislang ausge\u00fcbte Strategie des Schweigens ein Grund [&hellip;]<\/p>\n","protected":false},"author":435,"featured_media":0,"comment_status":"open","ping_status":"open","sticky":false,"template":"","format":"standard","meta":{"_jetpack_memberships_contains_paid_content":false,"footnotes":""},"categories":[27531],"tags":[27575,17793,22860,22859,27565,29427],"class_list":["post-7290","post","type-post","status-publish","format-standard","hentry","category-medienschau","tag-anja-sturm","tag-beate-zschape","tag-uwe-bohnhardt","tag-uwe-mundlos","tag-wolfgang-heer","tag-wolfgang-stahl"],"yoast_head":"<!-- This site is optimized with the Yoast SEO plugin v21.0 - https:\/\/yoast.com\/wordpress\/plugins\/seo\/ -->\n<title>Zsch\u00e4pe geht ein hohes Risiko ein \u2013 Das Medienlog vom Freitag, 18. Juli 2014 - Das NSU-Prozess-Blog<\/title>\n<meta name=\"robots\" content=\"index, follow, max-snippet:-1, max-image-preview:large, max-video-preview:-1\" \/>\n<link rel=\"canonical\" href=\"https:\/\/blog.zeit.de\/nsu-prozess-blog\/2014\/07\/18\/medienlog-zschaepe-schweigen-risiko\/\" \/>\n<meta property=\"og:locale\" content=\"de_DE\" \/>\n<meta property=\"og:type\" content=\"article\" \/>\n<meta property=\"og:title\" content=\"Zsch\u00e4pe geht ein hohes Risiko ein \u2013 Das Medienlog vom Freitag, 18. Juli 2014 - Das NSU-Prozess-Blog\" \/>\n<meta property=\"og:description\" content=\"Beate Zsch\u00e4pe vertraut ihren Verteidigern nicht mehr \u2013 unklar ist, welche Folgen das f\u00fcr den NSU-Prozess hat. Vorerst wird die Verhandlung wie geplant fortgesetzt. Zudem bekam Zsch\u00e4pe eine Verl\u00e4ngerung f\u00fcr die Frist, innerhalb der sie begr\u00fcnden muss, weswegen sie nicht mehr mit ihren Anw\u00e4lten zusammenarbeiten kann. Ist die bislang ausge\u00fcbte Strategie des Schweigens ein Grund [&hellip;]\" \/>\n<meta property=\"og:url\" content=\"https:\/\/blog.zeit.de\/nsu-prozess-blog\/2014\/07\/18\/medienlog-zschaepe-schweigen-risiko\/\" \/>\n<meta property=\"og:site_name\" content=\"Das NSU-Prozess-Blog\" \/>\n<meta property=\"article:published_time\" content=\"2014-07-18T06:23:39+00:00\" \/>\n<meta property=\"article:modified_time\" content=\"2014-07-18T07:05:29+00:00\" \/>\n<meta name=\"author\" content=\"Tom Sundermann\" \/>\n<meta name=\"twitter:label1\" content=\"Geschrieben von\" \/>\n\t<meta name=\"twitter:data1\" content=\"Tom Sundermann\" \/>\n\t<meta name=\"twitter:label2\" content=\"Gesch\u00e4tzte Lesezeit\" \/>\n\t<meta name=\"twitter:data2\" content=\"2\u00a0Minuten\" \/>\n<script type=\"application\/ld+json\" class=\"yoast-schema-graph\">{\"@context\":\"https:\/\/schema.org\",\"@graph\":[{\"@type\":\"WebPage\",\"@id\":\"https:\/\/blog.zeit.de\/nsu-prozess-blog\/2014\/07\/18\/medienlog-zschaepe-schweigen-risiko\/\",\"url\":\"https:\/\/blog.zeit.de\/nsu-prozess-blog\/2014\/07\/18\/medienlog-zschaepe-schweigen-risiko\/\",\"name\":\"Zsch\u00e4pe geht ein hohes Risiko ein \u2013 Das Medienlog vom Freitag, 18. Juli 2014 - Das NSU-Prozess-Blog\",\"isPartOf\":{\"@id\":\"https:\/\/blog.zeit.de\/nsu-prozess-blog\/#website\"},\"datePublished\":\"2014-07-18T06:23:39+00:00\",\"dateModified\":\"2014-07-18T07:05:29+00:00\",\"author\":{\"@id\":\"https:\/\/blog.zeit.de\/nsu-prozess-blog\/#\/schema\/person\/553ea9bb5d1fc2ae054c589bd59380a5\"},\"breadcrumb\":{\"@id\":\"https:\/\/blog.zeit.de\/nsu-prozess-blog\/2014\/07\/18\/medienlog-zschaepe-schweigen-risiko\/#breadcrumb\"},\"inLanguage\":\"de\",\"potentialAction\":[{\"@type\":\"ReadAction\",\"target\":[\"https:\/\/blog.zeit.de\/nsu-prozess-blog\/2014\/07\/18\/medienlog-zschaepe-schweigen-risiko\/\"]}]},{\"@type\":\"BreadcrumbList\",\"@id\":\"https:\/\/blog.zeit.de\/nsu-prozess-blog\/2014\/07\/18\/medienlog-zschaepe-schweigen-risiko\/#breadcrumb\",\"itemListElement\":[{\"@type\":\"ListItem\",\"position\":1,\"name\":\"Startseite\",\"item\":\"https:\/\/blog.zeit.de\/nsu-prozess-blog\/\"},{\"@type\":\"ListItem\",\"position\":2,\"name\":\"Zsch\u00e4pe geht ein hohes Risiko ein \u2013 Das Medienlog vom Freitag, 18. Juli 2014\"}]},{\"@type\":\"WebSite\",\"@id\":\"https:\/\/blog.zeit.de\/nsu-prozess-blog\/#website\",\"url\":\"https:\/\/blog.zeit.de\/nsu-prozess-blog\/\",\"name\":\"Das NSU-Prozess-Blog\",\"description\":\"Alle Berichte zum Terrorverfahren in M\u00fcnchen\",\"potentialAction\":[{\"@type\":\"SearchAction\",\"target\":{\"@type\":\"EntryPoint\",\"urlTemplate\":\"https:\/\/blog.zeit.de\/nsu-prozess-blog\/?s={search_term_string}\"},\"query-input\":\"required name=search_term_string\"}],\"inLanguage\":\"de\"},{\"@type\":\"Person\",\"@id\":\"https:\/\/blog.zeit.de\/nsu-prozess-blog\/#\/schema\/person\/553ea9bb5d1fc2ae054c589bd59380a5\",\"name\":\"Tom Sundermann\",\"image\":{\"@type\":\"ImageObject\",\"inLanguage\":\"de\",\"@id\":\"https:\/\/blog.zeit.de\/nsu-prozess-blog\/#\/schema\/person\/image\/\",\"url\":\"https:\/\/secure.gravatar.com\/avatar\/e108a3dc18766f719b2f797dc5d19093f06a1870c55b553ab6b7563f1f9a5e68?s=96&d=mm&r=g\",\"contentUrl\":\"https:\/\/secure.gravatar.com\/avatar\/e108a3dc18766f719b2f797dc5d19093f06a1870c55b553ab6b7563f1f9a5e68?s=96&d=mm&r=g\",\"caption\":\"Tom Sundermann\"},\"sameAs\":[\"https:\/\/twitter.com\/messeticker\"],\"url\":\"https:\/\/blog.zeit.de\/nsu-prozess-blog\/author\/tsundermann\/\"}]}<\/script>\n<!-- \/ Yoast SEO plugin. -->","yoast_head_json":{"title":"Zsch\u00e4pe geht ein hohes Risiko ein \u2013 Das Medienlog vom Freitag, 18. Juli 2014 - Das NSU-Prozess-Blog","robots":{"index":"index","follow":"follow","max-snippet":"max-snippet:-1","max-image-preview":"max-image-preview:large","max-video-preview":"max-video-preview:-1"},"canonical":"https:\/\/blog.zeit.de\/nsu-prozess-blog\/2014\/07\/18\/medienlog-zschaepe-schweigen-risiko\/","og_locale":"de_DE","og_type":"article","og_title":"Zsch\u00e4pe geht ein hohes Risiko ein \u2013 Das Medienlog vom Freitag, 18. Juli 2014 - Das NSU-Prozess-Blog","og_description":"Beate Zsch\u00e4pe vertraut ihren Verteidigern nicht mehr \u2013 unklar ist, welche Folgen das f\u00fcr den NSU-Prozess hat. Vorerst wird die Verhandlung wie geplant fortgesetzt. Zudem bekam Zsch\u00e4pe eine Verl\u00e4ngerung f\u00fcr die Frist, innerhalb der sie begr\u00fcnden muss, weswegen sie nicht mehr mit ihren Anw\u00e4lten zusammenarbeiten kann. Ist die bislang ausge\u00fcbte Strategie des Schweigens ein Grund [&hellip;]","og_url":"https:\/\/blog.zeit.de\/nsu-prozess-blog\/2014\/07\/18\/medienlog-zschaepe-schweigen-risiko\/","og_site_name":"Das NSU-Prozess-Blog","article_published_time":"2014-07-18T06:23:39+00:00","article_modified_time":"2014-07-18T07:05:29+00:00","author":"Tom Sundermann","twitter_misc":{"Geschrieben von":"Tom Sundermann","Gesch\u00e4tzte Lesezeit":"2\u00a0Minuten"},"schema":{"@context":"https:\/\/schema.org","@graph":[{"@type":"WebPage","@id":"https:\/\/blog.zeit.de\/nsu-prozess-blog\/2014\/07\/18\/medienlog-zschaepe-schweigen-risiko\/","url":"https:\/\/blog.zeit.de\/nsu-prozess-blog\/2014\/07\/18\/medienlog-zschaepe-schweigen-risiko\/","name":"Zsch\u00e4pe geht ein hohes Risiko ein \u2013 Das Medienlog vom Freitag, 18. Juli 2014 - Das NSU-Prozess-Blog","isPartOf":{"@id":"https:\/\/blog.zeit.de\/nsu-prozess-blog\/#website"},"datePublished":"2014-07-18T06:23:39+00:00","dateModified":"2014-07-18T07:05:29+00:00","author":{"@id":"https:\/\/blog.zeit.de\/nsu-prozess-blog\/#\/schema\/person\/553ea9bb5d1fc2ae054c589bd59380a5"},"breadcrumb":{"@id":"https:\/\/blog.zeit.de\/nsu-prozess-blog\/2014\/07\/18\/medienlog-zschaepe-schweigen-risiko\/#breadcrumb"},"inLanguage":"de","potentialAction":[{"@type":"ReadAction","target":["https:\/\/blog.zeit.de\/nsu-prozess-blog\/2014\/07\/18\/medienlog-zschaepe-schweigen-risiko\/"]}]},{"@type":"BreadcrumbList","@id":"https:\/\/blog.zeit.de\/nsu-prozess-blog\/2014\/07\/18\/medienlog-zschaepe-schweigen-risiko\/#breadcrumb","itemListElement":[{"@type":"ListItem","position":1,"name":"Startseite","item":"https:\/\/blog.zeit.de\/nsu-prozess-blog\/"},{"@type":"ListItem","position":2,"name":"Zsch\u00e4pe geht ein hohes Risiko ein \u2013 Das Medienlog vom Freitag, 18. Juli 2014"}]},{"@type":"WebSite","@id":"https:\/\/blog.zeit.de\/nsu-prozess-blog\/#website","url":"https:\/\/blog.zeit.de\/nsu-prozess-blog\/","name":"Das NSU-Prozess-Blog","description":"Alle Berichte zum Terrorverfahren in M\u00fcnchen","potentialAction":[{"@type":"SearchAction","target":{"@type":"EntryPoint","urlTemplate":"https:\/\/blog.zeit.de\/nsu-prozess-blog\/?s={search_term_string}"},"query-input":"required name=search_term_string"}],"inLanguage":"de"},{"@type":"Person","@id":"https:\/\/blog.zeit.de\/nsu-prozess-blog\/#\/schema\/person\/553ea9bb5d1fc2ae054c589bd59380a5","name":"Tom Sundermann","image":{"@type":"ImageObject","inLanguage":"de","@id":"https:\/\/blog.zeit.de\/nsu-prozess-blog\/#\/schema\/person\/image\/","url":"https:\/\/secure.gravatar.com\/avatar\/e108a3dc18766f719b2f797dc5d19093f06a1870c55b553ab6b7563f1f9a5e68?s=96&d=mm&r=g","contentUrl":"https:\/\/secure.gravatar.com\/avatar\/e108a3dc18766f719b2f797dc5d19093f06a1870c55b553ab6b7563f1f9a5e68?s=96&d=mm&r=g","caption":"Tom Sundermann"},"sameAs":["https:\/\/twitter.com\/messeticker"],"url":"https:\/\/blog.zeit.de\/nsu-prozess-blog\/author\/tsundermann\/"}]}},"jetpack_featured_media_url":"","jetpack_sharing_enabled":true,"_links":{"self":[{"href":"https:\/\/blog.zeit.de\/nsu-prozess-blog\/wp-json\/wp\/v2\/posts\/7290","targetHints":{"allow":["GET"]}}],"collection":[{"href":"https:\/\/blog.zeit.de\/nsu-prozess-blog\/wp-json\/wp\/v2\/posts"}],"about":[{"href":"https:\/\/blog.zeit.de\/nsu-prozess-blog\/wp-json\/wp\/v2\/types\/post"}],"author":[{"embeddable":true,"href":"https:\/\/blog.zeit.de\/nsu-prozess-blog\/wp-json\/wp\/v2\/users\/435"}],"replies":[{"embeddable":true,"href":"https:\/\/blog.zeit.de\/nsu-prozess-blog\/wp-json\/wp\/v2\/comments?post=7290"}],"version-history":[{"count":8,"href":"https:\/\/blog.zeit.de\/nsu-prozess-blog\/wp-json\/wp\/v2\/posts\/7290\/revisions"}],"predecessor-version":[{"id":7298,"href":"https:\/\/blog.zeit.de\/nsu-prozess-blog\/wp-json\/wp\/v2\/posts\/7290\/revisions\/7298"}],"wp:attachment":[{"href":"https:\/\/blog.zeit.de\/nsu-prozess-blog\/wp-json\/wp\/v2\/media?parent=7290"}],"wp:term":[{"taxonomy":"category","embeddable":true,"href":"https:\/\/blog.zeit.de\/nsu-prozess-blog\/wp-json\/wp\/v2\/categories?post=7290"},{"taxonomy":"post_tag","embeddable":true,"href":"https:\/\/blog.zeit.de\/nsu-prozess-blog\/wp-json\/wp\/v2\/tags?post=7290"}],"curies":[{"name":"wp","href":"https:\/\/api.w.org\/{rel}","templated":true}]}}