{"id":7299,"date":"2014-07-22T07:00:40","date_gmt":"2014-07-22T05:00:40","guid":{"rendered":"http:\/\/blog.zeit.de\/nsu-prozess-blog\/?p=7299"},"modified":"2014-07-21T19:17:53","modified_gmt":"2014-07-21T17:17:53","slug":"129-prozesstag-aussagen-zur-vernehmung-der-zwickauer-nachbarin","status":"publish","type":"post","link":"https:\/\/blog.zeit.de\/nsu-prozess-blog\/2014\/07\/22\/129-prozesstag-aussagen-zur-vernehmung-der-zwickauer-nachbarin\/","title":{"rendered":"129. Prozesstag \u2013 Prozess geht mit Urlaubsbekanntschaften weiter"},"content":{"rendered":"<p>Der NSU-Prozess geht weiter wie geplant, solange die Entscheidung \u00fcber den <a href=\"https:\/\/blog.zeit.de\/nsu-prozess-blog\/2014\/07\/21\/keine-aussage-keine-neuen-anwaelte-das-medienlog-vom-montag-21-juli-2014\/\">Entpflichtungsantrag von Beate Zsch\u00e4pe<\/a> aussteht. Auch Stellungnahmen dazu werden laut einer Sprecherin nicht in der Verhandlung er\u00f6rtert. Die Hauptangeklagte hatte ihren Verteidigern am Mittwoch das Misstrauen ausgesprochen und am Freitag eine Begr\u00fcndung eingereicht.<\/p>\n<p>Eine \u00c4nderung hat das Gericht nach dem Antrag allerdings vorgenommen: Zwei Zeugen, die am Dienstagvormittag zur <a href=\"http:\/\/www.zeit.de\/gesellschaft\/zeitgeschehen\/2013-07\/nsu-prozess-brand-zwickau-zschaepe-mord-rentnerin\">Brandstiftung in der Zwickauer Fr\u00fchlingsstra\u00dfe<\/a> aussagen sollten, wurden abgeladen. Die Sitzung beginnt daher erst am Nachmittag.<\/p>\n<p>Dann h\u00f6rt das Gericht zwei Frauen, die das NSU-Trio im Urlaub kennenlernte. Solche Bekanntschaften sollen Aufschluss \u00fcber die Organisation des NSU und Zsch\u00e4pes Rolle gegen\u00fcber ihren beiden Kameraden geben. Bei einer <a href=\"http:\/\/www.zeit.de\/politik\/deutschland\/2013-11\/nsu-prozess-camping-zeugen\">\u00e4hnlichen Befragung<\/a> hatten Zeugen etwa ausgesagt, dass Zsch\u00e4pe damals das Geld der Gruppe verwaltete.<\/p>\n<p><em>Informationen aus der Verhandlung gibt es <a href=\"https:\/\/twitter.com\/zeitonline\/lists\/nsu-prozess\">via Twitter hier<\/a>. Die Berichte dar\u00fcber fassen wir morgen im <a href=\"https:\/\/blog.zeit.de\/nsu-prozess-blog\/category\/medienschau\/\">NSU-Medienlog<\/a> zusammen.<\/em><\/p>\n","protected":false},"excerpt":{"rendered":"<p>Der NSU-Prozess geht weiter wie geplant, solange die Entscheidung \u00fcber den Entpflichtungsantrag von Beate Zsch\u00e4pe aussteht. Auch Stellungnahmen dazu werden laut einer Sprecherin nicht in der Verhandlung er\u00f6rtert. Die Hauptangeklagte hatte ihren Verteidigern am Mittwoch das Misstrauen ausgesprochen und am Freitag eine Begr\u00fcndung eingereicht. Eine \u00c4nderung hat das Gericht nach dem Antrag allerdings vorgenommen: Zwei [&hellip;]<\/p>\n","protected":false},"author":435,"featured_media":0,"comment_status":"open","ping_status":"open","sticky":false,"template":"","format":"standard","meta":{"_jetpack_memberships_contains_paid_content":false,"footnotes":""},"categories":[27532],"tags":[124],"class_list":["post-7299","post","type-post","status-publish","format-standard","hentry","category-prozesstage","tag-urlaub"],"yoast_head":"<!-- This site is optimized with the Yoast SEO plugin v21.0 - https:\/\/yoast.com\/wordpress\/plugins\/seo\/ -->\n<title>129. Prozesstag \u2013 Prozess geht mit Urlaubsbekanntschaften weiter - Das NSU-Prozess-Blog<\/title>\n<meta name=\"robots\" content=\"index, follow, max-snippet:-1, max-image-preview:large, max-video-preview:-1\" \/>\n<link rel=\"canonical\" href=\"https:\/\/blog.zeit.de\/nsu-prozess-blog\/2014\/07\/22\/129-prozesstag-aussagen-zur-vernehmung-der-zwickauer-nachbarin\/\" \/>\n<meta property=\"og:locale\" content=\"de_DE\" \/>\n<meta property=\"og:type\" content=\"article\" \/>\n<meta property=\"og:title\" content=\"129. Prozesstag \u2013 Prozess geht mit Urlaubsbekanntschaften weiter - Das NSU-Prozess-Blog\" \/>\n<meta property=\"og:description\" content=\"Der NSU-Prozess geht weiter wie geplant, solange die Entscheidung \u00fcber den Entpflichtungsantrag von Beate Zsch\u00e4pe aussteht. Auch Stellungnahmen dazu werden laut einer Sprecherin nicht in der Verhandlung er\u00f6rtert. Die Hauptangeklagte hatte ihren Verteidigern am Mittwoch das Misstrauen ausgesprochen und am Freitag eine Begr\u00fcndung eingereicht. Eine \u00c4nderung hat das Gericht nach dem Antrag allerdings vorgenommen: Zwei [&hellip;]\" \/>\n<meta property=\"og:url\" content=\"https:\/\/blog.zeit.de\/nsu-prozess-blog\/2014\/07\/22\/129-prozesstag-aussagen-zur-vernehmung-der-zwickauer-nachbarin\/\" \/>\n<meta property=\"og:site_name\" content=\"Das NSU-Prozess-Blog\" \/>\n<meta property=\"article:published_time\" content=\"2014-07-22T05:00:40+00:00\" \/>\n<meta property=\"article:modified_time\" content=\"2014-07-21T17:17:53+00:00\" \/>\n<meta name=\"author\" content=\"Tom Sundermann\" \/>\n<meta name=\"twitter:label1\" content=\"Geschrieben von\" \/>\n\t<meta name=\"twitter:data1\" content=\"Tom Sundermann\" \/>\n\t<meta name=\"twitter:label2\" content=\"Gesch\u00e4tzte Lesezeit\" \/>\n\t<meta name=\"twitter:data2\" content=\"1\u00a0Minute\" \/>\n<script type=\"application\/ld+json\" class=\"yoast-schema-graph\">{\"@context\":\"https:\/\/schema.org\",\"@graph\":[{\"@type\":\"WebPage\",\"@id\":\"https:\/\/blog.zeit.de\/nsu-prozess-blog\/2014\/07\/22\/129-prozesstag-aussagen-zur-vernehmung-der-zwickauer-nachbarin\/\",\"url\":\"https:\/\/blog.zeit.de\/nsu-prozess-blog\/2014\/07\/22\/129-prozesstag-aussagen-zur-vernehmung-der-zwickauer-nachbarin\/\",\"name\":\"129. Prozesstag \u2013 Prozess geht mit Urlaubsbekanntschaften weiter - Das NSU-Prozess-Blog\",\"isPartOf\":{\"@id\":\"https:\/\/blog.zeit.de\/nsu-prozess-blog\/#website\"},\"datePublished\":\"2014-07-22T05:00:40+00:00\",\"dateModified\":\"2014-07-21T17:17:53+00:00\",\"author\":{\"@id\":\"https:\/\/blog.zeit.de\/nsu-prozess-blog\/#\/schema\/person\/553ea9bb5d1fc2ae054c589bd59380a5\"},\"breadcrumb\":{\"@id\":\"https:\/\/blog.zeit.de\/nsu-prozess-blog\/2014\/07\/22\/129-prozesstag-aussagen-zur-vernehmung-der-zwickauer-nachbarin\/#breadcrumb\"},\"inLanguage\":\"de\",\"potentialAction\":[{\"@type\":\"ReadAction\",\"target\":[\"https:\/\/blog.zeit.de\/nsu-prozess-blog\/2014\/07\/22\/129-prozesstag-aussagen-zur-vernehmung-der-zwickauer-nachbarin\/\"]}]},{\"@type\":\"BreadcrumbList\",\"@id\":\"https:\/\/blog.zeit.de\/nsu-prozess-blog\/2014\/07\/22\/129-prozesstag-aussagen-zur-vernehmung-der-zwickauer-nachbarin\/#breadcrumb\",\"itemListElement\":[{\"@type\":\"ListItem\",\"position\":1,\"name\":\"Startseite\",\"item\":\"https:\/\/blog.zeit.de\/nsu-prozess-blog\/\"},{\"@type\":\"ListItem\",\"position\":2,\"name\":\"129. Prozesstag \u2013 Prozess geht mit Urlaubsbekanntschaften weiter\"}]},{\"@type\":\"WebSite\",\"@id\":\"https:\/\/blog.zeit.de\/nsu-prozess-blog\/#website\",\"url\":\"https:\/\/blog.zeit.de\/nsu-prozess-blog\/\",\"name\":\"Das NSU-Prozess-Blog\",\"description\":\"Alle Berichte zum Terrorverfahren in M\u00fcnchen\",\"potentialAction\":[{\"@type\":\"SearchAction\",\"target\":{\"@type\":\"EntryPoint\",\"urlTemplate\":\"https:\/\/blog.zeit.de\/nsu-prozess-blog\/?s={search_term_string}\"},\"query-input\":\"required name=search_term_string\"}],\"inLanguage\":\"de\"},{\"@type\":\"Person\",\"@id\":\"https:\/\/blog.zeit.de\/nsu-prozess-blog\/#\/schema\/person\/553ea9bb5d1fc2ae054c589bd59380a5\",\"name\":\"Tom Sundermann\",\"image\":{\"@type\":\"ImageObject\",\"inLanguage\":\"de\",\"@id\":\"https:\/\/blog.zeit.de\/nsu-prozess-blog\/#\/schema\/person\/image\/\",\"url\":\"https:\/\/secure.gravatar.com\/avatar\/e108a3dc18766f719b2f797dc5d19093f06a1870c55b553ab6b7563f1f9a5e68?s=96&d=mm&r=g\",\"contentUrl\":\"https:\/\/secure.gravatar.com\/avatar\/e108a3dc18766f719b2f797dc5d19093f06a1870c55b553ab6b7563f1f9a5e68?s=96&d=mm&r=g\",\"caption\":\"Tom Sundermann\"},\"sameAs\":[\"https:\/\/twitter.com\/messeticker\"],\"url\":\"https:\/\/blog.zeit.de\/nsu-prozess-blog\/author\/tsundermann\/\"}]}<\/script>\n<!-- \/ Yoast SEO plugin. -->","yoast_head_json":{"title":"129. Prozesstag \u2013 Prozess geht mit Urlaubsbekanntschaften weiter - Das NSU-Prozess-Blog","robots":{"index":"index","follow":"follow","max-snippet":"max-snippet:-1","max-image-preview":"max-image-preview:large","max-video-preview":"max-video-preview:-1"},"canonical":"https:\/\/blog.zeit.de\/nsu-prozess-blog\/2014\/07\/22\/129-prozesstag-aussagen-zur-vernehmung-der-zwickauer-nachbarin\/","og_locale":"de_DE","og_type":"article","og_title":"129. Prozesstag \u2013 Prozess geht mit Urlaubsbekanntschaften weiter - Das NSU-Prozess-Blog","og_description":"Der NSU-Prozess geht weiter wie geplant, solange die Entscheidung \u00fcber den Entpflichtungsantrag von Beate Zsch\u00e4pe aussteht. Auch Stellungnahmen dazu werden laut einer Sprecherin nicht in der Verhandlung er\u00f6rtert. Die Hauptangeklagte hatte ihren Verteidigern am Mittwoch das Misstrauen ausgesprochen und am Freitag eine Begr\u00fcndung eingereicht. Eine \u00c4nderung hat das Gericht nach dem Antrag allerdings vorgenommen: Zwei [&hellip;]","og_url":"https:\/\/blog.zeit.de\/nsu-prozess-blog\/2014\/07\/22\/129-prozesstag-aussagen-zur-vernehmung-der-zwickauer-nachbarin\/","og_site_name":"Das NSU-Prozess-Blog","article_published_time":"2014-07-22T05:00:40+00:00","article_modified_time":"2014-07-21T17:17:53+00:00","author":"Tom Sundermann","twitter_misc":{"Geschrieben von":"Tom Sundermann","Gesch\u00e4tzte Lesezeit":"1\u00a0Minute"},"schema":{"@context":"https:\/\/schema.org","@graph":[{"@type":"WebPage","@id":"https:\/\/blog.zeit.de\/nsu-prozess-blog\/2014\/07\/22\/129-prozesstag-aussagen-zur-vernehmung-der-zwickauer-nachbarin\/","url":"https:\/\/blog.zeit.de\/nsu-prozess-blog\/2014\/07\/22\/129-prozesstag-aussagen-zur-vernehmung-der-zwickauer-nachbarin\/","name":"129. Prozesstag \u2013 Prozess geht mit Urlaubsbekanntschaften weiter - Das NSU-Prozess-Blog","isPartOf":{"@id":"https:\/\/blog.zeit.de\/nsu-prozess-blog\/#website"},"datePublished":"2014-07-22T05:00:40+00:00","dateModified":"2014-07-21T17:17:53+00:00","author":{"@id":"https:\/\/blog.zeit.de\/nsu-prozess-blog\/#\/schema\/person\/553ea9bb5d1fc2ae054c589bd59380a5"},"breadcrumb":{"@id":"https:\/\/blog.zeit.de\/nsu-prozess-blog\/2014\/07\/22\/129-prozesstag-aussagen-zur-vernehmung-der-zwickauer-nachbarin\/#breadcrumb"},"inLanguage":"de","potentialAction":[{"@type":"ReadAction","target":["https:\/\/blog.zeit.de\/nsu-prozess-blog\/2014\/07\/22\/129-prozesstag-aussagen-zur-vernehmung-der-zwickauer-nachbarin\/"]}]},{"@type":"BreadcrumbList","@id":"https:\/\/blog.zeit.de\/nsu-prozess-blog\/2014\/07\/22\/129-prozesstag-aussagen-zur-vernehmung-der-zwickauer-nachbarin\/#breadcrumb","itemListElement":[{"@type":"ListItem","position":1,"name":"Startseite","item":"https:\/\/blog.zeit.de\/nsu-prozess-blog\/"},{"@type":"ListItem","position":2,"name":"129. Prozesstag \u2013 Prozess geht mit Urlaubsbekanntschaften weiter"}]},{"@type":"WebSite","@id":"https:\/\/blog.zeit.de\/nsu-prozess-blog\/#website","url":"https:\/\/blog.zeit.de\/nsu-prozess-blog\/","name":"Das NSU-Prozess-Blog","description":"Alle Berichte zum Terrorverfahren in M\u00fcnchen","potentialAction":[{"@type":"SearchAction","target":{"@type":"EntryPoint","urlTemplate":"https:\/\/blog.zeit.de\/nsu-prozess-blog\/?s={search_term_string}"},"query-input":"required name=search_term_string"}],"inLanguage":"de"},{"@type":"Person","@id":"https:\/\/blog.zeit.de\/nsu-prozess-blog\/#\/schema\/person\/553ea9bb5d1fc2ae054c589bd59380a5","name":"Tom Sundermann","image":{"@type":"ImageObject","inLanguage":"de","@id":"https:\/\/blog.zeit.de\/nsu-prozess-blog\/#\/schema\/person\/image\/","url":"https:\/\/secure.gravatar.com\/avatar\/e108a3dc18766f719b2f797dc5d19093f06a1870c55b553ab6b7563f1f9a5e68?s=96&d=mm&r=g","contentUrl":"https:\/\/secure.gravatar.com\/avatar\/e108a3dc18766f719b2f797dc5d19093f06a1870c55b553ab6b7563f1f9a5e68?s=96&d=mm&r=g","caption":"Tom Sundermann"},"sameAs":["https:\/\/twitter.com\/messeticker"],"url":"https:\/\/blog.zeit.de\/nsu-prozess-blog\/author\/tsundermann\/"}]}},"jetpack_featured_media_url":"","jetpack_sharing_enabled":true,"_links":{"self":[{"href":"https:\/\/blog.zeit.de\/nsu-prozess-blog\/wp-json\/wp\/v2\/posts\/7299","targetHints":{"allow":["GET"]}}],"collection":[{"href":"https:\/\/blog.zeit.de\/nsu-prozess-blog\/wp-json\/wp\/v2\/posts"}],"about":[{"href":"https:\/\/blog.zeit.de\/nsu-prozess-blog\/wp-json\/wp\/v2\/types\/post"}],"author":[{"embeddable":true,"href":"https:\/\/blog.zeit.de\/nsu-prozess-blog\/wp-json\/wp\/v2\/users\/435"}],"replies":[{"embeddable":true,"href":"https:\/\/blog.zeit.de\/nsu-prozess-blog\/wp-json\/wp\/v2\/comments?post=7299"}],"version-history":[{"count":5,"href":"https:\/\/blog.zeit.de\/nsu-prozess-blog\/wp-json\/wp\/v2\/posts\/7299\/revisions"}],"predecessor-version":[{"id":7322,"href":"https:\/\/blog.zeit.de\/nsu-prozess-blog\/wp-json\/wp\/v2\/posts\/7299\/revisions\/7322"}],"wp:attachment":[{"href":"https:\/\/blog.zeit.de\/nsu-prozess-blog\/wp-json\/wp\/v2\/media?parent=7299"}],"wp:term":[{"taxonomy":"category","embeddable":true,"href":"https:\/\/blog.zeit.de\/nsu-prozess-blog\/wp-json\/wp\/v2\/categories?post=7299"},{"taxonomy":"post_tag","embeddable":true,"href":"https:\/\/blog.zeit.de\/nsu-prozess-blog\/wp-json\/wp\/v2\/tags?post=7299"}],"curies":[{"name":"wp","href":"https:\/\/api.w.org\/{rel}","templated":true}]}}