{"id":7302,"date":"2014-07-23T07:00:29","date_gmt":"2014-07-23T05:00:29","guid":{"rendered":"http:\/\/blog.zeit.de\/nsu-prozess-blog\/?p=7302"},"modified":"2014-07-18T13:53:57","modified_gmt":"2014-07-18T11:53:57","slug":"130-prozesstag-szenekamerad-aus-thueringen-im-zeugenstand","status":"publish","type":"post","link":"https:\/\/blog.zeit.de\/nsu-prozess-blog\/2014\/07\/23\/130-prozesstag-szenekamerad-aus-thueringen-im-zeugenstand\/","title":{"rendered":"130. Prozesstag \u2013 Szenekamerad aus Th\u00fcringen im Zeugenstand"},"content":{"rendered":"<p>Am Mittwoch ist der Zeuge Andreas Ra. nach M\u00fcnchen geladen. Ra. gilt als Weggef\u00e4hrte des NSU, er war wie das Trio aus Zsch\u00e4pe, Mundlos und B\u00f6hnhardt aktiv in der rechten Gruppe <a href=\"https:\/\/blog.zeit.de\/nsu-prozess-blog\/2014\/02\/12\/tino-brandt\/\">Th\u00fcringer Heimatschutz<\/a> (THS). Von ihm sind Aussagen zur Organisation des Sammelbeckens zu erwarten, in dem Mitte der Neunzigerjahre Th\u00fcringer Neonazis unter Leitung des NPD-Kaders <a href=\"https:\/\/blog.zeit.de\/nsu-prozess-blog\/2014\/07\/15\/v-mann-ueber-zschaepe-keine-dumme-hausfrau\/\">Tino Brandt<\/a> zusammenkamen. W\u00e4hrend ihrer Zeit im THS radikalisierten sich die sp\u00e4teren NSU-Mitglieder. Ra. fiel der Polizei durch Gewaltdelikte auf, das Bundeskriminalamt z\u00e4hlt ihn &#8222;zum harten Kern&#8220; der Gruppe.<\/p>\n<p>Ebenfalls geladen ist Thomas B. Der Zeuge sollte bereits Ende Juni aussagen, blieb dem Prozess jedoch unentschuldigt fern. M\u00f6glich ist, dass er diesmal unter Zwang ins Gericht gebracht wird. B. ist ein Jugendfreund von Uwe B\u00f6hnhardt. und beging gemeinsam mit ihm Straftaten. In Vernehmungen beschrieb er ihn als aggressiv.<\/p>\n<p><em>Informationen aus der Verhandlung gibt es <a href=\"https:\/\/twitter.com\/zeitonline\/lists\/nsu-prozess\">via Twitter hier<\/a>. Die Berichte dar\u00fcber fassen wir morgen im <a href=\"https:\/\/blog.zeit.de\/nsu-prozess-blog\/category\/medienschau\/\">NSU-Medienlog<\/a> zusammen.<\/em><\/p>\n","protected":false},"excerpt":{"rendered":"<p>Am Mittwoch ist der Zeuge Andreas Ra. nach M\u00fcnchen geladen. Ra. gilt als Weggef\u00e4hrte des NSU, er war wie das Trio aus Zsch\u00e4pe, Mundlos und B\u00f6hnhardt aktiv in der rechten Gruppe Th\u00fcringer Heimatschutz (THS). Von ihm sind Aussagen zur Organisation des Sammelbeckens zu erwarten, in dem Mitte der Neunzigerjahre Th\u00fcringer Neonazis unter Leitung des NPD-Kaders [&hellip;]<\/p>\n","protected":false},"author":435,"featured_media":0,"comment_status":"open","ping_status":"open","sticky":false,"template":"","format":"standard","meta":{"_jetpack_memberships_contains_paid_content":false,"footnotes":""},"categories":[27531],"tags":[29518,12740,12741],"class_list":["post-7302","post","type-post","status-publish","format-standard","hentry","category-medienschau","tag-andreas-ra","tag-thuringer-heimatschutz","tag-tino-brandt"],"yoast_head":"<!-- This site is optimized with the Yoast SEO plugin v21.0 - https:\/\/yoast.com\/wordpress\/plugins\/seo\/ -->\n<title>130. Prozesstag \u2013 Szenekamerad aus Th\u00fcringen im Zeugenstand - Das NSU-Prozess-Blog<\/title>\n<meta name=\"robots\" content=\"index, follow, max-snippet:-1, max-image-preview:large, max-video-preview:-1\" \/>\n<link rel=\"canonical\" href=\"https:\/\/blog.zeit.de\/nsu-prozess-blog\/2014\/07\/23\/130-prozesstag-szenekamerad-aus-thueringen-im-zeugenstand\/\" \/>\n<meta property=\"og:locale\" content=\"de_DE\" \/>\n<meta property=\"og:type\" content=\"article\" \/>\n<meta property=\"og:title\" content=\"130. Prozesstag \u2013 Szenekamerad aus Th\u00fcringen im Zeugenstand - Das NSU-Prozess-Blog\" \/>\n<meta property=\"og:description\" content=\"Am Mittwoch ist der Zeuge Andreas Ra. nach M\u00fcnchen geladen. Ra. gilt als Weggef\u00e4hrte des NSU, er war wie das Trio aus Zsch\u00e4pe, Mundlos und B\u00f6hnhardt aktiv in der rechten Gruppe Th\u00fcringer Heimatschutz (THS). Von ihm sind Aussagen zur Organisation des Sammelbeckens zu erwarten, in dem Mitte der Neunzigerjahre Th\u00fcringer Neonazis unter Leitung des NPD-Kaders [&hellip;]\" \/>\n<meta property=\"og:url\" content=\"https:\/\/blog.zeit.de\/nsu-prozess-blog\/2014\/07\/23\/130-prozesstag-szenekamerad-aus-thueringen-im-zeugenstand\/\" \/>\n<meta property=\"og:site_name\" content=\"Das NSU-Prozess-Blog\" \/>\n<meta property=\"article:published_time\" content=\"2014-07-23T05:00:29+00:00\" \/>\n<meta property=\"article:modified_time\" content=\"2014-07-18T11:53:57+00:00\" \/>\n<meta name=\"author\" content=\"Tom Sundermann\" \/>\n<meta name=\"twitter:label1\" content=\"Geschrieben von\" \/>\n\t<meta name=\"twitter:data1\" content=\"Tom Sundermann\" \/>\n\t<meta name=\"twitter:label2\" content=\"Gesch\u00e4tzte Lesezeit\" \/>\n\t<meta name=\"twitter:data2\" content=\"1\u00a0Minute\" \/>\n<script type=\"application\/ld+json\" class=\"yoast-schema-graph\">{\"@context\":\"https:\/\/schema.org\",\"@graph\":[{\"@type\":\"WebPage\",\"@id\":\"https:\/\/blog.zeit.de\/nsu-prozess-blog\/2014\/07\/23\/130-prozesstag-szenekamerad-aus-thueringen-im-zeugenstand\/\",\"url\":\"https:\/\/blog.zeit.de\/nsu-prozess-blog\/2014\/07\/23\/130-prozesstag-szenekamerad-aus-thueringen-im-zeugenstand\/\",\"name\":\"130. Prozesstag \u2013 Szenekamerad aus Th\u00fcringen im Zeugenstand - Das NSU-Prozess-Blog\",\"isPartOf\":{\"@id\":\"https:\/\/blog.zeit.de\/nsu-prozess-blog\/#website\"},\"datePublished\":\"2014-07-23T05:00:29+00:00\",\"dateModified\":\"2014-07-18T11:53:57+00:00\",\"author\":{\"@id\":\"https:\/\/blog.zeit.de\/nsu-prozess-blog\/#\/schema\/person\/553ea9bb5d1fc2ae054c589bd59380a5\"},\"breadcrumb\":{\"@id\":\"https:\/\/blog.zeit.de\/nsu-prozess-blog\/2014\/07\/23\/130-prozesstag-szenekamerad-aus-thueringen-im-zeugenstand\/#breadcrumb\"},\"inLanguage\":\"de\",\"potentialAction\":[{\"@type\":\"ReadAction\",\"target\":[\"https:\/\/blog.zeit.de\/nsu-prozess-blog\/2014\/07\/23\/130-prozesstag-szenekamerad-aus-thueringen-im-zeugenstand\/\"]}]},{\"@type\":\"BreadcrumbList\",\"@id\":\"https:\/\/blog.zeit.de\/nsu-prozess-blog\/2014\/07\/23\/130-prozesstag-szenekamerad-aus-thueringen-im-zeugenstand\/#breadcrumb\",\"itemListElement\":[{\"@type\":\"ListItem\",\"position\":1,\"name\":\"Startseite\",\"item\":\"https:\/\/blog.zeit.de\/nsu-prozess-blog\/\"},{\"@type\":\"ListItem\",\"position\":2,\"name\":\"130. Prozesstag \u2013 Szenekamerad aus Th\u00fcringen im Zeugenstand\"}]},{\"@type\":\"WebSite\",\"@id\":\"https:\/\/blog.zeit.de\/nsu-prozess-blog\/#website\",\"url\":\"https:\/\/blog.zeit.de\/nsu-prozess-blog\/\",\"name\":\"Das NSU-Prozess-Blog\",\"description\":\"Alle Berichte zum Terrorverfahren in M\u00fcnchen\",\"potentialAction\":[{\"@type\":\"SearchAction\",\"target\":{\"@type\":\"EntryPoint\",\"urlTemplate\":\"https:\/\/blog.zeit.de\/nsu-prozess-blog\/?s={search_term_string}\"},\"query-input\":\"required name=search_term_string\"}],\"inLanguage\":\"de\"},{\"@type\":\"Person\",\"@id\":\"https:\/\/blog.zeit.de\/nsu-prozess-blog\/#\/schema\/person\/553ea9bb5d1fc2ae054c589bd59380a5\",\"name\":\"Tom Sundermann\",\"image\":{\"@type\":\"ImageObject\",\"inLanguage\":\"de\",\"@id\":\"https:\/\/blog.zeit.de\/nsu-prozess-blog\/#\/schema\/person\/image\/\",\"url\":\"https:\/\/secure.gravatar.com\/avatar\/e108a3dc18766f719b2f797dc5d19093f06a1870c55b553ab6b7563f1f9a5e68?s=96&d=mm&r=g\",\"contentUrl\":\"https:\/\/secure.gravatar.com\/avatar\/e108a3dc18766f719b2f797dc5d19093f06a1870c55b553ab6b7563f1f9a5e68?s=96&d=mm&r=g\",\"caption\":\"Tom Sundermann\"},\"sameAs\":[\"https:\/\/twitter.com\/messeticker\"],\"url\":\"https:\/\/blog.zeit.de\/nsu-prozess-blog\/author\/tsundermann\/\"}]}<\/script>\n<!-- \/ Yoast SEO plugin. -->","yoast_head_json":{"title":"130. Prozesstag \u2013 Szenekamerad aus Th\u00fcringen im Zeugenstand - Das NSU-Prozess-Blog","robots":{"index":"index","follow":"follow","max-snippet":"max-snippet:-1","max-image-preview":"max-image-preview:large","max-video-preview":"max-video-preview:-1"},"canonical":"https:\/\/blog.zeit.de\/nsu-prozess-blog\/2014\/07\/23\/130-prozesstag-szenekamerad-aus-thueringen-im-zeugenstand\/","og_locale":"de_DE","og_type":"article","og_title":"130. Prozesstag \u2013 Szenekamerad aus Th\u00fcringen im Zeugenstand - Das NSU-Prozess-Blog","og_description":"Am Mittwoch ist der Zeuge Andreas Ra. nach M\u00fcnchen geladen. Ra. gilt als Weggef\u00e4hrte des NSU, er war wie das Trio aus Zsch\u00e4pe, Mundlos und B\u00f6hnhardt aktiv in der rechten Gruppe Th\u00fcringer Heimatschutz (THS). Von ihm sind Aussagen zur Organisation des Sammelbeckens zu erwarten, in dem Mitte der Neunzigerjahre Th\u00fcringer Neonazis unter Leitung des NPD-Kaders [&hellip;]","og_url":"https:\/\/blog.zeit.de\/nsu-prozess-blog\/2014\/07\/23\/130-prozesstag-szenekamerad-aus-thueringen-im-zeugenstand\/","og_site_name":"Das NSU-Prozess-Blog","article_published_time":"2014-07-23T05:00:29+00:00","article_modified_time":"2014-07-18T11:53:57+00:00","author":"Tom Sundermann","twitter_misc":{"Geschrieben von":"Tom Sundermann","Gesch\u00e4tzte Lesezeit":"1\u00a0Minute"},"schema":{"@context":"https:\/\/schema.org","@graph":[{"@type":"WebPage","@id":"https:\/\/blog.zeit.de\/nsu-prozess-blog\/2014\/07\/23\/130-prozesstag-szenekamerad-aus-thueringen-im-zeugenstand\/","url":"https:\/\/blog.zeit.de\/nsu-prozess-blog\/2014\/07\/23\/130-prozesstag-szenekamerad-aus-thueringen-im-zeugenstand\/","name":"130. Prozesstag \u2013 Szenekamerad aus Th\u00fcringen im Zeugenstand - Das NSU-Prozess-Blog","isPartOf":{"@id":"https:\/\/blog.zeit.de\/nsu-prozess-blog\/#website"},"datePublished":"2014-07-23T05:00:29+00:00","dateModified":"2014-07-18T11:53:57+00:00","author":{"@id":"https:\/\/blog.zeit.de\/nsu-prozess-blog\/#\/schema\/person\/553ea9bb5d1fc2ae054c589bd59380a5"},"breadcrumb":{"@id":"https:\/\/blog.zeit.de\/nsu-prozess-blog\/2014\/07\/23\/130-prozesstag-szenekamerad-aus-thueringen-im-zeugenstand\/#breadcrumb"},"inLanguage":"de","potentialAction":[{"@type":"ReadAction","target":["https:\/\/blog.zeit.de\/nsu-prozess-blog\/2014\/07\/23\/130-prozesstag-szenekamerad-aus-thueringen-im-zeugenstand\/"]}]},{"@type":"BreadcrumbList","@id":"https:\/\/blog.zeit.de\/nsu-prozess-blog\/2014\/07\/23\/130-prozesstag-szenekamerad-aus-thueringen-im-zeugenstand\/#breadcrumb","itemListElement":[{"@type":"ListItem","position":1,"name":"Startseite","item":"https:\/\/blog.zeit.de\/nsu-prozess-blog\/"},{"@type":"ListItem","position":2,"name":"130. Prozesstag \u2013 Szenekamerad aus Th\u00fcringen im Zeugenstand"}]},{"@type":"WebSite","@id":"https:\/\/blog.zeit.de\/nsu-prozess-blog\/#website","url":"https:\/\/blog.zeit.de\/nsu-prozess-blog\/","name":"Das NSU-Prozess-Blog","description":"Alle Berichte zum Terrorverfahren in M\u00fcnchen","potentialAction":[{"@type":"SearchAction","target":{"@type":"EntryPoint","urlTemplate":"https:\/\/blog.zeit.de\/nsu-prozess-blog\/?s={search_term_string}"},"query-input":"required name=search_term_string"}],"inLanguage":"de"},{"@type":"Person","@id":"https:\/\/blog.zeit.de\/nsu-prozess-blog\/#\/schema\/person\/553ea9bb5d1fc2ae054c589bd59380a5","name":"Tom Sundermann","image":{"@type":"ImageObject","inLanguage":"de","@id":"https:\/\/blog.zeit.de\/nsu-prozess-blog\/#\/schema\/person\/image\/","url":"https:\/\/secure.gravatar.com\/avatar\/e108a3dc18766f719b2f797dc5d19093f06a1870c55b553ab6b7563f1f9a5e68?s=96&d=mm&r=g","contentUrl":"https:\/\/secure.gravatar.com\/avatar\/e108a3dc18766f719b2f797dc5d19093f06a1870c55b553ab6b7563f1f9a5e68?s=96&d=mm&r=g","caption":"Tom Sundermann"},"sameAs":["https:\/\/twitter.com\/messeticker"],"url":"https:\/\/blog.zeit.de\/nsu-prozess-blog\/author\/tsundermann\/"}]}},"jetpack_featured_media_url":"","jetpack_sharing_enabled":true,"_links":{"self":[{"href":"https:\/\/blog.zeit.de\/nsu-prozess-blog\/wp-json\/wp\/v2\/posts\/7302","targetHints":{"allow":["GET"]}}],"collection":[{"href":"https:\/\/blog.zeit.de\/nsu-prozess-blog\/wp-json\/wp\/v2\/posts"}],"about":[{"href":"https:\/\/blog.zeit.de\/nsu-prozess-blog\/wp-json\/wp\/v2\/types\/post"}],"author":[{"embeddable":true,"href":"https:\/\/blog.zeit.de\/nsu-prozess-blog\/wp-json\/wp\/v2\/users\/435"}],"replies":[{"embeddable":true,"href":"https:\/\/blog.zeit.de\/nsu-prozess-blog\/wp-json\/wp\/v2\/comments?post=7302"}],"version-history":[{"count":1,"href":"https:\/\/blog.zeit.de\/nsu-prozess-blog\/wp-json\/wp\/v2\/posts\/7302\/revisions"}],"predecessor-version":[{"id":7303,"href":"https:\/\/blog.zeit.de\/nsu-prozess-blog\/wp-json\/wp\/v2\/posts\/7302\/revisions\/7303"}],"wp:attachment":[{"href":"https:\/\/blog.zeit.de\/nsu-prozess-blog\/wp-json\/wp\/v2\/media?parent=7302"}],"wp:term":[{"taxonomy":"category","embeddable":true,"href":"https:\/\/blog.zeit.de\/nsu-prozess-blog\/wp-json\/wp\/v2\/categories?post=7302"},{"taxonomy":"post_tag","embeddable":true,"href":"https:\/\/blog.zeit.de\/nsu-prozess-blog\/wp-json\/wp\/v2\/tags?post=7302"}],"curies":[{"name":"wp","href":"https:\/\/api.w.org\/{rel}","templated":true}]}}