{"id":7349,"date":"2014-07-24T09:12:05","date_gmt":"2014-07-24T07:12:05","guid":{"rendered":"http:\/\/blog.zeit.de\/nsu-prozess-blog\/?p=7349"},"modified":"2014-07-24T09:39:14","modified_gmt":"2014-07-24T07:39:14","slug":"medienlog-andreas-r","status":"publish","type":"post","link":"https:\/\/blog.zeit.de\/nsu-prozess-blog\/2014\/07\/24\/medienlog-andreas-r\/","title":{"rendered":"Die dreiste Aussage eines V-Manns \u2013 Das Medienlog vom Donnerstag, 24. Juli 2014"},"content":{"rendered":"<p>Der Trubel um <a href=\"http:\/\/www.zeit.de\/gesellschaft\/2014-07\/nsu-prozess-beate-zschaepe\">Zsch\u00e4pes Misstrauensantrag<\/a> hat sich gelegt, es geht weiter wie \u00fcblich im NSU-Prozess: mit Szenezeugen, die sich an nichts erinnern oder gar nicht erst erscheinen. Letzteres war der Fall f\u00fcr Thomas B., der sich entschuldigen lie\u00df, weil er auf dem Weg nach M\u00fcnchen in einer Kneipe h\u00e4ngengeblieben war. Ersteres galt f\u00fcr Andreas R., einen mutma\u00dflichen NSU-Unterst\u00fctzer. Er habe &#8222;sich im Lauf der Verhandlung als einer der bisher dreistesten Zeugen&#8220; erwiesen, res\u00fcmiert Gisela Friedrichsen von <a href=\"http:\/\/www.spiegel.de\/panorama\/justiz\/nsu-prozess-zeuge-geht-lieber-in-wirtschaft-a-982570.html\" target=\"_blank\"><em>Spiegel Online<\/em><\/a> \u2013 was daran gelegen haben k\u00f6nnte, dass er dem NSU-Trio erstaunlich nahe gekommen war.<\/p>\n<p><!--more--><\/p>\n<p><em>An jedem Werktag sichten wir f\u00fcr das NSU-Prozess-Blog die Medien und stellen wichtige Berichte, Blogs, Videos und Tweets zusammen. Wir freuen uns \u00fcber Hinweise via Twitter mit dem Hashtag #nsublog \u2013 oder per E-Mail an <a href=\"mailto:nsublog@zeit.de\">nsublog@zeit.de<\/a>.<\/em><\/p>\n<p>An die drei selbst hatte R. bestenfalls verwaschene Erinnerungen. Fest steht laut Anklage allerdings, dass er ihnen einen Dienst erwies: Er soll mit dem Mitangeklagten Ralf Wohlleben das Auto zur\u00fcckgeholt haben, mit dem Zsch\u00e4pe, Mundlos und B\u00f6hnhardt im Januar 1998 nach einem Bombenfund in einer Garage gefl\u00fcchtet waren. Es stand defekt in Dresden. Doch der 42-J\u00e4hrige sagte, er wisse kaum, in welchem Jahr das passierte. Damit lieferte die Vernehmung durch Richter Manfred G\u00f6tzl wenig Erkenntnisse. &#8222;Nicht zum ersten Mal gewinnt das Profil eines Zeugen durch die Fragen bestimmter Nebenklagevertreter weiter an Kontur&#8220;, schreibt Friedrichsen. In dem Fall war es der Anwalt Alexander Hoffmann, der R. mit der Tatsache konfrontierte, dass er fr\u00fcher in alten Kasernengeb\u00e4uden den H\u00e4userkampf gegen Asylbewerberheime trainiert hatte.<\/p>\n<p>&#8222;Die zweite Runde ging dann ganz klar an die Anw\u00e4lte der Nebenklage&#8220;, meint auch Oliver Bendixen vom <a href=\"http:\/\/www.br.de\/nachrichten\/nsu-prozess\/140723-tagebuch-gerichtsreporter100.html\" target=\"_blank\"><em>Bayerischen Rundfunk<\/em><\/a>. Denn dabei kam auch heraus, dass R. als Spitzel f\u00fcr den Verfassungsschutz gearbeitet hatte. Das zeigten Dokumente der Th\u00fcringer Beh\u00f6rde. &#8222;Dass damit den bezahlten Spitzeln ein sorgenfreies Leben (&#8230;) erst erm\u00f6glicht wurde, scheint die Verfassungssch\u00fctzer auch in diesem Fall nicht sonderlich gest\u00f6rt zu haben&#8220;, merkt der Autor an.<\/p>\n<p>&#8222;Allerdings beharrte der Zeuge darauf, keine relevanten Informationen geliefert zu haben. Erst auf Nachfrage r\u00e4umte er ein, auch Geld erhalten zu haben&#8220;, berichtet Kai Mudra von der <a href=\"http:\/\/www.thueringer-allgemeine.de\/web\/zgt\/suche\/detail\/-\/specific\/Wohlleben-soll-mutmassliches-Fluchtfahrzeug-des-NSU-Trios-mit-zurueckgeholt-habe-2006300487\" target=\"_blank\"><em>Th\u00fcringer Allgemeinen<\/em><\/a>. Auch in diesem Fall kamen die Antworten nur st\u00fcckweise, der Zeuge wird noch einmal geladen werden. Mudra blickt zur\u00fcck auf eine &#8222;qu\u00e4lend lange Befragung&#8220;.<\/p>\n<p>Mittlerweile ist die von Zsch\u00e4pe vorgelegte Erkl\u00e4rung zu ihrem Misstrauensantrag offenbar an die \u00d6ffentlichkeit gelangt. Tanjev Schultz und Annette Ramelsberger von der <a href=\"http:\/\/www.sueddeutsche.de\/politik\/nsu-prozess-zschaepes-raetselhafte-erklaerung-1.2059812\" target=\"_blank\"><em>S\u00fcddeutschen Zeitung<\/em><\/a> heben Zsch\u00e4pes defensive Einleitung hervor: &#8222;Sie wolle nicht, dass alle 127 Verhandlungstage wiederholt werden.&#8220; Kern der Unzufriedenheit war demnach, dass Zsch\u00e4pe sich von ihren Anw\u00e4lten Fragen gew\u00fcnscht hatte, die ihr als Laie in den Sinn gekommen waren. Viel mehr l\u00e4sst die Angeklagte das Gericht nicht wissen. &#8222;Auch sonst wirkt der Text wie resignatives Zur\u00fcckrudern.&#8220;<\/p>\n<p>Auch Per Hinrichs von der <a href=\"http:\/\/www.welt.de\/politik\/deutschland\/article130498483\/Beate-Zschaepe-spannte-Polizist-fuer-ihre-Zwecke-ein.html\" target=\"_blank\"><em>Welt<\/em><\/a> spricht von einem &#8222;R\u00fcckzieher&#8220;. Er berichtet von einem Vermerk, den ein Wachtmeister schrieb, nachdem sich Zsch\u00e4pe ihm wegen ihrer Verteidigung anvertraut hatte. Die Angeklagte sei demnach schon l\u00e4nger unzufrieden mit ihren Rechtsbeist\u00e4nden, sie habe sich den Schritt &#8222;gr\u00fcndlich \u00fcberlegt&#8220; und spreche von einem &#8222;Zerw\u00fcrfnis&#8220;. Was Zsch\u00e4pe sp\u00e4ter schrieb, ist ein herber Kontrast dazu \u2013 somit &#8222;blieb G\u00f6tzl gar nichts anderes \u00fcbrig, als den Antrag abzulehnen&#8220;.<\/p>\n<p>Der f\u00fcr heute angesetzte Prozesstag mit dem Zeugen <a href=\"https:\/\/blog.zeit.de\/nsu-prozess-blog\/2014\/07\/11\/medienlog-thomas-g-claudia-roth\/\">Thomas G.<\/a> entf\u00e4llt. Zuvor sollen vier Kartons mit staatsanwaltlichen Akten \u00fcber den Zeugen digitalisiert werden.<\/p>\n<p><em>Das n\u00e4chste Medienlog erscheint am Freitag, 25. Juli 2014.<\/em><\/p>\n","protected":false},"excerpt":{"rendered":"<p>Der Trubel um Zsch\u00e4pes Misstrauensantrag hat sich gelegt, es geht weiter wie \u00fcblich im NSU-Prozess: mit Szenezeugen, die sich an nichts erinnern oder gar nicht erst erscheinen. Letzteres war der Fall f\u00fcr Thomas B., der sich entschuldigen lie\u00df, weil er auf dem Weg nach M\u00fcnchen in einer Kneipe h\u00e4ngengeblieben war. Ersteres galt f\u00fcr Andreas R., [&hellip;]<\/p>\n","protected":false},"author":435,"featured_media":0,"comment_status":"open","ping_status":"open","sticky":false,"template":"","format":"standard","meta":{"_jetpack_memberships_contains_paid_content":false,"footnotes":""},"categories":[27531],"tags":[29518,17793,29533,29426,17899,1836],"class_list":["post-7349","post","type-post","status-publish","format-standard","hentry","category-medienschau","tag-andreas-ra","tag-beate-zschape","tag-entpflichtung","tag-nebenklage","tag-v-mann","tag-verfassungsschutz"],"yoast_head":"<!-- This site is optimized with the Yoast SEO plugin v21.0 - https:\/\/yoast.com\/wordpress\/plugins\/seo\/ -->\n<title>Die dreiste Aussage eines V-Manns \u2013 Das Medienlog vom Donnerstag, 24. Juli 2014 - Das NSU-Prozess-Blog<\/title>\n<meta name=\"robots\" content=\"index, follow, max-snippet:-1, max-image-preview:large, max-video-preview:-1\" \/>\n<link rel=\"canonical\" href=\"https:\/\/blog.zeit.de\/nsu-prozess-blog\/2014\/07\/24\/medienlog-andreas-r\/\" \/>\n<meta property=\"og:locale\" content=\"de_DE\" \/>\n<meta property=\"og:type\" content=\"article\" \/>\n<meta property=\"og:title\" content=\"Die dreiste Aussage eines V-Manns \u2013 Das Medienlog vom Donnerstag, 24. Juli 2014 - Das NSU-Prozess-Blog\" \/>\n<meta property=\"og:description\" content=\"Der Trubel um Zsch\u00e4pes Misstrauensantrag hat sich gelegt, es geht weiter wie \u00fcblich im NSU-Prozess: mit Szenezeugen, die sich an nichts erinnern oder gar nicht erst erscheinen. Letzteres war der Fall f\u00fcr Thomas B., der sich entschuldigen lie\u00df, weil er auf dem Weg nach M\u00fcnchen in einer Kneipe h\u00e4ngengeblieben war. Ersteres galt f\u00fcr Andreas R., [&hellip;]\" \/>\n<meta property=\"og:url\" content=\"https:\/\/blog.zeit.de\/nsu-prozess-blog\/2014\/07\/24\/medienlog-andreas-r\/\" \/>\n<meta property=\"og:site_name\" content=\"Das NSU-Prozess-Blog\" \/>\n<meta property=\"article:published_time\" content=\"2014-07-24T07:12:05+00:00\" \/>\n<meta property=\"article:modified_time\" content=\"2014-07-24T07:39:14+00:00\" \/>\n<meta name=\"author\" content=\"Tom Sundermann\" \/>\n<meta name=\"twitter:label1\" content=\"Geschrieben von\" \/>\n\t<meta name=\"twitter:data1\" content=\"Tom Sundermann\" \/>\n\t<meta name=\"twitter:label2\" content=\"Gesch\u00e4tzte Lesezeit\" \/>\n\t<meta name=\"twitter:data2\" content=\"3\u00a0Minuten\" \/>\n<script type=\"application\/ld+json\" class=\"yoast-schema-graph\">{\"@context\":\"https:\/\/schema.org\",\"@graph\":[{\"@type\":\"WebPage\",\"@id\":\"https:\/\/blog.zeit.de\/nsu-prozess-blog\/2014\/07\/24\/medienlog-andreas-r\/\",\"url\":\"https:\/\/blog.zeit.de\/nsu-prozess-blog\/2014\/07\/24\/medienlog-andreas-r\/\",\"name\":\"Die dreiste Aussage eines V-Manns \u2013 Das Medienlog vom Donnerstag, 24. Juli 2014 - Das NSU-Prozess-Blog\",\"isPartOf\":{\"@id\":\"https:\/\/blog.zeit.de\/nsu-prozess-blog\/#website\"},\"datePublished\":\"2014-07-24T07:12:05+00:00\",\"dateModified\":\"2014-07-24T07:39:14+00:00\",\"author\":{\"@id\":\"https:\/\/blog.zeit.de\/nsu-prozess-blog\/#\/schema\/person\/553ea9bb5d1fc2ae054c589bd59380a5\"},\"breadcrumb\":{\"@id\":\"https:\/\/blog.zeit.de\/nsu-prozess-blog\/2014\/07\/24\/medienlog-andreas-r\/#breadcrumb\"},\"inLanguage\":\"de\",\"potentialAction\":[{\"@type\":\"ReadAction\",\"target\":[\"https:\/\/blog.zeit.de\/nsu-prozess-blog\/2014\/07\/24\/medienlog-andreas-r\/\"]}]},{\"@type\":\"BreadcrumbList\",\"@id\":\"https:\/\/blog.zeit.de\/nsu-prozess-blog\/2014\/07\/24\/medienlog-andreas-r\/#breadcrumb\",\"itemListElement\":[{\"@type\":\"ListItem\",\"position\":1,\"name\":\"Startseite\",\"item\":\"https:\/\/blog.zeit.de\/nsu-prozess-blog\/\"},{\"@type\":\"ListItem\",\"position\":2,\"name\":\"Die dreiste Aussage eines V-Manns \u2013 Das Medienlog vom Donnerstag, 24. Juli 2014\"}]},{\"@type\":\"WebSite\",\"@id\":\"https:\/\/blog.zeit.de\/nsu-prozess-blog\/#website\",\"url\":\"https:\/\/blog.zeit.de\/nsu-prozess-blog\/\",\"name\":\"Das NSU-Prozess-Blog\",\"description\":\"Alle Berichte zum Terrorverfahren in M\u00fcnchen\",\"potentialAction\":[{\"@type\":\"SearchAction\",\"target\":{\"@type\":\"EntryPoint\",\"urlTemplate\":\"https:\/\/blog.zeit.de\/nsu-prozess-blog\/?s={search_term_string}\"},\"query-input\":\"required name=search_term_string\"}],\"inLanguage\":\"de\"},{\"@type\":\"Person\",\"@id\":\"https:\/\/blog.zeit.de\/nsu-prozess-blog\/#\/schema\/person\/553ea9bb5d1fc2ae054c589bd59380a5\",\"name\":\"Tom Sundermann\",\"image\":{\"@type\":\"ImageObject\",\"inLanguage\":\"de\",\"@id\":\"https:\/\/blog.zeit.de\/nsu-prozess-blog\/#\/schema\/person\/image\/\",\"url\":\"https:\/\/secure.gravatar.com\/avatar\/e108a3dc18766f719b2f797dc5d19093f06a1870c55b553ab6b7563f1f9a5e68?s=96&d=mm&r=g\",\"contentUrl\":\"https:\/\/secure.gravatar.com\/avatar\/e108a3dc18766f719b2f797dc5d19093f06a1870c55b553ab6b7563f1f9a5e68?s=96&d=mm&r=g\",\"caption\":\"Tom Sundermann\"},\"sameAs\":[\"https:\/\/twitter.com\/messeticker\"],\"url\":\"https:\/\/blog.zeit.de\/nsu-prozess-blog\/author\/tsundermann\/\"}]}<\/script>\n<!-- \/ Yoast SEO plugin. -->","yoast_head_json":{"title":"Die dreiste Aussage eines V-Manns \u2013 Das Medienlog vom Donnerstag, 24. Juli 2014 - Das NSU-Prozess-Blog","robots":{"index":"index","follow":"follow","max-snippet":"max-snippet:-1","max-image-preview":"max-image-preview:large","max-video-preview":"max-video-preview:-1"},"canonical":"https:\/\/blog.zeit.de\/nsu-prozess-blog\/2014\/07\/24\/medienlog-andreas-r\/","og_locale":"de_DE","og_type":"article","og_title":"Die dreiste Aussage eines V-Manns \u2013 Das Medienlog vom Donnerstag, 24. Juli 2014 - Das NSU-Prozess-Blog","og_description":"Der Trubel um Zsch\u00e4pes Misstrauensantrag hat sich gelegt, es geht weiter wie \u00fcblich im NSU-Prozess: mit Szenezeugen, die sich an nichts erinnern oder gar nicht erst erscheinen. Letzteres war der Fall f\u00fcr Thomas B., der sich entschuldigen lie\u00df, weil er auf dem Weg nach M\u00fcnchen in einer Kneipe h\u00e4ngengeblieben war. Ersteres galt f\u00fcr Andreas R., [&hellip;]","og_url":"https:\/\/blog.zeit.de\/nsu-prozess-blog\/2014\/07\/24\/medienlog-andreas-r\/","og_site_name":"Das NSU-Prozess-Blog","article_published_time":"2014-07-24T07:12:05+00:00","article_modified_time":"2014-07-24T07:39:14+00:00","author":"Tom Sundermann","twitter_misc":{"Geschrieben von":"Tom Sundermann","Gesch\u00e4tzte Lesezeit":"3\u00a0Minuten"},"schema":{"@context":"https:\/\/schema.org","@graph":[{"@type":"WebPage","@id":"https:\/\/blog.zeit.de\/nsu-prozess-blog\/2014\/07\/24\/medienlog-andreas-r\/","url":"https:\/\/blog.zeit.de\/nsu-prozess-blog\/2014\/07\/24\/medienlog-andreas-r\/","name":"Die dreiste Aussage eines V-Manns \u2013 Das Medienlog vom Donnerstag, 24. Juli 2014 - Das NSU-Prozess-Blog","isPartOf":{"@id":"https:\/\/blog.zeit.de\/nsu-prozess-blog\/#website"},"datePublished":"2014-07-24T07:12:05+00:00","dateModified":"2014-07-24T07:39:14+00:00","author":{"@id":"https:\/\/blog.zeit.de\/nsu-prozess-blog\/#\/schema\/person\/553ea9bb5d1fc2ae054c589bd59380a5"},"breadcrumb":{"@id":"https:\/\/blog.zeit.de\/nsu-prozess-blog\/2014\/07\/24\/medienlog-andreas-r\/#breadcrumb"},"inLanguage":"de","potentialAction":[{"@type":"ReadAction","target":["https:\/\/blog.zeit.de\/nsu-prozess-blog\/2014\/07\/24\/medienlog-andreas-r\/"]}]},{"@type":"BreadcrumbList","@id":"https:\/\/blog.zeit.de\/nsu-prozess-blog\/2014\/07\/24\/medienlog-andreas-r\/#breadcrumb","itemListElement":[{"@type":"ListItem","position":1,"name":"Startseite","item":"https:\/\/blog.zeit.de\/nsu-prozess-blog\/"},{"@type":"ListItem","position":2,"name":"Die dreiste Aussage eines V-Manns \u2013 Das Medienlog vom Donnerstag, 24. Juli 2014"}]},{"@type":"WebSite","@id":"https:\/\/blog.zeit.de\/nsu-prozess-blog\/#website","url":"https:\/\/blog.zeit.de\/nsu-prozess-blog\/","name":"Das NSU-Prozess-Blog","description":"Alle Berichte zum Terrorverfahren in M\u00fcnchen","potentialAction":[{"@type":"SearchAction","target":{"@type":"EntryPoint","urlTemplate":"https:\/\/blog.zeit.de\/nsu-prozess-blog\/?s={search_term_string}"},"query-input":"required name=search_term_string"}],"inLanguage":"de"},{"@type":"Person","@id":"https:\/\/blog.zeit.de\/nsu-prozess-blog\/#\/schema\/person\/553ea9bb5d1fc2ae054c589bd59380a5","name":"Tom Sundermann","image":{"@type":"ImageObject","inLanguage":"de","@id":"https:\/\/blog.zeit.de\/nsu-prozess-blog\/#\/schema\/person\/image\/","url":"https:\/\/secure.gravatar.com\/avatar\/e108a3dc18766f719b2f797dc5d19093f06a1870c55b553ab6b7563f1f9a5e68?s=96&d=mm&r=g","contentUrl":"https:\/\/secure.gravatar.com\/avatar\/e108a3dc18766f719b2f797dc5d19093f06a1870c55b553ab6b7563f1f9a5e68?s=96&d=mm&r=g","caption":"Tom Sundermann"},"sameAs":["https:\/\/twitter.com\/messeticker"],"url":"https:\/\/blog.zeit.de\/nsu-prozess-blog\/author\/tsundermann\/"}]}},"jetpack_featured_media_url":"","jetpack_sharing_enabled":true,"_links":{"self":[{"href":"https:\/\/blog.zeit.de\/nsu-prozess-blog\/wp-json\/wp\/v2\/posts\/7349","targetHints":{"allow":["GET"]}}],"collection":[{"href":"https:\/\/blog.zeit.de\/nsu-prozess-blog\/wp-json\/wp\/v2\/posts"}],"about":[{"href":"https:\/\/blog.zeit.de\/nsu-prozess-blog\/wp-json\/wp\/v2\/types\/post"}],"author":[{"embeddable":true,"href":"https:\/\/blog.zeit.de\/nsu-prozess-blog\/wp-json\/wp\/v2\/users\/435"}],"replies":[{"embeddable":true,"href":"https:\/\/blog.zeit.de\/nsu-prozess-blog\/wp-json\/wp\/v2\/comments?post=7349"}],"version-history":[{"count":9,"href":"https:\/\/blog.zeit.de\/nsu-prozess-blog\/wp-json\/wp\/v2\/posts\/7349\/revisions"}],"predecessor-version":[{"id":7359,"href":"https:\/\/blog.zeit.de\/nsu-prozess-blog\/wp-json\/wp\/v2\/posts\/7349\/revisions\/7359"}],"wp:attachment":[{"href":"https:\/\/blog.zeit.de\/nsu-prozess-blog\/wp-json\/wp\/v2\/media?parent=7349"}],"wp:term":[{"taxonomy":"category","embeddable":true,"href":"https:\/\/blog.zeit.de\/nsu-prozess-blog\/wp-json\/wp\/v2\/categories?post=7349"},{"taxonomy":"post_tag","embeddable":true,"href":"https:\/\/blog.zeit.de\/nsu-prozess-blog\/wp-json\/wp\/v2\/tags?post=7349"}],"curies":[{"name":"wp","href":"https:\/\/api.w.org\/{rel}","templated":true}]}}