{"id":7360,"date":"2014-07-29T07:00:44","date_gmt":"2014-07-29T05:00:44","guid":{"rendered":"http:\/\/blog.zeit.de\/nsu-prozess-blog\/?p=7360"},"modified":"2014-07-24T18:17:36","modified_gmt":"2014-07-24T16:17:36","slug":"131-prozesstag-brueder-von-andre-e-und-ein-schweigender-fluchthelfer","status":"publish","type":"post","link":"https:\/\/blog.zeit.de\/nsu-prozess-blog\/2014\/07\/29\/131-prozesstag-brueder-von-andre-e-und-ein-schweigender-fluchthelfer\/","title":{"rendered":"131. Prozesstag \u2013 Br\u00fcder von Andr\u00e9 E. und ein schweigender Fluchthelfer"},"content":{"rendered":"<p>Familientag im Gericht: Am Dienstag sind die Br\u00fcder des Mitangeklagten <a href=\"https:\/\/blog.zeit.de\/nsu-prozess-blog\/2014\/01\/21\/der-schatten-des-nsu\/\">Andr\u00e9 E.<\/a>, Maik und Ronny, als Zeugen geladen. Andr\u00e9 E. war im November 2011 von einem Polizeikommando in der Brandenburger Wohnung seines Zwillingsbruders Maik festgenommen worden. Fraglich ist, ob sich die beiden \u00e4u\u00dfern. Ronny E. sagte zumindest bei der Polizei aus und behauptete, nicht in der rechten Szene verkehrt zu haben. Als Geschwister eines Angeklagten k\u00f6nnen beide die Aussage verweigern.<\/p>\n<p>Fortgesetzt wird zudem die Vernehmung von Thomas R. Der Zeuge soll das Trio aus Beate Zsch\u00e4pe, Uwe Mundlos und Uwe B\u00f6hnhardt nach dessen Abtauchen im Jahr 1998 bei sich zu Hause aufgenommen haben. Bei der Befragung k\u00f6nnte Richter Manfred G\u00f6tzl erstmals im Prozess ein Ordnungsgeld verh\u00e4ngen \u2013 denn w\u00e4hrend seines <a href=https:\/\/blog.zeit.de\/nsu-prozess-blog\/2014\/04\/02\/in-der-psyche-von-tino-brandt-das-medienlog-vom-mittwoch-2-april-2014><\/a>ersten Gerichtstermins hatte sich R. geweigert, seine Verbindungen zum rechtsradikalen Netzwerk Blood &#038; Honour offenzulegen. Sollte er dabei bleiben, d\u00fcrfte G\u00f6tzl durchgreifen.<\/p>\n<p>Au\u00dferdem ist ein Ermittlungsrichter des Bundesgerichtshofs geladen, der den Beschuldigten Matthias D. vernommen hatte. D., der f\u00fcr das Trio zwei Wohnungen mietete, verweigerte <a href=\"https:\/\/blog.zeit.de\/nsu-prozess-blog\/2014\/07\/09\/naives-opfer-oder-williger-helfer-fuer-terror-trio\/\">Anfang Juli die Aussage<\/a>. Vor dem Richter hatte er sich allerdings ge\u00e4u\u00dfert.<\/p>\n<p><em>ZEIT ONLINE berichtet aus M\u00fcnchen und fasst den Prozesstag am Abend auf diesem Blog zusammen. Informationen aus der Verhandlung gibt es <a href=\"https:\/\/twitter.com\/zeitonline\/lists\/nsu-prozess\">via Twitter hier<\/a>. Weitere Berichte stellen wir morgen im <a href=\"https:\/\/blog.zeit.de\/nsu-prozess-blog\/category\/medienschau\/\">NSU-Medienlog<\/a> zusammen.<\/em><\/p>\n","protected":false},"excerpt":{"rendered":"<p>Familientag im Gericht: Am Dienstag sind die Br\u00fcder des Mitangeklagten Andr\u00e9 E., Maik und Ronny, als Zeugen geladen. Andr\u00e9 E. war im November 2011 von einem Polizeikommando in der Brandenburger Wohnung seines Zwillingsbruders Maik festgenommen worden. Fraglich ist, ob sich die beiden \u00e4u\u00dfern. Ronny E. sagte zumindest bei der Polizei aus und behauptete, nicht in [&hellip;]<\/p>\n","protected":false},"author":435,"featured_media":0,"comment_status":"open","ping_status":"open","sticky":false,"template":"","format":"standard","meta":{"_jetpack_memberships_contains_paid_content":false,"footnotes":""},"categories":[27532],"tags":[27561,29528],"class_list":["post-7360","post","type-post","status-publish","format-standard","hentry","category-prozesstage","tag-andre-e","tag-matthias-d"],"yoast_head":"<!-- This site is optimized with the Yoast SEO plugin v21.0 - https:\/\/yoast.com\/wordpress\/plugins\/seo\/ -->\n<title>131. Prozesstag \u2013 Br\u00fcder von Andr\u00e9 E. und ein schweigender Fluchthelfer - Das NSU-Prozess-Blog<\/title>\n<meta name=\"robots\" content=\"index, follow, max-snippet:-1, max-image-preview:large, max-video-preview:-1\" \/>\n<link rel=\"canonical\" href=\"https:\/\/blog.zeit.de\/nsu-prozess-blog\/2014\/07\/29\/131-prozesstag-brueder-von-andre-e-und-ein-schweigender-fluchthelfer\/\" \/>\n<meta property=\"og:locale\" content=\"de_DE\" \/>\n<meta property=\"og:type\" content=\"article\" \/>\n<meta property=\"og:title\" content=\"131. Prozesstag \u2013 Br\u00fcder von Andr\u00e9 E. und ein schweigender Fluchthelfer - Das NSU-Prozess-Blog\" \/>\n<meta property=\"og:description\" content=\"Familientag im Gericht: Am Dienstag sind die Br\u00fcder des Mitangeklagten Andr\u00e9 E., Maik und Ronny, als Zeugen geladen. Andr\u00e9 E. war im November 2011 von einem Polizeikommando in der Brandenburger Wohnung seines Zwillingsbruders Maik festgenommen worden. Fraglich ist, ob sich die beiden \u00e4u\u00dfern. Ronny E. sagte zumindest bei der Polizei aus und behauptete, nicht in [&hellip;]\" \/>\n<meta property=\"og:url\" content=\"https:\/\/blog.zeit.de\/nsu-prozess-blog\/2014\/07\/29\/131-prozesstag-brueder-von-andre-e-und-ein-schweigender-fluchthelfer\/\" \/>\n<meta property=\"og:site_name\" content=\"Das NSU-Prozess-Blog\" \/>\n<meta property=\"article:published_time\" content=\"2014-07-29T05:00:44+00:00\" \/>\n<meta property=\"article:modified_time\" content=\"2014-07-24T16:17:36+00:00\" \/>\n<meta name=\"author\" content=\"Tom Sundermann\" \/>\n<meta name=\"twitter:label1\" content=\"Geschrieben von\" \/>\n\t<meta name=\"twitter:data1\" content=\"Tom Sundermann\" \/>\n\t<meta name=\"twitter:label2\" content=\"Gesch\u00e4tzte Lesezeit\" \/>\n\t<meta name=\"twitter:data2\" content=\"1\u00a0Minute\" \/>\n<script type=\"application\/ld+json\" class=\"yoast-schema-graph\">{\"@context\":\"https:\/\/schema.org\",\"@graph\":[{\"@type\":\"WebPage\",\"@id\":\"https:\/\/blog.zeit.de\/nsu-prozess-blog\/2014\/07\/29\/131-prozesstag-brueder-von-andre-e-und-ein-schweigender-fluchthelfer\/\",\"url\":\"https:\/\/blog.zeit.de\/nsu-prozess-blog\/2014\/07\/29\/131-prozesstag-brueder-von-andre-e-und-ein-schweigender-fluchthelfer\/\",\"name\":\"131. Prozesstag \u2013 Br\u00fcder von Andr\u00e9 E. und ein schweigender Fluchthelfer - Das NSU-Prozess-Blog\",\"isPartOf\":{\"@id\":\"https:\/\/blog.zeit.de\/nsu-prozess-blog\/#website\"},\"datePublished\":\"2014-07-29T05:00:44+00:00\",\"dateModified\":\"2014-07-24T16:17:36+00:00\",\"author\":{\"@id\":\"https:\/\/blog.zeit.de\/nsu-prozess-blog\/#\/schema\/person\/553ea9bb5d1fc2ae054c589bd59380a5\"},\"breadcrumb\":{\"@id\":\"https:\/\/blog.zeit.de\/nsu-prozess-blog\/2014\/07\/29\/131-prozesstag-brueder-von-andre-e-und-ein-schweigender-fluchthelfer\/#breadcrumb\"},\"inLanguage\":\"de\",\"potentialAction\":[{\"@type\":\"ReadAction\",\"target\":[\"https:\/\/blog.zeit.de\/nsu-prozess-blog\/2014\/07\/29\/131-prozesstag-brueder-von-andre-e-und-ein-schweigender-fluchthelfer\/\"]}]},{\"@type\":\"BreadcrumbList\",\"@id\":\"https:\/\/blog.zeit.de\/nsu-prozess-blog\/2014\/07\/29\/131-prozesstag-brueder-von-andre-e-und-ein-schweigender-fluchthelfer\/#breadcrumb\",\"itemListElement\":[{\"@type\":\"ListItem\",\"position\":1,\"name\":\"Startseite\",\"item\":\"https:\/\/blog.zeit.de\/nsu-prozess-blog\/\"},{\"@type\":\"ListItem\",\"position\":2,\"name\":\"131. Prozesstag \u2013 Br\u00fcder von Andr\u00e9 E. und ein schweigender Fluchthelfer\"}]},{\"@type\":\"WebSite\",\"@id\":\"https:\/\/blog.zeit.de\/nsu-prozess-blog\/#website\",\"url\":\"https:\/\/blog.zeit.de\/nsu-prozess-blog\/\",\"name\":\"Das NSU-Prozess-Blog\",\"description\":\"Alle Berichte zum Terrorverfahren in M\u00fcnchen\",\"potentialAction\":[{\"@type\":\"SearchAction\",\"target\":{\"@type\":\"EntryPoint\",\"urlTemplate\":\"https:\/\/blog.zeit.de\/nsu-prozess-blog\/?s={search_term_string}\"},\"query-input\":\"required name=search_term_string\"}],\"inLanguage\":\"de\"},{\"@type\":\"Person\",\"@id\":\"https:\/\/blog.zeit.de\/nsu-prozess-blog\/#\/schema\/person\/553ea9bb5d1fc2ae054c589bd59380a5\",\"name\":\"Tom Sundermann\",\"image\":{\"@type\":\"ImageObject\",\"inLanguage\":\"de\",\"@id\":\"https:\/\/blog.zeit.de\/nsu-prozess-blog\/#\/schema\/person\/image\/\",\"url\":\"https:\/\/secure.gravatar.com\/avatar\/e108a3dc18766f719b2f797dc5d19093f06a1870c55b553ab6b7563f1f9a5e68?s=96&d=mm&r=g\",\"contentUrl\":\"https:\/\/secure.gravatar.com\/avatar\/e108a3dc18766f719b2f797dc5d19093f06a1870c55b553ab6b7563f1f9a5e68?s=96&d=mm&r=g\",\"caption\":\"Tom Sundermann\"},\"sameAs\":[\"https:\/\/twitter.com\/messeticker\"],\"url\":\"https:\/\/blog.zeit.de\/nsu-prozess-blog\/author\/tsundermann\/\"}]}<\/script>\n<!-- \/ Yoast SEO plugin. -->","yoast_head_json":{"title":"131. Prozesstag \u2013 Br\u00fcder von Andr\u00e9 E. und ein schweigender Fluchthelfer - Das NSU-Prozess-Blog","robots":{"index":"index","follow":"follow","max-snippet":"max-snippet:-1","max-image-preview":"max-image-preview:large","max-video-preview":"max-video-preview:-1"},"canonical":"https:\/\/blog.zeit.de\/nsu-prozess-blog\/2014\/07\/29\/131-prozesstag-brueder-von-andre-e-und-ein-schweigender-fluchthelfer\/","og_locale":"de_DE","og_type":"article","og_title":"131. Prozesstag \u2013 Br\u00fcder von Andr\u00e9 E. und ein schweigender Fluchthelfer - Das NSU-Prozess-Blog","og_description":"Familientag im Gericht: Am Dienstag sind die Br\u00fcder des Mitangeklagten Andr\u00e9 E., Maik und Ronny, als Zeugen geladen. Andr\u00e9 E. war im November 2011 von einem Polizeikommando in der Brandenburger Wohnung seines Zwillingsbruders Maik festgenommen worden. Fraglich ist, ob sich die beiden \u00e4u\u00dfern. Ronny E. sagte zumindest bei der Polizei aus und behauptete, nicht in [&hellip;]","og_url":"https:\/\/blog.zeit.de\/nsu-prozess-blog\/2014\/07\/29\/131-prozesstag-brueder-von-andre-e-und-ein-schweigender-fluchthelfer\/","og_site_name":"Das NSU-Prozess-Blog","article_published_time":"2014-07-29T05:00:44+00:00","article_modified_time":"2014-07-24T16:17:36+00:00","author":"Tom Sundermann","twitter_misc":{"Geschrieben von":"Tom Sundermann","Gesch\u00e4tzte Lesezeit":"1\u00a0Minute"},"schema":{"@context":"https:\/\/schema.org","@graph":[{"@type":"WebPage","@id":"https:\/\/blog.zeit.de\/nsu-prozess-blog\/2014\/07\/29\/131-prozesstag-brueder-von-andre-e-und-ein-schweigender-fluchthelfer\/","url":"https:\/\/blog.zeit.de\/nsu-prozess-blog\/2014\/07\/29\/131-prozesstag-brueder-von-andre-e-und-ein-schweigender-fluchthelfer\/","name":"131. Prozesstag \u2013 Br\u00fcder von Andr\u00e9 E. und ein schweigender Fluchthelfer - Das NSU-Prozess-Blog","isPartOf":{"@id":"https:\/\/blog.zeit.de\/nsu-prozess-blog\/#website"},"datePublished":"2014-07-29T05:00:44+00:00","dateModified":"2014-07-24T16:17:36+00:00","author":{"@id":"https:\/\/blog.zeit.de\/nsu-prozess-blog\/#\/schema\/person\/553ea9bb5d1fc2ae054c589bd59380a5"},"breadcrumb":{"@id":"https:\/\/blog.zeit.de\/nsu-prozess-blog\/2014\/07\/29\/131-prozesstag-brueder-von-andre-e-und-ein-schweigender-fluchthelfer\/#breadcrumb"},"inLanguage":"de","potentialAction":[{"@type":"ReadAction","target":["https:\/\/blog.zeit.de\/nsu-prozess-blog\/2014\/07\/29\/131-prozesstag-brueder-von-andre-e-und-ein-schweigender-fluchthelfer\/"]}]},{"@type":"BreadcrumbList","@id":"https:\/\/blog.zeit.de\/nsu-prozess-blog\/2014\/07\/29\/131-prozesstag-brueder-von-andre-e-und-ein-schweigender-fluchthelfer\/#breadcrumb","itemListElement":[{"@type":"ListItem","position":1,"name":"Startseite","item":"https:\/\/blog.zeit.de\/nsu-prozess-blog\/"},{"@type":"ListItem","position":2,"name":"131. Prozesstag \u2013 Br\u00fcder von Andr\u00e9 E. und ein schweigender Fluchthelfer"}]},{"@type":"WebSite","@id":"https:\/\/blog.zeit.de\/nsu-prozess-blog\/#website","url":"https:\/\/blog.zeit.de\/nsu-prozess-blog\/","name":"Das NSU-Prozess-Blog","description":"Alle Berichte zum Terrorverfahren in M\u00fcnchen","potentialAction":[{"@type":"SearchAction","target":{"@type":"EntryPoint","urlTemplate":"https:\/\/blog.zeit.de\/nsu-prozess-blog\/?s={search_term_string}"},"query-input":"required name=search_term_string"}],"inLanguage":"de"},{"@type":"Person","@id":"https:\/\/blog.zeit.de\/nsu-prozess-blog\/#\/schema\/person\/553ea9bb5d1fc2ae054c589bd59380a5","name":"Tom Sundermann","image":{"@type":"ImageObject","inLanguage":"de","@id":"https:\/\/blog.zeit.de\/nsu-prozess-blog\/#\/schema\/person\/image\/","url":"https:\/\/secure.gravatar.com\/avatar\/e108a3dc18766f719b2f797dc5d19093f06a1870c55b553ab6b7563f1f9a5e68?s=96&d=mm&r=g","contentUrl":"https:\/\/secure.gravatar.com\/avatar\/e108a3dc18766f719b2f797dc5d19093f06a1870c55b553ab6b7563f1f9a5e68?s=96&d=mm&r=g","caption":"Tom Sundermann"},"sameAs":["https:\/\/twitter.com\/messeticker"],"url":"https:\/\/blog.zeit.de\/nsu-prozess-blog\/author\/tsundermann\/"}]}},"jetpack_featured_media_url":"","jetpack_sharing_enabled":true,"_links":{"self":[{"href":"https:\/\/blog.zeit.de\/nsu-prozess-blog\/wp-json\/wp\/v2\/posts\/7360","targetHints":{"allow":["GET"]}}],"collection":[{"href":"https:\/\/blog.zeit.de\/nsu-prozess-blog\/wp-json\/wp\/v2\/posts"}],"about":[{"href":"https:\/\/blog.zeit.de\/nsu-prozess-blog\/wp-json\/wp\/v2\/types\/post"}],"author":[{"embeddable":true,"href":"https:\/\/blog.zeit.de\/nsu-prozess-blog\/wp-json\/wp\/v2\/users\/435"}],"replies":[{"embeddable":true,"href":"https:\/\/blog.zeit.de\/nsu-prozess-blog\/wp-json\/wp\/v2\/comments?post=7360"}],"version-history":[{"count":1,"href":"https:\/\/blog.zeit.de\/nsu-prozess-blog\/wp-json\/wp\/v2\/posts\/7360\/revisions"}],"predecessor-version":[{"id":7361,"href":"https:\/\/blog.zeit.de\/nsu-prozess-blog\/wp-json\/wp\/v2\/posts\/7360\/revisions\/7361"}],"wp:attachment":[{"href":"https:\/\/blog.zeit.de\/nsu-prozess-blog\/wp-json\/wp\/v2\/media?parent=7360"}],"wp:term":[{"taxonomy":"category","embeddable":true,"href":"https:\/\/blog.zeit.de\/nsu-prozess-blog\/wp-json\/wp\/v2\/categories?post=7360"},{"taxonomy":"post_tag","embeddable":true,"href":"https:\/\/blog.zeit.de\/nsu-prozess-blog\/wp-json\/wp\/v2\/tags?post=7360"}],"curies":[{"name":"wp","href":"https:\/\/api.w.org\/{rel}","templated":true}]}}