{"id":7362,"date":"2014-07-30T07:00:37","date_gmt":"2014-07-30T05:00:37","guid":{"rendered":"http:\/\/blog.zeit.de\/nsu-prozess-blog\/?p=7362"},"modified":"2014-07-28T17:09:29","modified_gmt":"2014-07-28T15:09:29","slug":"132-prozesstag-was-geschah-auf-dem-fest-in-jena","status":"publish","type":"post","link":"https:\/\/blog.zeit.de\/nsu-prozess-blog\/2014\/07\/30\/132-prozesstag-was-geschah-auf-dem-fest-in-jena\/","title":{"rendered":"132. Prozesstag \u2013 Was geschah auf dem Fest in Jena?"},"content":{"rendered":"<p>Drei Zeugen h\u00f6rt das Gericht am Mittwoch zu einer Gewalttat, die Beate Zsch\u00e4pe zugeschrieben wird: 1996 soll sie nach dem Altstadtfest in Jena eine junge Frau verletzt haben. Geladen sind das Opfer der Tat und eine weitere Zeugin. Au\u00dferdem soll eine Beamtin des Bundeskriminalamts \u00fcber die Ermittlungen nach dem Vorfall berichten. Die Tat ist nicht Teil der Anklage, sondern k\u00f6nnte Hinweise auf Zsch\u00e4pes Einstellung zur Gewaltanwendung liefern.<\/p>\n<p><em>Informationen aus der Verhandlung gibt es <a href=\"https:\/\/twitter.com\/zeitonline\/lists\/nsu-prozess\">via Twitter hier<\/a>. Die Berichte dar\u00fcber fassen wir morgen im <a href=\"https:\/\/blog.zeit.de\/nsu-prozess-blog\/category\/medienschau\/\">NSU-Medienlog<\/a> zusammen.<\/em><\/p>\n","protected":false},"excerpt":{"rendered":"<p>Drei Zeugen h\u00f6rt das Gericht am Mittwoch zu einer Gewalttat, die Beate Zsch\u00e4pe zugeschrieben wird: 1996 soll sie nach dem Altstadtfest in Jena eine junge Frau verletzt haben. Geladen sind das Opfer der Tat und eine weitere Zeugin. Au\u00dferdem soll eine Beamtin des Bundeskriminalamts \u00fcber die Ermittlungen nach dem Vorfall berichten. Die Tat ist nicht [&hellip;]<\/p>\n","protected":false},"author":435,"featured_media":0,"comment_status":"open","ping_status":"open","sticky":false,"template":"","format":"standard","meta":{"_jetpack_memberships_contains_paid_content":false,"footnotes":""},"categories":[27532],"tags":[1626],"class_list":["post-7362","post","type-post","status-publish","format-standard","hentry","category-prozesstage","tag-jena"],"yoast_head":"<!-- This site is optimized with the Yoast SEO plugin v21.0 - https:\/\/yoast.com\/wordpress\/plugins\/seo\/ -->\n<title>132. Prozesstag \u2013 Was geschah auf dem Fest in Jena? - Das NSU-Prozess-Blog<\/title>\n<meta name=\"robots\" content=\"index, follow, max-snippet:-1, max-image-preview:large, max-video-preview:-1\" \/>\n<link rel=\"canonical\" href=\"https:\/\/blog.zeit.de\/nsu-prozess-blog\/2014\/07\/30\/132-prozesstag-was-geschah-auf-dem-fest-in-jena\/\" \/>\n<meta property=\"og:locale\" content=\"de_DE\" \/>\n<meta property=\"og:type\" content=\"article\" \/>\n<meta property=\"og:title\" content=\"132. Prozesstag \u2013 Was geschah auf dem Fest in Jena? - Das NSU-Prozess-Blog\" \/>\n<meta property=\"og:description\" content=\"Drei Zeugen h\u00f6rt das Gericht am Mittwoch zu einer Gewalttat, die Beate Zsch\u00e4pe zugeschrieben wird: 1996 soll sie nach dem Altstadtfest in Jena eine junge Frau verletzt haben. Geladen sind das Opfer der Tat und eine weitere Zeugin. Au\u00dferdem soll eine Beamtin des Bundeskriminalamts \u00fcber die Ermittlungen nach dem Vorfall berichten. Die Tat ist nicht [&hellip;]\" \/>\n<meta property=\"og:url\" content=\"https:\/\/blog.zeit.de\/nsu-prozess-blog\/2014\/07\/30\/132-prozesstag-was-geschah-auf-dem-fest-in-jena\/\" \/>\n<meta property=\"og:site_name\" content=\"Das NSU-Prozess-Blog\" \/>\n<meta property=\"article:published_time\" content=\"2014-07-30T05:00:37+00:00\" \/>\n<meta property=\"article:modified_time\" content=\"2014-07-28T15:09:29+00:00\" \/>\n<meta name=\"author\" content=\"Tom Sundermann\" \/>\n<meta name=\"twitter:label1\" content=\"Geschrieben von\" \/>\n\t<meta name=\"twitter:data1\" content=\"Tom Sundermann\" \/>\n<script type=\"application\/ld+json\" class=\"yoast-schema-graph\">{\"@context\":\"https:\/\/schema.org\",\"@graph\":[{\"@type\":\"WebPage\",\"@id\":\"https:\/\/blog.zeit.de\/nsu-prozess-blog\/2014\/07\/30\/132-prozesstag-was-geschah-auf-dem-fest-in-jena\/\",\"url\":\"https:\/\/blog.zeit.de\/nsu-prozess-blog\/2014\/07\/30\/132-prozesstag-was-geschah-auf-dem-fest-in-jena\/\",\"name\":\"132. Prozesstag \u2013 Was geschah auf dem Fest in Jena? - Das NSU-Prozess-Blog\",\"isPartOf\":{\"@id\":\"https:\/\/blog.zeit.de\/nsu-prozess-blog\/#website\"},\"datePublished\":\"2014-07-30T05:00:37+00:00\",\"dateModified\":\"2014-07-28T15:09:29+00:00\",\"author\":{\"@id\":\"https:\/\/blog.zeit.de\/nsu-prozess-blog\/#\/schema\/person\/553ea9bb5d1fc2ae054c589bd59380a5\"},\"breadcrumb\":{\"@id\":\"https:\/\/blog.zeit.de\/nsu-prozess-blog\/2014\/07\/30\/132-prozesstag-was-geschah-auf-dem-fest-in-jena\/#breadcrumb\"},\"inLanguage\":\"de\",\"potentialAction\":[{\"@type\":\"ReadAction\",\"target\":[\"https:\/\/blog.zeit.de\/nsu-prozess-blog\/2014\/07\/30\/132-prozesstag-was-geschah-auf-dem-fest-in-jena\/\"]}]},{\"@type\":\"BreadcrumbList\",\"@id\":\"https:\/\/blog.zeit.de\/nsu-prozess-blog\/2014\/07\/30\/132-prozesstag-was-geschah-auf-dem-fest-in-jena\/#breadcrumb\",\"itemListElement\":[{\"@type\":\"ListItem\",\"position\":1,\"name\":\"Startseite\",\"item\":\"https:\/\/blog.zeit.de\/nsu-prozess-blog\/\"},{\"@type\":\"ListItem\",\"position\":2,\"name\":\"132. Prozesstag \u2013 Was geschah auf dem Fest in Jena?\"}]},{\"@type\":\"WebSite\",\"@id\":\"https:\/\/blog.zeit.de\/nsu-prozess-blog\/#website\",\"url\":\"https:\/\/blog.zeit.de\/nsu-prozess-blog\/\",\"name\":\"Das NSU-Prozess-Blog\",\"description\":\"Alle Berichte zum Terrorverfahren in M\u00fcnchen\",\"potentialAction\":[{\"@type\":\"SearchAction\",\"target\":{\"@type\":\"EntryPoint\",\"urlTemplate\":\"https:\/\/blog.zeit.de\/nsu-prozess-blog\/?s={search_term_string}\"},\"query-input\":\"required name=search_term_string\"}],\"inLanguage\":\"de\"},{\"@type\":\"Person\",\"@id\":\"https:\/\/blog.zeit.de\/nsu-prozess-blog\/#\/schema\/person\/553ea9bb5d1fc2ae054c589bd59380a5\",\"name\":\"Tom Sundermann\",\"image\":{\"@type\":\"ImageObject\",\"inLanguage\":\"de\",\"@id\":\"https:\/\/blog.zeit.de\/nsu-prozess-blog\/#\/schema\/person\/image\/\",\"url\":\"https:\/\/secure.gravatar.com\/avatar\/e108a3dc18766f719b2f797dc5d19093f06a1870c55b553ab6b7563f1f9a5e68?s=96&d=mm&r=g\",\"contentUrl\":\"https:\/\/secure.gravatar.com\/avatar\/e108a3dc18766f719b2f797dc5d19093f06a1870c55b553ab6b7563f1f9a5e68?s=96&d=mm&r=g\",\"caption\":\"Tom Sundermann\"},\"sameAs\":[\"https:\/\/twitter.com\/messeticker\"],\"url\":\"https:\/\/blog.zeit.de\/nsu-prozess-blog\/author\/tsundermann\/\"}]}<\/script>\n<!-- \/ Yoast SEO plugin. -->","yoast_head_json":{"title":"132. Prozesstag \u2013 Was geschah auf dem Fest in Jena? - Das NSU-Prozess-Blog","robots":{"index":"index","follow":"follow","max-snippet":"max-snippet:-1","max-image-preview":"max-image-preview:large","max-video-preview":"max-video-preview:-1"},"canonical":"https:\/\/blog.zeit.de\/nsu-prozess-blog\/2014\/07\/30\/132-prozesstag-was-geschah-auf-dem-fest-in-jena\/","og_locale":"de_DE","og_type":"article","og_title":"132. Prozesstag \u2013 Was geschah auf dem Fest in Jena? - Das NSU-Prozess-Blog","og_description":"Drei Zeugen h\u00f6rt das Gericht am Mittwoch zu einer Gewalttat, die Beate Zsch\u00e4pe zugeschrieben wird: 1996 soll sie nach dem Altstadtfest in Jena eine junge Frau verletzt haben. Geladen sind das Opfer der Tat und eine weitere Zeugin. Au\u00dferdem soll eine Beamtin des Bundeskriminalamts \u00fcber die Ermittlungen nach dem Vorfall berichten. Die Tat ist nicht [&hellip;]","og_url":"https:\/\/blog.zeit.de\/nsu-prozess-blog\/2014\/07\/30\/132-prozesstag-was-geschah-auf-dem-fest-in-jena\/","og_site_name":"Das NSU-Prozess-Blog","article_published_time":"2014-07-30T05:00:37+00:00","article_modified_time":"2014-07-28T15:09:29+00:00","author":"Tom Sundermann","twitter_misc":{"Geschrieben von":"Tom Sundermann"},"schema":{"@context":"https:\/\/schema.org","@graph":[{"@type":"WebPage","@id":"https:\/\/blog.zeit.de\/nsu-prozess-blog\/2014\/07\/30\/132-prozesstag-was-geschah-auf-dem-fest-in-jena\/","url":"https:\/\/blog.zeit.de\/nsu-prozess-blog\/2014\/07\/30\/132-prozesstag-was-geschah-auf-dem-fest-in-jena\/","name":"132. Prozesstag \u2013 Was geschah auf dem Fest in Jena? - Das NSU-Prozess-Blog","isPartOf":{"@id":"https:\/\/blog.zeit.de\/nsu-prozess-blog\/#website"},"datePublished":"2014-07-30T05:00:37+00:00","dateModified":"2014-07-28T15:09:29+00:00","author":{"@id":"https:\/\/blog.zeit.de\/nsu-prozess-blog\/#\/schema\/person\/553ea9bb5d1fc2ae054c589bd59380a5"},"breadcrumb":{"@id":"https:\/\/blog.zeit.de\/nsu-prozess-blog\/2014\/07\/30\/132-prozesstag-was-geschah-auf-dem-fest-in-jena\/#breadcrumb"},"inLanguage":"de","potentialAction":[{"@type":"ReadAction","target":["https:\/\/blog.zeit.de\/nsu-prozess-blog\/2014\/07\/30\/132-prozesstag-was-geschah-auf-dem-fest-in-jena\/"]}]},{"@type":"BreadcrumbList","@id":"https:\/\/blog.zeit.de\/nsu-prozess-blog\/2014\/07\/30\/132-prozesstag-was-geschah-auf-dem-fest-in-jena\/#breadcrumb","itemListElement":[{"@type":"ListItem","position":1,"name":"Startseite","item":"https:\/\/blog.zeit.de\/nsu-prozess-blog\/"},{"@type":"ListItem","position":2,"name":"132. Prozesstag \u2013 Was geschah auf dem Fest in Jena?"}]},{"@type":"WebSite","@id":"https:\/\/blog.zeit.de\/nsu-prozess-blog\/#website","url":"https:\/\/blog.zeit.de\/nsu-prozess-blog\/","name":"Das NSU-Prozess-Blog","description":"Alle Berichte zum Terrorverfahren in M\u00fcnchen","potentialAction":[{"@type":"SearchAction","target":{"@type":"EntryPoint","urlTemplate":"https:\/\/blog.zeit.de\/nsu-prozess-blog\/?s={search_term_string}"},"query-input":"required name=search_term_string"}],"inLanguage":"de"},{"@type":"Person","@id":"https:\/\/blog.zeit.de\/nsu-prozess-blog\/#\/schema\/person\/553ea9bb5d1fc2ae054c589bd59380a5","name":"Tom Sundermann","image":{"@type":"ImageObject","inLanguage":"de","@id":"https:\/\/blog.zeit.de\/nsu-prozess-blog\/#\/schema\/person\/image\/","url":"https:\/\/secure.gravatar.com\/avatar\/e108a3dc18766f719b2f797dc5d19093f06a1870c55b553ab6b7563f1f9a5e68?s=96&d=mm&r=g","contentUrl":"https:\/\/secure.gravatar.com\/avatar\/e108a3dc18766f719b2f797dc5d19093f06a1870c55b553ab6b7563f1f9a5e68?s=96&d=mm&r=g","caption":"Tom Sundermann"},"sameAs":["https:\/\/twitter.com\/messeticker"],"url":"https:\/\/blog.zeit.de\/nsu-prozess-blog\/author\/tsundermann\/"}]}},"jetpack_featured_media_url":"","jetpack_sharing_enabled":true,"_links":{"self":[{"href":"https:\/\/blog.zeit.de\/nsu-prozess-blog\/wp-json\/wp\/v2\/posts\/7362","targetHints":{"allow":["GET"]}}],"collection":[{"href":"https:\/\/blog.zeit.de\/nsu-prozess-blog\/wp-json\/wp\/v2\/posts"}],"about":[{"href":"https:\/\/blog.zeit.de\/nsu-prozess-blog\/wp-json\/wp\/v2\/types\/post"}],"author":[{"embeddable":true,"href":"https:\/\/blog.zeit.de\/nsu-prozess-blog\/wp-json\/wp\/v2\/users\/435"}],"replies":[{"embeddable":true,"href":"https:\/\/blog.zeit.de\/nsu-prozess-blog\/wp-json\/wp\/v2\/comments?post=7362"}],"version-history":[{"count":2,"href":"https:\/\/blog.zeit.de\/nsu-prozess-blog\/wp-json\/wp\/v2\/posts\/7362\/revisions"}],"predecessor-version":[{"id":7377,"href":"https:\/\/blog.zeit.de\/nsu-prozess-blog\/wp-json\/wp\/v2\/posts\/7362\/revisions\/7377"}],"wp:attachment":[{"href":"https:\/\/blog.zeit.de\/nsu-prozess-blog\/wp-json\/wp\/v2\/media?parent=7362"}],"wp:term":[{"taxonomy":"category","embeddable":true,"href":"https:\/\/blog.zeit.de\/nsu-prozess-blog\/wp-json\/wp\/v2\/categories?post=7362"},{"taxonomy":"post_tag","embeddable":true,"href":"https:\/\/blog.zeit.de\/nsu-prozess-blog\/wp-json\/wp\/v2\/tags?post=7362"}],"curies":[{"name":"wp","href":"https:\/\/api.w.org\/{rel}","templated":true}]}}