{"id":7364,"date":"2014-07-31T07:00:30","date_gmt":"2014-07-31T05:00:30","guid":{"rendered":"http:\/\/blog.zeit.de\/nsu-prozess-blog\/?p=7364"},"modified":"2014-07-24T18:39:12","modified_gmt":"2014-07-24T16:39:12","slug":"133-prozesstag-zeuge-sagt-ueber-tnt-lieferanten-aus","status":"publish","type":"post","link":"https:\/\/blog.zeit.de\/nsu-prozess-blog\/2014\/07\/31\/133-prozesstag-zeuge-sagt-ueber-tnt-lieferanten-aus\/","title":{"rendered":"133. Prozesstag \u2013 Zeuge sagt \u00fcber mutma\u00dflichen TNT-Lieferanten aus"},"content":{"rendered":"<p>Am Dienstag sagt ein Beamter des Bundeskriminalamts aus, der den Zeugen Thomas S. vernommen und im Anschluss weitere Ermittlungen gef\u00fchrt hatte. Bei <a href=\"https:\/\/blog.zeit.de\/nsu-prozess-blog\/2014\/04\/03\/medienlog-thomas-s-sprengstoff\/\">seinem Gerichtstermin Anfang April<\/a> verweigerte der Zeuge die Aussage, weil gegen ihn ein Ermittlungsverfahren l\u00e4uft \u2013 nachdem er sich in den Vernehmungen zuvor umfangreich ge\u00e4u\u00dfert hatte.<\/p>\n<p>S. gilt als Unterst\u00fctzer des mutma\u00dflichen Terrortrios. Ende 1996, als die NSU-Mitglieder Bomben bauten und in Jena abstellten, lieferte er ihnen laut Anklage zwei Kilo TNT-Gemisch. Den Sprengstoff fanden Ermittler auch in Rohrbomben, die sie bei einer Razzia Anfang 1998 in Beate Zsch\u00e4pes Garage sicherstellten. Als die drei daraufhin untertauchten, soll S. ihnen zwei Wohnungen bei Bekannten vermittelt haben.<\/p>\n<p>Im Anschluss sagt ein weiterer BKA-Beamter aus. Er soll Angaben \u00fcber die Zeugin <a href=\"http:\/\/www.zeit.de\/politik\/deutschland\/2013-12\/nsu-zschaepe-brand\">Charlotte E.<\/a> machen. Die heute 91-J\u00e4hrige war in ihrer Zwickauer Wohnung in Lebensgefahr geraten, als Beate Zsch\u00e4pe am 4. November 2011 nebenan laut Anklage Feuer legte.<\/p>\n<p><em>Informationen aus der Verhandlung gibt es <a href=\"https:\/\/twitter.com\/zeitonline\/lists\/nsu-prozess\">via Twitter hier<\/a>. Die Berichte dar\u00fcber fassen wir morgen im <a href=\"https:\/\/blog.zeit.de\/nsu-prozess-blog\/category\/medienschau\/\">NSU-Medienlog<\/a> zusammen.<\/em><\/p>\n","protected":false},"excerpt":{"rendered":"<p>Am Dienstag sagt ein Beamter des Bundeskriminalamts aus, der den Zeugen Thomas S. vernommen und im Anschluss weitere Ermittlungen gef\u00fchrt hatte. Bei seinem Gerichtstermin Anfang April verweigerte der Zeuge die Aussage, weil gegen ihn ein Ermittlungsverfahren l\u00e4uft \u2013 nachdem er sich in den Vernehmungen zuvor umfangreich ge\u00e4u\u00dfert hatte. S. gilt als Unterst\u00fctzer des mutma\u00dflichen Terrortrios. [&hellip;]<\/p>\n","protected":false},"author":435,"featured_media":0,"comment_status":"open","ping_status":"open","sticky":false,"template":"","format":"standard","meta":{"_jetpack_memberships_contains_paid_content":false,"footnotes":""},"categories":[27532],"tags":[27573,29431,27560],"class_list":["post-7364","post","type-post","status-publish","format-standard","hentry","category-prozesstage","tag-brand","tag-mehmet-kubasik","tag-zwickau"],"yoast_head":"<!-- This site is optimized with the Yoast SEO plugin v21.0 - https:\/\/yoast.com\/wordpress\/plugins\/seo\/ -->\n<title>133. Prozesstag \u2013 Zeuge sagt \u00fcber mutma\u00dflichen TNT-Lieferanten aus - Das NSU-Prozess-Blog<\/title>\n<meta name=\"robots\" content=\"index, follow, max-snippet:-1, max-image-preview:large, max-video-preview:-1\" \/>\n<link rel=\"canonical\" href=\"https:\/\/blog.zeit.de\/nsu-prozess-blog\/2014\/07\/31\/133-prozesstag-zeuge-sagt-ueber-tnt-lieferanten-aus\/\" \/>\n<meta property=\"og:locale\" content=\"de_DE\" \/>\n<meta property=\"og:type\" content=\"article\" \/>\n<meta property=\"og:title\" content=\"133. Prozesstag \u2013 Zeuge sagt \u00fcber mutma\u00dflichen TNT-Lieferanten aus - Das NSU-Prozess-Blog\" \/>\n<meta property=\"og:description\" content=\"Am Dienstag sagt ein Beamter des Bundeskriminalamts aus, der den Zeugen Thomas S. vernommen und im Anschluss weitere Ermittlungen gef\u00fchrt hatte. Bei seinem Gerichtstermin Anfang April verweigerte der Zeuge die Aussage, weil gegen ihn ein Ermittlungsverfahren l\u00e4uft \u2013 nachdem er sich in den Vernehmungen zuvor umfangreich ge\u00e4u\u00dfert hatte. S. gilt als Unterst\u00fctzer des mutma\u00dflichen Terrortrios. [&hellip;]\" \/>\n<meta property=\"og:url\" content=\"https:\/\/blog.zeit.de\/nsu-prozess-blog\/2014\/07\/31\/133-prozesstag-zeuge-sagt-ueber-tnt-lieferanten-aus\/\" \/>\n<meta property=\"og:site_name\" content=\"Das NSU-Prozess-Blog\" \/>\n<meta property=\"article:published_time\" content=\"2014-07-31T05:00:30+00:00\" \/>\n<meta property=\"article:modified_time\" content=\"2014-07-24T16:39:12+00:00\" \/>\n<meta name=\"author\" content=\"Tom Sundermann\" \/>\n<meta name=\"twitter:label1\" content=\"Geschrieben von\" \/>\n\t<meta name=\"twitter:data1\" content=\"Tom Sundermann\" \/>\n\t<meta name=\"twitter:label2\" content=\"Gesch\u00e4tzte Lesezeit\" \/>\n\t<meta name=\"twitter:data2\" content=\"1\u00a0Minute\" \/>\n<script type=\"application\/ld+json\" class=\"yoast-schema-graph\">{\"@context\":\"https:\/\/schema.org\",\"@graph\":[{\"@type\":\"WebPage\",\"@id\":\"https:\/\/blog.zeit.de\/nsu-prozess-blog\/2014\/07\/31\/133-prozesstag-zeuge-sagt-ueber-tnt-lieferanten-aus\/\",\"url\":\"https:\/\/blog.zeit.de\/nsu-prozess-blog\/2014\/07\/31\/133-prozesstag-zeuge-sagt-ueber-tnt-lieferanten-aus\/\",\"name\":\"133. Prozesstag \u2013 Zeuge sagt \u00fcber mutma\u00dflichen TNT-Lieferanten aus - Das NSU-Prozess-Blog\",\"isPartOf\":{\"@id\":\"https:\/\/blog.zeit.de\/nsu-prozess-blog\/#website\"},\"datePublished\":\"2014-07-31T05:00:30+00:00\",\"dateModified\":\"2014-07-24T16:39:12+00:00\",\"author\":{\"@id\":\"https:\/\/blog.zeit.de\/nsu-prozess-blog\/#\/schema\/person\/553ea9bb5d1fc2ae054c589bd59380a5\"},\"breadcrumb\":{\"@id\":\"https:\/\/blog.zeit.de\/nsu-prozess-blog\/2014\/07\/31\/133-prozesstag-zeuge-sagt-ueber-tnt-lieferanten-aus\/#breadcrumb\"},\"inLanguage\":\"de\",\"potentialAction\":[{\"@type\":\"ReadAction\",\"target\":[\"https:\/\/blog.zeit.de\/nsu-prozess-blog\/2014\/07\/31\/133-prozesstag-zeuge-sagt-ueber-tnt-lieferanten-aus\/\"]}]},{\"@type\":\"BreadcrumbList\",\"@id\":\"https:\/\/blog.zeit.de\/nsu-prozess-blog\/2014\/07\/31\/133-prozesstag-zeuge-sagt-ueber-tnt-lieferanten-aus\/#breadcrumb\",\"itemListElement\":[{\"@type\":\"ListItem\",\"position\":1,\"name\":\"Startseite\",\"item\":\"https:\/\/blog.zeit.de\/nsu-prozess-blog\/\"},{\"@type\":\"ListItem\",\"position\":2,\"name\":\"133. Prozesstag \u2013 Zeuge sagt \u00fcber mutma\u00dflichen TNT-Lieferanten aus\"}]},{\"@type\":\"WebSite\",\"@id\":\"https:\/\/blog.zeit.de\/nsu-prozess-blog\/#website\",\"url\":\"https:\/\/blog.zeit.de\/nsu-prozess-blog\/\",\"name\":\"Das NSU-Prozess-Blog\",\"description\":\"Alle Berichte zum Terrorverfahren in M\u00fcnchen\",\"potentialAction\":[{\"@type\":\"SearchAction\",\"target\":{\"@type\":\"EntryPoint\",\"urlTemplate\":\"https:\/\/blog.zeit.de\/nsu-prozess-blog\/?s={search_term_string}\"},\"query-input\":\"required name=search_term_string\"}],\"inLanguage\":\"de\"},{\"@type\":\"Person\",\"@id\":\"https:\/\/blog.zeit.de\/nsu-prozess-blog\/#\/schema\/person\/553ea9bb5d1fc2ae054c589bd59380a5\",\"name\":\"Tom Sundermann\",\"image\":{\"@type\":\"ImageObject\",\"inLanguage\":\"de\",\"@id\":\"https:\/\/blog.zeit.de\/nsu-prozess-blog\/#\/schema\/person\/image\/\",\"url\":\"https:\/\/secure.gravatar.com\/avatar\/e108a3dc18766f719b2f797dc5d19093f06a1870c55b553ab6b7563f1f9a5e68?s=96&d=mm&r=g\",\"contentUrl\":\"https:\/\/secure.gravatar.com\/avatar\/e108a3dc18766f719b2f797dc5d19093f06a1870c55b553ab6b7563f1f9a5e68?s=96&d=mm&r=g\",\"caption\":\"Tom Sundermann\"},\"sameAs\":[\"https:\/\/twitter.com\/messeticker\"],\"url\":\"https:\/\/blog.zeit.de\/nsu-prozess-blog\/author\/tsundermann\/\"}]}<\/script>\n<!-- \/ Yoast SEO plugin. -->","yoast_head_json":{"title":"133. Prozesstag \u2013 Zeuge sagt \u00fcber mutma\u00dflichen TNT-Lieferanten aus - Das NSU-Prozess-Blog","robots":{"index":"index","follow":"follow","max-snippet":"max-snippet:-1","max-image-preview":"max-image-preview:large","max-video-preview":"max-video-preview:-1"},"canonical":"https:\/\/blog.zeit.de\/nsu-prozess-blog\/2014\/07\/31\/133-prozesstag-zeuge-sagt-ueber-tnt-lieferanten-aus\/","og_locale":"de_DE","og_type":"article","og_title":"133. Prozesstag \u2013 Zeuge sagt \u00fcber mutma\u00dflichen TNT-Lieferanten aus - Das NSU-Prozess-Blog","og_description":"Am Dienstag sagt ein Beamter des Bundeskriminalamts aus, der den Zeugen Thomas S. vernommen und im Anschluss weitere Ermittlungen gef\u00fchrt hatte. Bei seinem Gerichtstermin Anfang April verweigerte der Zeuge die Aussage, weil gegen ihn ein Ermittlungsverfahren l\u00e4uft \u2013 nachdem er sich in den Vernehmungen zuvor umfangreich ge\u00e4u\u00dfert hatte. S. gilt als Unterst\u00fctzer des mutma\u00dflichen Terrortrios. [&hellip;]","og_url":"https:\/\/blog.zeit.de\/nsu-prozess-blog\/2014\/07\/31\/133-prozesstag-zeuge-sagt-ueber-tnt-lieferanten-aus\/","og_site_name":"Das NSU-Prozess-Blog","article_published_time":"2014-07-31T05:00:30+00:00","article_modified_time":"2014-07-24T16:39:12+00:00","author":"Tom Sundermann","twitter_misc":{"Geschrieben von":"Tom Sundermann","Gesch\u00e4tzte Lesezeit":"1\u00a0Minute"},"schema":{"@context":"https:\/\/schema.org","@graph":[{"@type":"WebPage","@id":"https:\/\/blog.zeit.de\/nsu-prozess-blog\/2014\/07\/31\/133-prozesstag-zeuge-sagt-ueber-tnt-lieferanten-aus\/","url":"https:\/\/blog.zeit.de\/nsu-prozess-blog\/2014\/07\/31\/133-prozesstag-zeuge-sagt-ueber-tnt-lieferanten-aus\/","name":"133. Prozesstag \u2013 Zeuge sagt \u00fcber mutma\u00dflichen TNT-Lieferanten aus - Das NSU-Prozess-Blog","isPartOf":{"@id":"https:\/\/blog.zeit.de\/nsu-prozess-blog\/#website"},"datePublished":"2014-07-31T05:00:30+00:00","dateModified":"2014-07-24T16:39:12+00:00","author":{"@id":"https:\/\/blog.zeit.de\/nsu-prozess-blog\/#\/schema\/person\/553ea9bb5d1fc2ae054c589bd59380a5"},"breadcrumb":{"@id":"https:\/\/blog.zeit.de\/nsu-prozess-blog\/2014\/07\/31\/133-prozesstag-zeuge-sagt-ueber-tnt-lieferanten-aus\/#breadcrumb"},"inLanguage":"de","potentialAction":[{"@type":"ReadAction","target":["https:\/\/blog.zeit.de\/nsu-prozess-blog\/2014\/07\/31\/133-prozesstag-zeuge-sagt-ueber-tnt-lieferanten-aus\/"]}]},{"@type":"BreadcrumbList","@id":"https:\/\/blog.zeit.de\/nsu-prozess-blog\/2014\/07\/31\/133-prozesstag-zeuge-sagt-ueber-tnt-lieferanten-aus\/#breadcrumb","itemListElement":[{"@type":"ListItem","position":1,"name":"Startseite","item":"https:\/\/blog.zeit.de\/nsu-prozess-blog\/"},{"@type":"ListItem","position":2,"name":"133. Prozesstag \u2013 Zeuge sagt \u00fcber mutma\u00dflichen TNT-Lieferanten aus"}]},{"@type":"WebSite","@id":"https:\/\/blog.zeit.de\/nsu-prozess-blog\/#website","url":"https:\/\/blog.zeit.de\/nsu-prozess-blog\/","name":"Das NSU-Prozess-Blog","description":"Alle Berichte zum Terrorverfahren in M\u00fcnchen","potentialAction":[{"@type":"SearchAction","target":{"@type":"EntryPoint","urlTemplate":"https:\/\/blog.zeit.de\/nsu-prozess-blog\/?s={search_term_string}"},"query-input":"required name=search_term_string"}],"inLanguage":"de"},{"@type":"Person","@id":"https:\/\/blog.zeit.de\/nsu-prozess-blog\/#\/schema\/person\/553ea9bb5d1fc2ae054c589bd59380a5","name":"Tom Sundermann","image":{"@type":"ImageObject","inLanguage":"de","@id":"https:\/\/blog.zeit.de\/nsu-prozess-blog\/#\/schema\/person\/image\/","url":"https:\/\/secure.gravatar.com\/avatar\/e108a3dc18766f719b2f797dc5d19093f06a1870c55b553ab6b7563f1f9a5e68?s=96&d=mm&r=g","contentUrl":"https:\/\/secure.gravatar.com\/avatar\/e108a3dc18766f719b2f797dc5d19093f06a1870c55b553ab6b7563f1f9a5e68?s=96&d=mm&r=g","caption":"Tom Sundermann"},"sameAs":["https:\/\/twitter.com\/messeticker"],"url":"https:\/\/blog.zeit.de\/nsu-prozess-blog\/author\/tsundermann\/"}]}},"jetpack_featured_media_url":"","jetpack_sharing_enabled":true,"_links":{"self":[{"href":"https:\/\/blog.zeit.de\/nsu-prozess-blog\/wp-json\/wp\/v2\/posts\/7364","targetHints":{"allow":["GET"]}}],"collection":[{"href":"https:\/\/blog.zeit.de\/nsu-prozess-blog\/wp-json\/wp\/v2\/posts"}],"about":[{"href":"https:\/\/blog.zeit.de\/nsu-prozess-blog\/wp-json\/wp\/v2\/types\/post"}],"author":[{"embeddable":true,"href":"https:\/\/blog.zeit.de\/nsu-prozess-blog\/wp-json\/wp\/v2\/users\/435"}],"replies":[{"embeddable":true,"href":"https:\/\/blog.zeit.de\/nsu-prozess-blog\/wp-json\/wp\/v2\/comments?post=7364"}],"version-history":[{"count":3,"href":"https:\/\/blog.zeit.de\/nsu-prozess-blog\/wp-json\/wp\/v2\/posts\/7364\/revisions"}],"predecessor-version":[{"id":7367,"href":"https:\/\/blog.zeit.de\/nsu-prozess-blog\/wp-json\/wp\/v2\/posts\/7364\/revisions\/7367"}],"wp:attachment":[{"href":"https:\/\/blog.zeit.de\/nsu-prozess-blog\/wp-json\/wp\/v2\/media?parent=7364"}],"wp:term":[{"taxonomy":"category","embeddable":true,"href":"https:\/\/blog.zeit.de\/nsu-prozess-blog\/wp-json\/wp\/v2\/categories?post=7364"},{"taxonomy":"post_tag","embeddable":true,"href":"https:\/\/blog.zeit.de\/nsu-prozess-blog\/wp-json\/wp\/v2\/tags?post=7364"}],"curies":[{"name":"wp","href":"https:\/\/api.w.org\/{rel}","templated":true}]}}