{"id":7368,"date":"2014-07-25T09:19:00","date_gmt":"2014-07-25T07:19:00","guid":{"rendered":"http:\/\/blog.zeit.de\/nsu-prozess-blog\/?p=7368"},"modified":"2014-07-25T09:19:00","modified_gmt":"2014-07-25T07:19:00","slug":"medienlog-thomas-g-netzwerk","status":"publish","type":"post","link":"https:\/\/blog.zeit.de\/nsu-prozess-blog\/2014\/07\/25\/medienlog-thomas-g-netzwerk\/","title":{"rendered":"Das gro\u00dfe Netzwerk des Nazis Thomas G. \u2013 Das Medienlog vom Freitag, 25. Juli 2014"},"content":{"rendered":"<p>Es ist eine Verbindung, \u00fcber die die Nebenkl\u00e4ger im NSU-Prozess gerne mehr erfahren w\u00fcrden: auf der einen Seite das militante Neonazi-Netzwerk Hammerskins, auf der anderen der rechtsterroristische Nationalsozialistische Untergrund. Und dazwischen: der Zeuge <a href=\"https:\/\/blog.zeit.de\/nsu-prozess-blog\/2014\/07\/11\/medienlog-thomas-g-claudia-roth\/\">Thomas G.<\/a>, dem bei seiner n\u00e4chsten Vernehmung in M\u00fcnchen ein Ordnungsgeld droht. Denn \u00fcber die Hammerskins will G. im Gericht nichts sagen. Dass er einiges zu erz\u00e4hlen h\u00e4tte, gilt jedoch als gesichert: &#8222;Der quirlige, sprachbegabte Neonazi [G.] kennt die autorit\u00e4ren Strukturen seiner Szene bestens&#8220;, urteilt Andrea R\u00f6pke im Blog <a href=\"http:\/\/www.bnr.de\/artikel\/hintergrund\/verborgene-nsu-kontakte\" target=\"_blank\"><em>Blick nach rechts<\/em><\/a>, in dem sie das Netzwerk um G. beleuchtet.<\/p>\n<p><!--more--><\/p>\n<p><em>An jedem Werktag sichten wir f\u00fcr das NSU-Prozess-Blog die Medien und stellen wichtige Berichte, Blogs, Videos und Tweets zusammen. Wir freuen uns \u00fcber Hinweise via Twitter mit dem Hashtag #nsublog \u2013 oder per E-Mail an <a href=\"mailto:nsublog@zeit.de\">nsublog@zeit.de<\/a>.<\/em><\/p>\n<p>Unstrittig ist demnach auch, dass G.s Kontakte keine Geschichten aus der Vergangenheit, sondern hochaktuell sind: Einen Tag vor seiner zweiten Vernehmung am 10. Juli traf er sich demnach mit dem Anf\u00fchrer der Ludwigshafener Sektion der Hammerskins. Mit dem Jenaer Neonazi <a href=\"https:\/\/blog.zeit.de\/nsu-prozess-blog\/2014\/03\/21\/medienlog-andre-k-nebenklage\/\">Andr\u00e9 K.<\/a>, einem der zentralen Zeugen im Prozess, arbeitete er bis kurz zuvor auf dem Bau zusammen. Das Umfeld, in dem er sich bewegte, umfasste demnach auch die Angeklagten Ralf Wohlleben und Andr\u00e9 E., gekannt haben m\u00fcsse er auch Holger G. und Carsten S. Angesichts derart umfassender Kontakte d\u00fcrften die Anw\u00e4lte der Opfer noch mehrere Sitzungen f\u00fcr ihre Befragung brauchen.<\/p>\n<p><em>Das n\u00e4chste Medienlog erscheint am Montag, 28. Juli 2014.<\/em><\/p>\n","protected":false},"excerpt":{"rendered":"<p>Es ist eine Verbindung, \u00fcber die die Nebenkl\u00e4ger im NSU-Prozess gerne mehr erfahren w\u00fcrden: auf der einen Seite das militante Neonazi-Netzwerk Hammerskins, auf der anderen der rechtsterroristische Nationalsozialistische Untergrund. Und dazwischen: der Zeuge Thomas G., dem bei seiner n\u00e4chsten Vernehmung in M\u00fcnchen ein Ordnungsgeld droht. Denn \u00fcber die Hammerskins will G. im Gericht nichts sagen. [&hellip;]<\/p>\n","protected":false},"author":435,"featured_media":0,"comment_status":"open","ping_status":"open","sticky":false,"template":"","format":"standard","meta":{"_jetpack_memberships_contains_paid_content":false,"footnotes":""},"categories":[27531],"tags":[29526],"class_list":["post-7368","post","type-post","status-publish","format-standard","hentry","category-medienschau","tag-thomas-g"],"yoast_head":"<!-- This site is optimized with the Yoast SEO plugin v21.0 - https:\/\/yoast.com\/wordpress\/plugins\/seo\/ -->\n<title>Das gro\u00dfe Netzwerk des Nazis Thomas G. \u2013 Das Medienlog vom Freitag, 25. Juli 2014 - Das NSU-Prozess-Blog<\/title>\n<meta name=\"robots\" content=\"index, follow, max-snippet:-1, max-image-preview:large, max-video-preview:-1\" \/>\n<link rel=\"canonical\" href=\"https:\/\/blog.zeit.de\/nsu-prozess-blog\/2014\/07\/25\/medienlog-thomas-g-netzwerk\/\" \/>\n<meta property=\"og:locale\" content=\"de_DE\" \/>\n<meta property=\"og:type\" content=\"article\" \/>\n<meta property=\"og:title\" content=\"Das gro\u00dfe Netzwerk des Nazis Thomas G. \u2013 Das Medienlog vom Freitag, 25. Juli 2014 - Das NSU-Prozess-Blog\" \/>\n<meta property=\"og:description\" content=\"Es ist eine Verbindung, \u00fcber die die Nebenkl\u00e4ger im NSU-Prozess gerne mehr erfahren w\u00fcrden: auf der einen Seite das militante Neonazi-Netzwerk Hammerskins, auf der anderen der rechtsterroristische Nationalsozialistische Untergrund. Und dazwischen: der Zeuge Thomas G., dem bei seiner n\u00e4chsten Vernehmung in M\u00fcnchen ein Ordnungsgeld droht. Denn \u00fcber die Hammerskins will G. im Gericht nichts sagen. [&hellip;]\" \/>\n<meta property=\"og:url\" content=\"https:\/\/blog.zeit.de\/nsu-prozess-blog\/2014\/07\/25\/medienlog-thomas-g-netzwerk\/\" \/>\n<meta property=\"og:site_name\" content=\"Das NSU-Prozess-Blog\" \/>\n<meta property=\"article:published_time\" content=\"2014-07-25T07:19:00+00:00\" \/>\n<meta name=\"author\" content=\"Tom Sundermann\" \/>\n<meta name=\"twitter:label1\" content=\"Geschrieben von\" \/>\n\t<meta name=\"twitter:data1\" content=\"Tom Sundermann\" \/>\n\t<meta name=\"twitter:label2\" content=\"Gesch\u00e4tzte Lesezeit\" \/>\n\t<meta name=\"twitter:data2\" content=\"1\u00a0Minute\" \/>\n<script type=\"application\/ld+json\" class=\"yoast-schema-graph\">{\"@context\":\"https:\/\/schema.org\",\"@graph\":[{\"@type\":\"WebPage\",\"@id\":\"https:\/\/blog.zeit.de\/nsu-prozess-blog\/2014\/07\/25\/medienlog-thomas-g-netzwerk\/\",\"url\":\"https:\/\/blog.zeit.de\/nsu-prozess-blog\/2014\/07\/25\/medienlog-thomas-g-netzwerk\/\",\"name\":\"Das gro\u00dfe Netzwerk des Nazis Thomas G. \u2013 Das Medienlog vom Freitag, 25. Juli 2014 - Das NSU-Prozess-Blog\",\"isPartOf\":{\"@id\":\"https:\/\/blog.zeit.de\/nsu-prozess-blog\/#website\"},\"datePublished\":\"2014-07-25T07:19:00+00:00\",\"dateModified\":\"2014-07-25T07:19:00+00:00\",\"author\":{\"@id\":\"https:\/\/blog.zeit.de\/nsu-prozess-blog\/#\/schema\/person\/553ea9bb5d1fc2ae054c589bd59380a5\"},\"breadcrumb\":{\"@id\":\"https:\/\/blog.zeit.de\/nsu-prozess-blog\/2014\/07\/25\/medienlog-thomas-g-netzwerk\/#breadcrumb\"},\"inLanguage\":\"de\",\"potentialAction\":[{\"@type\":\"ReadAction\",\"target\":[\"https:\/\/blog.zeit.de\/nsu-prozess-blog\/2014\/07\/25\/medienlog-thomas-g-netzwerk\/\"]}]},{\"@type\":\"BreadcrumbList\",\"@id\":\"https:\/\/blog.zeit.de\/nsu-prozess-blog\/2014\/07\/25\/medienlog-thomas-g-netzwerk\/#breadcrumb\",\"itemListElement\":[{\"@type\":\"ListItem\",\"position\":1,\"name\":\"Startseite\",\"item\":\"https:\/\/blog.zeit.de\/nsu-prozess-blog\/\"},{\"@type\":\"ListItem\",\"position\":2,\"name\":\"Das gro\u00dfe Netzwerk des Nazis Thomas G. \u2013 Das Medienlog vom Freitag, 25. Juli 2014\"}]},{\"@type\":\"WebSite\",\"@id\":\"https:\/\/blog.zeit.de\/nsu-prozess-blog\/#website\",\"url\":\"https:\/\/blog.zeit.de\/nsu-prozess-blog\/\",\"name\":\"Das NSU-Prozess-Blog\",\"description\":\"Alle Berichte zum Terrorverfahren in M\u00fcnchen\",\"potentialAction\":[{\"@type\":\"SearchAction\",\"target\":{\"@type\":\"EntryPoint\",\"urlTemplate\":\"https:\/\/blog.zeit.de\/nsu-prozess-blog\/?s={search_term_string}\"},\"query-input\":\"required name=search_term_string\"}],\"inLanguage\":\"de\"},{\"@type\":\"Person\",\"@id\":\"https:\/\/blog.zeit.de\/nsu-prozess-blog\/#\/schema\/person\/553ea9bb5d1fc2ae054c589bd59380a5\",\"name\":\"Tom Sundermann\",\"image\":{\"@type\":\"ImageObject\",\"inLanguage\":\"de\",\"@id\":\"https:\/\/blog.zeit.de\/nsu-prozess-blog\/#\/schema\/person\/image\/\",\"url\":\"https:\/\/secure.gravatar.com\/avatar\/e108a3dc18766f719b2f797dc5d19093f06a1870c55b553ab6b7563f1f9a5e68?s=96&d=mm&r=g\",\"contentUrl\":\"https:\/\/secure.gravatar.com\/avatar\/e108a3dc18766f719b2f797dc5d19093f06a1870c55b553ab6b7563f1f9a5e68?s=96&d=mm&r=g\",\"caption\":\"Tom Sundermann\"},\"sameAs\":[\"https:\/\/twitter.com\/messeticker\"],\"url\":\"https:\/\/blog.zeit.de\/nsu-prozess-blog\/author\/tsundermann\/\"}]}<\/script>\n<!-- \/ Yoast SEO plugin. -->","yoast_head_json":{"title":"Das gro\u00dfe Netzwerk des Nazis Thomas G. \u2013 Das Medienlog vom Freitag, 25. Juli 2014 - Das NSU-Prozess-Blog","robots":{"index":"index","follow":"follow","max-snippet":"max-snippet:-1","max-image-preview":"max-image-preview:large","max-video-preview":"max-video-preview:-1"},"canonical":"https:\/\/blog.zeit.de\/nsu-prozess-blog\/2014\/07\/25\/medienlog-thomas-g-netzwerk\/","og_locale":"de_DE","og_type":"article","og_title":"Das gro\u00dfe Netzwerk des Nazis Thomas G. \u2013 Das Medienlog vom Freitag, 25. Juli 2014 - Das NSU-Prozess-Blog","og_description":"Es ist eine Verbindung, \u00fcber die die Nebenkl\u00e4ger im NSU-Prozess gerne mehr erfahren w\u00fcrden: auf der einen Seite das militante Neonazi-Netzwerk Hammerskins, auf der anderen der rechtsterroristische Nationalsozialistische Untergrund. Und dazwischen: der Zeuge Thomas G., dem bei seiner n\u00e4chsten Vernehmung in M\u00fcnchen ein Ordnungsgeld droht. Denn \u00fcber die Hammerskins will G. im Gericht nichts sagen. [&hellip;]","og_url":"https:\/\/blog.zeit.de\/nsu-prozess-blog\/2014\/07\/25\/medienlog-thomas-g-netzwerk\/","og_site_name":"Das NSU-Prozess-Blog","article_published_time":"2014-07-25T07:19:00+00:00","author":"Tom Sundermann","twitter_misc":{"Geschrieben von":"Tom Sundermann","Gesch\u00e4tzte Lesezeit":"1\u00a0Minute"},"schema":{"@context":"https:\/\/schema.org","@graph":[{"@type":"WebPage","@id":"https:\/\/blog.zeit.de\/nsu-prozess-blog\/2014\/07\/25\/medienlog-thomas-g-netzwerk\/","url":"https:\/\/blog.zeit.de\/nsu-prozess-blog\/2014\/07\/25\/medienlog-thomas-g-netzwerk\/","name":"Das gro\u00dfe Netzwerk des Nazis Thomas G. \u2013 Das Medienlog vom Freitag, 25. Juli 2014 - Das NSU-Prozess-Blog","isPartOf":{"@id":"https:\/\/blog.zeit.de\/nsu-prozess-blog\/#website"},"datePublished":"2014-07-25T07:19:00+00:00","dateModified":"2014-07-25T07:19:00+00:00","author":{"@id":"https:\/\/blog.zeit.de\/nsu-prozess-blog\/#\/schema\/person\/553ea9bb5d1fc2ae054c589bd59380a5"},"breadcrumb":{"@id":"https:\/\/blog.zeit.de\/nsu-prozess-blog\/2014\/07\/25\/medienlog-thomas-g-netzwerk\/#breadcrumb"},"inLanguage":"de","potentialAction":[{"@type":"ReadAction","target":["https:\/\/blog.zeit.de\/nsu-prozess-blog\/2014\/07\/25\/medienlog-thomas-g-netzwerk\/"]}]},{"@type":"BreadcrumbList","@id":"https:\/\/blog.zeit.de\/nsu-prozess-blog\/2014\/07\/25\/medienlog-thomas-g-netzwerk\/#breadcrumb","itemListElement":[{"@type":"ListItem","position":1,"name":"Startseite","item":"https:\/\/blog.zeit.de\/nsu-prozess-blog\/"},{"@type":"ListItem","position":2,"name":"Das gro\u00dfe Netzwerk des Nazis Thomas G. \u2013 Das Medienlog vom Freitag, 25. Juli 2014"}]},{"@type":"WebSite","@id":"https:\/\/blog.zeit.de\/nsu-prozess-blog\/#website","url":"https:\/\/blog.zeit.de\/nsu-prozess-blog\/","name":"Das NSU-Prozess-Blog","description":"Alle Berichte zum Terrorverfahren in M\u00fcnchen","potentialAction":[{"@type":"SearchAction","target":{"@type":"EntryPoint","urlTemplate":"https:\/\/blog.zeit.de\/nsu-prozess-blog\/?s={search_term_string}"},"query-input":"required name=search_term_string"}],"inLanguage":"de"},{"@type":"Person","@id":"https:\/\/blog.zeit.de\/nsu-prozess-blog\/#\/schema\/person\/553ea9bb5d1fc2ae054c589bd59380a5","name":"Tom Sundermann","image":{"@type":"ImageObject","inLanguage":"de","@id":"https:\/\/blog.zeit.de\/nsu-prozess-blog\/#\/schema\/person\/image\/","url":"https:\/\/secure.gravatar.com\/avatar\/e108a3dc18766f719b2f797dc5d19093f06a1870c55b553ab6b7563f1f9a5e68?s=96&d=mm&r=g","contentUrl":"https:\/\/secure.gravatar.com\/avatar\/e108a3dc18766f719b2f797dc5d19093f06a1870c55b553ab6b7563f1f9a5e68?s=96&d=mm&r=g","caption":"Tom Sundermann"},"sameAs":["https:\/\/twitter.com\/messeticker"],"url":"https:\/\/blog.zeit.de\/nsu-prozess-blog\/author\/tsundermann\/"}]}},"jetpack_featured_media_url":"","jetpack_sharing_enabled":true,"_links":{"self":[{"href":"https:\/\/blog.zeit.de\/nsu-prozess-blog\/wp-json\/wp\/v2\/posts\/7368","targetHints":{"allow":["GET"]}}],"collection":[{"href":"https:\/\/blog.zeit.de\/nsu-prozess-blog\/wp-json\/wp\/v2\/posts"}],"about":[{"href":"https:\/\/blog.zeit.de\/nsu-prozess-blog\/wp-json\/wp\/v2\/types\/post"}],"author":[{"embeddable":true,"href":"https:\/\/blog.zeit.de\/nsu-prozess-blog\/wp-json\/wp\/v2\/users\/435"}],"replies":[{"embeddable":true,"href":"https:\/\/blog.zeit.de\/nsu-prozess-blog\/wp-json\/wp\/v2\/comments?post=7368"}],"version-history":[{"count":5,"href":"https:\/\/blog.zeit.de\/nsu-prozess-blog\/wp-json\/wp\/v2\/posts\/7368\/revisions"}],"predecessor-version":[{"id":7373,"href":"https:\/\/blog.zeit.de\/nsu-prozess-blog\/wp-json\/wp\/v2\/posts\/7368\/revisions\/7373"}],"wp:attachment":[{"href":"https:\/\/blog.zeit.de\/nsu-prozess-blog\/wp-json\/wp\/v2\/media?parent=7368"}],"wp:term":[{"taxonomy":"category","embeddable":true,"href":"https:\/\/blog.zeit.de\/nsu-prozess-blog\/wp-json\/wp\/v2\/categories?post=7368"},{"taxonomy":"post_tag","embeddable":true,"href":"https:\/\/blog.zeit.de\/nsu-prozess-blog\/wp-json\/wp\/v2\/tags?post=7368"}],"curies":[{"name":"wp","href":"https:\/\/api.w.org\/{rel}","templated":true}]}}