{"id":7391,"date":"2014-07-31T09:05:07","date_gmt":"2014-07-31T07:05:07","guid":{"rendered":"http:\/\/blog.zeit.de\/nsu-prozess-blog\/?p=7391"},"modified":"2014-07-31T09:29:58","modified_gmt":"2014-07-31T07:29:58","slug":"medienlog-zschaepe-angriff-jena","status":"publish","type":"post","link":"https:\/\/blog.zeit.de\/nsu-prozess-blog\/2014\/07\/31\/medienlog-zschaepe-angriff-jena\/","title":{"rendered":"Beate Zsch\u00e4pe: jung und gewaltbereit? \u2013 Das Medienlog vom Donnerstag, 31. Juli 2014"},"content":{"rendered":"<p>Beate Zsch\u00e4pe ist angeklagt als Komplizin zweier mutma\u00dflicher M\u00f6rder \u2013 die Aussagen am 132. Prozesstag legten allerdings nahe, dass Zsch\u00e4pe selbst ein aggressives Potenzial hat. Zwei Zeuginnen und eine Polizistin sagten \u00fcber einen Vorfall von 1996 aus, bei dem die Angeklagte in Jena eine Punkerin angegriffen haben soll. Unsicher ist jedoch die Bedeutung dieser Erkenntnis, denn die Aussagen widersprachen sich. &#8222;Wird Zsch\u00e4pe m\u00f6glicherweise etwas angeh\u00e4ngt, weil ihr bei einer derart massiven Anklage sowieso alles zuzutrauen ist?&#8220;, fragt Frank Jansen im <a href=\"http:\/\/www.tagesspiegel.de\/politik\/132-tag-im-nsu-prozess-noch-ein-verdacht-gegen-zschaepe\/10269678.html\" target=\"_blank\"><em>Tagesspiegel<\/em><\/a>.<\/p>\n<p><!--more--><\/p>\n<p><em>An jedem Werktag sichten wir f\u00fcr das NSU-Prozess-Blog die Medien und stellen wichtige Berichte, Blogs, Videos und Tweets zusammen. Wir freuen uns \u00fcber Hinweise via Twitter mit dem Hashtag #nsublog \u2013 oder per E-Mail an <a href=\"mailto:nsublog@zeit.de\">nsublog@zeit.de<\/a>.<\/em><\/p>\n<p>Die erste Zeugin sagte, Zsch\u00e4pe habe sie nach einer Stra\u00dfenbahnfahrt zu Boden gesto\u00dfen, sodass sie sich den Fu\u00df brach. Au\u00dferdem habe sie sie gezwungen, den Satz &#8222;ich bin eine Potte&#8220; zu sagen. Was das bedeutet, ist unklar. Erkannt habe das Opfer Zsch\u00e4pe erst, als ihr 2011 Bilder von ihr gezeigt wurden. Die Begleiterin der Frau erz\u00e4hlte im Gericht hingegen, sie habe schon damals gewusst, dass Zsch\u00e4pe die T\u00e4terin war \u2013 und konnte nicht erkl\u00e4ren, wieso ihre Freundin den Namen nicht erfuhr. Die Polizei stellte damals die Ermittlungen ein.<\/p>\n<p>Die Befragung warf auch Licht auf den Konflikt zwischen Nazis und Linken im Jena der neunziger Jahre. Beide Frauen berichteten von der Gewaltbereitschaft der Rechten. &#8222;Aber hat der Horror m\u00f6glicherweise Maria H. und Steffi S. so gepr\u00e4gt, dass es sie nun dr\u00e4ngt, Zsch\u00e4pe zu belasten?&#8220;, fragt Jansen weiter. Die Hauptangeklagte jedenfalls habe schon damals im Ruf gestanden, &#8222;auf Leute loszugehen&#8220;, sagte die zweite Zeugin.<\/p>\n<p>&#8222;Welche Leute sagten dies? Wo? Wann? Fragen des Vorsitzenden Manfred G\u00f6tzl nach Namen und konkreten Erlebnissen bleiben unbeantwortet. Also nichts als Gerede?&#8220;, merkt Gisela Friedrichsen auf <a href=\"http:\/\/www.spiegel.de\/panorama\/justiz\/nsu-prozess-zeugin-beschreibt-mutmassliche-attacke-von-zschaepe-a-983676.html\" target=\"_blank\"><em>Spiegel Online<\/em><\/a> an. Zum Teil bestanden die Aussagen aus vagen Schilderungen zu einem Klima der Furcht. &#8222;Haben diese beiden Frauen vielleicht heute noch Angst und halten sich deswegen auff\u00e4llig zur\u00fcck mit konkreten Angaben?&#8220;<\/p>\n<p>Einige Angaben \u00fcber die damalige rechte Szene in Jena lie\u00dfen indes aufhorchen: Zeugin Nummer zwei sagte, sie habe Uwe Mundlos und Uwe B\u00f6hnhardt vom Sehen gekannt, auch sie seien ihr als aggressiv bekannt gewesen. Auch brachte sie das Gespr\u00e4ch auf den Zeugen Andr\u00e9 K., der enge Verbindungen zum NSU-Trio pflegte: Dieser habe hinten in einem Auto gesessen, aus dem heraus sie angep\u00f6belt und verfolgt worden sei, wie Kai Mudra von der <a href=\"http:\/\/www.thueringer-allgemeine.de\/web\/zgt\/suche\/detail\/-\/specific\/Zeugin-im-NSU-Prozess-Die-Person-hinten-drin-sah-aus-wie-Andr-K-1698108611\" target=\"_blank\"><em>Th\u00fcringer Allgemeinen<\/em><\/a> berichtet.<\/p>\n<p>Auch, wenn die Aussagen teils schwammig sind, sind sie doch von Interesse f\u00fcr die Prozessbeteiligten. &#8222;Denn sollte es so gewesen sein, w\u00e4re dies die erste Augenzeugin, die nicht nur von einer Gewalttat der Angeklagten berichtet, sondern diese auch am eigenen Leib erfahren h\u00e4tte&#8220;, schreibt Karin Truscheit von der <a href=\"http:\/\/www.faz.net\/aktuell\/politik\/nsu-prozess-zeugin-beate-zschaepe-war-sehr-aggressiv-13072983.html\" target=\"_blank\"><em>FAZ<\/em><\/a>. F\u00fcr weitere Irritation sorgte allerdings die Aussage der BKA-Beamtin, die die Zeuginnen nach der Enttarnung des NSU-Trios zu dem Vorfall befragte. Denn in der Vernehmung war sofort von Zsch\u00e4pe als T\u00e4terin die Rede. Richter Manfred G\u00f6tzl habe &#8222;sein Unverst\u00e4ndnis dar\u00fcber&#8220; ge\u00e4u\u00dfert, berichtet Truscheit. Er wollte wissen, warum nicht eine offene Frage gestellt wurde. &#8222;Auch seine Frage ist nun nicht wirklich offen. Man kann sie als Vorwurf verstehen&#8220;, schreibt Tanjev Schultz von der <a href=\"http:\/\/www.sueddeutsche.de\/politik\/nsu-prozess-pruegelei-nach-dem-rummel-1.2070721\" target=\"_blank\"><em>S\u00fcddeutschen Zeitung<\/em><\/a>.<\/p>\n<p><em>Das n\u00e4chste Medienlog erscheint am Freitag, 1. August 2014.<\/em><\/p>\n","protected":false},"excerpt":{"rendered":"<p>Beate Zsch\u00e4pe ist angeklagt als Komplizin zweier mutma\u00dflicher M\u00f6rder \u2013 die Aussagen am 132. Prozesstag legten allerdings nahe, dass Zsch\u00e4pe selbst ein aggressives Potenzial hat. Zwei Zeuginnen und eine Polizistin sagten \u00fcber einen Vorfall von 1996 aus, bei dem die Angeklagte in Jena eine Punkerin angegriffen haben soll. Unsicher ist jedoch die Bedeutung dieser Erkenntnis, [&hellip;]<\/p>\n","protected":false},"author":435,"featured_media":0,"comment_status":"open","ping_status":"open","sticky":false,"template":"","format":"standard","meta":{"_jetpack_memberships_contains_paid_content":false,"footnotes":""},"categories":[27531],"tags":[17793,1626],"class_list":["post-7391","post","type-post","status-publish","format-standard","hentry","category-medienschau","tag-beate-zschape","tag-jena"],"yoast_head":"<!-- This site is optimized with the Yoast SEO plugin v21.0 - https:\/\/yoast.com\/wordpress\/plugins\/seo\/ -->\n<title>Beate Zsch\u00e4pe: jung und gewaltbereit? \u2013 Das Medienlog vom Donnerstag, 31. Juli 2014 - Das NSU-Prozess-Blog<\/title>\n<meta name=\"robots\" content=\"index, follow, max-snippet:-1, max-image-preview:large, max-video-preview:-1\" \/>\n<link rel=\"canonical\" href=\"https:\/\/blog.zeit.de\/nsu-prozess-blog\/2014\/07\/31\/medienlog-zschaepe-angriff-jena\/\" \/>\n<meta property=\"og:locale\" content=\"de_DE\" \/>\n<meta property=\"og:type\" content=\"article\" \/>\n<meta property=\"og:title\" content=\"Beate Zsch\u00e4pe: jung und gewaltbereit? \u2013 Das Medienlog vom Donnerstag, 31. Juli 2014 - Das NSU-Prozess-Blog\" \/>\n<meta property=\"og:description\" content=\"Beate Zsch\u00e4pe ist angeklagt als Komplizin zweier mutma\u00dflicher M\u00f6rder \u2013 die Aussagen am 132. Prozesstag legten allerdings nahe, dass Zsch\u00e4pe selbst ein aggressives Potenzial hat. Zwei Zeuginnen und eine Polizistin sagten \u00fcber einen Vorfall von 1996 aus, bei dem die Angeklagte in Jena eine Punkerin angegriffen haben soll. Unsicher ist jedoch die Bedeutung dieser Erkenntnis, [&hellip;]\" \/>\n<meta property=\"og:url\" content=\"https:\/\/blog.zeit.de\/nsu-prozess-blog\/2014\/07\/31\/medienlog-zschaepe-angriff-jena\/\" \/>\n<meta property=\"og:site_name\" content=\"Das NSU-Prozess-Blog\" \/>\n<meta property=\"article:published_time\" content=\"2014-07-31T07:05:07+00:00\" \/>\n<meta property=\"article:modified_time\" content=\"2014-07-31T07:29:58+00:00\" \/>\n<meta name=\"author\" content=\"Tom Sundermann\" \/>\n<meta name=\"twitter:label1\" content=\"Geschrieben von\" \/>\n\t<meta name=\"twitter:data1\" content=\"Tom Sundermann\" \/>\n\t<meta name=\"twitter:label2\" content=\"Gesch\u00e4tzte Lesezeit\" \/>\n\t<meta name=\"twitter:data2\" content=\"3\u00a0Minuten\" \/>\n<script type=\"application\/ld+json\" class=\"yoast-schema-graph\">{\"@context\":\"https:\/\/schema.org\",\"@graph\":[{\"@type\":\"WebPage\",\"@id\":\"https:\/\/blog.zeit.de\/nsu-prozess-blog\/2014\/07\/31\/medienlog-zschaepe-angriff-jena\/\",\"url\":\"https:\/\/blog.zeit.de\/nsu-prozess-blog\/2014\/07\/31\/medienlog-zschaepe-angriff-jena\/\",\"name\":\"Beate Zsch\u00e4pe: jung und gewaltbereit? \u2013 Das Medienlog vom Donnerstag, 31. Juli 2014 - Das NSU-Prozess-Blog\",\"isPartOf\":{\"@id\":\"https:\/\/blog.zeit.de\/nsu-prozess-blog\/#website\"},\"datePublished\":\"2014-07-31T07:05:07+00:00\",\"dateModified\":\"2014-07-31T07:29:58+00:00\",\"author\":{\"@id\":\"https:\/\/blog.zeit.de\/nsu-prozess-blog\/#\/schema\/person\/553ea9bb5d1fc2ae054c589bd59380a5\"},\"breadcrumb\":{\"@id\":\"https:\/\/blog.zeit.de\/nsu-prozess-blog\/2014\/07\/31\/medienlog-zschaepe-angriff-jena\/#breadcrumb\"},\"inLanguage\":\"de\",\"potentialAction\":[{\"@type\":\"ReadAction\",\"target\":[\"https:\/\/blog.zeit.de\/nsu-prozess-blog\/2014\/07\/31\/medienlog-zschaepe-angriff-jena\/\"]}]},{\"@type\":\"BreadcrumbList\",\"@id\":\"https:\/\/blog.zeit.de\/nsu-prozess-blog\/2014\/07\/31\/medienlog-zschaepe-angriff-jena\/#breadcrumb\",\"itemListElement\":[{\"@type\":\"ListItem\",\"position\":1,\"name\":\"Startseite\",\"item\":\"https:\/\/blog.zeit.de\/nsu-prozess-blog\/\"},{\"@type\":\"ListItem\",\"position\":2,\"name\":\"Beate Zsch\u00e4pe: jung und gewaltbereit? \u2013 Das Medienlog vom Donnerstag, 31. Juli 2014\"}]},{\"@type\":\"WebSite\",\"@id\":\"https:\/\/blog.zeit.de\/nsu-prozess-blog\/#website\",\"url\":\"https:\/\/blog.zeit.de\/nsu-prozess-blog\/\",\"name\":\"Das NSU-Prozess-Blog\",\"description\":\"Alle Berichte zum Terrorverfahren in M\u00fcnchen\",\"potentialAction\":[{\"@type\":\"SearchAction\",\"target\":{\"@type\":\"EntryPoint\",\"urlTemplate\":\"https:\/\/blog.zeit.de\/nsu-prozess-blog\/?s={search_term_string}\"},\"query-input\":\"required name=search_term_string\"}],\"inLanguage\":\"de\"},{\"@type\":\"Person\",\"@id\":\"https:\/\/blog.zeit.de\/nsu-prozess-blog\/#\/schema\/person\/553ea9bb5d1fc2ae054c589bd59380a5\",\"name\":\"Tom Sundermann\",\"image\":{\"@type\":\"ImageObject\",\"inLanguage\":\"de\",\"@id\":\"https:\/\/blog.zeit.de\/nsu-prozess-blog\/#\/schema\/person\/image\/\",\"url\":\"https:\/\/secure.gravatar.com\/avatar\/e108a3dc18766f719b2f797dc5d19093f06a1870c55b553ab6b7563f1f9a5e68?s=96&d=mm&r=g\",\"contentUrl\":\"https:\/\/secure.gravatar.com\/avatar\/e108a3dc18766f719b2f797dc5d19093f06a1870c55b553ab6b7563f1f9a5e68?s=96&d=mm&r=g\",\"caption\":\"Tom Sundermann\"},\"sameAs\":[\"https:\/\/twitter.com\/messeticker\"],\"url\":\"https:\/\/blog.zeit.de\/nsu-prozess-blog\/author\/tsundermann\/\"}]}<\/script>\n<!-- \/ Yoast SEO plugin. -->","yoast_head_json":{"title":"Beate Zsch\u00e4pe: jung und gewaltbereit? \u2013 Das Medienlog vom Donnerstag, 31. Juli 2014 - Das NSU-Prozess-Blog","robots":{"index":"index","follow":"follow","max-snippet":"max-snippet:-1","max-image-preview":"max-image-preview:large","max-video-preview":"max-video-preview:-1"},"canonical":"https:\/\/blog.zeit.de\/nsu-prozess-blog\/2014\/07\/31\/medienlog-zschaepe-angriff-jena\/","og_locale":"de_DE","og_type":"article","og_title":"Beate Zsch\u00e4pe: jung und gewaltbereit? \u2013 Das Medienlog vom Donnerstag, 31. Juli 2014 - Das NSU-Prozess-Blog","og_description":"Beate Zsch\u00e4pe ist angeklagt als Komplizin zweier mutma\u00dflicher M\u00f6rder \u2013 die Aussagen am 132. Prozesstag legten allerdings nahe, dass Zsch\u00e4pe selbst ein aggressives Potenzial hat. Zwei Zeuginnen und eine Polizistin sagten \u00fcber einen Vorfall von 1996 aus, bei dem die Angeklagte in Jena eine Punkerin angegriffen haben soll. Unsicher ist jedoch die Bedeutung dieser Erkenntnis, [&hellip;]","og_url":"https:\/\/blog.zeit.de\/nsu-prozess-blog\/2014\/07\/31\/medienlog-zschaepe-angriff-jena\/","og_site_name":"Das NSU-Prozess-Blog","article_published_time":"2014-07-31T07:05:07+00:00","article_modified_time":"2014-07-31T07:29:58+00:00","author":"Tom Sundermann","twitter_misc":{"Geschrieben von":"Tom Sundermann","Gesch\u00e4tzte Lesezeit":"3\u00a0Minuten"},"schema":{"@context":"https:\/\/schema.org","@graph":[{"@type":"WebPage","@id":"https:\/\/blog.zeit.de\/nsu-prozess-blog\/2014\/07\/31\/medienlog-zschaepe-angriff-jena\/","url":"https:\/\/blog.zeit.de\/nsu-prozess-blog\/2014\/07\/31\/medienlog-zschaepe-angriff-jena\/","name":"Beate Zsch\u00e4pe: jung und gewaltbereit? \u2013 Das Medienlog vom Donnerstag, 31. Juli 2014 - Das NSU-Prozess-Blog","isPartOf":{"@id":"https:\/\/blog.zeit.de\/nsu-prozess-blog\/#website"},"datePublished":"2014-07-31T07:05:07+00:00","dateModified":"2014-07-31T07:29:58+00:00","author":{"@id":"https:\/\/blog.zeit.de\/nsu-prozess-blog\/#\/schema\/person\/553ea9bb5d1fc2ae054c589bd59380a5"},"breadcrumb":{"@id":"https:\/\/blog.zeit.de\/nsu-prozess-blog\/2014\/07\/31\/medienlog-zschaepe-angriff-jena\/#breadcrumb"},"inLanguage":"de","potentialAction":[{"@type":"ReadAction","target":["https:\/\/blog.zeit.de\/nsu-prozess-blog\/2014\/07\/31\/medienlog-zschaepe-angriff-jena\/"]}]},{"@type":"BreadcrumbList","@id":"https:\/\/blog.zeit.de\/nsu-prozess-blog\/2014\/07\/31\/medienlog-zschaepe-angriff-jena\/#breadcrumb","itemListElement":[{"@type":"ListItem","position":1,"name":"Startseite","item":"https:\/\/blog.zeit.de\/nsu-prozess-blog\/"},{"@type":"ListItem","position":2,"name":"Beate Zsch\u00e4pe: jung und gewaltbereit? \u2013 Das Medienlog vom Donnerstag, 31. Juli 2014"}]},{"@type":"WebSite","@id":"https:\/\/blog.zeit.de\/nsu-prozess-blog\/#website","url":"https:\/\/blog.zeit.de\/nsu-prozess-blog\/","name":"Das NSU-Prozess-Blog","description":"Alle Berichte zum Terrorverfahren in M\u00fcnchen","potentialAction":[{"@type":"SearchAction","target":{"@type":"EntryPoint","urlTemplate":"https:\/\/blog.zeit.de\/nsu-prozess-blog\/?s={search_term_string}"},"query-input":"required name=search_term_string"}],"inLanguage":"de"},{"@type":"Person","@id":"https:\/\/blog.zeit.de\/nsu-prozess-blog\/#\/schema\/person\/553ea9bb5d1fc2ae054c589bd59380a5","name":"Tom Sundermann","image":{"@type":"ImageObject","inLanguage":"de","@id":"https:\/\/blog.zeit.de\/nsu-prozess-blog\/#\/schema\/person\/image\/","url":"https:\/\/secure.gravatar.com\/avatar\/e108a3dc18766f719b2f797dc5d19093f06a1870c55b553ab6b7563f1f9a5e68?s=96&d=mm&r=g","contentUrl":"https:\/\/secure.gravatar.com\/avatar\/e108a3dc18766f719b2f797dc5d19093f06a1870c55b553ab6b7563f1f9a5e68?s=96&d=mm&r=g","caption":"Tom Sundermann"},"sameAs":["https:\/\/twitter.com\/messeticker"],"url":"https:\/\/blog.zeit.de\/nsu-prozess-blog\/author\/tsundermann\/"}]}},"jetpack_featured_media_url":"","jetpack_sharing_enabled":true,"_links":{"self":[{"href":"https:\/\/blog.zeit.de\/nsu-prozess-blog\/wp-json\/wp\/v2\/posts\/7391","targetHints":{"allow":["GET"]}}],"collection":[{"href":"https:\/\/blog.zeit.de\/nsu-prozess-blog\/wp-json\/wp\/v2\/posts"}],"about":[{"href":"https:\/\/blog.zeit.de\/nsu-prozess-blog\/wp-json\/wp\/v2\/types\/post"}],"author":[{"embeddable":true,"href":"https:\/\/blog.zeit.de\/nsu-prozess-blog\/wp-json\/wp\/v2\/users\/435"}],"replies":[{"embeddable":true,"href":"https:\/\/blog.zeit.de\/nsu-prozess-blog\/wp-json\/wp\/v2\/comments?post=7391"}],"version-history":[{"count":6,"href":"https:\/\/blog.zeit.de\/nsu-prozess-blog\/wp-json\/wp\/v2\/posts\/7391\/revisions"}],"predecessor-version":[{"id":7397,"href":"https:\/\/blog.zeit.de\/nsu-prozess-blog\/wp-json\/wp\/v2\/posts\/7391\/revisions\/7397"}],"wp:attachment":[{"href":"https:\/\/blog.zeit.de\/nsu-prozess-blog\/wp-json\/wp\/v2\/media?parent=7391"}],"wp:term":[{"taxonomy":"category","embeddable":true,"href":"https:\/\/blog.zeit.de\/nsu-prozess-blog\/wp-json\/wp\/v2\/categories?post=7391"},{"taxonomy":"post_tag","embeddable":true,"href":"https:\/\/blog.zeit.de\/nsu-prozess-blog\/wp-json\/wp\/v2\/tags?post=7391"}],"curies":[{"name":"wp","href":"https:\/\/api.w.org\/{rel}","templated":true}]}}