{"id":7440,"date":"2014-08-07T07:39:18","date_gmt":"2014-08-07T05:39:18","guid":{"rendered":"http:\/\/blog.zeit.de\/nsu-prozess-blog\/?p=7440"},"modified":"2014-08-07T08:41:44","modified_gmt":"2014-08-07T06:41:44","slug":"verfassungsschutz-wehrte-mordermittler-ab-das-medienlog-vom-donnerstag-7-august-2014","status":"publish","type":"post","link":"https:\/\/blog.zeit.de\/nsu-prozess-blog\/2014\/08\/07\/verfassungsschutz-wehrte-mordermittler-ab-das-medienlog-vom-donnerstag-7-august-2014\/","title":{"rendered":"Verfassungsschutz wehrte Mordermittler ab \u2013 Das Medienlog vom Donnerstag, 7. August 2014"},"content":{"rendered":"<p>Prozesstag Nummer 135 war der letzte vor der Sommerpause, die bis zum 4. September dauert. Das Gericht h\u00f6rte zwei Polizisten zum Fall des fr\u00fcheren Verfassungssch\u00fctzers <a href=\"https:\/\/blog.zeit.de\/nsu-prozess-blog\/2014\/04\/16\/medienlog-andreas-t-yozgat\/\">Andreas T.<\/a>, der beim Mord an <a href=\"http:\/\/www.zeit.de\/gesellschaft\/zeitgeschehen\/2013-10\/ismail-yozgat-nsu-prozess-antworten-kassel-verfassungschutz\">Halit Yozgat<\/a> 2006 in Kassel am Tatort war, aber nichts bemerkt haben will. Die Erkenntnis der Vernehmung: Der Verfassungsschutz behinderte fr\u00fch die Aufkl\u00e4rung des Tat. Was die Beamten sagten, &#8222;wirft kein gutes Licht auf den Inlandsgeheimdienst&#8220;, kommentiert Tanjev Schultz von der <a href=\"http:\/\/www.sueddeutsche.de\/politik\/nsu-prozess-verfassungsschutz-soll-ermittlungsarbeit-der-polizei-behindert-haben-1.2079593\" target=\"_blank\"><em>S\u00fcddeutschen Zeitung<\/em><\/a>.<\/p>\n<p><!--more--><\/p>\n<p><em>An jedem Werktag sichten wir f\u00fcr das NSU-Prozess-Blog die Medien und stellen wichtige Berichte, Blogs, Videos und Tweets zusammen. Wir freuen uns \u00fcber Hinweise via Twitter mit dem Hashtag #nsublog \u2013 oder per E-Mail an <a href=\"mailto:nsublog@zeit.de\">nsublog@zeit.de<\/a>.<\/em><\/p>\n<p>In der Vernehmung kam heraus, wie der Verfassungsschutz verhinderte, dass die Polizisten Informanten von T. befragten. Die Beh\u00f6rde wollte die Ermittler demnach nur inkognito an Gespr\u00e4chen mit V-Leuten teilnehmen lassen. Darauf lie\u00df sich die Mordkommission nicht ein. &#8222;Die Ereignisse liegen Jahre zur\u00fcck, dennoch wirkt der Beamte noch immer ver\u00e4rgert&#8220;, beobachtet Schultz.<\/p>\n<p>&#8222;F\u00fcr das Interesse der Ermittler an den Informanten von T. gab es stichhaltige Gr\u00fcnde&#8220;, befindet Bj\u00f6rn Hengst von <a href=\"http:\/\/www.spiegel.de\/panorama\/justiz\/nsu-mord-im-internetcafe-in-kassel-kritik-an-verfassungsschutz-a-981586.html\" target=\"_blank\"><em>Spiegel Online<\/em><\/a>. Letztlich habe sich der Verdacht gegen ihn nicht erh\u00e4rtet. &#8222;Geblieben ist aber der Verdacht, dass der hessische Landesverfassungsschutz in der Causa Andreas T. eine ausgesprochen merkw\u00fcrdige Rolle spielte und die Ermittlungen erschwerte.&#8220; Dass der damalige hessische Innenminister Volker Bouffier die Befragung damals endg\u00fcltig verbot, sei zwar schon bekannt gewesen, schreibt Tim A\u00dfman vom <a href=\"http:\/\/www.br.de\/nachrichten\/nsu-prozess\/140806-tagebuch-gerichtsreporter-100.html\" target=\"_blank\"><em>Bayerischen Rundfunk<\/em><\/a>. &#8222;Sie nun aber im Gerichtssaal von den Polizisten geschildert zu bekommen, machte betroffen und w\u00fctend.&#8220;<\/p>\n<p>Auch auf Andreas T. selbst warfen die Aussagen kein gutes Licht. So hatte er stets behauptet, am Montag nach der Tat zuerst zur Polizei und dann zu seiner Dienststelle in Kassel gefahren zu sein. &#8222;Die Glaubw\u00fcrdigkeit dieser Aussage geriet vor Gericht erheblich ins Wanken&#8220;, kommentiert Per Hinrichs von der <a href=\"http:\/\/www.welt.de\/politik\/deutschland\/article130956349\/Anwalt-wirft-Verfassungsschuetzer-Taeterwissen-vor.html\" target=\"_blank\"><em>Welt<\/em><\/a>. Denn einer der Beamten schilderte die Reihenfolge genau anders herum. Merkw\u00fcrdig war au\u00dferdem, dass T. einer Kollegin erz\u00e4hlte, mit welcher Waffe Yozgat erschossen wurde. Eine M\u00f6glichkeit sei deshalb: &#8222;Andreas T. verf\u00fcgte \u00fcber Kontakte zum NSU oder dessen Umfeld (&#8230;).&#8220;<\/p>\n<p>Die Sommerpause ist f\u00fcr mehrere Medien Anlass zu einem Zwischenfazit. Helene Bubrowski von der <a href=\"http:\/\/www.faz.net\/aktuell\/politik\/nsu-prozess\/nsu-prozess-zschaepes-verteidiger-in-der-zwickmuehle-13082988.html\" target=\"_blank\"><em>FAZ<\/em><\/a> sieht Beate Zsch\u00e4pes Verteidiger nach dem <a href=\"https:\/\/blog.zeit.de\/nsu-prozess-blog\/2014\/07\/23\/medienlog-zschaepe-antrag-abgelehnt-fehmarn\/\">Entpflichtungsantrag<\/a> in einer Zwickm\u00fchle: Sie m\u00fcssten sich das Vertrauen der Mandantin bewahren, k\u00f6nnten sich jedoch mit \u00fcberzogener Kritik an Richter Manfred G\u00f6tzl schaden \u2013 etwa mit dem demonstrativ gestellten <a href=\"https:\/\/blog.zeit.de\/nsu-prozess-blog\/2014\/07\/30\/medienlog-zschaepe-befangenheitsantrag-offensive\/\">Befangenheitsantrag von Ende Juli<\/a>. &#8222;Und weil solche Antr\u00e4ge in aller Regel aussichtslos sind, w\u00e4re in der Sache sowieso nichts gewonnen.&#8220;<\/p>\n<p>Wir bei <a href=\"https:\/\/blog.zeit.de\/nsu-prozess-blog\/2014\/08\/06\/zschaepe-steuert-auf-lebenslang-zu\/\" target=\"_blank\">ZEIT ONLINE<\/a> analysieren die Aussichten f\u00fcr die einzelnen Angeklagten \u2013 und stellen fest, dass es f\u00fcr die schweigenden Angeklagten angesichts der Indizienlage nicht gut aussieht. Im Fall der Hauptangeklagten etwa wirke es, &#8222;als gebe es nichts mehr zu gewinnen&#8220; f\u00fcr ihre drei Verteidiger, die zuletzt zusehends lustlos wirkten. In jedem Fall werde es noch lange dauern, bis der Prozess abgeschlossen ist.<\/p>\n<p>&#8222;Aber reicht das alles aus, um Zsch\u00e4pe auch wegen der zehn Morde nicht nur als Helferin, sondern als Mitt\u00e4terin zu verurteilen?&#8220;, fragt Stefan Geiger von der <a href=\"http:\/\/www.stuttgarter-zeitung.de\/inhalt.nsu-prozess-folgt-der-richter-den-staatsanwaelten.3da8a962-fe8a-4a51-a2e9-3886cd3f4186.html\" target=\"_blank\"><em>Stuttgarter Zeitung<\/em><\/a>. Er f\u00fchrt den Fall der RAF-Terroristin Verena Becker an, die nur wegen Beihilfe zu den Morden der linksextremistischen Gruppe verurteilt wurde. Und dennoch: &#8222;Alles spricht daf\u00fcr, dass G\u00f6tzl und sein Senat der Anklage (&#8230;) folgen werden.&#8220;<\/p>\n<p>Hans Pfeifer von der <a href=\"http:\/\/www.dw.de\/kommentar-keine-entwarnung-trotz-nsu-prozess\/a-17834272\" target=\"_blank\"><em>Deutschen Welle<\/em><\/a> meint zu Zsch\u00e4pe: &#8222;Die Beweise sprechen in diesem besonnen gef\u00fchrten Strafprozess klar gegen sie.&#8220; Gef\u00e4hrlich bleibe allerdings weiterhin das rechte Umfeld, in dem sich der NSU bewegte. Zeugen aus der Szene &#8222;versuchen die Angeklagten durch Schweigen zu sch\u00fctzen&#8220;. Diese Unterst\u00fctzer seien &#8222;eine Bedrohung f\u00fcr Menschen in Deutschland&#8220;.<\/p>\n<p><em>Das n\u00e4chste Medienlog erscheint am Freitag, 8. August 2014.<\/em><\/p>\n","protected":false},"excerpt":{"rendered":"<p>Prozesstag Nummer 135 war der letzte vor der Sommerpause, die bis zum 4. September dauert. Das Gericht h\u00f6rte zwei Polizisten zum Fall des fr\u00fcheren Verfassungssch\u00fctzers Andreas T., der beim Mord an Halit Yozgat 2006 in Kassel am Tatort war, aber nichts bemerkt haben will. Die Erkenntnis der Vernehmung: Der Verfassungsschutz behinderte fr\u00fch die Aufkl\u00e4rung des [&hellip;]<\/p>\n","protected":false},"author":435,"featured_media":0,"comment_status":"open","ping_status":"open","sticky":false,"template":"","format":"standard","meta":{"_jetpack_memberships_contains_paid_content":false,"footnotes":""},"categories":[27531],"tags":[29442,17793,29435,18863,2393,1836,29539],"class_list":["post-7440","post","type-post","status-publish","format-standard","hentry","category-medienschau","tag-andreas-t","tag-beate-zschape","tag-halit-yozgat","tag-kassel","tag-sommerpause","tag-verfassungsschutz","tag-volker-bouffier"],"yoast_head":"<!-- This site is optimized with the Yoast SEO plugin v21.0 - https:\/\/yoast.com\/wordpress\/plugins\/seo\/ -->\n<title>Verfassungsschutz wehrte Mordermittler ab \u2013 Das Medienlog vom Donnerstag, 7. August 2014 - Das NSU-Prozess-Blog<\/title>\n<meta name=\"robots\" content=\"index, follow, max-snippet:-1, max-image-preview:large, max-video-preview:-1\" \/>\n<link rel=\"canonical\" href=\"https:\/\/blog.zeit.de\/nsu-prozess-blog\/2014\/08\/07\/verfassungsschutz-wehrte-mordermittler-ab-das-medienlog-vom-donnerstag-7-august-2014\/\" \/>\n<meta property=\"og:locale\" content=\"de_DE\" \/>\n<meta property=\"og:type\" content=\"article\" \/>\n<meta property=\"og:title\" content=\"Verfassungsschutz wehrte Mordermittler ab \u2013 Das Medienlog vom Donnerstag, 7. August 2014 - Das NSU-Prozess-Blog\" \/>\n<meta property=\"og:description\" content=\"Prozesstag Nummer 135 war der letzte vor der Sommerpause, die bis zum 4. September dauert. Das Gericht h\u00f6rte zwei Polizisten zum Fall des fr\u00fcheren Verfassungssch\u00fctzers Andreas T., der beim Mord an Halit Yozgat 2006 in Kassel am Tatort war, aber nichts bemerkt haben will. Die Erkenntnis der Vernehmung: Der Verfassungsschutz behinderte fr\u00fch die Aufkl\u00e4rung des [&hellip;]\" \/>\n<meta property=\"og:url\" content=\"https:\/\/blog.zeit.de\/nsu-prozess-blog\/2014\/08\/07\/verfassungsschutz-wehrte-mordermittler-ab-das-medienlog-vom-donnerstag-7-august-2014\/\" \/>\n<meta property=\"og:site_name\" content=\"Das NSU-Prozess-Blog\" \/>\n<meta property=\"article:published_time\" content=\"2014-08-07T05:39:18+00:00\" \/>\n<meta property=\"article:modified_time\" content=\"2014-08-07T06:41:44+00:00\" \/>\n<meta name=\"author\" content=\"Tom Sundermann\" \/>\n<meta name=\"twitter:label1\" content=\"Geschrieben von\" \/>\n\t<meta name=\"twitter:data1\" content=\"Tom Sundermann\" \/>\n\t<meta name=\"twitter:label2\" content=\"Gesch\u00e4tzte Lesezeit\" \/>\n\t<meta name=\"twitter:data2\" content=\"3\u00a0Minuten\" \/>\n<script type=\"application\/ld+json\" class=\"yoast-schema-graph\">{\"@context\":\"https:\/\/schema.org\",\"@graph\":[{\"@type\":\"WebPage\",\"@id\":\"https:\/\/blog.zeit.de\/nsu-prozess-blog\/2014\/08\/07\/verfassungsschutz-wehrte-mordermittler-ab-das-medienlog-vom-donnerstag-7-august-2014\/\",\"url\":\"https:\/\/blog.zeit.de\/nsu-prozess-blog\/2014\/08\/07\/verfassungsschutz-wehrte-mordermittler-ab-das-medienlog-vom-donnerstag-7-august-2014\/\",\"name\":\"Verfassungsschutz wehrte Mordermittler ab \u2013 Das Medienlog vom Donnerstag, 7. August 2014 - Das NSU-Prozess-Blog\",\"isPartOf\":{\"@id\":\"https:\/\/blog.zeit.de\/nsu-prozess-blog\/#website\"},\"datePublished\":\"2014-08-07T05:39:18+00:00\",\"dateModified\":\"2014-08-07T06:41:44+00:00\",\"author\":{\"@id\":\"https:\/\/blog.zeit.de\/nsu-prozess-blog\/#\/schema\/person\/553ea9bb5d1fc2ae054c589bd59380a5\"},\"breadcrumb\":{\"@id\":\"https:\/\/blog.zeit.de\/nsu-prozess-blog\/2014\/08\/07\/verfassungsschutz-wehrte-mordermittler-ab-das-medienlog-vom-donnerstag-7-august-2014\/#breadcrumb\"},\"inLanguage\":\"de\",\"potentialAction\":[{\"@type\":\"ReadAction\",\"target\":[\"https:\/\/blog.zeit.de\/nsu-prozess-blog\/2014\/08\/07\/verfassungsschutz-wehrte-mordermittler-ab-das-medienlog-vom-donnerstag-7-august-2014\/\"]}]},{\"@type\":\"BreadcrumbList\",\"@id\":\"https:\/\/blog.zeit.de\/nsu-prozess-blog\/2014\/08\/07\/verfassungsschutz-wehrte-mordermittler-ab-das-medienlog-vom-donnerstag-7-august-2014\/#breadcrumb\",\"itemListElement\":[{\"@type\":\"ListItem\",\"position\":1,\"name\":\"Startseite\",\"item\":\"https:\/\/blog.zeit.de\/nsu-prozess-blog\/\"},{\"@type\":\"ListItem\",\"position\":2,\"name\":\"Verfassungsschutz wehrte Mordermittler ab \u2013 Das Medienlog vom Donnerstag, 7. August 2014\"}]},{\"@type\":\"WebSite\",\"@id\":\"https:\/\/blog.zeit.de\/nsu-prozess-blog\/#website\",\"url\":\"https:\/\/blog.zeit.de\/nsu-prozess-blog\/\",\"name\":\"Das NSU-Prozess-Blog\",\"description\":\"Alle Berichte zum Terrorverfahren in M\u00fcnchen\",\"potentialAction\":[{\"@type\":\"SearchAction\",\"target\":{\"@type\":\"EntryPoint\",\"urlTemplate\":\"https:\/\/blog.zeit.de\/nsu-prozess-blog\/?s={search_term_string}\"},\"query-input\":\"required name=search_term_string\"}],\"inLanguage\":\"de\"},{\"@type\":\"Person\",\"@id\":\"https:\/\/blog.zeit.de\/nsu-prozess-blog\/#\/schema\/person\/553ea9bb5d1fc2ae054c589bd59380a5\",\"name\":\"Tom Sundermann\",\"image\":{\"@type\":\"ImageObject\",\"inLanguage\":\"de\",\"@id\":\"https:\/\/blog.zeit.de\/nsu-prozess-blog\/#\/schema\/person\/image\/\",\"url\":\"https:\/\/secure.gravatar.com\/avatar\/e108a3dc18766f719b2f797dc5d19093f06a1870c55b553ab6b7563f1f9a5e68?s=96&d=mm&r=g\",\"contentUrl\":\"https:\/\/secure.gravatar.com\/avatar\/e108a3dc18766f719b2f797dc5d19093f06a1870c55b553ab6b7563f1f9a5e68?s=96&d=mm&r=g\",\"caption\":\"Tom Sundermann\"},\"sameAs\":[\"https:\/\/twitter.com\/messeticker\"],\"url\":\"https:\/\/blog.zeit.de\/nsu-prozess-blog\/author\/tsundermann\/\"}]}<\/script>\n<!-- \/ Yoast SEO plugin. -->","yoast_head_json":{"title":"Verfassungsschutz wehrte Mordermittler ab \u2013 Das Medienlog vom Donnerstag, 7. August 2014 - Das NSU-Prozess-Blog","robots":{"index":"index","follow":"follow","max-snippet":"max-snippet:-1","max-image-preview":"max-image-preview:large","max-video-preview":"max-video-preview:-1"},"canonical":"https:\/\/blog.zeit.de\/nsu-prozess-blog\/2014\/08\/07\/verfassungsschutz-wehrte-mordermittler-ab-das-medienlog-vom-donnerstag-7-august-2014\/","og_locale":"de_DE","og_type":"article","og_title":"Verfassungsschutz wehrte Mordermittler ab \u2013 Das Medienlog vom Donnerstag, 7. August 2014 - Das NSU-Prozess-Blog","og_description":"Prozesstag Nummer 135 war der letzte vor der Sommerpause, die bis zum 4. September dauert. Das Gericht h\u00f6rte zwei Polizisten zum Fall des fr\u00fcheren Verfassungssch\u00fctzers Andreas T., der beim Mord an Halit Yozgat 2006 in Kassel am Tatort war, aber nichts bemerkt haben will. Die Erkenntnis der Vernehmung: Der Verfassungsschutz behinderte fr\u00fch die Aufkl\u00e4rung des [&hellip;]","og_url":"https:\/\/blog.zeit.de\/nsu-prozess-blog\/2014\/08\/07\/verfassungsschutz-wehrte-mordermittler-ab-das-medienlog-vom-donnerstag-7-august-2014\/","og_site_name":"Das NSU-Prozess-Blog","article_published_time":"2014-08-07T05:39:18+00:00","article_modified_time":"2014-08-07T06:41:44+00:00","author":"Tom Sundermann","twitter_misc":{"Geschrieben von":"Tom Sundermann","Gesch\u00e4tzte Lesezeit":"3\u00a0Minuten"},"schema":{"@context":"https:\/\/schema.org","@graph":[{"@type":"WebPage","@id":"https:\/\/blog.zeit.de\/nsu-prozess-blog\/2014\/08\/07\/verfassungsschutz-wehrte-mordermittler-ab-das-medienlog-vom-donnerstag-7-august-2014\/","url":"https:\/\/blog.zeit.de\/nsu-prozess-blog\/2014\/08\/07\/verfassungsschutz-wehrte-mordermittler-ab-das-medienlog-vom-donnerstag-7-august-2014\/","name":"Verfassungsschutz wehrte Mordermittler ab \u2013 Das Medienlog vom Donnerstag, 7. August 2014 - Das NSU-Prozess-Blog","isPartOf":{"@id":"https:\/\/blog.zeit.de\/nsu-prozess-blog\/#website"},"datePublished":"2014-08-07T05:39:18+00:00","dateModified":"2014-08-07T06:41:44+00:00","author":{"@id":"https:\/\/blog.zeit.de\/nsu-prozess-blog\/#\/schema\/person\/553ea9bb5d1fc2ae054c589bd59380a5"},"breadcrumb":{"@id":"https:\/\/blog.zeit.de\/nsu-prozess-blog\/2014\/08\/07\/verfassungsschutz-wehrte-mordermittler-ab-das-medienlog-vom-donnerstag-7-august-2014\/#breadcrumb"},"inLanguage":"de","potentialAction":[{"@type":"ReadAction","target":["https:\/\/blog.zeit.de\/nsu-prozess-blog\/2014\/08\/07\/verfassungsschutz-wehrte-mordermittler-ab-das-medienlog-vom-donnerstag-7-august-2014\/"]}]},{"@type":"BreadcrumbList","@id":"https:\/\/blog.zeit.de\/nsu-prozess-blog\/2014\/08\/07\/verfassungsschutz-wehrte-mordermittler-ab-das-medienlog-vom-donnerstag-7-august-2014\/#breadcrumb","itemListElement":[{"@type":"ListItem","position":1,"name":"Startseite","item":"https:\/\/blog.zeit.de\/nsu-prozess-blog\/"},{"@type":"ListItem","position":2,"name":"Verfassungsschutz wehrte Mordermittler ab \u2013 Das Medienlog vom Donnerstag, 7. August 2014"}]},{"@type":"WebSite","@id":"https:\/\/blog.zeit.de\/nsu-prozess-blog\/#website","url":"https:\/\/blog.zeit.de\/nsu-prozess-blog\/","name":"Das NSU-Prozess-Blog","description":"Alle Berichte zum Terrorverfahren in M\u00fcnchen","potentialAction":[{"@type":"SearchAction","target":{"@type":"EntryPoint","urlTemplate":"https:\/\/blog.zeit.de\/nsu-prozess-blog\/?s={search_term_string}"},"query-input":"required name=search_term_string"}],"inLanguage":"de"},{"@type":"Person","@id":"https:\/\/blog.zeit.de\/nsu-prozess-blog\/#\/schema\/person\/553ea9bb5d1fc2ae054c589bd59380a5","name":"Tom Sundermann","image":{"@type":"ImageObject","inLanguage":"de","@id":"https:\/\/blog.zeit.de\/nsu-prozess-blog\/#\/schema\/person\/image\/","url":"https:\/\/secure.gravatar.com\/avatar\/e108a3dc18766f719b2f797dc5d19093f06a1870c55b553ab6b7563f1f9a5e68?s=96&d=mm&r=g","contentUrl":"https:\/\/secure.gravatar.com\/avatar\/e108a3dc18766f719b2f797dc5d19093f06a1870c55b553ab6b7563f1f9a5e68?s=96&d=mm&r=g","caption":"Tom Sundermann"},"sameAs":["https:\/\/twitter.com\/messeticker"],"url":"https:\/\/blog.zeit.de\/nsu-prozess-blog\/author\/tsundermann\/"}]}},"jetpack_featured_media_url":"","jetpack_sharing_enabled":true,"_links":{"self":[{"href":"https:\/\/blog.zeit.de\/nsu-prozess-blog\/wp-json\/wp\/v2\/posts\/7440","targetHints":{"allow":["GET"]}}],"collection":[{"href":"https:\/\/blog.zeit.de\/nsu-prozess-blog\/wp-json\/wp\/v2\/posts"}],"about":[{"href":"https:\/\/blog.zeit.de\/nsu-prozess-blog\/wp-json\/wp\/v2\/types\/post"}],"author":[{"embeddable":true,"href":"https:\/\/blog.zeit.de\/nsu-prozess-blog\/wp-json\/wp\/v2\/users\/435"}],"replies":[{"embeddable":true,"href":"https:\/\/blog.zeit.de\/nsu-prozess-blog\/wp-json\/wp\/v2\/comments?post=7440"}],"version-history":[{"count":13,"href":"https:\/\/blog.zeit.de\/nsu-prozess-blog\/wp-json\/wp\/v2\/posts\/7440\/revisions"}],"predecessor-version":[{"id":7453,"href":"https:\/\/blog.zeit.de\/nsu-prozess-blog\/wp-json\/wp\/v2\/posts\/7440\/revisions\/7453"}],"wp:attachment":[{"href":"https:\/\/blog.zeit.de\/nsu-prozess-blog\/wp-json\/wp\/v2\/media?parent=7440"}],"wp:term":[{"taxonomy":"category","embeddable":true,"href":"https:\/\/blog.zeit.de\/nsu-prozess-blog\/wp-json\/wp\/v2\/categories?post=7440"},{"taxonomy":"post_tag","embeddable":true,"href":"https:\/\/blog.zeit.de\/nsu-prozess-blog\/wp-json\/wp\/v2\/tags?post=7440"}],"curies":[{"name":"wp","href":"https:\/\/api.w.org\/{rel}","templated":true}]}}