{"id":7474,"date":"2014-08-21T12:32:41","date_gmt":"2014-08-21T10:32:41","guid":{"rendered":"http:\/\/blog.zeit.de\/nsu-prozess-blog\/?p=7474"},"modified":"2014-08-21T12:32:41","modified_gmt":"2014-08-21T10:32:41","slug":"medienlog-nsu-opfer-verklagt-thueringen-keupstrasse","status":"publish","type":"post","link":"https:\/\/blog.zeit.de\/nsu-prozess-blog\/2014\/08\/21\/medienlog-nsu-opfer-verklagt-thueringen-keupstrasse\/","title":{"rendered":"NSU-Opfer verklagt Th\u00fcringen \u2013 Das Medienlog vom Donnerstag, 21. August 2014"},"content":{"rendered":"<p>Das Land Th\u00fcringen k\u00f6nnte f\u00fcr die Ermittlungsfehler im Fall NSU haftbar gemacht werden: Nach Ver\u00f6ffentlichung des <a href=\"https:\/\/blog.zeit.de\/nsu-prozess-blog\/2014\/08\/18\/medienlog-verfassungsschutz-untersuchungsausschuss-tino-brandt\/\">Berichts des Th\u00fcringer Untersuchungsausschusses<\/a> klagt das Opfer Ismail P. \u00fcber seinen Anwalt Khubaib Ali Mohammed gegen das Bundesland, wie <a href=\"http:\/\/www.spiegel.de\/panorama\/justiz\/nsu-opfer-aus-der-koelner-keupstrasse-verklagt-thueringen-a-987113.html\" target=\"_blank\"><em>Spiegel Online<\/em><\/a> berichtet. P. wurde beim <a href=\"http:\/\/www.zeit.de\/gesellschaft\/zeitgeschehen\/2014-06\/anschlag-jahrestag-keupstrasse-koeln\">Nagelbombenanschlag in der K\u00f6lner Keupstra\u00dfe<\/a> traumatisiert. Die sogenannte Amtshaftungsklage richtet sich gegen das Innenministerium.<\/p>\n<p>Der Schritt ist ein Novum, da es erstmals um zivilrechtliche Anspr\u00fcche aus der Terrorserie geht. Bislang hatten die Opferanw\u00e4lte \u00f6ffentlich \u00fcberlegt, im Rahmen des Prozesses sogenannte <a href=\"http:\/\/www.zeit.de\/gesellschaft\/zeitgeschehen\/2013-05\/nebenklage-nsu-prozess\">Adh\u00e4sionsantr\u00e4ge zu stellen<\/a>. In dem Bericht hei\u00dft es, der Anwalt wolle erreichen, dass Th\u00fcringen seine Schuld am jahrelangen Morden des Trios aus Beate Zsch\u00e4pe, Uwe Mundlos und Uwe B\u00f6hnhardt anerkennt.<\/p>\n<p><em>An jedem Werktag sichten wir f\u00fcr das NSU-Prozess-Blog die Medien und stellen wichtige Berichte, Blogs, Videos und Tweets zusammen. Wir freuen uns \u00fcber Hinweise via Twitter mit dem Hashtag #nsublog \u2013 oder per E-Mail an <a href=\"mailto:nsublog@zeit.de\">nsublog@zeit.de<\/a>.<\/em><\/p>\n<p><em>Das n\u00e4chste Medienlog erscheint am Freitag, 22. August 2014.<\/em><\/p>\n","protected":false},"excerpt":{"rendered":"<p>Das Land Th\u00fcringen k\u00f6nnte f\u00fcr die Ermittlungsfehler im Fall NSU haftbar gemacht werden: Nach Ver\u00f6ffentlichung des Berichts des Th\u00fcringer Untersuchungsausschusses klagt das Opfer Ismail P. \u00fcber seinen Anwalt Khubaib Ali Mohammed gegen das Bundesland, wie Spiegel Online berichtet. P. wurde beim Nagelbombenanschlag in der K\u00f6lner Keupstra\u00dfe traumatisiert. Die sogenannte Amtshaftungsklage richtet sich gegen das Innenministerium. [&hellip;]<\/p>\n","protected":false},"author":435,"featured_media":0,"comment_status":"open","ping_status":"open","sticky":false,"template":"","format":"standard","meta":{"_jetpack_memberships_contains_paid_content":false,"footnotes":""},"categories":[27531],"tags":[29541,29426,29540],"class_list":["post-7474","post","type-post","status-publish","format-standard","hentry","category-medienschau","tag-entschaedigung","tag-nebenklage","tag-thueringen"],"yoast_head":"<!-- This site is optimized with the Yoast SEO plugin v21.0 - https:\/\/yoast.com\/wordpress\/plugins\/seo\/ -->\n<title>NSU-Opfer verklagt Th\u00fcringen \u2013 Das Medienlog vom Donnerstag, 21. August 2014 - Das NSU-Prozess-Blog<\/title>\n<meta name=\"robots\" content=\"index, follow, max-snippet:-1, max-image-preview:large, max-video-preview:-1\" \/>\n<link rel=\"canonical\" href=\"https:\/\/blog.zeit.de\/nsu-prozess-blog\/2014\/08\/21\/medienlog-nsu-opfer-verklagt-thueringen-keupstrasse\/\" \/>\n<meta property=\"og:locale\" content=\"de_DE\" \/>\n<meta property=\"og:type\" content=\"article\" \/>\n<meta property=\"og:title\" content=\"NSU-Opfer verklagt Th\u00fcringen \u2013 Das Medienlog vom Donnerstag, 21. August 2014 - Das NSU-Prozess-Blog\" \/>\n<meta property=\"og:description\" content=\"Das Land Th\u00fcringen k\u00f6nnte f\u00fcr die Ermittlungsfehler im Fall NSU haftbar gemacht werden: Nach Ver\u00f6ffentlichung des Berichts des Th\u00fcringer Untersuchungsausschusses klagt das Opfer Ismail P. \u00fcber seinen Anwalt Khubaib Ali Mohammed gegen das Bundesland, wie Spiegel Online berichtet. P. wurde beim Nagelbombenanschlag in der K\u00f6lner Keupstra\u00dfe traumatisiert. Die sogenannte Amtshaftungsklage richtet sich gegen das Innenministerium. [&hellip;]\" \/>\n<meta property=\"og:url\" content=\"https:\/\/blog.zeit.de\/nsu-prozess-blog\/2014\/08\/21\/medienlog-nsu-opfer-verklagt-thueringen-keupstrasse\/\" \/>\n<meta property=\"og:site_name\" content=\"Das NSU-Prozess-Blog\" \/>\n<meta property=\"article:published_time\" content=\"2014-08-21T10:32:41+00:00\" \/>\n<meta name=\"author\" content=\"Tom Sundermann\" \/>\n<meta name=\"twitter:label1\" content=\"Geschrieben von\" \/>\n\t<meta name=\"twitter:data1\" content=\"Tom Sundermann\" \/>\n\t<meta name=\"twitter:label2\" content=\"Gesch\u00e4tzte Lesezeit\" \/>\n\t<meta name=\"twitter:data2\" content=\"1\u00a0Minute\" \/>\n<script type=\"application\/ld+json\" class=\"yoast-schema-graph\">{\"@context\":\"https:\/\/schema.org\",\"@graph\":[{\"@type\":\"WebPage\",\"@id\":\"https:\/\/blog.zeit.de\/nsu-prozess-blog\/2014\/08\/21\/medienlog-nsu-opfer-verklagt-thueringen-keupstrasse\/\",\"url\":\"https:\/\/blog.zeit.de\/nsu-prozess-blog\/2014\/08\/21\/medienlog-nsu-opfer-verklagt-thueringen-keupstrasse\/\",\"name\":\"NSU-Opfer verklagt Th\u00fcringen \u2013 Das Medienlog vom Donnerstag, 21. August 2014 - Das NSU-Prozess-Blog\",\"isPartOf\":{\"@id\":\"https:\/\/blog.zeit.de\/nsu-prozess-blog\/#website\"},\"datePublished\":\"2014-08-21T10:32:41+00:00\",\"dateModified\":\"2014-08-21T10:32:41+00:00\",\"author\":{\"@id\":\"https:\/\/blog.zeit.de\/nsu-prozess-blog\/#\/schema\/person\/553ea9bb5d1fc2ae054c589bd59380a5\"},\"breadcrumb\":{\"@id\":\"https:\/\/blog.zeit.de\/nsu-prozess-blog\/2014\/08\/21\/medienlog-nsu-opfer-verklagt-thueringen-keupstrasse\/#breadcrumb\"},\"inLanguage\":\"de\",\"potentialAction\":[{\"@type\":\"ReadAction\",\"target\":[\"https:\/\/blog.zeit.de\/nsu-prozess-blog\/2014\/08\/21\/medienlog-nsu-opfer-verklagt-thueringen-keupstrasse\/\"]}]},{\"@type\":\"BreadcrumbList\",\"@id\":\"https:\/\/blog.zeit.de\/nsu-prozess-blog\/2014\/08\/21\/medienlog-nsu-opfer-verklagt-thueringen-keupstrasse\/#breadcrumb\",\"itemListElement\":[{\"@type\":\"ListItem\",\"position\":1,\"name\":\"Startseite\",\"item\":\"https:\/\/blog.zeit.de\/nsu-prozess-blog\/\"},{\"@type\":\"ListItem\",\"position\":2,\"name\":\"NSU-Opfer verklagt Th\u00fcringen \u2013 Das Medienlog vom Donnerstag, 21. August 2014\"}]},{\"@type\":\"WebSite\",\"@id\":\"https:\/\/blog.zeit.de\/nsu-prozess-blog\/#website\",\"url\":\"https:\/\/blog.zeit.de\/nsu-prozess-blog\/\",\"name\":\"Das NSU-Prozess-Blog\",\"description\":\"Alle Berichte zum Terrorverfahren in M\u00fcnchen\",\"potentialAction\":[{\"@type\":\"SearchAction\",\"target\":{\"@type\":\"EntryPoint\",\"urlTemplate\":\"https:\/\/blog.zeit.de\/nsu-prozess-blog\/?s={search_term_string}\"},\"query-input\":\"required name=search_term_string\"}],\"inLanguage\":\"de\"},{\"@type\":\"Person\",\"@id\":\"https:\/\/blog.zeit.de\/nsu-prozess-blog\/#\/schema\/person\/553ea9bb5d1fc2ae054c589bd59380a5\",\"name\":\"Tom Sundermann\",\"image\":{\"@type\":\"ImageObject\",\"inLanguage\":\"de\",\"@id\":\"https:\/\/blog.zeit.de\/nsu-prozess-blog\/#\/schema\/person\/image\/\",\"url\":\"https:\/\/secure.gravatar.com\/avatar\/e108a3dc18766f719b2f797dc5d19093f06a1870c55b553ab6b7563f1f9a5e68?s=96&d=mm&r=g\",\"contentUrl\":\"https:\/\/secure.gravatar.com\/avatar\/e108a3dc18766f719b2f797dc5d19093f06a1870c55b553ab6b7563f1f9a5e68?s=96&d=mm&r=g\",\"caption\":\"Tom Sundermann\"},\"sameAs\":[\"https:\/\/twitter.com\/messeticker\"],\"url\":\"https:\/\/blog.zeit.de\/nsu-prozess-blog\/author\/tsundermann\/\"}]}<\/script>\n<!-- \/ Yoast SEO plugin. -->","yoast_head_json":{"title":"NSU-Opfer verklagt Th\u00fcringen \u2013 Das Medienlog vom Donnerstag, 21. August 2014 - Das NSU-Prozess-Blog","robots":{"index":"index","follow":"follow","max-snippet":"max-snippet:-1","max-image-preview":"max-image-preview:large","max-video-preview":"max-video-preview:-1"},"canonical":"https:\/\/blog.zeit.de\/nsu-prozess-blog\/2014\/08\/21\/medienlog-nsu-opfer-verklagt-thueringen-keupstrasse\/","og_locale":"de_DE","og_type":"article","og_title":"NSU-Opfer verklagt Th\u00fcringen \u2013 Das Medienlog vom Donnerstag, 21. August 2014 - Das NSU-Prozess-Blog","og_description":"Das Land Th\u00fcringen k\u00f6nnte f\u00fcr die Ermittlungsfehler im Fall NSU haftbar gemacht werden: Nach Ver\u00f6ffentlichung des Berichts des Th\u00fcringer Untersuchungsausschusses klagt das Opfer Ismail P. \u00fcber seinen Anwalt Khubaib Ali Mohammed gegen das Bundesland, wie Spiegel Online berichtet. P. wurde beim Nagelbombenanschlag in der K\u00f6lner Keupstra\u00dfe traumatisiert. Die sogenannte Amtshaftungsklage richtet sich gegen das Innenministerium. [&hellip;]","og_url":"https:\/\/blog.zeit.de\/nsu-prozess-blog\/2014\/08\/21\/medienlog-nsu-opfer-verklagt-thueringen-keupstrasse\/","og_site_name":"Das NSU-Prozess-Blog","article_published_time":"2014-08-21T10:32:41+00:00","author":"Tom Sundermann","twitter_misc":{"Geschrieben von":"Tom Sundermann","Gesch\u00e4tzte Lesezeit":"1\u00a0Minute"},"schema":{"@context":"https:\/\/schema.org","@graph":[{"@type":"WebPage","@id":"https:\/\/blog.zeit.de\/nsu-prozess-blog\/2014\/08\/21\/medienlog-nsu-opfer-verklagt-thueringen-keupstrasse\/","url":"https:\/\/blog.zeit.de\/nsu-prozess-blog\/2014\/08\/21\/medienlog-nsu-opfer-verklagt-thueringen-keupstrasse\/","name":"NSU-Opfer verklagt Th\u00fcringen \u2013 Das Medienlog vom Donnerstag, 21. August 2014 - Das NSU-Prozess-Blog","isPartOf":{"@id":"https:\/\/blog.zeit.de\/nsu-prozess-blog\/#website"},"datePublished":"2014-08-21T10:32:41+00:00","dateModified":"2014-08-21T10:32:41+00:00","author":{"@id":"https:\/\/blog.zeit.de\/nsu-prozess-blog\/#\/schema\/person\/553ea9bb5d1fc2ae054c589bd59380a5"},"breadcrumb":{"@id":"https:\/\/blog.zeit.de\/nsu-prozess-blog\/2014\/08\/21\/medienlog-nsu-opfer-verklagt-thueringen-keupstrasse\/#breadcrumb"},"inLanguage":"de","potentialAction":[{"@type":"ReadAction","target":["https:\/\/blog.zeit.de\/nsu-prozess-blog\/2014\/08\/21\/medienlog-nsu-opfer-verklagt-thueringen-keupstrasse\/"]}]},{"@type":"BreadcrumbList","@id":"https:\/\/blog.zeit.de\/nsu-prozess-blog\/2014\/08\/21\/medienlog-nsu-opfer-verklagt-thueringen-keupstrasse\/#breadcrumb","itemListElement":[{"@type":"ListItem","position":1,"name":"Startseite","item":"https:\/\/blog.zeit.de\/nsu-prozess-blog\/"},{"@type":"ListItem","position":2,"name":"NSU-Opfer verklagt Th\u00fcringen \u2013 Das Medienlog vom Donnerstag, 21. August 2014"}]},{"@type":"WebSite","@id":"https:\/\/blog.zeit.de\/nsu-prozess-blog\/#website","url":"https:\/\/blog.zeit.de\/nsu-prozess-blog\/","name":"Das NSU-Prozess-Blog","description":"Alle Berichte zum Terrorverfahren in M\u00fcnchen","potentialAction":[{"@type":"SearchAction","target":{"@type":"EntryPoint","urlTemplate":"https:\/\/blog.zeit.de\/nsu-prozess-blog\/?s={search_term_string}"},"query-input":"required name=search_term_string"}],"inLanguage":"de"},{"@type":"Person","@id":"https:\/\/blog.zeit.de\/nsu-prozess-blog\/#\/schema\/person\/553ea9bb5d1fc2ae054c589bd59380a5","name":"Tom Sundermann","image":{"@type":"ImageObject","inLanguage":"de","@id":"https:\/\/blog.zeit.de\/nsu-prozess-blog\/#\/schema\/person\/image\/","url":"https:\/\/secure.gravatar.com\/avatar\/e108a3dc18766f719b2f797dc5d19093f06a1870c55b553ab6b7563f1f9a5e68?s=96&d=mm&r=g","contentUrl":"https:\/\/secure.gravatar.com\/avatar\/e108a3dc18766f719b2f797dc5d19093f06a1870c55b553ab6b7563f1f9a5e68?s=96&d=mm&r=g","caption":"Tom Sundermann"},"sameAs":["https:\/\/twitter.com\/messeticker"],"url":"https:\/\/blog.zeit.de\/nsu-prozess-blog\/author\/tsundermann\/"}]}},"jetpack_featured_media_url":"","jetpack_sharing_enabled":true,"_links":{"self":[{"href":"https:\/\/blog.zeit.de\/nsu-prozess-blog\/wp-json\/wp\/v2\/posts\/7474","targetHints":{"allow":["GET"]}}],"collection":[{"href":"https:\/\/blog.zeit.de\/nsu-prozess-blog\/wp-json\/wp\/v2\/posts"}],"about":[{"href":"https:\/\/blog.zeit.de\/nsu-prozess-blog\/wp-json\/wp\/v2\/types\/post"}],"author":[{"embeddable":true,"href":"https:\/\/blog.zeit.de\/nsu-prozess-blog\/wp-json\/wp\/v2\/users\/435"}],"replies":[{"embeddable":true,"href":"https:\/\/blog.zeit.de\/nsu-prozess-blog\/wp-json\/wp\/v2\/comments?post=7474"}],"version-history":[{"count":1,"href":"https:\/\/blog.zeit.de\/nsu-prozess-blog\/wp-json\/wp\/v2\/posts\/7474\/revisions"}],"predecessor-version":[{"id":7475,"href":"https:\/\/blog.zeit.de\/nsu-prozess-blog\/wp-json\/wp\/v2\/posts\/7474\/revisions\/7475"}],"wp:attachment":[{"href":"https:\/\/blog.zeit.de\/nsu-prozess-blog\/wp-json\/wp\/v2\/media?parent=7474"}],"wp:term":[{"taxonomy":"category","embeddable":true,"href":"https:\/\/blog.zeit.de\/nsu-prozess-blog\/wp-json\/wp\/v2\/categories?post=7474"},{"taxonomy":"post_tag","embeddable":true,"href":"https:\/\/blog.zeit.de\/nsu-prozess-blog\/wp-json\/wp\/v2\/tags?post=7474"}],"curies":[{"name":"wp","href":"https:\/\/api.w.org\/{rel}","templated":true}]}}