{"id":7482,"date":"2014-08-28T09:18:34","date_gmt":"2014-08-28T07:18:34","guid":{"rendered":"http:\/\/blog.zeit.de\/nsu-prozess-blog\/?p=7482"},"modified":"2014-08-28T09:37:12","modified_gmt":"2014-08-28T07:37:12","slug":"medienlog-kameras-fruehlingsstrasse-matthias-d","status":"publish","type":"post","link":"https:\/\/blog.zeit.de\/nsu-prozess-blog\/2014\/08\/28\/medienlog-kameras-fruehlingsstrasse-matthias-d\/","title":{"rendered":"Kameras blicken in den NSU-Alltag \u2013 Das Medienlog vom Donnerstag, 28. Juni 2014"},"content":{"rendered":"<p>Die Bilder wirken banal \u2013 doch sie kommen den drei Mitgliedern des NSU n\u00e4her als alle anderen Beweisst\u00fccke: Das ARD-Magazin <a href=\"http:\/\/www.mdr.de\/fakt\/fakt_nsu_unterschlupf_fruehlingsstrasse100.html\" target=\"_blank\"><em>Fakt<\/em><\/a> hat erstmals Bilder der \u00dcberwachungskameras gezeigt, mit denen das Trio seinen Unterschlupf in der Zwickauer Fr\u00fchlingsstra\u00dfe sicherte. Das Material zeigt nicht nur, wie Zsch\u00e4pe mit Einkaufst\u00fcten heimkommt oder Uwe Mundlos und Uwe B\u00f6hnhardt Kartons tragen \u2013 auch das Wohnmobil, mit dem die beiden M\u00e4nner 2011 zu ihrem <a href=\"https:\/\/blog.zeit.de\/nsu-prozess-blog\/2014\/05\/21\/der-verhaengnisvolle-bankraub-von-boehnhardt-und-mundlos-das-medienlog-vom-mittwoch-21-mai-2014\/\">letzten Bank\u00fcberfall<\/a> aufbrachen, ist zu sehen.<\/p>\n<p><!--more--><\/p>\n<p><em>An jedem Werktag sichten wir f\u00fcr das NSU-Prozess-Blog die Medien und stellen wichtige Berichte, Blogs, Videos und Tweets zusammen. Wir freuen uns \u00fcber Hinweise via Twitter mit dem Hashtag #nsublog \u2013 oder per E-Mail an <a href=\"mailto:nsublog@zeit.de\">nsublog@zeit.de<\/a>.<\/em><\/p>\n<p>Die Aufnahmen hatten Ermittler auf einer Festplatte des NSU sichergestellt. Ein Abschnitt aus dem Material d\u00fcrfte f\u00fcr den Prozess sehr bedeutend werden: Dort ist <a href=\"https:\/\/blog.zeit.de\/nsu-prozess-blog\/2014\/07\/10\/medienlog-uwe-boehnhardt-bruder\/\">Matthias D.<\/a> zu sehen, der die Wohnung auf seinen Namen gemietet hatte. Er hatte das Verh\u00e4ltnis zu den dreien stets als oberfl\u00e4chlich beschrieben. Bilder vom Dezember 2010 zeigen allerdings, wie Zsch\u00e4pe ihn herzlich umarmt. &#8222;Die Videos lassen Zweifel an der Darstellung von D.&#8220; aufkommen, schlie\u00dft das Magazin daraus. Das Material deute eine &#8222;gro\u00dfe Vertrautheit&#8220; an, auch Mundlos und B\u00f6hnhardt seien mit D. &#8222;ausgesprochen freundschaftlich&#8220; umgegangen, schreibt J\u00f6rg Diehl auf <a href=\"http:\/\/www.spiegel.de\/panorama\/justiz\/nsu-video-zeigt-zschaepe-mundlos-boehnhardt-im-alltag-a-988422.html\" target=\"_blank\"><em>Spiegel Online<\/em><\/a>.<\/p>\n<p><em>Das n\u00e4chste Medienlog erscheint am Freitag, 29. August 2014.<\/em><\/p>\n","protected":false},"excerpt":{"rendered":"<p>Die Bilder wirken banal \u2013 doch sie kommen den drei Mitgliedern des NSU n\u00e4her als alle anderen Beweisst\u00fccke: Das ARD-Magazin Fakt hat erstmals Bilder der \u00dcberwachungskameras gezeigt, mit denen das Trio seinen Unterschlupf in der Zwickauer Fr\u00fchlingsstra\u00dfe sicherte. Das Material zeigt nicht nur, wie Zsch\u00e4pe mit Einkaufst\u00fcten heimkommt oder Uwe Mundlos und Uwe B\u00f6hnhardt Kartons [&hellip;]<\/p>\n","protected":false},"author":435,"featured_media":0,"comment_status":"open","ping_status":"open","sticky":false,"template":"","format":"standard","meta":{"_jetpack_memberships_contains_paid_content":false,"footnotes":""},"categories":[27531],"tags":[29457,17793,29512,29528,22860,22859,27560],"class_list":["post-7482","post","type-post","status-publish","format-standard","hentry","category-medienschau","tag-bankuberfall","tag-beate-zschape","tag-fruehlingsstrasse","tag-matthias-d","tag-uwe-bohnhardt","tag-uwe-mundlos","tag-zwickau"],"yoast_head":"<!-- This site is optimized with the Yoast SEO plugin v21.0 - https:\/\/yoast.com\/wordpress\/plugins\/seo\/ -->\n<title>Kameras blicken in den NSU-Alltag \u2013 Das Medienlog vom Donnerstag, 28. Juni 2014 - Das NSU-Prozess-Blog<\/title>\n<meta name=\"robots\" content=\"index, follow, max-snippet:-1, max-image-preview:large, max-video-preview:-1\" \/>\n<link rel=\"canonical\" href=\"https:\/\/blog.zeit.de\/nsu-prozess-blog\/2014\/08\/28\/medienlog-kameras-fruehlingsstrasse-matthias-d\/\" \/>\n<meta property=\"og:locale\" content=\"de_DE\" \/>\n<meta property=\"og:type\" content=\"article\" \/>\n<meta property=\"og:title\" content=\"Kameras blicken in den NSU-Alltag \u2013 Das Medienlog vom Donnerstag, 28. Juni 2014 - Das NSU-Prozess-Blog\" \/>\n<meta property=\"og:description\" content=\"Die Bilder wirken banal \u2013 doch sie kommen den drei Mitgliedern des NSU n\u00e4her als alle anderen Beweisst\u00fccke: Das ARD-Magazin Fakt hat erstmals Bilder der \u00dcberwachungskameras gezeigt, mit denen das Trio seinen Unterschlupf in der Zwickauer Fr\u00fchlingsstra\u00dfe sicherte. Das Material zeigt nicht nur, wie Zsch\u00e4pe mit Einkaufst\u00fcten heimkommt oder Uwe Mundlos und Uwe B\u00f6hnhardt Kartons [&hellip;]\" \/>\n<meta property=\"og:url\" content=\"https:\/\/blog.zeit.de\/nsu-prozess-blog\/2014\/08\/28\/medienlog-kameras-fruehlingsstrasse-matthias-d\/\" \/>\n<meta property=\"og:site_name\" content=\"Das NSU-Prozess-Blog\" \/>\n<meta property=\"article:published_time\" content=\"2014-08-28T07:18:34+00:00\" \/>\n<meta property=\"article:modified_time\" content=\"2014-08-28T07:37:12+00:00\" \/>\n<meta name=\"author\" content=\"Tom Sundermann\" \/>\n<meta name=\"twitter:label1\" content=\"Geschrieben von\" \/>\n\t<meta name=\"twitter:data1\" content=\"Tom Sundermann\" \/>\n\t<meta name=\"twitter:label2\" content=\"Gesch\u00e4tzte Lesezeit\" \/>\n\t<meta name=\"twitter:data2\" content=\"1\u00a0Minute\" \/>\n<script type=\"application\/ld+json\" class=\"yoast-schema-graph\">{\"@context\":\"https:\/\/schema.org\",\"@graph\":[{\"@type\":\"WebPage\",\"@id\":\"https:\/\/blog.zeit.de\/nsu-prozess-blog\/2014\/08\/28\/medienlog-kameras-fruehlingsstrasse-matthias-d\/\",\"url\":\"https:\/\/blog.zeit.de\/nsu-prozess-blog\/2014\/08\/28\/medienlog-kameras-fruehlingsstrasse-matthias-d\/\",\"name\":\"Kameras blicken in den NSU-Alltag \u2013 Das Medienlog vom Donnerstag, 28. Juni 2014 - Das NSU-Prozess-Blog\",\"isPartOf\":{\"@id\":\"https:\/\/blog.zeit.de\/nsu-prozess-blog\/#website\"},\"datePublished\":\"2014-08-28T07:18:34+00:00\",\"dateModified\":\"2014-08-28T07:37:12+00:00\",\"author\":{\"@id\":\"https:\/\/blog.zeit.de\/nsu-prozess-blog\/#\/schema\/person\/553ea9bb5d1fc2ae054c589bd59380a5\"},\"breadcrumb\":{\"@id\":\"https:\/\/blog.zeit.de\/nsu-prozess-blog\/2014\/08\/28\/medienlog-kameras-fruehlingsstrasse-matthias-d\/#breadcrumb\"},\"inLanguage\":\"de\",\"potentialAction\":[{\"@type\":\"ReadAction\",\"target\":[\"https:\/\/blog.zeit.de\/nsu-prozess-blog\/2014\/08\/28\/medienlog-kameras-fruehlingsstrasse-matthias-d\/\"]}]},{\"@type\":\"BreadcrumbList\",\"@id\":\"https:\/\/blog.zeit.de\/nsu-prozess-blog\/2014\/08\/28\/medienlog-kameras-fruehlingsstrasse-matthias-d\/#breadcrumb\",\"itemListElement\":[{\"@type\":\"ListItem\",\"position\":1,\"name\":\"Startseite\",\"item\":\"https:\/\/blog.zeit.de\/nsu-prozess-blog\/\"},{\"@type\":\"ListItem\",\"position\":2,\"name\":\"Kameras blicken in den NSU-Alltag \u2013 Das Medienlog vom Donnerstag, 28. Juni 2014\"}]},{\"@type\":\"WebSite\",\"@id\":\"https:\/\/blog.zeit.de\/nsu-prozess-blog\/#website\",\"url\":\"https:\/\/blog.zeit.de\/nsu-prozess-blog\/\",\"name\":\"Das NSU-Prozess-Blog\",\"description\":\"Alle Berichte zum Terrorverfahren in M\u00fcnchen\",\"potentialAction\":[{\"@type\":\"SearchAction\",\"target\":{\"@type\":\"EntryPoint\",\"urlTemplate\":\"https:\/\/blog.zeit.de\/nsu-prozess-blog\/?s={search_term_string}\"},\"query-input\":\"required name=search_term_string\"}],\"inLanguage\":\"de\"},{\"@type\":\"Person\",\"@id\":\"https:\/\/blog.zeit.de\/nsu-prozess-blog\/#\/schema\/person\/553ea9bb5d1fc2ae054c589bd59380a5\",\"name\":\"Tom Sundermann\",\"image\":{\"@type\":\"ImageObject\",\"inLanguage\":\"de\",\"@id\":\"https:\/\/blog.zeit.de\/nsu-prozess-blog\/#\/schema\/person\/image\/\",\"url\":\"https:\/\/secure.gravatar.com\/avatar\/e108a3dc18766f719b2f797dc5d19093f06a1870c55b553ab6b7563f1f9a5e68?s=96&d=mm&r=g\",\"contentUrl\":\"https:\/\/secure.gravatar.com\/avatar\/e108a3dc18766f719b2f797dc5d19093f06a1870c55b553ab6b7563f1f9a5e68?s=96&d=mm&r=g\",\"caption\":\"Tom Sundermann\"},\"sameAs\":[\"https:\/\/twitter.com\/messeticker\"],\"url\":\"https:\/\/blog.zeit.de\/nsu-prozess-blog\/author\/tsundermann\/\"}]}<\/script>\n<!-- \/ Yoast SEO plugin. -->","yoast_head_json":{"title":"Kameras blicken in den NSU-Alltag \u2013 Das Medienlog vom Donnerstag, 28. Juni 2014 - Das NSU-Prozess-Blog","robots":{"index":"index","follow":"follow","max-snippet":"max-snippet:-1","max-image-preview":"max-image-preview:large","max-video-preview":"max-video-preview:-1"},"canonical":"https:\/\/blog.zeit.de\/nsu-prozess-blog\/2014\/08\/28\/medienlog-kameras-fruehlingsstrasse-matthias-d\/","og_locale":"de_DE","og_type":"article","og_title":"Kameras blicken in den NSU-Alltag \u2013 Das Medienlog vom Donnerstag, 28. Juni 2014 - Das NSU-Prozess-Blog","og_description":"Die Bilder wirken banal \u2013 doch sie kommen den drei Mitgliedern des NSU n\u00e4her als alle anderen Beweisst\u00fccke: Das ARD-Magazin Fakt hat erstmals Bilder der \u00dcberwachungskameras gezeigt, mit denen das Trio seinen Unterschlupf in der Zwickauer Fr\u00fchlingsstra\u00dfe sicherte. Das Material zeigt nicht nur, wie Zsch\u00e4pe mit Einkaufst\u00fcten heimkommt oder Uwe Mundlos und Uwe B\u00f6hnhardt Kartons [&hellip;]","og_url":"https:\/\/blog.zeit.de\/nsu-prozess-blog\/2014\/08\/28\/medienlog-kameras-fruehlingsstrasse-matthias-d\/","og_site_name":"Das NSU-Prozess-Blog","article_published_time":"2014-08-28T07:18:34+00:00","article_modified_time":"2014-08-28T07:37:12+00:00","author":"Tom Sundermann","twitter_misc":{"Geschrieben von":"Tom Sundermann","Gesch\u00e4tzte Lesezeit":"1\u00a0Minute"},"schema":{"@context":"https:\/\/schema.org","@graph":[{"@type":"WebPage","@id":"https:\/\/blog.zeit.de\/nsu-prozess-blog\/2014\/08\/28\/medienlog-kameras-fruehlingsstrasse-matthias-d\/","url":"https:\/\/blog.zeit.de\/nsu-prozess-blog\/2014\/08\/28\/medienlog-kameras-fruehlingsstrasse-matthias-d\/","name":"Kameras blicken in den NSU-Alltag \u2013 Das Medienlog vom Donnerstag, 28. Juni 2014 - Das NSU-Prozess-Blog","isPartOf":{"@id":"https:\/\/blog.zeit.de\/nsu-prozess-blog\/#website"},"datePublished":"2014-08-28T07:18:34+00:00","dateModified":"2014-08-28T07:37:12+00:00","author":{"@id":"https:\/\/blog.zeit.de\/nsu-prozess-blog\/#\/schema\/person\/553ea9bb5d1fc2ae054c589bd59380a5"},"breadcrumb":{"@id":"https:\/\/blog.zeit.de\/nsu-prozess-blog\/2014\/08\/28\/medienlog-kameras-fruehlingsstrasse-matthias-d\/#breadcrumb"},"inLanguage":"de","potentialAction":[{"@type":"ReadAction","target":["https:\/\/blog.zeit.de\/nsu-prozess-blog\/2014\/08\/28\/medienlog-kameras-fruehlingsstrasse-matthias-d\/"]}]},{"@type":"BreadcrumbList","@id":"https:\/\/blog.zeit.de\/nsu-prozess-blog\/2014\/08\/28\/medienlog-kameras-fruehlingsstrasse-matthias-d\/#breadcrumb","itemListElement":[{"@type":"ListItem","position":1,"name":"Startseite","item":"https:\/\/blog.zeit.de\/nsu-prozess-blog\/"},{"@type":"ListItem","position":2,"name":"Kameras blicken in den NSU-Alltag \u2013 Das Medienlog vom Donnerstag, 28. Juni 2014"}]},{"@type":"WebSite","@id":"https:\/\/blog.zeit.de\/nsu-prozess-blog\/#website","url":"https:\/\/blog.zeit.de\/nsu-prozess-blog\/","name":"Das NSU-Prozess-Blog","description":"Alle Berichte zum Terrorverfahren in M\u00fcnchen","potentialAction":[{"@type":"SearchAction","target":{"@type":"EntryPoint","urlTemplate":"https:\/\/blog.zeit.de\/nsu-prozess-blog\/?s={search_term_string}"},"query-input":"required name=search_term_string"}],"inLanguage":"de"},{"@type":"Person","@id":"https:\/\/blog.zeit.de\/nsu-prozess-blog\/#\/schema\/person\/553ea9bb5d1fc2ae054c589bd59380a5","name":"Tom Sundermann","image":{"@type":"ImageObject","inLanguage":"de","@id":"https:\/\/blog.zeit.de\/nsu-prozess-blog\/#\/schema\/person\/image\/","url":"https:\/\/secure.gravatar.com\/avatar\/e108a3dc18766f719b2f797dc5d19093f06a1870c55b553ab6b7563f1f9a5e68?s=96&d=mm&r=g","contentUrl":"https:\/\/secure.gravatar.com\/avatar\/e108a3dc18766f719b2f797dc5d19093f06a1870c55b553ab6b7563f1f9a5e68?s=96&d=mm&r=g","caption":"Tom Sundermann"},"sameAs":["https:\/\/twitter.com\/messeticker"],"url":"https:\/\/blog.zeit.de\/nsu-prozess-blog\/author\/tsundermann\/"}]}},"jetpack_featured_media_url":"","jetpack_sharing_enabled":true,"_links":{"self":[{"href":"https:\/\/blog.zeit.de\/nsu-prozess-blog\/wp-json\/wp\/v2\/posts\/7482","targetHints":{"allow":["GET"]}}],"collection":[{"href":"https:\/\/blog.zeit.de\/nsu-prozess-blog\/wp-json\/wp\/v2\/posts"}],"about":[{"href":"https:\/\/blog.zeit.de\/nsu-prozess-blog\/wp-json\/wp\/v2\/types\/post"}],"author":[{"embeddable":true,"href":"https:\/\/blog.zeit.de\/nsu-prozess-blog\/wp-json\/wp\/v2\/users\/435"}],"replies":[{"embeddable":true,"href":"https:\/\/blog.zeit.de\/nsu-prozess-blog\/wp-json\/wp\/v2\/comments?post=7482"}],"version-history":[{"count":4,"href":"https:\/\/blog.zeit.de\/nsu-prozess-blog\/wp-json\/wp\/v2\/posts\/7482\/revisions"}],"predecessor-version":[{"id":7486,"href":"https:\/\/blog.zeit.de\/nsu-prozess-blog\/wp-json\/wp\/v2\/posts\/7482\/revisions\/7486"}],"wp:attachment":[{"href":"https:\/\/blog.zeit.de\/nsu-prozess-blog\/wp-json\/wp\/v2\/media?parent=7482"}],"wp:term":[{"taxonomy":"category","embeddable":true,"href":"https:\/\/blog.zeit.de\/nsu-prozess-blog\/wp-json\/wp\/v2\/categories?post=7482"},{"taxonomy":"post_tag","embeddable":true,"href":"https:\/\/blog.zeit.de\/nsu-prozess-blog\/wp-json\/wp\/v2\/tags?post=7482"}],"curies":[{"name":"wp","href":"https:\/\/api.w.org\/{rel}","templated":true}]}}