{"id":7487,"date":"2014-09-04T07:00:47","date_gmt":"2014-09-04T05:00:47","guid":{"rendered":"http:\/\/blog.zeit.de\/nsu-prozess-blog\/?p=7487"},"modified":"2014-08-28T10:39:11","modified_gmt":"2014-08-28T08:39:11","slug":"136-prozesstag-die-bombenattrappen-des-nsu","status":"publish","type":"post","link":"https:\/\/blog.zeit.de\/nsu-prozess-blog\/2014\/09\/04\/136-prozesstag-die-bombenattrappen-des-nsu\/","title":{"rendered":"136. Prozesstag \u2013 Die Bombenattrappen des NSU"},"content":{"rendered":"<p>Mit der 136. Verhandlung am Donnerstag endet die Sommerpause im NSU-Prozess. Erneut greift der Strafsenat die fr\u00fche Zeit des Trios in Jena auf. Dazu ist ein Ermittler des Th\u00fcringer Landeskriminalamts geladen, der sich mit mehreren F\u00e4llen besch\u00e4ftigte, in denen das Trio Bombenattrappen in Jena verschickt oder abgestellt haben soll. Dazu geh\u00f6ren vermeintliche Briefbomben an die Stadtverwaltung und eine Zeitung sowie eine mit Sprengstoff gef\u00fcllte Kiste, auf die Hakenkreuze aufgemalt waren. Die Delikte fallen in die Zeit vor dem Untertauchen der drei im Januar 1998.<\/p>\n<p>Zum dritten Mal geladen ist der Zeuge <a href=\"https:\/\/blog.zeit.de\/nsu-prozess-blog\/2014\/04\/02\/in-der-psyche-von-tino-brandt-das-medienlog-vom-mittwoch-2-april-2014\/\">Thomas R.<\/a> Er soll das Trio nach der Flucht bei sich zu Hause aufgenommen haben. In seinen ersten beiden Vernehmungen berief sich R. immer wieder auf Erinnerungsl\u00fccken und best\u00e4tigte, was er bereits bei der Polizei ausgesagt hatte.<\/p>\n<p><em>Informationen aus der Verhandlung gibt es <a href=\"https:\/\/twitter.com\/zeitonline\/lists\/nsu-prozess\">via Twitter hier<\/a>. Die Berichte dar\u00fcber fassen wir morgen im <a href=\"https:\/\/blog.zeit.de\/nsu-prozess-blog\/category\/medienschau\/\">NSU-Medienlog<\/a> zusammen.<\/em><\/p>\n","protected":false},"excerpt":{"rendered":"<p>Mit der 136. Verhandlung am Donnerstag endet die Sommerpause im NSU-Prozess. Erneut greift der Strafsenat die fr\u00fche Zeit des Trios in Jena auf. Dazu ist ein Ermittler des Th\u00fcringer Landeskriminalamts geladen, der sich mit mehreren F\u00e4llen besch\u00e4ftigte, in denen das Trio Bombenattrappen in Jena verschickt oder abgestellt haben soll. Dazu geh\u00f6ren vermeintliche Briefbomben an die [&hellip;]<\/p>\n","protected":false},"author":435,"featured_media":0,"comment_status":"open","ping_status":"open","sticky":false,"template":"","format":"standard","meta":{"_jetpack_memberships_contains_paid_content":false,"footnotes":""},"categories":[27532],"tags":[26571,1626,29542],"class_list":["post-7487","post","type-post","status-publish","format-standard","hentry","category-prozesstage","tag-bombe","tag-jena","tag-thomas-r"],"yoast_head":"<!-- This site is optimized with the Yoast SEO plugin v21.0 - https:\/\/yoast.com\/wordpress\/plugins\/seo\/ -->\n<title>136. Prozesstag \u2013 Die Bombenattrappen des NSU - Das NSU-Prozess-Blog<\/title>\n<meta name=\"robots\" content=\"index, follow, max-snippet:-1, max-image-preview:large, max-video-preview:-1\" \/>\n<link rel=\"canonical\" href=\"https:\/\/blog.zeit.de\/nsu-prozess-blog\/2014\/09\/04\/136-prozesstag-die-bombenattrappen-des-nsu\/\" \/>\n<meta property=\"og:locale\" content=\"de_DE\" \/>\n<meta property=\"og:type\" content=\"article\" \/>\n<meta property=\"og:title\" content=\"136. Prozesstag \u2013 Die Bombenattrappen des NSU - Das NSU-Prozess-Blog\" \/>\n<meta property=\"og:description\" content=\"Mit der 136. Verhandlung am Donnerstag endet die Sommerpause im NSU-Prozess. Erneut greift der Strafsenat die fr\u00fche Zeit des Trios in Jena auf. Dazu ist ein Ermittler des Th\u00fcringer Landeskriminalamts geladen, der sich mit mehreren F\u00e4llen besch\u00e4ftigte, in denen das Trio Bombenattrappen in Jena verschickt oder abgestellt haben soll. Dazu geh\u00f6ren vermeintliche Briefbomben an die [&hellip;]\" \/>\n<meta property=\"og:url\" content=\"https:\/\/blog.zeit.de\/nsu-prozess-blog\/2014\/09\/04\/136-prozesstag-die-bombenattrappen-des-nsu\/\" \/>\n<meta property=\"og:site_name\" content=\"Das NSU-Prozess-Blog\" \/>\n<meta property=\"article:published_time\" content=\"2014-09-04T05:00:47+00:00\" \/>\n<meta property=\"article:modified_time\" content=\"2014-08-28T08:39:11+00:00\" \/>\n<meta name=\"author\" content=\"Tom Sundermann\" \/>\n<meta name=\"twitter:label1\" content=\"Geschrieben von\" \/>\n\t<meta name=\"twitter:data1\" content=\"Tom Sundermann\" \/>\n\t<meta name=\"twitter:label2\" content=\"Gesch\u00e4tzte Lesezeit\" \/>\n\t<meta name=\"twitter:data2\" content=\"1\u00a0Minute\" \/>\n<script type=\"application\/ld+json\" class=\"yoast-schema-graph\">{\"@context\":\"https:\/\/schema.org\",\"@graph\":[{\"@type\":\"WebPage\",\"@id\":\"https:\/\/blog.zeit.de\/nsu-prozess-blog\/2014\/09\/04\/136-prozesstag-die-bombenattrappen-des-nsu\/\",\"url\":\"https:\/\/blog.zeit.de\/nsu-prozess-blog\/2014\/09\/04\/136-prozesstag-die-bombenattrappen-des-nsu\/\",\"name\":\"136. Prozesstag \u2013 Die Bombenattrappen des NSU - Das NSU-Prozess-Blog\",\"isPartOf\":{\"@id\":\"https:\/\/blog.zeit.de\/nsu-prozess-blog\/#website\"},\"datePublished\":\"2014-09-04T05:00:47+00:00\",\"dateModified\":\"2014-08-28T08:39:11+00:00\",\"author\":{\"@id\":\"https:\/\/blog.zeit.de\/nsu-prozess-blog\/#\/schema\/person\/553ea9bb5d1fc2ae054c589bd59380a5\"},\"breadcrumb\":{\"@id\":\"https:\/\/blog.zeit.de\/nsu-prozess-blog\/2014\/09\/04\/136-prozesstag-die-bombenattrappen-des-nsu\/#breadcrumb\"},\"inLanguage\":\"de\",\"potentialAction\":[{\"@type\":\"ReadAction\",\"target\":[\"https:\/\/blog.zeit.de\/nsu-prozess-blog\/2014\/09\/04\/136-prozesstag-die-bombenattrappen-des-nsu\/\"]}]},{\"@type\":\"BreadcrumbList\",\"@id\":\"https:\/\/blog.zeit.de\/nsu-prozess-blog\/2014\/09\/04\/136-prozesstag-die-bombenattrappen-des-nsu\/#breadcrumb\",\"itemListElement\":[{\"@type\":\"ListItem\",\"position\":1,\"name\":\"Startseite\",\"item\":\"https:\/\/blog.zeit.de\/nsu-prozess-blog\/\"},{\"@type\":\"ListItem\",\"position\":2,\"name\":\"136. Prozesstag \u2013 Die Bombenattrappen des NSU\"}]},{\"@type\":\"WebSite\",\"@id\":\"https:\/\/blog.zeit.de\/nsu-prozess-blog\/#website\",\"url\":\"https:\/\/blog.zeit.de\/nsu-prozess-blog\/\",\"name\":\"Das NSU-Prozess-Blog\",\"description\":\"Alle Berichte zum Terrorverfahren in M\u00fcnchen\",\"potentialAction\":[{\"@type\":\"SearchAction\",\"target\":{\"@type\":\"EntryPoint\",\"urlTemplate\":\"https:\/\/blog.zeit.de\/nsu-prozess-blog\/?s={search_term_string}\"},\"query-input\":\"required name=search_term_string\"}],\"inLanguage\":\"de\"},{\"@type\":\"Person\",\"@id\":\"https:\/\/blog.zeit.de\/nsu-prozess-blog\/#\/schema\/person\/553ea9bb5d1fc2ae054c589bd59380a5\",\"name\":\"Tom Sundermann\",\"image\":{\"@type\":\"ImageObject\",\"inLanguage\":\"de\",\"@id\":\"https:\/\/blog.zeit.de\/nsu-prozess-blog\/#\/schema\/person\/image\/\",\"url\":\"https:\/\/secure.gravatar.com\/avatar\/e108a3dc18766f719b2f797dc5d19093f06a1870c55b553ab6b7563f1f9a5e68?s=96&d=mm&r=g\",\"contentUrl\":\"https:\/\/secure.gravatar.com\/avatar\/e108a3dc18766f719b2f797dc5d19093f06a1870c55b553ab6b7563f1f9a5e68?s=96&d=mm&r=g\",\"caption\":\"Tom Sundermann\"},\"sameAs\":[\"https:\/\/twitter.com\/messeticker\"],\"url\":\"https:\/\/blog.zeit.de\/nsu-prozess-blog\/author\/tsundermann\/\"}]}<\/script>\n<!-- \/ Yoast SEO plugin. -->","yoast_head_json":{"title":"136. Prozesstag \u2013 Die Bombenattrappen des NSU - Das NSU-Prozess-Blog","robots":{"index":"index","follow":"follow","max-snippet":"max-snippet:-1","max-image-preview":"max-image-preview:large","max-video-preview":"max-video-preview:-1"},"canonical":"https:\/\/blog.zeit.de\/nsu-prozess-blog\/2014\/09\/04\/136-prozesstag-die-bombenattrappen-des-nsu\/","og_locale":"de_DE","og_type":"article","og_title":"136. Prozesstag \u2013 Die Bombenattrappen des NSU - Das NSU-Prozess-Blog","og_description":"Mit der 136. Verhandlung am Donnerstag endet die Sommerpause im NSU-Prozess. Erneut greift der Strafsenat die fr\u00fche Zeit des Trios in Jena auf. Dazu ist ein Ermittler des Th\u00fcringer Landeskriminalamts geladen, der sich mit mehreren F\u00e4llen besch\u00e4ftigte, in denen das Trio Bombenattrappen in Jena verschickt oder abgestellt haben soll. Dazu geh\u00f6ren vermeintliche Briefbomben an die [&hellip;]","og_url":"https:\/\/blog.zeit.de\/nsu-prozess-blog\/2014\/09\/04\/136-prozesstag-die-bombenattrappen-des-nsu\/","og_site_name":"Das NSU-Prozess-Blog","article_published_time":"2014-09-04T05:00:47+00:00","article_modified_time":"2014-08-28T08:39:11+00:00","author":"Tom Sundermann","twitter_misc":{"Geschrieben von":"Tom Sundermann","Gesch\u00e4tzte Lesezeit":"1\u00a0Minute"},"schema":{"@context":"https:\/\/schema.org","@graph":[{"@type":"WebPage","@id":"https:\/\/blog.zeit.de\/nsu-prozess-blog\/2014\/09\/04\/136-prozesstag-die-bombenattrappen-des-nsu\/","url":"https:\/\/blog.zeit.de\/nsu-prozess-blog\/2014\/09\/04\/136-prozesstag-die-bombenattrappen-des-nsu\/","name":"136. Prozesstag \u2013 Die Bombenattrappen des NSU - Das NSU-Prozess-Blog","isPartOf":{"@id":"https:\/\/blog.zeit.de\/nsu-prozess-blog\/#website"},"datePublished":"2014-09-04T05:00:47+00:00","dateModified":"2014-08-28T08:39:11+00:00","author":{"@id":"https:\/\/blog.zeit.de\/nsu-prozess-blog\/#\/schema\/person\/553ea9bb5d1fc2ae054c589bd59380a5"},"breadcrumb":{"@id":"https:\/\/blog.zeit.de\/nsu-prozess-blog\/2014\/09\/04\/136-prozesstag-die-bombenattrappen-des-nsu\/#breadcrumb"},"inLanguage":"de","potentialAction":[{"@type":"ReadAction","target":["https:\/\/blog.zeit.de\/nsu-prozess-blog\/2014\/09\/04\/136-prozesstag-die-bombenattrappen-des-nsu\/"]}]},{"@type":"BreadcrumbList","@id":"https:\/\/blog.zeit.de\/nsu-prozess-blog\/2014\/09\/04\/136-prozesstag-die-bombenattrappen-des-nsu\/#breadcrumb","itemListElement":[{"@type":"ListItem","position":1,"name":"Startseite","item":"https:\/\/blog.zeit.de\/nsu-prozess-blog\/"},{"@type":"ListItem","position":2,"name":"136. Prozesstag \u2013 Die Bombenattrappen des NSU"}]},{"@type":"WebSite","@id":"https:\/\/blog.zeit.de\/nsu-prozess-blog\/#website","url":"https:\/\/blog.zeit.de\/nsu-prozess-blog\/","name":"Das NSU-Prozess-Blog","description":"Alle Berichte zum Terrorverfahren in M\u00fcnchen","potentialAction":[{"@type":"SearchAction","target":{"@type":"EntryPoint","urlTemplate":"https:\/\/blog.zeit.de\/nsu-prozess-blog\/?s={search_term_string}"},"query-input":"required name=search_term_string"}],"inLanguage":"de"},{"@type":"Person","@id":"https:\/\/blog.zeit.de\/nsu-prozess-blog\/#\/schema\/person\/553ea9bb5d1fc2ae054c589bd59380a5","name":"Tom Sundermann","image":{"@type":"ImageObject","inLanguage":"de","@id":"https:\/\/blog.zeit.de\/nsu-prozess-blog\/#\/schema\/person\/image\/","url":"https:\/\/secure.gravatar.com\/avatar\/e108a3dc18766f719b2f797dc5d19093f06a1870c55b553ab6b7563f1f9a5e68?s=96&d=mm&r=g","contentUrl":"https:\/\/secure.gravatar.com\/avatar\/e108a3dc18766f719b2f797dc5d19093f06a1870c55b553ab6b7563f1f9a5e68?s=96&d=mm&r=g","caption":"Tom Sundermann"},"sameAs":["https:\/\/twitter.com\/messeticker"],"url":"https:\/\/blog.zeit.de\/nsu-prozess-blog\/author\/tsundermann\/"}]}},"jetpack_featured_media_url":"","jetpack_sharing_enabled":true,"_links":{"self":[{"href":"https:\/\/blog.zeit.de\/nsu-prozess-blog\/wp-json\/wp\/v2\/posts\/7487","targetHints":{"allow":["GET"]}}],"collection":[{"href":"https:\/\/blog.zeit.de\/nsu-prozess-blog\/wp-json\/wp\/v2\/posts"}],"about":[{"href":"https:\/\/blog.zeit.de\/nsu-prozess-blog\/wp-json\/wp\/v2\/types\/post"}],"author":[{"embeddable":true,"href":"https:\/\/blog.zeit.de\/nsu-prozess-blog\/wp-json\/wp\/v2\/users\/435"}],"replies":[{"embeddable":true,"href":"https:\/\/blog.zeit.de\/nsu-prozess-blog\/wp-json\/wp\/v2\/comments?post=7487"}],"version-history":[{"count":2,"href":"https:\/\/blog.zeit.de\/nsu-prozess-blog\/wp-json\/wp\/v2\/posts\/7487\/revisions"}],"predecessor-version":[{"id":7490,"href":"https:\/\/blog.zeit.de\/nsu-prozess-blog\/wp-json\/wp\/v2\/posts\/7487\/revisions\/7490"}],"wp:attachment":[{"href":"https:\/\/blog.zeit.de\/nsu-prozess-blog\/wp-json\/wp\/v2\/media?parent=7487"}],"wp:term":[{"taxonomy":"category","embeddable":true,"href":"https:\/\/blog.zeit.de\/nsu-prozess-blog\/wp-json\/wp\/v2\/categories?post=7487"},{"taxonomy":"post_tag","embeddable":true,"href":"https:\/\/blog.zeit.de\/nsu-prozess-blog\/wp-json\/wp\/v2\/tags?post=7487"}],"curies":[{"name":"wp","href":"https:\/\/api.w.org\/{rel}","templated":true}]}}