{"id":7498,"date":"2014-09-04T08:16:04","date_gmt":"2014-09-04T06:16:04","guid":{"rendered":"http:\/\/blog.zeit.de\/nsu-prozess-blog\/?p=7498"},"modified":"2014-09-04T08:16:04","modified_gmt":"2014-09-04T06:16:04","slug":"medienlog-umfeld-roman-bomben","status":"publish","type":"post","link":"https:\/\/blog.zeit.de\/nsu-prozess-blog\/2014\/09\/04\/medienlog-umfeld-roman-bomben\/","title":{"rendered":"Neue Beweisst\u00fccke sollen Umfeld ausleuchten \u2013 Das Medienlog vom Donnerstag, 4. September 2014"},"content":{"rendered":"<p>Bei gewissenhafter Vorbereitung hatten die Prozessbeteiligten wenig Freizeit in der vierw\u00f6chigen Sommerpause, die heute endet: Der Strafsenat hat mehrere Schriftst\u00fccke als Beweise in das Verfahren eingef\u00fchrt, darunter einen Roman, wie <a href=\"http:\/\/www.schwaebische.de\/politik_artikel,-Neue-Beweise-im-NSU-Prozess-_arid,10078122.html\" target=\"_blank\"><em>dpa<\/em><\/a>-Autor Christoph Lemmer berichtet. Dabei soll es auch um Kontakte ins NSU-Umfeld gehen. Der Autor des antisemitischen Machwerks, der US-Neonazi William Pierce, soll einem verurteilten Rechten aus Th\u00fcringen Unterschlupf gew\u00e4hrt haben.<\/p>\n<p><!--more--><\/p>\n<p><em>An jedem Werktag sichten wir f\u00fcr das NSU-Prozess-Blog die Medien und stellen wichtige Berichte, Blogs, Videos und Tweets zusammen. Wir freuen uns \u00fcber Hinweise via Twitter mit dem Hashtag #nsublog \u2013 oder per E-Mail an <a href=\"mailto:nsublog@zeit.de\">nsublog@zeit.de<\/a>.<\/em><\/p>\n<p>Als erster Zeuge nach der Sommerpause sagt ein Ermittler des Th\u00fcringer Landeskriminalamts aus, der sich mit angeblich von Beate Zsch\u00e4pe und Uwe B\u00f6hnhardt platzierten Bombenattrappen besch\u00e4ftigt hatte. Mit den Ermittlungen um die Sprengstoffaktivit\u00e4ten des NSU besch\u00e4ftigt sich ein Artikel der <a href=\"http:\/\/www.thueringer-allgemeine.de\/startseite\/detail\/-\/specific\/Erster-Zeuge-nach-Sommerpause-im-NSU-Prozess-soll-ueber-Bombenattrappen-aussagen-1562117195\" target=\"_blank\"><em>Th\u00fcringer Allgemeinen<\/em><\/a> von Kai Mudra.<\/p>\n<p><em>Das n\u00e4chste Medienlog erscheint am Freitag, 5. September 2014.<\/em><\/p>\n","protected":false},"excerpt":{"rendered":"<p>Bei gewissenhafter Vorbereitung hatten die Prozessbeteiligten wenig Freizeit in der vierw\u00f6chigen Sommerpause, die heute endet: Der Strafsenat hat mehrere Schriftst\u00fccke als Beweise in das Verfahren eingef\u00fchrt, darunter einen Roman, wie dpa-Autor Christoph Lemmer berichtet. Dabei soll es auch um Kontakte ins NSU-Umfeld gehen. Der Autor des antisemitischen Machwerks, der US-Neonazi William Pierce, soll einem verurteilten [&hellip;]<\/p>\n","protected":false},"author":435,"featured_media":0,"comment_status":"open","ping_status":"open","sticky":false,"template":"","format":"standard","meta":{"_jetpack_memberships_contains_paid_content":false,"footnotes":""},"categories":[27531],"tags":[26571,28282,1449],"class_list":["post-7498","post","type-post","status-publish","format-standard","hentry","category-medienschau","tag-bombe","tag-lka","tag-unterstutzer"],"yoast_head":"<!-- This site is optimized with the Yoast SEO plugin v21.0 - https:\/\/yoast.com\/wordpress\/plugins\/seo\/ -->\n<title>Neue Beweisst\u00fccke sollen Umfeld ausleuchten \u2013 Das Medienlog vom Donnerstag, 4. September 2014 - Das NSU-Prozess-Blog<\/title>\n<meta name=\"robots\" content=\"index, follow, max-snippet:-1, max-image-preview:large, max-video-preview:-1\" \/>\n<link rel=\"canonical\" href=\"https:\/\/blog.zeit.de\/nsu-prozess-blog\/2014\/09\/04\/medienlog-umfeld-roman-bomben\/\" \/>\n<meta property=\"og:locale\" content=\"de_DE\" \/>\n<meta property=\"og:type\" content=\"article\" \/>\n<meta property=\"og:title\" content=\"Neue Beweisst\u00fccke sollen Umfeld ausleuchten \u2013 Das Medienlog vom Donnerstag, 4. September 2014 - Das NSU-Prozess-Blog\" \/>\n<meta property=\"og:description\" content=\"Bei gewissenhafter Vorbereitung hatten die Prozessbeteiligten wenig Freizeit in der vierw\u00f6chigen Sommerpause, die heute endet: Der Strafsenat hat mehrere Schriftst\u00fccke als Beweise in das Verfahren eingef\u00fchrt, darunter einen Roman, wie dpa-Autor Christoph Lemmer berichtet. Dabei soll es auch um Kontakte ins NSU-Umfeld gehen. Der Autor des antisemitischen Machwerks, der US-Neonazi William Pierce, soll einem verurteilten [&hellip;]\" \/>\n<meta property=\"og:url\" content=\"https:\/\/blog.zeit.de\/nsu-prozess-blog\/2014\/09\/04\/medienlog-umfeld-roman-bomben\/\" \/>\n<meta property=\"og:site_name\" content=\"Das NSU-Prozess-Blog\" \/>\n<meta property=\"article:published_time\" content=\"2014-09-04T06:16:04+00:00\" \/>\n<meta name=\"author\" content=\"Tom Sundermann\" \/>\n<meta name=\"twitter:label1\" content=\"Geschrieben von\" \/>\n\t<meta name=\"twitter:data1\" content=\"Tom Sundermann\" \/>\n\t<meta name=\"twitter:label2\" content=\"Gesch\u00e4tzte Lesezeit\" \/>\n\t<meta name=\"twitter:data2\" content=\"1\u00a0Minute\" \/>\n<script type=\"application\/ld+json\" class=\"yoast-schema-graph\">{\"@context\":\"https:\/\/schema.org\",\"@graph\":[{\"@type\":\"WebPage\",\"@id\":\"https:\/\/blog.zeit.de\/nsu-prozess-blog\/2014\/09\/04\/medienlog-umfeld-roman-bomben\/\",\"url\":\"https:\/\/blog.zeit.de\/nsu-prozess-blog\/2014\/09\/04\/medienlog-umfeld-roman-bomben\/\",\"name\":\"Neue Beweisst\u00fccke sollen Umfeld ausleuchten \u2013 Das Medienlog vom Donnerstag, 4. September 2014 - Das NSU-Prozess-Blog\",\"isPartOf\":{\"@id\":\"https:\/\/blog.zeit.de\/nsu-prozess-blog\/#website\"},\"datePublished\":\"2014-09-04T06:16:04+00:00\",\"dateModified\":\"2014-09-04T06:16:04+00:00\",\"author\":{\"@id\":\"https:\/\/blog.zeit.de\/nsu-prozess-blog\/#\/schema\/person\/553ea9bb5d1fc2ae054c589bd59380a5\"},\"breadcrumb\":{\"@id\":\"https:\/\/blog.zeit.de\/nsu-prozess-blog\/2014\/09\/04\/medienlog-umfeld-roman-bomben\/#breadcrumb\"},\"inLanguage\":\"de\",\"potentialAction\":[{\"@type\":\"ReadAction\",\"target\":[\"https:\/\/blog.zeit.de\/nsu-prozess-blog\/2014\/09\/04\/medienlog-umfeld-roman-bomben\/\"]}]},{\"@type\":\"BreadcrumbList\",\"@id\":\"https:\/\/blog.zeit.de\/nsu-prozess-blog\/2014\/09\/04\/medienlog-umfeld-roman-bomben\/#breadcrumb\",\"itemListElement\":[{\"@type\":\"ListItem\",\"position\":1,\"name\":\"Startseite\",\"item\":\"https:\/\/blog.zeit.de\/nsu-prozess-blog\/\"},{\"@type\":\"ListItem\",\"position\":2,\"name\":\"Neue Beweisst\u00fccke sollen Umfeld ausleuchten \u2013 Das Medienlog vom Donnerstag, 4. September 2014\"}]},{\"@type\":\"WebSite\",\"@id\":\"https:\/\/blog.zeit.de\/nsu-prozess-blog\/#website\",\"url\":\"https:\/\/blog.zeit.de\/nsu-prozess-blog\/\",\"name\":\"Das NSU-Prozess-Blog\",\"description\":\"Alle Berichte zum Terrorverfahren in M\u00fcnchen\",\"potentialAction\":[{\"@type\":\"SearchAction\",\"target\":{\"@type\":\"EntryPoint\",\"urlTemplate\":\"https:\/\/blog.zeit.de\/nsu-prozess-blog\/?s={search_term_string}\"},\"query-input\":\"required name=search_term_string\"}],\"inLanguage\":\"de\"},{\"@type\":\"Person\",\"@id\":\"https:\/\/blog.zeit.de\/nsu-prozess-blog\/#\/schema\/person\/553ea9bb5d1fc2ae054c589bd59380a5\",\"name\":\"Tom Sundermann\",\"image\":{\"@type\":\"ImageObject\",\"inLanguage\":\"de\",\"@id\":\"https:\/\/blog.zeit.de\/nsu-prozess-blog\/#\/schema\/person\/image\/\",\"url\":\"https:\/\/secure.gravatar.com\/avatar\/e108a3dc18766f719b2f797dc5d19093f06a1870c55b553ab6b7563f1f9a5e68?s=96&d=mm&r=g\",\"contentUrl\":\"https:\/\/secure.gravatar.com\/avatar\/e108a3dc18766f719b2f797dc5d19093f06a1870c55b553ab6b7563f1f9a5e68?s=96&d=mm&r=g\",\"caption\":\"Tom Sundermann\"},\"sameAs\":[\"https:\/\/twitter.com\/messeticker\"],\"url\":\"https:\/\/blog.zeit.de\/nsu-prozess-blog\/author\/tsundermann\/\"}]}<\/script>\n<!-- \/ Yoast SEO plugin. -->","yoast_head_json":{"title":"Neue Beweisst\u00fccke sollen Umfeld ausleuchten \u2013 Das Medienlog vom Donnerstag, 4. September 2014 - Das NSU-Prozess-Blog","robots":{"index":"index","follow":"follow","max-snippet":"max-snippet:-1","max-image-preview":"max-image-preview:large","max-video-preview":"max-video-preview:-1"},"canonical":"https:\/\/blog.zeit.de\/nsu-prozess-blog\/2014\/09\/04\/medienlog-umfeld-roman-bomben\/","og_locale":"de_DE","og_type":"article","og_title":"Neue Beweisst\u00fccke sollen Umfeld ausleuchten \u2013 Das Medienlog vom Donnerstag, 4. September 2014 - Das NSU-Prozess-Blog","og_description":"Bei gewissenhafter Vorbereitung hatten die Prozessbeteiligten wenig Freizeit in der vierw\u00f6chigen Sommerpause, die heute endet: Der Strafsenat hat mehrere Schriftst\u00fccke als Beweise in das Verfahren eingef\u00fchrt, darunter einen Roman, wie dpa-Autor Christoph Lemmer berichtet. Dabei soll es auch um Kontakte ins NSU-Umfeld gehen. Der Autor des antisemitischen Machwerks, der US-Neonazi William Pierce, soll einem verurteilten [&hellip;]","og_url":"https:\/\/blog.zeit.de\/nsu-prozess-blog\/2014\/09\/04\/medienlog-umfeld-roman-bomben\/","og_site_name":"Das NSU-Prozess-Blog","article_published_time":"2014-09-04T06:16:04+00:00","author":"Tom Sundermann","twitter_misc":{"Geschrieben von":"Tom Sundermann","Gesch\u00e4tzte Lesezeit":"1\u00a0Minute"},"schema":{"@context":"https:\/\/schema.org","@graph":[{"@type":"WebPage","@id":"https:\/\/blog.zeit.de\/nsu-prozess-blog\/2014\/09\/04\/medienlog-umfeld-roman-bomben\/","url":"https:\/\/blog.zeit.de\/nsu-prozess-blog\/2014\/09\/04\/medienlog-umfeld-roman-bomben\/","name":"Neue Beweisst\u00fccke sollen Umfeld ausleuchten \u2013 Das Medienlog vom Donnerstag, 4. September 2014 - Das NSU-Prozess-Blog","isPartOf":{"@id":"https:\/\/blog.zeit.de\/nsu-prozess-blog\/#website"},"datePublished":"2014-09-04T06:16:04+00:00","dateModified":"2014-09-04T06:16:04+00:00","author":{"@id":"https:\/\/blog.zeit.de\/nsu-prozess-blog\/#\/schema\/person\/553ea9bb5d1fc2ae054c589bd59380a5"},"breadcrumb":{"@id":"https:\/\/blog.zeit.de\/nsu-prozess-blog\/2014\/09\/04\/medienlog-umfeld-roman-bomben\/#breadcrumb"},"inLanguage":"de","potentialAction":[{"@type":"ReadAction","target":["https:\/\/blog.zeit.de\/nsu-prozess-blog\/2014\/09\/04\/medienlog-umfeld-roman-bomben\/"]}]},{"@type":"BreadcrumbList","@id":"https:\/\/blog.zeit.de\/nsu-prozess-blog\/2014\/09\/04\/medienlog-umfeld-roman-bomben\/#breadcrumb","itemListElement":[{"@type":"ListItem","position":1,"name":"Startseite","item":"https:\/\/blog.zeit.de\/nsu-prozess-blog\/"},{"@type":"ListItem","position":2,"name":"Neue Beweisst\u00fccke sollen Umfeld ausleuchten \u2013 Das Medienlog vom Donnerstag, 4. September 2014"}]},{"@type":"WebSite","@id":"https:\/\/blog.zeit.de\/nsu-prozess-blog\/#website","url":"https:\/\/blog.zeit.de\/nsu-prozess-blog\/","name":"Das NSU-Prozess-Blog","description":"Alle Berichte zum Terrorverfahren in M\u00fcnchen","potentialAction":[{"@type":"SearchAction","target":{"@type":"EntryPoint","urlTemplate":"https:\/\/blog.zeit.de\/nsu-prozess-blog\/?s={search_term_string}"},"query-input":"required name=search_term_string"}],"inLanguage":"de"},{"@type":"Person","@id":"https:\/\/blog.zeit.de\/nsu-prozess-blog\/#\/schema\/person\/553ea9bb5d1fc2ae054c589bd59380a5","name":"Tom Sundermann","image":{"@type":"ImageObject","inLanguage":"de","@id":"https:\/\/blog.zeit.de\/nsu-prozess-blog\/#\/schema\/person\/image\/","url":"https:\/\/secure.gravatar.com\/avatar\/e108a3dc18766f719b2f797dc5d19093f06a1870c55b553ab6b7563f1f9a5e68?s=96&d=mm&r=g","contentUrl":"https:\/\/secure.gravatar.com\/avatar\/e108a3dc18766f719b2f797dc5d19093f06a1870c55b553ab6b7563f1f9a5e68?s=96&d=mm&r=g","caption":"Tom Sundermann"},"sameAs":["https:\/\/twitter.com\/messeticker"],"url":"https:\/\/blog.zeit.de\/nsu-prozess-blog\/author\/tsundermann\/"}]}},"jetpack_featured_media_url":"","jetpack_sharing_enabled":true,"_links":{"self":[{"href":"https:\/\/blog.zeit.de\/nsu-prozess-blog\/wp-json\/wp\/v2\/posts\/7498","targetHints":{"allow":["GET"]}}],"collection":[{"href":"https:\/\/blog.zeit.de\/nsu-prozess-blog\/wp-json\/wp\/v2\/posts"}],"about":[{"href":"https:\/\/blog.zeit.de\/nsu-prozess-blog\/wp-json\/wp\/v2\/types\/post"}],"author":[{"embeddable":true,"href":"https:\/\/blog.zeit.de\/nsu-prozess-blog\/wp-json\/wp\/v2\/users\/435"}],"replies":[{"embeddable":true,"href":"https:\/\/blog.zeit.de\/nsu-prozess-blog\/wp-json\/wp\/v2\/comments?post=7498"}],"version-history":[{"count":3,"href":"https:\/\/blog.zeit.de\/nsu-prozess-blog\/wp-json\/wp\/v2\/posts\/7498\/revisions"}],"predecessor-version":[{"id":7501,"href":"https:\/\/blog.zeit.de\/nsu-prozess-blog\/wp-json\/wp\/v2\/posts\/7498\/revisions\/7501"}],"wp:attachment":[{"href":"https:\/\/blog.zeit.de\/nsu-prozess-blog\/wp-json\/wp\/v2\/media?parent=7498"}],"wp:term":[{"taxonomy":"category","embeddable":true,"href":"https:\/\/blog.zeit.de\/nsu-prozess-blog\/wp-json\/wp\/v2\/categories?post=7498"},{"taxonomy":"post_tag","embeddable":true,"href":"https:\/\/blog.zeit.de\/nsu-prozess-blog\/wp-json\/wp\/v2\/tags?post=7498"}],"curies":[{"name":"wp","href":"https:\/\/api.w.org\/{rel}","templated":true}]}}