{"id":7520,"date":"2014-09-05T19:15:21","date_gmt":"2014-09-05T17:15:21","guid":{"rendered":"http:\/\/blog.zeit.de\/nsu-prozess-blog\/?p=7520"},"modified":"2015-08-04T17:40:38","modified_gmt":"2015-08-04T15:40:38","slug":"rassenkrieg-im-erzgebirge","status":"publish","type":"post","link":"https:\/\/blog.zeit.de\/nsu-prozess-blog\/2014\/09\/05\/rassenkrieg-im-erzgebirge\/","title":{"rendered":"Rechtes Spitzenpersonal aus dem Erzgebirge"},"content":{"rendered":"<p><strong>Der Bruder des Angeklagten Andr\u00e9 E. hat im NSU-Prozess die Aussage verweigert. Der Fall der Familie zeigt, wie sich in Ostdeutschland die Ideologie des Fremdenhasses verbreiten konnte.<\/strong><\/p>\n<p>Andr\u00e9 E. setzt ein triumphierendes Grinsen auf und blickt zu seinem Zwillingsbruder Maik, der auf der Zuschauertrib\u00fcne in der ersten Reihe sitzt. Der grinst, genauso breit, zur\u00fcck. Sein Bruder ist angeklagt als Helfer des NSU, er soll dem Trio aus Beate Zsch\u00e4pe, Uwe Mundlos und Uwe B\u00f6hnhardt Ausweise besorgt und Wohnmobile f\u00fcr sie gemietet haben. Grund f\u00fcr die Heiterkeit der Geschwister ist der Auftritt ihres gemeinsamen gro\u00dfen Bruders Ronny E., der kurz zuvor den Gerichtssaal verlassen hat.<\/p>\n<p><!--more--><\/p>\n<p>Ronny E., ein gro\u00dfgewachsener Mann mit raspelkurzen Haaren, hatte sich genauso verhalten, wie Andr\u00e9 E. und seine Verteidiger sich das vorgestellt hatten: sagte Name, Alter und Adresse auf, und dass er von seinem Recht auf Zeugnisverweigerung Gebrauch machen wolle. Damit zog der 41-J\u00e4hrige von dannen \u2013 und mit ihm die Gelegenheit, das Abrutschen eines jungen Mannes in die Ideologie des Rechtsextremismus nachzuvollziehen.<\/p>\n<p>Dass E. die Aussage verweigerte, war keine Selbstverst\u00e4ndlichkeit: Prozessbeobachter hatten eine Einlassung am 137. Prozesstag f\u00fcr m\u00f6glich gehalten, weil der gro\u00dfe Bruder die Ansichten der Zwillinge nicht teilt, wie er behauptet. Freitagmittag wurde dann klar: Der famili\u00e4re Zusammenhalt gilt Ronny E. mehr.<\/p>\n<p>Dahinter steht die Geschichte der vier Kinder der Familie E., die sich zwar auseinanderlebten, es jedoch verstanden, das Thema Politik aus den verwandtschaftlichen Banden herauszuhalten. Die Tochter der Familie wurde 1970 geboren, die Zwillinge Maik und Andr\u00e9 1979. Es war ein b\u00fcrgerliches Leben in Johanngeorgenstadt im Erzgebirge, das die Kinder bis heute pr\u00e4gt: Andr\u00e9 gr\u00fcndete mit seiner Frau bald selbst eine Familie \u2013 den beiden S\u00f6hnen gaben sie betont germanische Namen, zu Weihnachten verschickten sie Karten, auf denen sie &#8222;ein sch\u00f6nes und besinnliches Julfest&#8220; w\u00fcnschten. Maik und seine Familie zogen sich zu besonderen Anl\u00e4ssen trachten\u00e4hnliche Kleidung an.<\/p>\n<p>Aus fr\u00fcheren Aussagen geht indes hervor, dass die demonstrative Biederkeit nicht immer selbstverst\u00e4ndlich f\u00fcr die Zwillinge war: In der Nachwendezeit, als im Osten reihenweise Betriebe schlossen, rasierten sich in Johanngeorgenstadt viele Jugendliche die Haare ab. Das Auftreten der Neonazis beeindruckte offenbar auch Andr\u00e9 und Maik, die zwischen 15 und 17 Jahren begannen, mit Freunden aus der Szene rumzuh\u00e4ngen und sich zu betrinken.<\/p>\n<p>Bald jedoch gelang es den jungen Br\u00fcdern, sich von den plumpen Rechten abzusetzen und zu Vordenkern zu werden. Um die Jahrtausendwende gr\u00fcndeten sie eine Zeitschrift mit dem Titel <em>The Aryan Law And Order<\/em>, Arisches Gesetz und Ordnung. Beide hatten die Idee einer angeblich \u00fcberlegenen wei\u00dfen Rasse verinnerlicht und einen &#8222;heiligen Rassenkrieg&#8220; ausgerufen. Sie verbreiteten eine Ideologie, in der sich Pseudowissenschaft und nordische Mythen mit blankem Fremdenhass verbanden.<\/p>\n<p>Parallel gr\u00fcndeten sie eine Gruppe mit dem Namen Wei\u00dfe Bruderschaft Erzgebirge, die als eine Art Dachorganisation f\u00fcr mehrere rechte Str\u00f6mungen der Region fungieren sollte. Vorbild f\u00fcr die Ideologie einer Herrschaft der Wei\u00dfen waren die Ideen von Rechtsradikalen aus den USA \u2013 vor allem des Autors William L. Pierce, der den Roman <em>The Turner Diaries<\/em> verfasste. Darin geht es um einen Krieg gegen Menschen anderer Hautfarben.<\/p>\n<p>Das Werk sch\u00e4tzt Richter Manfred G\u00f6tzl als so bedeutend ein, dass er es als Beweisst\u00fcck in den NSU-Prozess einf\u00fchrt. Verfahrensbeteiligte hatten im vergangenen Monat Gelegenheit, das Machwerk im sogenannten Selbstleseverfahren zu lesen. Das Buch ist wiederum Grundlage mehrerer Artikel im <em>Aryan Law And Order<\/em>. Entstanden sein soll die Zeitschrift bei einem Treffen in Chemnitz \u2013 dabei sollen auch Beate Zsch\u00e4pe, Uwe Mundlos und Uwe B\u00f6hnhardt teilgenommen haben. F\u00fcr Andr\u00e9 E. war es wom\u00f6glich der Auftakt einer langj\u00e4hrigen Freundschaft mit mutma\u00dflichen Terroristen.<\/p>\n","protected":false},"excerpt":{"rendered":"<p>Der Bruder des Angeklagten Andr\u00e9 E. hat im NSU-Prozess die Aussage verweigert. Der Fall der Familie zeigt, wie sich in Ostdeutschland die Ideologie des Fremdenhasses verbreiten konnte. Andr\u00e9 E. setzt ein triumphierendes Grinsen auf und blickt zu seinem Zwillingsbruder Maik, der auf der Zuschauertrib\u00fcne in der ersten Reihe sitzt. Der grinst, genauso breit, zur\u00fcck. Sein [&hellip;]<\/p>\n","protected":false},"author":435,"featured_media":0,"comment_status":"open","ping_status":"open","sticky":false,"template":"","format":"standard","meta":{"_jetpack_memberships_contains_paid_content":false,"footnotes":""},"categories":[16],"tags":[],"class_list":["post-7520","post","type-post","status-publish","format-standard","hentry","category-allgemein"],"yoast_head":"<!-- This site is optimized with the Yoast SEO plugin v21.0 - https:\/\/yoast.com\/wordpress\/plugins\/seo\/ -->\n<title>Rechtes Spitzenpersonal aus dem Erzgebirge - Das NSU-Prozess-Blog<\/title>\n<meta name=\"robots\" content=\"index, follow, max-snippet:-1, max-image-preview:large, max-video-preview:-1\" \/>\n<link rel=\"canonical\" href=\"https:\/\/blog.zeit.de\/nsu-prozess-blog\/2014\/09\/05\/rassenkrieg-im-erzgebirge\/\" \/>\n<meta property=\"og:locale\" content=\"de_DE\" \/>\n<meta property=\"og:type\" content=\"article\" \/>\n<meta property=\"og:title\" content=\"Rechtes Spitzenpersonal aus dem Erzgebirge - Das NSU-Prozess-Blog\" \/>\n<meta property=\"og:description\" content=\"Der Bruder des Angeklagten Andr\u00e9 E. hat im NSU-Prozess die Aussage verweigert. Der Fall der Familie zeigt, wie sich in Ostdeutschland die Ideologie des Fremdenhasses verbreiten konnte. Andr\u00e9 E. setzt ein triumphierendes Grinsen auf und blickt zu seinem Zwillingsbruder Maik, der auf der Zuschauertrib\u00fcne in der ersten Reihe sitzt. Der grinst, genauso breit, zur\u00fcck. Sein [&hellip;]\" \/>\n<meta property=\"og:url\" content=\"https:\/\/blog.zeit.de\/nsu-prozess-blog\/2014\/09\/05\/rassenkrieg-im-erzgebirge\/\" \/>\n<meta property=\"og:site_name\" content=\"Das NSU-Prozess-Blog\" \/>\n<meta property=\"article:published_time\" content=\"2014-09-05T17:15:21+00:00\" \/>\n<meta property=\"article:modified_time\" content=\"2015-08-04T15:40:38+00:00\" \/>\n<meta name=\"author\" content=\"Tom Sundermann\" \/>\n<meta name=\"twitter:label1\" content=\"Geschrieben von\" \/>\n\t<meta name=\"twitter:data1\" content=\"Tom Sundermann\" \/>\n\t<meta name=\"twitter:label2\" content=\"Gesch\u00e4tzte Lesezeit\" \/>\n\t<meta name=\"twitter:data2\" content=\"3\u00a0Minuten\" \/>\n<script type=\"application\/ld+json\" class=\"yoast-schema-graph\">{\"@context\":\"https:\/\/schema.org\",\"@graph\":[{\"@type\":\"WebPage\",\"@id\":\"https:\/\/blog.zeit.de\/nsu-prozess-blog\/2014\/09\/05\/rassenkrieg-im-erzgebirge\/\",\"url\":\"https:\/\/blog.zeit.de\/nsu-prozess-blog\/2014\/09\/05\/rassenkrieg-im-erzgebirge\/\",\"name\":\"Rechtes Spitzenpersonal aus dem Erzgebirge - Das NSU-Prozess-Blog\",\"isPartOf\":{\"@id\":\"https:\/\/blog.zeit.de\/nsu-prozess-blog\/#website\"},\"datePublished\":\"2014-09-05T17:15:21+00:00\",\"dateModified\":\"2015-08-04T15:40:38+00:00\",\"author\":{\"@id\":\"https:\/\/blog.zeit.de\/nsu-prozess-blog\/#\/schema\/person\/553ea9bb5d1fc2ae054c589bd59380a5\"},\"breadcrumb\":{\"@id\":\"https:\/\/blog.zeit.de\/nsu-prozess-blog\/2014\/09\/05\/rassenkrieg-im-erzgebirge\/#breadcrumb\"},\"inLanguage\":\"de\",\"potentialAction\":[{\"@type\":\"ReadAction\",\"target\":[\"https:\/\/blog.zeit.de\/nsu-prozess-blog\/2014\/09\/05\/rassenkrieg-im-erzgebirge\/\"]}]},{\"@type\":\"BreadcrumbList\",\"@id\":\"https:\/\/blog.zeit.de\/nsu-prozess-blog\/2014\/09\/05\/rassenkrieg-im-erzgebirge\/#breadcrumb\",\"itemListElement\":[{\"@type\":\"ListItem\",\"position\":1,\"name\":\"Startseite\",\"item\":\"https:\/\/blog.zeit.de\/nsu-prozess-blog\/\"},{\"@type\":\"ListItem\",\"position\":2,\"name\":\"Rechtes Spitzenpersonal aus dem Erzgebirge\"}]},{\"@type\":\"WebSite\",\"@id\":\"https:\/\/blog.zeit.de\/nsu-prozess-blog\/#website\",\"url\":\"https:\/\/blog.zeit.de\/nsu-prozess-blog\/\",\"name\":\"Das NSU-Prozess-Blog\",\"description\":\"Alle Berichte zum Terrorverfahren in M\u00fcnchen\",\"potentialAction\":[{\"@type\":\"SearchAction\",\"target\":{\"@type\":\"EntryPoint\",\"urlTemplate\":\"https:\/\/blog.zeit.de\/nsu-prozess-blog\/?s={search_term_string}\"},\"query-input\":\"required name=search_term_string\"}],\"inLanguage\":\"de\"},{\"@type\":\"Person\",\"@id\":\"https:\/\/blog.zeit.de\/nsu-prozess-blog\/#\/schema\/person\/553ea9bb5d1fc2ae054c589bd59380a5\",\"name\":\"Tom Sundermann\",\"image\":{\"@type\":\"ImageObject\",\"inLanguage\":\"de\",\"@id\":\"https:\/\/blog.zeit.de\/nsu-prozess-blog\/#\/schema\/person\/image\/\",\"url\":\"https:\/\/secure.gravatar.com\/avatar\/e108a3dc18766f719b2f797dc5d19093f06a1870c55b553ab6b7563f1f9a5e68?s=96&d=mm&r=g\",\"contentUrl\":\"https:\/\/secure.gravatar.com\/avatar\/e108a3dc18766f719b2f797dc5d19093f06a1870c55b553ab6b7563f1f9a5e68?s=96&d=mm&r=g\",\"caption\":\"Tom Sundermann\"},\"sameAs\":[\"https:\/\/twitter.com\/messeticker\"],\"url\":\"https:\/\/blog.zeit.de\/nsu-prozess-blog\/author\/tsundermann\/\"}]}<\/script>\n<!-- \/ Yoast SEO plugin. -->","yoast_head_json":{"title":"Rechtes Spitzenpersonal aus dem Erzgebirge - Das NSU-Prozess-Blog","robots":{"index":"index","follow":"follow","max-snippet":"max-snippet:-1","max-image-preview":"max-image-preview:large","max-video-preview":"max-video-preview:-1"},"canonical":"https:\/\/blog.zeit.de\/nsu-prozess-blog\/2014\/09\/05\/rassenkrieg-im-erzgebirge\/","og_locale":"de_DE","og_type":"article","og_title":"Rechtes Spitzenpersonal aus dem Erzgebirge - Das NSU-Prozess-Blog","og_description":"Der Bruder des Angeklagten Andr\u00e9 E. hat im NSU-Prozess die Aussage verweigert. Der Fall der Familie zeigt, wie sich in Ostdeutschland die Ideologie des Fremdenhasses verbreiten konnte. Andr\u00e9 E. setzt ein triumphierendes Grinsen auf und blickt zu seinem Zwillingsbruder Maik, der auf der Zuschauertrib\u00fcne in der ersten Reihe sitzt. Der grinst, genauso breit, zur\u00fcck. Sein [&hellip;]","og_url":"https:\/\/blog.zeit.de\/nsu-prozess-blog\/2014\/09\/05\/rassenkrieg-im-erzgebirge\/","og_site_name":"Das NSU-Prozess-Blog","article_published_time":"2014-09-05T17:15:21+00:00","article_modified_time":"2015-08-04T15:40:38+00:00","author":"Tom Sundermann","twitter_misc":{"Geschrieben von":"Tom Sundermann","Gesch\u00e4tzte Lesezeit":"3\u00a0Minuten"},"schema":{"@context":"https:\/\/schema.org","@graph":[{"@type":"WebPage","@id":"https:\/\/blog.zeit.de\/nsu-prozess-blog\/2014\/09\/05\/rassenkrieg-im-erzgebirge\/","url":"https:\/\/blog.zeit.de\/nsu-prozess-blog\/2014\/09\/05\/rassenkrieg-im-erzgebirge\/","name":"Rechtes Spitzenpersonal aus dem Erzgebirge - Das NSU-Prozess-Blog","isPartOf":{"@id":"https:\/\/blog.zeit.de\/nsu-prozess-blog\/#website"},"datePublished":"2014-09-05T17:15:21+00:00","dateModified":"2015-08-04T15:40:38+00:00","author":{"@id":"https:\/\/blog.zeit.de\/nsu-prozess-blog\/#\/schema\/person\/553ea9bb5d1fc2ae054c589bd59380a5"},"breadcrumb":{"@id":"https:\/\/blog.zeit.de\/nsu-prozess-blog\/2014\/09\/05\/rassenkrieg-im-erzgebirge\/#breadcrumb"},"inLanguage":"de","potentialAction":[{"@type":"ReadAction","target":["https:\/\/blog.zeit.de\/nsu-prozess-blog\/2014\/09\/05\/rassenkrieg-im-erzgebirge\/"]}]},{"@type":"BreadcrumbList","@id":"https:\/\/blog.zeit.de\/nsu-prozess-blog\/2014\/09\/05\/rassenkrieg-im-erzgebirge\/#breadcrumb","itemListElement":[{"@type":"ListItem","position":1,"name":"Startseite","item":"https:\/\/blog.zeit.de\/nsu-prozess-blog\/"},{"@type":"ListItem","position":2,"name":"Rechtes Spitzenpersonal aus dem Erzgebirge"}]},{"@type":"WebSite","@id":"https:\/\/blog.zeit.de\/nsu-prozess-blog\/#website","url":"https:\/\/blog.zeit.de\/nsu-prozess-blog\/","name":"Das NSU-Prozess-Blog","description":"Alle Berichte zum Terrorverfahren in M\u00fcnchen","potentialAction":[{"@type":"SearchAction","target":{"@type":"EntryPoint","urlTemplate":"https:\/\/blog.zeit.de\/nsu-prozess-blog\/?s={search_term_string}"},"query-input":"required name=search_term_string"}],"inLanguage":"de"},{"@type":"Person","@id":"https:\/\/blog.zeit.de\/nsu-prozess-blog\/#\/schema\/person\/553ea9bb5d1fc2ae054c589bd59380a5","name":"Tom Sundermann","image":{"@type":"ImageObject","inLanguage":"de","@id":"https:\/\/blog.zeit.de\/nsu-prozess-blog\/#\/schema\/person\/image\/","url":"https:\/\/secure.gravatar.com\/avatar\/e108a3dc18766f719b2f797dc5d19093f06a1870c55b553ab6b7563f1f9a5e68?s=96&d=mm&r=g","contentUrl":"https:\/\/secure.gravatar.com\/avatar\/e108a3dc18766f719b2f797dc5d19093f06a1870c55b553ab6b7563f1f9a5e68?s=96&d=mm&r=g","caption":"Tom Sundermann"},"sameAs":["https:\/\/twitter.com\/messeticker"],"url":"https:\/\/blog.zeit.de\/nsu-prozess-blog\/author\/tsundermann\/"}]}},"jetpack_featured_media_url":"","jetpack_sharing_enabled":true,"_links":{"self":[{"href":"https:\/\/blog.zeit.de\/nsu-prozess-blog\/wp-json\/wp\/v2\/posts\/7520","targetHints":{"allow":["GET"]}}],"collection":[{"href":"https:\/\/blog.zeit.de\/nsu-prozess-blog\/wp-json\/wp\/v2\/posts"}],"about":[{"href":"https:\/\/blog.zeit.de\/nsu-prozess-blog\/wp-json\/wp\/v2\/types\/post"}],"author":[{"embeddable":true,"href":"https:\/\/blog.zeit.de\/nsu-prozess-blog\/wp-json\/wp\/v2\/users\/435"}],"replies":[{"embeddable":true,"href":"https:\/\/blog.zeit.de\/nsu-prozess-blog\/wp-json\/wp\/v2\/comments?post=7520"}],"version-history":[{"count":9,"href":"https:\/\/blog.zeit.de\/nsu-prozess-blog\/wp-json\/wp\/v2\/posts\/7520\/revisions"}],"predecessor-version":[{"id":9740,"href":"https:\/\/blog.zeit.de\/nsu-prozess-blog\/wp-json\/wp\/v2\/posts\/7520\/revisions\/9740"}],"wp:attachment":[{"href":"https:\/\/blog.zeit.de\/nsu-prozess-blog\/wp-json\/wp\/v2\/media?parent=7520"}],"wp:term":[{"taxonomy":"category","embeddable":true,"href":"https:\/\/blog.zeit.de\/nsu-prozess-blog\/wp-json\/wp\/v2\/categories?post=7520"},{"taxonomy":"post_tag","embeddable":true,"href":"https:\/\/blog.zeit.de\/nsu-prozess-blog\/wp-json\/wp\/v2\/tags?post=7520"}],"curies":[{"name":"wp","href":"https:\/\/api.w.org\/{rel}","templated":true}]}}