{"id":7549,"date":"2014-09-18T07:00:26","date_gmt":"2014-09-18T05:00:26","guid":{"rendered":"http:\/\/blog.zeit.de\/nsu-prozess-blog\/?p=7549"},"modified":"2014-09-11T13:37:37","modified_gmt":"2014-09-11T11:37:37","slug":"140-prozesstag-erster-nsu-mord-erneut-vor-gericht","status":"publish","type":"post","link":"https:\/\/blog.zeit.de\/nsu-prozess-blog\/2014\/09\/18\/140-prozesstag-erster-nsu-mord-erneut-vor-gericht\/","title":{"rendered":"140. Prozesstag \u2013 Erster NSU-Mord erneut vor Gericht"},"content":{"rendered":"<p>Erneut greift das Gericht am Donnerstag den ersten Mord der NSU-Serie an <a href=\"http:\/\/www.zeit.de\/gesellschaft\/2013-07\/nsu-prozess-simsek\">Enver Simsek<\/a> auf. Der Blumenh\u00e4ndler aus Hessen wurde am 9. September 2000 in N\u00fcrnberg erschossen. Geladen ist der damals zust\u00e4ndige Ermittler Albert V\u00f6geler, der bereits vor mehr als einem Jahr in dem Fall ausgesagt hatte und auch f\u00fcr den Mord an <a href=\"http:\/\/www.zeit.de\/gesellschaft\/zeitgeschehen\/2013-06\/nsu-prozess-zeugen\">Abdurrahim \u00d6z\u00fcdogru<\/a> zust\u00e4ndig war. In der ersten Befragung hatte sich herauskristallisiert, dass die Polizisten mit Nachdruck Spuren ins Drogen- und Kriminalit\u00e4tsmilieu folgten, doch Rechtsterrorismus als Motiv ignorierten. Zu erwarten ist daher, dass die Anw\u00e4lte der Nebenklage viele Fragen an den Zeugen haben.<\/p>\n<p><em>Informationen aus der Verhandlung gibt es <a href=\"https:\/\/twitter.com\/zeitonline\/lists\/nsu-prozess\">via Twitter hier<\/a>. Die Berichte dar\u00fcber fassen wir morgen im <a href=\"https:\/\/blog.zeit.de\/nsu-prozess-blog\/category\/medienschau\/\">NSU-Medienlog<\/a> zusammen.<\/em><\/p>\n","protected":false},"excerpt":{"rendered":"<p>Erneut greift das Gericht am Donnerstag den ersten Mord der NSU-Serie an Enver Simsek auf. Der Blumenh\u00e4ndler aus Hessen wurde am 9. September 2000 in N\u00fcrnberg erschossen. Geladen ist der damals zust\u00e4ndige Ermittler Albert V\u00f6geler, der bereits vor mehr als einem Jahr in dem Fall ausgesagt hatte und auch f\u00fcr den Mord an Abdurrahim \u00d6z\u00fcdogru [&hellip;]<\/p>\n","protected":false},"author":435,"featured_media":0,"comment_status":"open","ping_status":"open","sticky":false,"template":"","format":"standard","meta":{"_jetpack_memberships_contains_paid_content":false,"footnotes":""},"categories":[27531],"tags":[27554,27571,698],"class_list":["post-7549","post","type-post","status-publish","format-standard","hentry","category-medienschau","tag-abdurrahim-ozudogru","tag-enver-simsek","tag-nurnberg"],"yoast_head":"<!-- This site is optimized with the Yoast SEO plugin v21.0 - https:\/\/yoast.com\/wordpress\/plugins\/seo\/ -->\n<title>140. Prozesstag \u2013 Erster NSU-Mord erneut vor Gericht - Das NSU-Prozess-Blog<\/title>\n<meta name=\"robots\" content=\"index, follow, max-snippet:-1, max-image-preview:large, max-video-preview:-1\" \/>\n<link rel=\"canonical\" href=\"https:\/\/blog.zeit.de\/nsu-prozess-blog\/2014\/09\/18\/140-prozesstag-erster-nsu-mord-erneut-vor-gericht\/\" \/>\n<meta property=\"og:locale\" content=\"de_DE\" \/>\n<meta property=\"og:type\" content=\"article\" \/>\n<meta property=\"og:title\" content=\"140. Prozesstag \u2013 Erster NSU-Mord erneut vor Gericht - Das NSU-Prozess-Blog\" \/>\n<meta property=\"og:description\" content=\"Erneut greift das Gericht am Donnerstag den ersten Mord der NSU-Serie an Enver Simsek auf. Der Blumenh\u00e4ndler aus Hessen wurde am 9. September 2000 in N\u00fcrnberg erschossen. Geladen ist der damals zust\u00e4ndige Ermittler Albert V\u00f6geler, der bereits vor mehr als einem Jahr in dem Fall ausgesagt hatte und auch f\u00fcr den Mord an Abdurrahim \u00d6z\u00fcdogru [&hellip;]\" \/>\n<meta property=\"og:url\" content=\"https:\/\/blog.zeit.de\/nsu-prozess-blog\/2014\/09\/18\/140-prozesstag-erster-nsu-mord-erneut-vor-gericht\/\" \/>\n<meta property=\"og:site_name\" content=\"Das NSU-Prozess-Blog\" \/>\n<meta property=\"article:published_time\" content=\"2014-09-18T05:00:26+00:00\" \/>\n<meta property=\"article:modified_time\" content=\"2014-09-11T11:37:37+00:00\" \/>\n<meta name=\"author\" content=\"Tom Sundermann\" \/>\n<meta name=\"twitter:label1\" content=\"Geschrieben von\" \/>\n\t<meta name=\"twitter:data1\" content=\"Tom Sundermann\" \/>\n\t<meta name=\"twitter:label2\" content=\"Gesch\u00e4tzte Lesezeit\" \/>\n\t<meta name=\"twitter:data2\" content=\"1\u00a0Minute\" \/>\n<script type=\"application\/ld+json\" class=\"yoast-schema-graph\">{\"@context\":\"https:\/\/schema.org\",\"@graph\":[{\"@type\":\"WebPage\",\"@id\":\"https:\/\/blog.zeit.de\/nsu-prozess-blog\/2014\/09\/18\/140-prozesstag-erster-nsu-mord-erneut-vor-gericht\/\",\"url\":\"https:\/\/blog.zeit.de\/nsu-prozess-blog\/2014\/09\/18\/140-prozesstag-erster-nsu-mord-erneut-vor-gericht\/\",\"name\":\"140. Prozesstag \u2013 Erster NSU-Mord erneut vor Gericht - Das NSU-Prozess-Blog\",\"isPartOf\":{\"@id\":\"https:\/\/blog.zeit.de\/nsu-prozess-blog\/#website\"},\"datePublished\":\"2014-09-18T05:00:26+00:00\",\"dateModified\":\"2014-09-11T11:37:37+00:00\",\"author\":{\"@id\":\"https:\/\/blog.zeit.de\/nsu-prozess-blog\/#\/schema\/person\/553ea9bb5d1fc2ae054c589bd59380a5\"},\"breadcrumb\":{\"@id\":\"https:\/\/blog.zeit.de\/nsu-prozess-blog\/2014\/09\/18\/140-prozesstag-erster-nsu-mord-erneut-vor-gericht\/#breadcrumb\"},\"inLanguage\":\"de\",\"potentialAction\":[{\"@type\":\"ReadAction\",\"target\":[\"https:\/\/blog.zeit.de\/nsu-prozess-blog\/2014\/09\/18\/140-prozesstag-erster-nsu-mord-erneut-vor-gericht\/\"]}]},{\"@type\":\"BreadcrumbList\",\"@id\":\"https:\/\/blog.zeit.de\/nsu-prozess-blog\/2014\/09\/18\/140-prozesstag-erster-nsu-mord-erneut-vor-gericht\/#breadcrumb\",\"itemListElement\":[{\"@type\":\"ListItem\",\"position\":1,\"name\":\"Startseite\",\"item\":\"https:\/\/blog.zeit.de\/nsu-prozess-blog\/\"},{\"@type\":\"ListItem\",\"position\":2,\"name\":\"140. Prozesstag \u2013 Erster NSU-Mord erneut vor Gericht\"}]},{\"@type\":\"WebSite\",\"@id\":\"https:\/\/blog.zeit.de\/nsu-prozess-blog\/#website\",\"url\":\"https:\/\/blog.zeit.de\/nsu-prozess-blog\/\",\"name\":\"Das NSU-Prozess-Blog\",\"description\":\"Alle Berichte zum Terrorverfahren in M\u00fcnchen\",\"potentialAction\":[{\"@type\":\"SearchAction\",\"target\":{\"@type\":\"EntryPoint\",\"urlTemplate\":\"https:\/\/blog.zeit.de\/nsu-prozess-blog\/?s={search_term_string}\"},\"query-input\":\"required name=search_term_string\"}],\"inLanguage\":\"de\"},{\"@type\":\"Person\",\"@id\":\"https:\/\/blog.zeit.de\/nsu-prozess-blog\/#\/schema\/person\/553ea9bb5d1fc2ae054c589bd59380a5\",\"name\":\"Tom Sundermann\",\"image\":{\"@type\":\"ImageObject\",\"inLanguage\":\"de\",\"@id\":\"https:\/\/blog.zeit.de\/nsu-prozess-blog\/#\/schema\/person\/image\/\",\"url\":\"https:\/\/secure.gravatar.com\/avatar\/e108a3dc18766f719b2f797dc5d19093f06a1870c55b553ab6b7563f1f9a5e68?s=96&d=mm&r=g\",\"contentUrl\":\"https:\/\/secure.gravatar.com\/avatar\/e108a3dc18766f719b2f797dc5d19093f06a1870c55b553ab6b7563f1f9a5e68?s=96&d=mm&r=g\",\"caption\":\"Tom Sundermann\"},\"sameAs\":[\"https:\/\/twitter.com\/messeticker\"],\"url\":\"https:\/\/blog.zeit.de\/nsu-prozess-blog\/author\/tsundermann\/\"}]}<\/script>\n<!-- \/ Yoast SEO plugin. -->","yoast_head_json":{"title":"140. Prozesstag \u2013 Erster NSU-Mord erneut vor Gericht - Das NSU-Prozess-Blog","robots":{"index":"index","follow":"follow","max-snippet":"max-snippet:-1","max-image-preview":"max-image-preview:large","max-video-preview":"max-video-preview:-1"},"canonical":"https:\/\/blog.zeit.de\/nsu-prozess-blog\/2014\/09\/18\/140-prozesstag-erster-nsu-mord-erneut-vor-gericht\/","og_locale":"de_DE","og_type":"article","og_title":"140. Prozesstag \u2013 Erster NSU-Mord erneut vor Gericht - Das NSU-Prozess-Blog","og_description":"Erneut greift das Gericht am Donnerstag den ersten Mord der NSU-Serie an Enver Simsek auf. Der Blumenh\u00e4ndler aus Hessen wurde am 9. September 2000 in N\u00fcrnberg erschossen. Geladen ist der damals zust\u00e4ndige Ermittler Albert V\u00f6geler, der bereits vor mehr als einem Jahr in dem Fall ausgesagt hatte und auch f\u00fcr den Mord an Abdurrahim \u00d6z\u00fcdogru [&hellip;]","og_url":"https:\/\/blog.zeit.de\/nsu-prozess-blog\/2014\/09\/18\/140-prozesstag-erster-nsu-mord-erneut-vor-gericht\/","og_site_name":"Das NSU-Prozess-Blog","article_published_time":"2014-09-18T05:00:26+00:00","article_modified_time":"2014-09-11T11:37:37+00:00","author":"Tom Sundermann","twitter_misc":{"Geschrieben von":"Tom Sundermann","Gesch\u00e4tzte Lesezeit":"1\u00a0Minute"},"schema":{"@context":"https:\/\/schema.org","@graph":[{"@type":"WebPage","@id":"https:\/\/blog.zeit.de\/nsu-prozess-blog\/2014\/09\/18\/140-prozesstag-erster-nsu-mord-erneut-vor-gericht\/","url":"https:\/\/blog.zeit.de\/nsu-prozess-blog\/2014\/09\/18\/140-prozesstag-erster-nsu-mord-erneut-vor-gericht\/","name":"140. Prozesstag \u2013 Erster NSU-Mord erneut vor Gericht - Das NSU-Prozess-Blog","isPartOf":{"@id":"https:\/\/blog.zeit.de\/nsu-prozess-blog\/#website"},"datePublished":"2014-09-18T05:00:26+00:00","dateModified":"2014-09-11T11:37:37+00:00","author":{"@id":"https:\/\/blog.zeit.de\/nsu-prozess-blog\/#\/schema\/person\/553ea9bb5d1fc2ae054c589bd59380a5"},"breadcrumb":{"@id":"https:\/\/blog.zeit.de\/nsu-prozess-blog\/2014\/09\/18\/140-prozesstag-erster-nsu-mord-erneut-vor-gericht\/#breadcrumb"},"inLanguage":"de","potentialAction":[{"@type":"ReadAction","target":["https:\/\/blog.zeit.de\/nsu-prozess-blog\/2014\/09\/18\/140-prozesstag-erster-nsu-mord-erneut-vor-gericht\/"]}]},{"@type":"BreadcrumbList","@id":"https:\/\/blog.zeit.de\/nsu-prozess-blog\/2014\/09\/18\/140-prozesstag-erster-nsu-mord-erneut-vor-gericht\/#breadcrumb","itemListElement":[{"@type":"ListItem","position":1,"name":"Startseite","item":"https:\/\/blog.zeit.de\/nsu-prozess-blog\/"},{"@type":"ListItem","position":2,"name":"140. Prozesstag \u2013 Erster NSU-Mord erneut vor Gericht"}]},{"@type":"WebSite","@id":"https:\/\/blog.zeit.de\/nsu-prozess-blog\/#website","url":"https:\/\/blog.zeit.de\/nsu-prozess-blog\/","name":"Das NSU-Prozess-Blog","description":"Alle Berichte zum Terrorverfahren in M\u00fcnchen","potentialAction":[{"@type":"SearchAction","target":{"@type":"EntryPoint","urlTemplate":"https:\/\/blog.zeit.de\/nsu-prozess-blog\/?s={search_term_string}"},"query-input":"required name=search_term_string"}],"inLanguage":"de"},{"@type":"Person","@id":"https:\/\/blog.zeit.de\/nsu-prozess-blog\/#\/schema\/person\/553ea9bb5d1fc2ae054c589bd59380a5","name":"Tom Sundermann","image":{"@type":"ImageObject","inLanguage":"de","@id":"https:\/\/blog.zeit.de\/nsu-prozess-blog\/#\/schema\/person\/image\/","url":"https:\/\/secure.gravatar.com\/avatar\/e108a3dc18766f719b2f797dc5d19093f06a1870c55b553ab6b7563f1f9a5e68?s=96&d=mm&r=g","contentUrl":"https:\/\/secure.gravatar.com\/avatar\/e108a3dc18766f719b2f797dc5d19093f06a1870c55b553ab6b7563f1f9a5e68?s=96&d=mm&r=g","caption":"Tom Sundermann"},"sameAs":["https:\/\/twitter.com\/messeticker"],"url":"https:\/\/blog.zeit.de\/nsu-prozess-blog\/author\/tsundermann\/"}]}},"jetpack_featured_media_url":"","jetpack_sharing_enabled":true,"_links":{"self":[{"href":"https:\/\/blog.zeit.de\/nsu-prozess-blog\/wp-json\/wp\/v2\/posts\/7549","targetHints":{"allow":["GET"]}}],"collection":[{"href":"https:\/\/blog.zeit.de\/nsu-prozess-blog\/wp-json\/wp\/v2\/posts"}],"about":[{"href":"https:\/\/blog.zeit.de\/nsu-prozess-blog\/wp-json\/wp\/v2\/types\/post"}],"author":[{"embeddable":true,"href":"https:\/\/blog.zeit.de\/nsu-prozess-blog\/wp-json\/wp\/v2\/users\/435"}],"replies":[{"embeddable":true,"href":"https:\/\/blog.zeit.de\/nsu-prozess-blog\/wp-json\/wp\/v2\/comments?post=7549"}],"version-history":[{"count":1,"href":"https:\/\/blog.zeit.de\/nsu-prozess-blog\/wp-json\/wp\/v2\/posts\/7549\/revisions"}],"predecessor-version":[{"id":7550,"href":"https:\/\/blog.zeit.de\/nsu-prozess-blog\/wp-json\/wp\/v2\/posts\/7549\/revisions\/7550"}],"wp:attachment":[{"href":"https:\/\/blog.zeit.de\/nsu-prozess-blog\/wp-json\/wp\/v2\/media?parent=7549"}],"wp:term":[{"taxonomy":"category","embeddable":true,"href":"https:\/\/blog.zeit.de\/nsu-prozess-blog\/wp-json\/wp\/v2\/categories?post=7549"},{"taxonomy":"post_tag","embeddable":true,"href":"https:\/\/blog.zeit.de\/nsu-prozess-blog\/wp-json\/wp\/v2\/tags?post=7549"}],"curies":[{"name":"wp","href":"https:\/\/api.w.org\/{rel}","templated":true}]}}