{"id":7554,"date":"2014-09-16T08:44:17","date_gmt":"2014-09-16T06:44:17","guid":{"rendered":"http:\/\/blog.zeit.de\/nsu-prozess-blog\/?p=7554"},"modified":"2014-09-16T09:01:02","modified_gmt":"2014-09-16T07:01:02","slug":"der-mysterioese-todesfall-von-heilbronn-das-medienlog-vom-dienstag-16-september-2014","status":"publish","type":"post","link":"https:\/\/blog.zeit.de\/nsu-prozess-blog\/2014\/09\/16\/der-mysterioese-todesfall-von-heilbronn-das-medienlog-vom-dienstag-16-september-2014\/","title":{"rendered":"Der mysteri\u00f6se Todesfall von Heilbronn \u2013 Das Medienlog vom Dienstag, 16. September 2014"},"content":{"rendered":"<p>Vor genau einem Jahr starb der 21-j\u00e4hrige NSU-Zeuge Florian H., als sein Auto nahe Stuttgart in Flammen aufging. H. hatte zuvor unschl\u00fcssige Angaben gemacht, die etwas mit dem Mord an der Polizistin <a href=\"https:\/\/blog.zeit.de\/nsu-prozess-blog\/2014\/03\/11\/umfeld-kiesewetter-nazis-medienlog\/\">Mich\u00e8le Kiesewetter<\/a> von 2007 in Heilbronn zu tun hatten. Die Staatsanwaltschaft stufte den Todesfall als Selbstmord ein \u2013 doch viele Beobachter halten diese These f\u00fcr unlogisch: &#8222;Es ist einer der r\u00e4tselhaftesten Todesf\u00e4lle im Umfeld des NSU-Terrors&#8220;, urteilt Christian Rath in der <a href=\"http:\/\/www.taz.de\/Tod-des-NSU-Zeugen-Florian-H\/!145956\/\" target=\"_blank\"><em>taz<\/em><\/a>. Auch H.s Eltern wollen erreichen, dass erneut in dem Fall ermittelt wird.<\/p>\n<p><!--more--><\/p>\n<p>Am auff\u00e4lligsten ist, dass der Zeuge am Nachmittag desselben Tags von Ermittlern des Landeskriminalamts (LKA) befragt werden sollte. Das wirft Fragen f\u00fcr die Eltern auf: &#8222;Warum sollte sich ihr Sohn gerade am Tag einer LKA-Aussage t\u00f6ten? Und das zudem auf eine so grausame Weise?&#8220; M\u00f6glich sei allerdings auch, dass H. von anderen zum Suizid getrieben wurde \u2013 etwa von fr\u00fcheren Gesinnungsgenossen: Er war in der rechtsextremen Szene aktiv und stand zuletzt in Kontakt mit einem Aussteigerprogramm f\u00fcr Neonazis in Baden-W\u00fcrttemberg.<\/p>\n<p><em>An jedem Werktag sichten wir f\u00fcr das NSU-Prozess-Blog die Medien und stellen wichtige Berichte, Blogs, Videos und Tweets zusammen. Wir freuen uns \u00fcber Hinweise via Twitter mit dem Hashtag #nsublog \u2013 oder per E-Mail an <a href=\"mailto:nsublog@zeit.de\">nsublog@zeit.de<\/a>.<\/em><\/p>\n<p><em>Das n\u00e4chste Medienlog erscheint am Mittwoch, 17. September 2014.<\/em><\/p>\n","protected":false},"excerpt":{"rendered":"<p>Vor genau einem Jahr starb der 21-j\u00e4hrige NSU-Zeuge Florian H., als sein Auto nahe Stuttgart in Flammen aufging. H. hatte zuvor unschl\u00fcssige Angaben gemacht, die etwas mit dem Mord an der Polizistin Mich\u00e8le Kiesewetter von 2007 in Heilbronn zu tun hatten. Die Staatsanwaltschaft stufte den Todesfall als Selbstmord ein \u2013 doch viele Beobachter halten diese [&hellip;]<\/p>\n","protected":false},"author":435,"featured_media":0,"comment_status":"open","ping_status":"open","sticky":false,"template":"","format":"standard","meta":{"_jetpack_memberships_contains_paid_content":false,"footnotes":""},"categories":[16],"tags":[],"class_list":["post-7554","post","type-post","status-publish","format-standard","hentry","category-allgemein"],"yoast_head":"<!-- This site is optimized with the Yoast SEO plugin v21.0 - https:\/\/yoast.com\/wordpress\/plugins\/seo\/ -->\n<title>Der mysteri\u00f6se Todesfall von Heilbronn \u2013 Das Medienlog vom Dienstag, 16. September 2014 - Das NSU-Prozess-Blog<\/title>\n<meta name=\"robots\" content=\"index, follow, max-snippet:-1, max-image-preview:large, max-video-preview:-1\" \/>\n<link rel=\"canonical\" href=\"https:\/\/blog.zeit.de\/nsu-prozess-blog\/2014\/09\/16\/der-mysterioese-todesfall-von-heilbronn-das-medienlog-vom-dienstag-16-september-2014\/\" \/>\n<meta property=\"og:locale\" content=\"de_DE\" \/>\n<meta property=\"og:type\" content=\"article\" \/>\n<meta property=\"og:title\" content=\"Der mysteri\u00f6se Todesfall von Heilbronn \u2013 Das Medienlog vom Dienstag, 16. September 2014 - Das NSU-Prozess-Blog\" \/>\n<meta property=\"og:description\" content=\"Vor genau einem Jahr starb der 21-j\u00e4hrige NSU-Zeuge Florian H., als sein Auto nahe Stuttgart in Flammen aufging. H. hatte zuvor unschl\u00fcssige Angaben gemacht, die etwas mit dem Mord an der Polizistin Mich\u00e8le Kiesewetter von 2007 in Heilbronn zu tun hatten. Die Staatsanwaltschaft stufte den Todesfall als Selbstmord ein \u2013 doch viele Beobachter halten diese [&hellip;]\" \/>\n<meta property=\"og:url\" content=\"https:\/\/blog.zeit.de\/nsu-prozess-blog\/2014\/09\/16\/der-mysterioese-todesfall-von-heilbronn-das-medienlog-vom-dienstag-16-september-2014\/\" \/>\n<meta property=\"og:site_name\" content=\"Das NSU-Prozess-Blog\" \/>\n<meta property=\"article:published_time\" content=\"2014-09-16T06:44:17+00:00\" \/>\n<meta property=\"article:modified_time\" content=\"2014-09-16T07:01:02+00:00\" \/>\n<meta name=\"author\" content=\"Tom Sundermann\" \/>\n<meta name=\"twitter:label1\" content=\"Geschrieben von\" \/>\n\t<meta name=\"twitter:data1\" content=\"Tom Sundermann\" \/>\n\t<meta name=\"twitter:label2\" content=\"Gesch\u00e4tzte Lesezeit\" \/>\n\t<meta name=\"twitter:data2\" content=\"1\u00a0Minute\" \/>\n<script type=\"application\/ld+json\" class=\"yoast-schema-graph\">{\"@context\":\"https:\/\/schema.org\",\"@graph\":[{\"@type\":\"WebPage\",\"@id\":\"https:\/\/blog.zeit.de\/nsu-prozess-blog\/2014\/09\/16\/der-mysterioese-todesfall-von-heilbronn-das-medienlog-vom-dienstag-16-september-2014\/\",\"url\":\"https:\/\/blog.zeit.de\/nsu-prozess-blog\/2014\/09\/16\/der-mysterioese-todesfall-von-heilbronn-das-medienlog-vom-dienstag-16-september-2014\/\",\"name\":\"Der mysteri\u00f6se Todesfall von Heilbronn \u2013 Das Medienlog vom Dienstag, 16. September 2014 - Das NSU-Prozess-Blog\",\"isPartOf\":{\"@id\":\"https:\/\/blog.zeit.de\/nsu-prozess-blog\/#website\"},\"datePublished\":\"2014-09-16T06:44:17+00:00\",\"dateModified\":\"2014-09-16T07:01:02+00:00\",\"author\":{\"@id\":\"https:\/\/blog.zeit.de\/nsu-prozess-blog\/#\/schema\/person\/553ea9bb5d1fc2ae054c589bd59380a5\"},\"breadcrumb\":{\"@id\":\"https:\/\/blog.zeit.de\/nsu-prozess-blog\/2014\/09\/16\/der-mysterioese-todesfall-von-heilbronn-das-medienlog-vom-dienstag-16-september-2014\/#breadcrumb\"},\"inLanguage\":\"de\",\"potentialAction\":[{\"@type\":\"ReadAction\",\"target\":[\"https:\/\/blog.zeit.de\/nsu-prozess-blog\/2014\/09\/16\/der-mysterioese-todesfall-von-heilbronn-das-medienlog-vom-dienstag-16-september-2014\/\"]}]},{\"@type\":\"BreadcrumbList\",\"@id\":\"https:\/\/blog.zeit.de\/nsu-prozess-blog\/2014\/09\/16\/der-mysterioese-todesfall-von-heilbronn-das-medienlog-vom-dienstag-16-september-2014\/#breadcrumb\",\"itemListElement\":[{\"@type\":\"ListItem\",\"position\":1,\"name\":\"Startseite\",\"item\":\"https:\/\/blog.zeit.de\/nsu-prozess-blog\/\"},{\"@type\":\"ListItem\",\"position\":2,\"name\":\"Der mysteri\u00f6se Todesfall von Heilbronn \u2013 Das Medienlog vom Dienstag, 16. September 2014\"}]},{\"@type\":\"WebSite\",\"@id\":\"https:\/\/blog.zeit.de\/nsu-prozess-blog\/#website\",\"url\":\"https:\/\/blog.zeit.de\/nsu-prozess-blog\/\",\"name\":\"Das NSU-Prozess-Blog\",\"description\":\"Alle Berichte zum Terrorverfahren in M\u00fcnchen\",\"potentialAction\":[{\"@type\":\"SearchAction\",\"target\":{\"@type\":\"EntryPoint\",\"urlTemplate\":\"https:\/\/blog.zeit.de\/nsu-prozess-blog\/?s={search_term_string}\"},\"query-input\":\"required name=search_term_string\"}],\"inLanguage\":\"de\"},{\"@type\":\"Person\",\"@id\":\"https:\/\/blog.zeit.de\/nsu-prozess-blog\/#\/schema\/person\/553ea9bb5d1fc2ae054c589bd59380a5\",\"name\":\"Tom Sundermann\",\"image\":{\"@type\":\"ImageObject\",\"inLanguage\":\"de\",\"@id\":\"https:\/\/blog.zeit.de\/nsu-prozess-blog\/#\/schema\/person\/image\/\",\"url\":\"https:\/\/secure.gravatar.com\/avatar\/e108a3dc18766f719b2f797dc5d19093f06a1870c55b553ab6b7563f1f9a5e68?s=96&d=mm&r=g\",\"contentUrl\":\"https:\/\/secure.gravatar.com\/avatar\/e108a3dc18766f719b2f797dc5d19093f06a1870c55b553ab6b7563f1f9a5e68?s=96&d=mm&r=g\",\"caption\":\"Tom Sundermann\"},\"sameAs\":[\"https:\/\/twitter.com\/messeticker\"],\"url\":\"https:\/\/blog.zeit.de\/nsu-prozess-blog\/author\/tsundermann\/\"}]}<\/script>\n<!-- \/ Yoast SEO plugin. -->","yoast_head_json":{"title":"Der mysteri\u00f6se Todesfall von Heilbronn \u2013 Das Medienlog vom Dienstag, 16. September 2014 - Das NSU-Prozess-Blog","robots":{"index":"index","follow":"follow","max-snippet":"max-snippet:-1","max-image-preview":"max-image-preview:large","max-video-preview":"max-video-preview:-1"},"canonical":"https:\/\/blog.zeit.de\/nsu-prozess-blog\/2014\/09\/16\/der-mysterioese-todesfall-von-heilbronn-das-medienlog-vom-dienstag-16-september-2014\/","og_locale":"de_DE","og_type":"article","og_title":"Der mysteri\u00f6se Todesfall von Heilbronn \u2013 Das Medienlog vom Dienstag, 16. September 2014 - Das NSU-Prozess-Blog","og_description":"Vor genau einem Jahr starb der 21-j\u00e4hrige NSU-Zeuge Florian H., als sein Auto nahe Stuttgart in Flammen aufging. H. hatte zuvor unschl\u00fcssige Angaben gemacht, die etwas mit dem Mord an der Polizistin Mich\u00e8le Kiesewetter von 2007 in Heilbronn zu tun hatten. Die Staatsanwaltschaft stufte den Todesfall als Selbstmord ein \u2013 doch viele Beobachter halten diese [&hellip;]","og_url":"https:\/\/blog.zeit.de\/nsu-prozess-blog\/2014\/09\/16\/der-mysterioese-todesfall-von-heilbronn-das-medienlog-vom-dienstag-16-september-2014\/","og_site_name":"Das NSU-Prozess-Blog","article_published_time":"2014-09-16T06:44:17+00:00","article_modified_time":"2014-09-16T07:01:02+00:00","author":"Tom Sundermann","twitter_misc":{"Geschrieben von":"Tom Sundermann","Gesch\u00e4tzte Lesezeit":"1\u00a0Minute"},"schema":{"@context":"https:\/\/schema.org","@graph":[{"@type":"WebPage","@id":"https:\/\/blog.zeit.de\/nsu-prozess-blog\/2014\/09\/16\/der-mysterioese-todesfall-von-heilbronn-das-medienlog-vom-dienstag-16-september-2014\/","url":"https:\/\/blog.zeit.de\/nsu-prozess-blog\/2014\/09\/16\/der-mysterioese-todesfall-von-heilbronn-das-medienlog-vom-dienstag-16-september-2014\/","name":"Der mysteri\u00f6se Todesfall von Heilbronn \u2013 Das Medienlog vom Dienstag, 16. September 2014 - Das NSU-Prozess-Blog","isPartOf":{"@id":"https:\/\/blog.zeit.de\/nsu-prozess-blog\/#website"},"datePublished":"2014-09-16T06:44:17+00:00","dateModified":"2014-09-16T07:01:02+00:00","author":{"@id":"https:\/\/blog.zeit.de\/nsu-prozess-blog\/#\/schema\/person\/553ea9bb5d1fc2ae054c589bd59380a5"},"breadcrumb":{"@id":"https:\/\/blog.zeit.de\/nsu-prozess-blog\/2014\/09\/16\/der-mysterioese-todesfall-von-heilbronn-das-medienlog-vom-dienstag-16-september-2014\/#breadcrumb"},"inLanguage":"de","potentialAction":[{"@type":"ReadAction","target":["https:\/\/blog.zeit.de\/nsu-prozess-blog\/2014\/09\/16\/der-mysterioese-todesfall-von-heilbronn-das-medienlog-vom-dienstag-16-september-2014\/"]}]},{"@type":"BreadcrumbList","@id":"https:\/\/blog.zeit.de\/nsu-prozess-blog\/2014\/09\/16\/der-mysterioese-todesfall-von-heilbronn-das-medienlog-vom-dienstag-16-september-2014\/#breadcrumb","itemListElement":[{"@type":"ListItem","position":1,"name":"Startseite","item":"https:\/\/blog.zeit.de\/nsu-prozess-blog\/"},{"@type":"ListItem","position":2,"name":"Der mysteri\u00f6se Todesfall von Heilbronn \u2013 Das Medienlog vom Dienstag, 16. September 2014"}]},{"@type":"WebSite","@id":"https:\/\/blog.zeit.de\/nsu-prozess-blog\/#website","url":"https:\/\/blog.zeit.de\/nsu-prozess-blog\/","name":"Das NSU-Prozess-Blog","description":"Alle Berichte zum Terrorverfahren in M\u00fcnchen","potentialAction":[{"@type":"SearchAction","target":{"@type":"EntryPoint","urlTemplate":"https:\/\/blog.zeit.de\/nsu-prozess-blog\/?s={search_term_string}"},"query-input":"required name=search_term_string"}],"inLanguage":"de"},{"@type":"Person","@id":"https:\/\/blog.zeit.de\/nsu-prozess-blog\/#\/schema\/person\/553ea9bb5d1fc2ae054c589bd59380a5","name":"Tom Sundermann","image":{"@type":"ImageObject","inLanguage":"de","@id":"https:\/\/blog.zeit.de\/nsu-prozess-blog\/#\/schema\/person\/image\/","url":"https:\/\/secure.gravatar.com\/avatar\/e108a3dc18766f719b2f797dc5d19093f06a1870c55b553ab6b7563f1f9a5e68?s=96&d=mm&r=g","contentUrl":"https:\/\/secure.gravatar.com\/avatar\/e108a3dc18766f719b2f797dc5d19093f06a1870c55b553ab6b7563f1f9a5e68?s=96&d=mm&r=g","caption":"Tom Sundermann"},"sameAs":["https:\/\/twitter.com\/messeticker"],"url":"https:\/\/blog.zeit.de\/nsu-prozess-blog\/author\/tsundermann\/"}]}},"jetpack_featured_media_url":"","jetpack_sharing_enabled":true,"_links":{"self":[{"href":"https:\/\/blog.zeit.de\/nsu-prozess-blog\/wp-json\/wp\/v2\/posts\/7554","targetHints":{"allow":["GET"]}}],"collection":[{"href":"https:\/\/blog.zeit.de\/nsu-prozess-blog\/wp-json\/wp\/v2\/posts"}],"about":[{"href":"https:\/\/blog.zeit.de\/nsu-prozess-blog\/wp-json\/wp\/v2\/types\/post"}],"author":[{"embeddable":true,"href":"https:\/\/blog.zeit.de\/nsu-prozess-blog\/wp-json\/wp\/v2\/users\/435"}],"replies":[{"embeddable":true,"href":"https:\/\/blog.zeit.de\/nsu-prozess-blog\/wp-json\/wp\/v2\/comments?post=7554"}],"version-history":[{"count":6,"href":"https:\/\/blog.zeit.de\/nsu-prozess-blog\/wp-json\/wp\/v2\/posts\/7554\/revisions"}],"predecessor-version":[{"id":7560,"href":"https:\/\/blog.zeit.de\/nsu-prozess-blog\/wp-json\/wp\/v2\/posts\/7554\/revisions\/7560"}],"wp:attachment":[{"href":"https:\/\/blog.zeit.de\/nsu-prozess-blog\/wp-json\/wp\/v2\/media?parent=7554"}],"wp:term":[{"taxonomy":"category","embeddable":true,"href":"https:\/\/blog.zeit.de\/nsu-prozess-blog\/wp-json\/wp\/v2\/categories?post=7554"},{"taxonomy":"post_tag","embeddable":true,"href":"https:\/\/blog.zeit.de\/nsu-prozess-blog\/wp-json\/wp\/v2\/tags?post=7554"}],"curies":[{"name":"wp","href":"https:\/\/api.w.org\/{rel}","templated":true}]}}