{"id":7594,"date":"2014-09-23T07:00:52","date_gmt":"2014-09-23T05:00:52","guid":{"rendered":"http:\/\/blog.zeit.de\/nsu-prozess-blog\/?p=7594"},"modified":"2014-09-23T17:47:34","modified_gmt":"2014-09-23T15:47:34","slug":"142-prozesstag-tino-brandt-erneut-zeuge","status":"publish","type":"post","link":"https:\/\/blog.zeit.de\/nsu-prozess-blog\/2014\/09\/23\/142-prozesstag-tino-brandt-erneut-zeuge\/","title":{"rendered":"142. Prozesstag \u2013 Tino Brandt erneut Zeuge"},"content":{"rendered":"<p>Zum dritten Mal ist der Neonazi und fr\u00fchere V-Mann Tino Brandt als Zeuge im NSU-Prozess geladen. Von urspr\u00fcnglich geplanten drei Vernehmungen konnte im Juli nur <a href=\"https:\/\/blog.zeit.de\/nsu-prozess-blog\/2014\/07\/16\/tino-brandt-spinne-im-netz-der-rechten-szene-das-medienlog-vom-mittwoch-16-juli-2014\/\">anderthalb Tage abgehandelt werden<\/a>, weil Beate Zsch\u00e4pes Entpflichtungsantrag gegen ihre Verteidiger dazwischenkam. Bei dem Termin nannte Brandt Zsch\u00e4pe <a href=\"https:\/\/blog.zeit.de\/nsu-prozess-blog\/2014\/07\/15\/v-mann-ueber-zschaepe-keine-dumme-hausfrau\/\">&#8222;keine dumme Hausfrau&#8220;<\/a>, die selbstbewusst war und sich mit rechtsextremen Ideen auskannte.<\/p>\n<p>Der 39-J\u00e4hrige aus Rudolstadt gr\u00fcndete in den Neunzigerjahren das Nazi-Sammelbecken Th\u00fcringer Heimatschutz, in dem sich auch Zsch\u00e4pe, Uwe Mundlos und Uwe B\u00f6hnhardt engagierten. Zumindest kurz nach dem Abtauchen des Trios im Jahr 1998 unterst\u00fctzte Brandt die Kameraden, indem er gef\u00e4lschte P\u00e4sse besorgen lie\u00df. Seit 1994 war er als V-Mann &#8222;Otto&#8220; Informant des Th\u00fcringer Verfassungsschutzes, bis er 2001 enttarnt wurde. Viele Prozesbeobachter hoffen daher, dass Brandt auch Informationen zur dubiosen Rolle des Verfassungsschutzes im NSU-Komplex liefern kann. Der Zeuge sitzt derzeit wegen des Verdachts auf Kindesmissbrauchs <a href=\"https:\/\/blog.zeit.de\/nsu-prozess-blog\/2014\/06\/27\/medienlog-tino-brandt-verhaftung-bombenanschlag-koeln\/\">in Untersuchungshaft<\/a>.<\/p>\n<p>Zudem befasst sich das Gericht mit zwei Vernehmungen der Zeugin <a href=\"http:\/\/www.zeit.de\/politik\/deutschland\/2013-12\/nsu-zschaepe-brand\">Charlotte E.<\/a>. Die heute 91-J\u00e4hrige war in ihrer Zwickauer Wohnung in Lebensgefahr geraten, als Zsch\u00e4pe am 4. November 2011 nebenan laut Anklage Feuer legte. Als Zeugen kommen ein Polizist, der E. kurz nach der Tat befragt hatte, und ein Zwickauer Richter, der sie im Mai 2014 in ihrem Altenheim aufgesucht hatte. Die Vernehmung vor Ort war notwendig geworden, weil die Zeugin dement ist und nicht reisen kann. Berichten zufolge hatte der Termin <a href=\"https:\/\/blog.zeit.de\/nsu-prozess-blog\/2014\/06\/05\/nsu-medienlog-aussage-mashia-m\/\">keinen Erfolg<\/a>.<\/p>\n<p><em>ZEIT ONLINE berichtet aus M\u00fcnchen und fasst den Prozesstag am Abend auf diesem Blog zusammen. Informationen aus der Verhandlung gibt es <a href=\"https:\/\/twitter.com\/zeitonline\/lists\/nsu-prozess\">via Twitter hier<\/a>. Weitere Berichte stellen wir morgen im <a href=\"https:\/\/blog.zeit.de\/nsu-prozess-blog\/category\/medienschau\/\">NSU-Medienlog<\/a> zusammen.<\/em><\/p>\n","protected":false},"excerpt":{"rendered":"<p>Zum dritten Mal ist der Neonazi und fr\u00fchere V-Mann Tino Brandt als Zeuge im NSU-Prozess geladen. Von urspr\u00fcnglich geplanten drei Vernehmungen konnte im Juli nur anderthalb Tage abgehandelt werden, weil Beate Zsch\u00e4pes Entpflichtungsantrag gegen ihre Verteidiger dazwischenkam. Bei dem Termin nannte Brandt Zsch\u00e4pe &#8222;keine dumme Hausfrau&#8220;, die selbstbewusst war und sich mit rechtsextremen Ideen auskannte. [&hellip;]<\/p>\n","protected":false},"author":435,"featured_media":0,"comment_status":"open","ping_status":"open","sticky":false,"template":"","format":"standard","meta":{"_jetpack_memberships_contains_paid_content":false,"footnotes":""},"categories":[27532],"tags":[27573,12741,27560],"class_list":["post-7594","post","type-post","status-publish","format-standard","hentry","category-prozesstage","tag-brand","tag-tino-brandt","tag-zwickau"],"yoast_head":"<!-- This site is optimized with the Yoast SEO plugin v21.0 - https:\/\/yoast.com\/wordpress\/plugins\/seo\/ -->\n<title>142. Prozesstag \u2013 Tino Brandt erneut Zeuge - Das NSU-Prozess-Blog<\/title>\n<meta name=\"robots\" content=\"index, follow, max-snippet:-1, max-image-preview:large, max-video-preview:-1\" \/>\n<link rel=\"canonical\" href=\"https:\/\/blog.zeit.de\/nsu-prozess-blog\/2014\/09\/23\/142-prozesstag-tino-brandt-erneut-zeuge\/\" \/>\n<meta property=\"og:locale\" content=\"de_DE\" \/>\n<meta property=\"og:type\" content=\"article\" \/>\n<meta property=\"og:title\" content=\"142. Prozesstag \u2013 Tino Brandt erneut Zeuge - Das NSU-Prozess-Blog\" \/>\n<meta property=\"og:description\" content=\"Zum dritten Mal ist der Neonazi und fr\u00fchere V-Mann Tino Brandt als Zeuge im NSU-Prozess geladen. Von urspr\u00fcnglich geplanten drei Vernehmungen konnte im Juli nur anderthalb Tage abgehandelt werden, weil Beate Zsch\u00e4pes Entpflichtungsantrag gegen ihre Verteidiger dazwischenkam. Bei dem Termin nannte Brandt Zsch\u00e4pe &#8222;keine dumme Hausfrau&#8220;, die selbstbewusst war und sich mit rechtsextremen Ideen auskannte. [&hellip;]\" \/>\n<meta property=\"og:url\" content=\"https:\/\/blog.zeit.de\/nsu-prozess-blog\/2014\/09\/23\/142-prozesstag-tino-brandt-erneut-zeuge\/\" \/>\n<meta property=\"og:site_name\" content=\"Das NSU-Prozess-Blog\" \/>\n<meta property=\"article:published_time\" content=\"2014-09-23T05:00:52+00:00\" \/>\n<meta property=\"article:modified_time\" content=\"2014-09-23T15:47:34+00:00\" \/>\n<meta name=\"author\" content=\"Tom Sundermann\" \/>\n<meta name=\"twitter:label1\" content=\"Geschrieben von\" \/>\n\t<meta name=\"twitter:data1\" content=\"Tom Sundermann\" \/>\n\t<meta name=\"twitter:label2\" content=\"Gesch\u00e4tzte Lesezeit\" \/>\n\t<meta name=\"twitter:data2\" content=\"1\u00a0Minute\" \/>\n<script type=\"application\/ld+json\" class=\"yoast-schema-graph\">{\"@context\":\"https:\/\/schema.org\",\"@graph\":[{\"@type\":\"WebPage\",\"@id\":\"https:\/\/blog.zeit.de\/nsu-prozess-blog\/2014\/09\/23\/142-prozesstag-tino-brandt-erneut-zeuge\/\",\"url\":\"https:\/\/blog.zeit.de\/nsu-prozess-blog\/2014\/09\/23\/142-prozesstag-tino-brandt-erneut-zeuge\/\",\"name\":\"142. Prozesstag \u2013 Tino Brandt erneut Zeuge - Das NSU-Prozess-Blog\",\"isPartOf\":{\"@id\":\"https:\/\/blog.zeit.de\/nsu-prozess-blog\/#website\"},\"datePublished\":\"2014-09-23T05:00:52+00:00\",\"dateModified\":\"2014-09-23T15:47:34+00:00\",\"author\":{\"@id\":\"https:\/\/blog.zeit.de\/nsu-prozess-blog\/#\/schema\/person\/553ea9bb5d1fc2ae054c589bd59380a5\"},\"breadcrumb\":{\"@id\":\"https:\/\/blog.zeit.de\/nsu-prozess-blog\/2014\/09\/23\/142-prozesstag-tino-brandt-erneut-zeuge\/#breadcrumb\"},\"inLanguage\":\"de\",\"potentialAction\":[{\"@type\":\"ReadAction\",\"target\":[\"https:\/\/blog.zeit.de\/nsu-prozess-blog\/2014\/09\/23\/142-prozesstag-tino-brandt-erneut-zeuge\/\"]}]},{\"@type\":\"BreadcrumbList\",\"@id\":\"https:\/\/blog.zeit.de\/nsu-prozess-blog\/2014\/09\/23\/142-prozesstag-tino-brandt-erneut-zeuge\/#breadcrumb\",\"itemListElement\":[{\"@type\":\"ListItem\",\"position\":1,\"name\":\"Startseite\",\"item\":\"https:\/\/blog.zeit.de\/nsu-prozess-blog\/\"},{\"@type\":\"ListItem\",\"position\":2,\"name\":\"142. Prozesstag \u2013 Tino Brandt erneut Zeuge\"}]},{\"@type\":\"WebSite\",\"@id\":\"https:\/\/blog.zeit.de\/nsu-prozess-blog\/#website\",\"url\":\"https:\/\/blog.zeit.de\/nsu-prozess-blog\/\",\"name\":\"Das NSU-Prozess-Blog\",\"description\":\"Alle Berichte zum Terrorverfahren in M\u00fcnchen\",\"potentialAction\":[{\"@type\":\"SearchAction\",\"target\":{\"@type\":\"EntryPoint\",\"urlTemplate\":\"https:\/\/blog.zeit.de\/nsu-prozess-blog\/?s={search_term_string}\"},\"query-input\":\"required name=search_term_string\"}],\"inLanguage\":\"de\"},{\"@type\":\"Person\",\"@id\":\"https:\/\/blog.zeit.de\/nsu-prozess-blog\/#\/schema\/person\/553ea9bb5d1fc2ae054c589bd59380a5\",\"name\":\"Tom Sundermann\",\"image\":{\"@type\":\"ImageObject\",\"inLanguage\":\"de\",\"@id\":\"https:\/\/blog.zeit.de\/nsu-prozess-blog\/#\/schema\/person\/image\/\",\"url\":\"https:\/\/secure.gravatar.com\/avatar\/e108a3dc18766f719b2f797dc5d19093f06a1870c55b553ab6b7563f1f9a5e68?s=96&d=mm&r=g\",\"contentUrl\":\"https:\/\/secure.gravatar.com\/avatar\/e108a3dc18766f719b2f797dc5d19093f06a1870c55b553ab6b7563f1f9a5e68?s=96&d=mm&r=g\",\"caption\":\"Tom Sundermann\"},\"sameAs\":[\"https:\/\/twitter.com\/messeticker\"],\"url\":\"https:\/\/blog.zeit.de\/nsu-prozess-blog\/author\/tsundermann\/\"}]}<\/script>\n<!-- \/ Yoast SEO plugin. -->","yoast_head_json":{"title":"142. Prozesstag \u2013 Tino Brandt erneut Zeuge - Das NSU-Prozess-Blog","robots":{"index":"index","follow":"follow","max-snippet":"max-snippet:-1","max-image-preview":"max-image-preview:large","max-video-preview":"max-video-preview:-1"},"canonical":"https:\/\/blog.zeit.de\/nsu-prozess-blog\/2014\/09\/23\/142-prozesstag-tino-brandt-erneut-zeuge\/","og_locale":"de_DE","og_type":"article","og_title":"142. Prozesstag \u2013 Tino Brandt erneut Zeuge - Das NSU-Prozess-Blog","og_description":"Zum dritten Mal ist der Neonazi und fr\u00fchere V-Mann Tino Brandt als Zeuge im NSU-Prozess geladen. Von urspr\u00fcnglich geplanten drei Vernehmungen konnte im Juli nur anderthalb Tage abgehandelt werden, weil Beate Zsch\u00e4pes Entpflichtungsantrag gegen ihre Verteidiger dazwischenkam. Bei dem Termin nannte Brandt Zsch\u00e4pe &#8222;keine dumme Hausfrau&#8220;, die selbstbewusst war und sich mit rechtsextremen Ideen auskannte. [&hellip;]","og_url":"https:\/\/blog.zeit.de\/nsu-prozess-blog\/2014\/09\/23\/142-prozesstag-tino-brandt-erneut-zeuge\/","og_site_name":"Das NSU-Prozess-Blog","article_published_time":"2014-09-23T05:00:52+00:00","article_modified_time":"2014-09-23T15:47:34+00:00","author":"Tom Sundermann","twitter_misc":{"Geschrieben von":"Tom Sundermann","Gesch\u00e4tzte Lesezeit":"1\u00a0Minute"},"schema":{"@context":"https:\/\/schema.org","@graph":[{"@type":"WebPage","@id":"https:\/\/blog.zeit.de\/nsu-prozess-blog\/2014\/09\/23\/142-prozesstag-tino-brandt-erneut-zeuge\/","url":"https:\/\/blog.zeit.de\/nsu-prozess-blog\/2014\/09\/23\/142-prozesstag-tino-brandt-erneut-zeuge\/","name":"142. Prozesstag \u2013 Tino Brandt erneut Zeuge - Das NSU-Prozess-Blog","isPartOf":{"@id":"https:\/\/blog.zeit.de\/nsu-prozess-blog\/#website"},"datePublished":"2014-09-23T05:00:52+00:00","dateModified":"2014-09-23T15:47:34+00:00","author":{"@id":"https:\/\/blog.zeit.de\/nsu-prozess-blog\/#\/schema\/person\/553ea9bb5d1fc2ae054c589bd59380a5"},"breadcrumb":{"@id":"https:\/\/blog.zeit.de\/nsu-prozess-blog\/2014\/09\/23\/142-prozesstag-tino-brandt-erneut-zeuge\/#breadcrumb"},"inLanguage":"de","potentialAction":[{"@type":"ReadAction","target":["https:\/\/blog.zeit.de\/nsu-prozess-blog\/2014\/09\/23\/142-prozesstag-tino-brandt-erneut-zeuge\/"]}]},{"@type":"BreadcrumbList","@id":"https:\/\/blog.zeit.de\/nsu-prozess-blog\/2014\/09\/23\/142-prozesstag-tino-brandt-erneut-zeuge\/#breadcrumb","itemListElement":[{"@type":"ListItem","position":1,"name":"Startseite","item":"https:\/\/blog.zeit.de\/nsu-prozess-blog\/"},{"@type":"ListItem","position":2,"name":"142. Prozesstag \u2013 Tino Brandt erneut Zeuge"}]},{"@type":"WebSite","@id":"https:\/\/blog.zeit.de\/nsu-prozess-blog\/#website","url":"https:\/\/blog.zeit.de\/nsu-prozess-blog\/","name":"Das NSU-Prozess-Blog","description":"Alle Berichte zum Terrorverfahren in M\u00fcnchen","potentialAction":[{"@type":"SearchAction","target":{"@type":"EntryPoint","urlTemplate":"https:\/\/blog.zeit.de\/nsu-prozess-blog\/?s={search_term_string}"},"query-input":"required name=search_term_string"}],"inLanguage":"de"},{"@type":"Person","@id":"https:\/\/blog.zeit.de\/nsu-prozess-blog\/#\/schema\/person\/553ea9bb5d1fc2ae054c589bd59380a5","name":"Tom Sundermann","image":{"@type":"ImageObject","inLanguage":"de","@id":"https:\/\/blog.zeit.de\/nsu-prozess-blog\/#\/schema\/person\/image\/","url":"https:\/\/secure.gravatar.com\/avatar\/e108a3dc18766f719b2f797dc5d19093f06a1870c55b553ab6b7563f1f9a5e68?s=96&d=mm&r=g","contentUrl":"https:\/\/secure.gravatar.com\/avatar\/e108a3dc18766f719b2f797dc5d19093f06a1870c55b553ab6b7563f1f9a5e68?s=96&d=mm&r=g","caption":"Tom Sundermann"},"sameAs":["https:\/\/twitter.com\/messeticker"],"url":"https:\/\/blog.zeit.de\/nsu-prozess-blog\/author\/tsundermann\/"}]}},"jetpack_featured_media_url":"","jetpack_sharing_enabled":true,"_links":{"self":[{"href":"https:\/\/blog.zeit.de\/nsu-prozess-blog\/wp-json\/wp\/v2\/posts\/7594","targetHints":{"allow":["GET"]}}],"collection":[{"href":"https:\/\/blog.zeit.de\/nsu-prozess-blog\/wp-json\/wp\/v2\/posts"}],"about":[{"href":"https:\/\/blog.zeit.de\/nsu-prozess-blog\/wp-json\/wp\/v2\/types\/post"}],"author":[{"embeddable":true,"href":"https:\/\/blog.zeit.de\/nsu-prozess-blog\/wp-json\/wp\/v2\/users\/435"}],"replies":[{"embeddable":true,"href":"https:\/\/blog.zeit.de\/nsu-prozess-blog\/wp-json\/wp\/v2\/comments?post=7594"}],"version-history":[{"count":2,"href":"https:\/\/blog.zeit.de\/nsu-prozess-blog\/wp-json\/wp\/v2\/posts\/7594\/revisions"}],"predecessor-version":[{"id":7622,"href":"https:\/\/blog.zeit.de\/nsu-prozess-blog\/wp-json\/wp\/v2\/posts\/7594\/revisions\/7622"}],"wp:attachment":[{"href":"https:\/\/blog.zeit.de\/nsu-prozess-blog\/wp-json\/wp\/v2\/media?parent=7594"}],"wp:term":[{"taxonomy":"category","embeddable":true,"href":"https:\/\/blog.zeit.de\/nsu-prozess-blog\/wp-json\/wp\/v2\/categories?post=7594"},{"taxonomy":"post_tag","embeddable":true,"href":"https:\/\/blog.zeit.de\/nsu-prozess-blog\/wp-json\/wp\/v2\/tags?post=7594"}],"curies":[{"name":"wp","href":"https:\/\/api.w.org\/{rel}","templated":true}]}}