{"id":7640,"date":"2014-09-30T07:00:56","date_gmt":"2014-09-30T05:00:56","guid":{"rendered":"http:\/\/blog.zeit.de\/nsu-prozess-blog\/?p=7640"},"modified":"2014-09-24T13:34:54","modified_gmt":"2014-09-24T11:34:54","slug":"144-prozesstag-v-mann-fuehrer-von-tino-brandt-geladen","status":"publish","type":"post","link":"https:\/\/blog.zeit.de\/nsu-prozess-blog\/2014\/09\/30\/144-prozesstag-v-mann-fuehrer-von-tino-brandt-geladen\/","title":{"rendered":"144. Prozesstag \u2013 V-Mann-F\u00fchrer von Tino Brandt geladen"},"content":{"rendered":"<p>Nachdem der Th\u00fcringer Neonazi und fr\u00fchere Verfassungsschutz-Spitzel <a href=\"https:\/\/blog.zeit.de\/nsu-prozess-blog\/2014\/02\/12\/tino-brandt\/\">Tino Brandt<\/a> in der vergangenen Woche <a href=\"https:\/\/blog.zeit.de\/nsu-prozess-blog\/2014\/09\/24\/medienlog-brand-zwickau-tino-brandt\/\">selbst ausgesagt<\/a> hatte, stehen diesmal seine damaligen V-Mann-F\u00fchrer im Zeugenstand. <a href=\"https:\/\/blog.zeit.de\/nsu-prozess-blog\/2014\/03\/27\/der-nazi-der-auspackte\/\">Reiner Bode<\/a> und J\u00fcrgen Z. trafen sich im Wochenrythmus mit Brandt und lie\u00dfen sich Informationen \u00fcber die rechte Szene in Th\u00fcringen diktieren. Der V-Mann selbst hatte bei seinen letzten Vernehmungen vor Gericht gesagt, dass die Verfassungssch\u00fctzer von ihm nie etwas \u00fcber Straftaten von Kameraden hatten h\u00f6ren wollen. So wurde m\u00f6glicherweise eine genauere Aufkl\u00e4rung der Szene verhindert. Die Beamten betreuten Brandt in den Jahren 1998 und 1999, zwei Jahre sp\u00e4ter wurde seine Spitzelt\u00e4tigkeit enttarnt.<\/p>\n<p>Au\u00dferdem h\u00f6rt das Gericht eine ehemalige Kommissarin, die nach dem Untertauchen des NSU-Trios 1998 die Wohnung von Beate Zsch\u00e4pe in Jena durchsuchen lie\u00df. Bei der Aktion wurden unter anderem Waffen und die rassistische <em>Monopoly<\/em>-Imitation <a href=\"https:\/\/blog.zeit.de\/nsu-prozess-blog\/2014\/02\/18\/monopoly-mit-auschwitz-feld-2\/\"><em>Pogromly<\/em><\/a> gefunden.<\/p>\n<p><em>ZEIT ONLINE berichtet aus M\u00fcnchen und fasst den Prozesstag am Abend auf diesem Blog zusammen. Informationen aus der Verhandlung gibt es <a href=\"https:\/\/twitter.com\/zeitonline\/lists\/nsu-prozess\">via Twitter hier<\/a>. Weitere Berichte stellen wir morgen im <a href=\"https:\/\/blog.zeit.de\/nsu-prozess-blog\/category\/medienschau\/\">NSU-Medienlog<\/a> zusammen.<\/em><\/p>\n","protected":false},"excerpt":{"rendered":"<p>Nachdem der Th\u00fcringer Neonazi und fr\u00fchere Verfassungsschutz-Spitzel Tino Brandt in der vergangenen Woche selbst ausgesagt hatte, stehen diesmal seine damaligen V-Mann-F\u00fchrer im Zeugenstand. Reiner Bode und J\u00fcrgen Z. trafen sich im Wochenrythmus mit Brandt und lie\u00dfen sich Informationen \u00fcber die rechte Szene in Th\u00fcringen diktieren. Der V-Mann selbst hatte bei seinen letzten Vernehmungen vor Gericht [&hellip;]<\/p>\n","protected":false},"author":435,"featured_media":0,"comment_status":"open","ping_status":"open","sticky":false,"template":"","format":"standard","meta":{"_jetpack_memberships_contains_paid_content":false,"footnotes":""},"categories":[27532],"tags":[29540,12741,1836],"class_list":["post-7640","post","type-post","status-publish","format-standard","hentry","category-prozesstage","tag-thueringen","tag-tino-brandt","tag-verfassungsschutz"],"yoast_head":"<!-- This site is optimized with the Yoast SEO plugin v21.0 - https:\/\/yoast.com\/wordpress\/plugins\/seo\/ -->\n<title>144. Prozesstag \u2013 V-Mann-F\u00fchrer von Tino Brandt geladen - Das NSU-Prozess-Blog<\/title>\n<meta name=\"robots\" content=\"index, follow, max-snippet:-1, max-image-preview:large, max-video-preview:-1\" \/>\n<link rel=\"canonical\" href=\"https:\/\/blog.zeit.de\/nsu-prozess-blog\/2014\/09\/30\/144-prozesstag-v-mann-fuehrer-von-tino-brandt-geladen\/\" \/>\n<meta property=\"og:locale\" content=\"de_DE\" \/>\n<meta property=\"og:type\" content=\"article\" \/>\n<meta property=\"og:title\" content=\"144. Prozesstag \u2013 V-Mann-F\u00fchrer von Tino Brandt geladen - Das NSU-Prozess-Blog\" \/>\n<meta property=\"og:description\" content=\"Nachdem der Th\u00fcringer Neonazi und fr\u00fchere Verfassungsschutz-Spitzel Tino Brandt in der vergangenen Woche selbst ausgesagt hatte, stehen diesmal seine damaligen V-Mann-F\u00fchrer im Zeugenstand. Reiner Bode und J\u00fcrgen Z. trafen sich im Wochenrythmus mit Brandt und lie\u00dfen sich Informationen \u00fcber die rechte Szene in Th\u00fcringen diktieren. Der V-Mann selbst hatte bei seinen letzten Vernehmungen vor Gericht [&hellip;]\" \/>\n<meta property=\"og:url\" content=\"https:\/\/blog.zeit.de\/nsu-prozess-blog\/2014\/09\/30\/144-prozesstag-v-mann-fuehrer-von-tino-brandt-geladen\/\" \/>\n<meta property=\"og:site_name\" content=\"Das NSU-Prozess-Blog\" \/>\n<meta property=\"article:published_time\" content=\"2014-09-30T05:00:56+00:00\" \/>\n<meta property=\"article:modified_time\" content=\"2014-09-24T11:34:54+00:00\" \/>\n<meta name=\"author\" content=\"Tom Sundermann\" \/>\n<meta name=\"twitter:label1\" content=\"Geschrieben von\" \/>\n\t<meta name=\"twitter:data1\" content=\"Tom Sundermann\" \/>\n\t<meta name=\"twitter:label2\" content=\"Gesch\u00e4tzte Lesezeit\" \/>\n\t<meta name=\"twitter:data2\" content=\"1\u00a0Minute\" \/>\n<script type=\"application\/ld+json\" class=\"yoast-schema-graph\">{\"@context\":\"https:\/\/schema.org\",\"@graph\":[{\"@type\":\"WebPage\",\"@id\":\"https:\/\/blog.zeit.de\/nsu-prozess-blog\/2014\/09\/30\/144-prozesstag-v-mann-fuehrer-von-tino-brandt-geladen\/\",\"url\":\"https:\/\/blog.zeit.de\/nsu-prozess-blog\/2014\/09\/30\/144-prozesstag-v-mann-fuehrer-von-tino-brandt-geladen\/\",\"name\":\"144. Prozesstag \u2013 V-Mann-F\u00fchrer von Tino Brandt geladen - Das NSU-Prozess-Blog\",\"isPartOf\":{\"@id\":\"https:\/\/blog.zeit.de\/nsu-prozess-blog\/#website\"},\"datePublished\":\"2014-09-30T05:00:56+00:00\",\"dateModified\":\"2014-09-24T11:34:54+00:00\",\"author\":{\"@id\":\"https:\/\/blog.zeit.de\/nsu-prozess-blog\/#\/schema\/person\/553ea9bb5d1fc2ae054c589bd59380a5\"},\"breadcrumb\":{\"@id\":\"https:\/\/blog.zeit.de\/nsu-prozess-blog\/2014\/09\/30\/144-prozesstag-v-mann-fuehrer-von-tino-brandt-geladen\/#breadcrumb\"},\"inLanguage\":\"de\",\"potentialAction\":[{\"@type\":\"ReadAction\",\"target\":[\"https:\/\/blog.zeit.de\/nsu-prozess-blog\/2014\/09\/30\/144-prozesstag-v-mann-fuehrer-von-tino-brandt-geladen\/\"]}]},{\"@type\":\"BreadcrumbList\",\"@id\":\"https:\/\/blog.zeit.de\/nsu-prozess-blog\/2014\/09\/30\/144-prozesstag-v-mann-fuehrer-von-tino-brandt-geladen\/#breadcrumb\",\"itemListElement\":[{\"@type\":\"ListItem\",\"position\":1,\"name\":\"Startseite\",\"item\":\"https:\/\/blog.zeit.de\/nsu-prozess-blog\/\"},{\"@type\":\"ListItem\",\"position\":2,\"name\":\"144. Prozesstag \u2013 V-Mann-F\u00fchrer von Tino Brandt geladen\"}]},{\"@type\":\"WebSite\",\"@id\":\"https:\/\/blog.zeit.de\/nsu-prozess-blog\/#website\",\"url\":\"https:\/\/blog.zeit.de\/nsu-prozess-blog\/\",\"name\":\"Das NSU-Prozess-Blog\",\"description\":\"Alle Berichte zum Terrorverfahren in M\u00fcnchen\",\"potentialAction\":[{\"@type\":\"SearchAction\",\"target\":{\"@type\":\"EntryPoint\",\"urlTemplate\":\"https:\/\/blog.zeit.de\/nsu-prozess-blog\/?s={search_term_string}\"},\"query-input\":\"required name=search_term_string\"}],\"inLanguage\":\"de\"},{\"@type\":\"Person\",\"@id\":\"https:\/\/blog.zeit.de\/nsu-prozess-blog\/#\/schema\/person\/553ea9bb5d1fc2ae054c589bd59380a5\",\"name\":\"Tom Sundermann\",\"image\":{\"@type\":\"ImageObject\",\"inLanguage\":\"de\",\"@id\":\"https:\/\/blog.zeit.de\/nsu-prozess-blog\/#\/schema\/person\/image\/\",\"url\":\"https:\/\/secure.gravatar.com\/avatar\/e108a3dc18766f719b2f797dc5d19093f06a1870c55b553ab6b7563f1f9a5e68?s=96&d=mm&r=g\",\"contentUrl\":\"https:\/\/secure.gravatar.com\/avatar\/e108a3dc18766f719b2f797dc5d19093f06a1870c55b553ab6b7563f1f9a5e68?s=96&d=mm&r=g\",\"caption\":\"Tom Sundermann\"},\"sameAs\":[\"https:\/\/twitter.com\/messeticker\"],\"url\":\"https:\/\/blog.zeit.de\/nsu-prozess-blog\/author\/tsundermann\/\"}]}<\/script>\n<!-- \/ Yoast SEO plugin. -->","yoast_head_json":{"title":"144. Prozesstag \u2013 V-Mann-F\u00fchrer von Tino Brandt geladen - Das NSU-Prozess-Blog","robots":{"index":"index","follow":"follow","max-snippet":"max-snippet:-1","max-image-preview":"max-image-preview:large","max-video-preview":"max-video-preview:-1"},"canonical":"https:\/\/blog.zeit.de\/nsu-prozess-blog\/2014\/09\/30\/144-prozesstag-v-mann-fuehrer-von-tino-brandt-geladen\/","og_locale":"de_DE","og_type":"article","og_title":"144. Prozesstag \u2013 V-Mann-F\u00fchrer von Tino Brandt geladen - Das NSU-Prozess-Blog","og_description":"Nachdem der Th\u00fcringer Neonazi und fr\u00fchere Verfassungsschutz-Spitzel Tino Brandt in der vergangenen Woche selbst ausgesagt hatte, stehen diesmal seine damaligen V-Mann-F\u00fchrer im Zeugenstand. Reiner Bode und J\u00fcrgen Z. trafen sich im Wochenrythmus mit Brandt und lie\u00dfen sich Informationen \u00fcber die rechte Szene in Th\u00fcringen diktieren. Der V-Mann selbst hatte bei seinen letzten Vernehmungen vor Gericht [&hellip;]","og_url":"https:\/\/blog.zeit.de\/nsu-prozess-blog\/2014\/09\/30\/144-prozesstag-v-mann-fuehrer-von-tino-brandt-geladen\/","og_site_name":"Das NSU-Prozess-Blog","article_published_time":"2014-09-30T05:00:56+00:00","article_modified_time":"2014-09-24T11:34:54+00:00","author":"Tom Sundermann","twitter_misc":{"Geschrieben von":"Tom Sundermann","Gesch\u00e4tzte Lesezeit":"1\u00a0Minute"},"schema":{"@context":"https:\/\/schema.org","@graph":[{"@type":"WebPage","@id":"https:\/\/blog.zeit.de\/nsu-prozess-blog\/2014\/09\/30\/144-prozesstag-v-mann-fuehrer-von-tino-brandt-geladen\/","url":"https:\/\/blog.zeit.de\/nsu-prozess-blog\/2014\/09\/30\/144-prozesstag-v-mann-fuehrer-von-tino-brandt-geladen\/","name":"144. Prozesstag \u2013 V-Mann-F\u00fchrer von Tino Brandt geladen - Das NSU-Prozess-Blog","isPartOf":{"@id":"https:\/\/blog.zeit.de\/nsu-prozess-blog\/#website"},"datePublished":"2014-09-30T05:00:56+00:00","dateModified":"2014-09-24T11:34:54+00:00","author":{"@id":"https:\/\/blog.zeit.de\/nsu-prozess-blog\/#\/schema\/person\/553ea9bb5d1fc2ae054c589bd59380a5"},"breadcrumb":{"@id":"https:\/\/blog.zeit.de\/nsu-prozess-blog\/2014\/09\/30\/144-prozesstag-v-mann-fuehrer-von-tino-brandt-geladen\/#breadcrumb"},"inLanguage":"de","potentialAction":[{"@type":"ReadAction","target":["https:\/\/blog.zeit.de\/nsu-prozess-blog\/2014\/09\/30\/144-prozesstag-v-mann-fuehrer-von-tino-brandt-geladen\/"]}]},{"@type":"BreadcrumbList","@id":"https:\/\/blog.zeit.de\/nsu-prozess-blog\/2014\/09\/30\/144-prozesstag-v-mann-fuehrer-von-tino-brandt-geladen\/#breadcrumb","itemListElement":[{"@type":"ListItem","position":1,"name":"Startseite","item":"https:\/\/blog.zeit.de\/nsu-prozess-blog\/"},{"@type":"ListItem","position":2,"name":"144. Prozesstag \u2013 V-Mann-F\u00fchrer von Tino Brandt geladen"}]},{"@type":"WebSite","@id":"https:\/\/blog.zeit.de\/nsu-prozess-blog\/#website","url":"https:\/\/blog.zeit.de\/nsu-prozess-blog\/","name":"Das NSU-Prozess-Blog","description":"Alle Berichte zum Terrorverfahren in M\u00fcnchen","potentialAction":[{"@type":"SearchAction","target":{"@type":"EntryPoint","urlTemplate":"https:\/\/blog.zeit.de\/nsu-prozess-blog\/?s={search_term_string}"},"query-input":"required name=search_term_string"}],"inLanguage":"de"},{"@type":"Person","@id":"https:\/\/blog.zeit.de\/nsu-prozess-blog\/#\/schema\/person\/553ea9bb5d1fc2ae054c589bd59380a5","name":"Tom Sundermann","image":{"@type":"ImageObject","inLanguage":"de","@id":"https:\/\/blog.zeit.de\/nsu-prozess-blog\/#\/schema\/person\/image\/","url":"https:\/\/secure.gravatar.com\/avatar\/e108a3dc18766f719b2f797dc5d19093f06a1870c55b553ab6b7563f1f9a5e68?s=96&d=mm&r=g","contentUrl":"https:\/\/secure.gravatar.com\/avatar\/e108a3dc18766f719b2f797dc5d19093f06a1870c55b553ab6b7563f1f9a5e68?s=96&d=mm&r=g","caption":"Tom Sundermann"},"sameAs":["https:\/\/twitter.com\/messeticker"],"url":"https:\/\/blog.zeit.de\/nsu-prozess-blog\/author\/tsundermann\/"}]}},"jetpack_featured_media_url":"","jetpack_sharing_enabled":true,"_links":{"self":[{"href":"https:\/\/blog.zeit.de\/nsu-prozess-blog\/wp-json\/wp\/v2\/posts\/7640","targetHints":{"allow":["GET"]}}],"collection":[{"href":"https:\/\/blog.zeit.de\/nsu-prozess-blog\/wp-json\/wp\/v2\/posts"}],"about":[{"href":"https:\/\/blog.zeit.de\/nsu-prozess-blog\/wp-json\/wp\/v2\/types\/post"}],"author":[{"embeddable":true,"href":"https:\/\/blog.zeit.de\/nsu-prozess-blog\/wp-json\/wp\/v2\/users\/435"}],"replies":[{"embeddable":true,"href":"https:\/\/blog.zeit.de\/nsu-prozess-blog\/wp-json\/wp\/v2\/comments?post=7640"}],"version-history":[{"count":2,"href":"https:\/\/blog.zeit.de\/nsu-prozess-blog\/wp-json\/wp\/v2\/posts\/7640\/revisions"}],"predecessor-version":[{"id":7643,"href":"https:\/\/blog.zeit.de\/nsu-prozess-blog\/wp-json\/wp\/v2\/posts\/7640\/revisions\/7643"}],"wp:attachment":[{"href":"https:\/\/blog.zeit.de\/nsu-prozess-blog\/wp-json\/wp\/v2\/media?parent=7640"}],"wp:term":[{"taxonomy":"category","embeddable":true,"href":"https:\/\/blog.zeit.de\/nsu-prozess-blog\/wp-json\/wp\/v2\/categories?post=7640"},{"taxonomy":"post_tag","embeddable":true,"href":"https:\/\/blog.zeit.de\/nsu-prozess-blog\/wp-json\/wp\/v2\/tags?post=7640"}],"curies":[{"name":"wp","href":"https:\/\/api.w.org\/{rel}","templated":true}]}}