{"id":7681,"date":"2014-09-30T09:16:30","date_gmt":"2014-09-30T07:16:30","guid":{"rendered":"http:\/\/blog.zeit.de\/nsu-prozess-blog\/?p=7681"},"modified":"2014-09-30T09:42:19","modified_gmt":"2014-09-30T07:42:19","slug":"medienlog-nsu-trio-blood-honour","status":"publish","type":"post","link":"https:\/\/blog.zeit.de\/nsu-prozess-blog\/2014\/09\/30\/medienlog-nsu-trio-blood-honour\/","title":{"rendered":"Hatte der NSU mehr als drei Mitglieder? \u2013 Das Medienlog vom Dienstag, 30. September 2014"},"content":{"rendered":"<p>Bis heute z\u00e4hlt die Anklage im NSU-Prozess ausschlie\u00dflich die drei Rechtsextremisten Beate Zsch\u00e4pe, Uwe Mundlos und Uwe B\u00f6hnhardt als Mitglieder der terroristischen Gruppe. <a href=\"http:\/\/www.welt.de\/politik\/deutschland\/article132738971\/Zweifel-an-der-Theorie-vom-abgeschotteten-NSU-Trio.html\" target=\"_blank\">dpa<\/a>-Autor Christoph Lemmer entdeckt in der Vernehmung des Th\u00fcringer Neonazis <a href=\"https:\/\/blog.zeit.de\/nsu-prozess-blog\/2014\/09\/25\/medienlog-tino-brandt-verfassungsschutz\/\">Tino Brandt<\/a> aus der vergangenen Woche jedoch Hinweise, die f\u00fcr ein weiteres Mitglied sprechen sollen: So lie\u00df Richter Manfred G\u00f6tzl die Frage einer Anw\u00e4ltin nach weiteren V-M\u00e4nnern im Umfeld der Zelle erstmals zu \u2013 bislang hatte er ebensolche Fragen zum Netzwerk im NSU-Umfeld regelm\u00e4\u00dfig blockiert.<\/p>\n<p><!--more--><\/p>\n<p><em>An jedem Werktag sichten wir f\u00fcr das NSU-Prozess-Blog die Medien und stellen wichtige Berichte, Blogs, Videos und Tweets zusammen. Wir freuen uns \u00fcber Hinweise via Twitter mit dem Hashtag #nsublog \u2013 oder per E-Mail an <a href=\"mailto:nsublog@zeit.de\">nsublog@zeit.de<\/a>.<\/em><\/p>\n<p>Der Zeuge lieferte eine Andeutung: &#8222;Brandt hatte nach stundenlangem Ausweichen einger\u00e4umt, er habe eine &#8218;Person&#8216; im Kopf. Sogleich besann er sich aber und f\u00fcgte hinzu, ihm falle kein Name ein.&#8220; Nebenklagevertreter vermuten als Mitstreiter des NSU Angeh\u00f6rige der verbotenen Neonazi-Organisation Blood &amp; Honour in Chemnitz.<\/p>\n<p>Am Dienstag und Mittwoch sagen im Prozess Mitarbeiter des Th\u00fcringer Verfassungsschutzes aus, die Brandt in seiner Zeit als V-Mann betreut hatten. Einen Ausblick auf die Vernehmungen liefert die <a href=\"http:\/\/www.thueringer-allgemeine.de\/web\/zgt\/leben\/detail\/-\/specific\/NSU-Prozess-Was-wusste-Thueringens-Verfassungsschutz-wirklich-ueber-Zschaepe-M-774260103\" target=\"_blank\"><em>Th\u00fcringer Allgemeine<\/em><\/a>.<\/p>\n<p><em>Das n\u00e4chste Medienlog erscheint am Mittwoch, 1. Oktober 2014.<\/em><\/p>\n","protected":false},"excerpt":{"rendered":"<p>Bis heute z\u00e4hlt die Anklage im NSU-Prozess ausschlie\u00dflich die drei Rechtsextremisten Beate Zsch\u00e4pe, Uwe Mundlos und Uwe B\u00f6hnhardt als Mitglieder der terroristischen Gruppe. dpa-Autor Christoph Lemmer entdeckt in der Vernehmung des Th\u00fcringer Neonazis Tino Brandt aus der vergangenen Woche jedoch Hinweise, die f\u00fcr ein weiteres Mitglied sprechen sollen: So lie\u00df Richter Manfred G\u00f6tzl die Frage [&hellip;]<\/p>\n","protected":false},"author":435,"featured_media":0,"comment_status":"open","ping_status":"open","sticky":false,"template":"","format":"standard","meta":{"_jetpack_memberships_contains_paid_content":false,"footnotes":""},"categories":[27531],"tags":[1507,29426,12741,1449,1836],"class_list":["post-7681","post","type-post","status-publish","format-standard","hentry","category-medienschau","tag-blood-honour","tag-nebenklage","tag-tino-brandt","tag-unterstutzer","tag-verfassungsschutz"],"yoast_head":"<!-- This site is optimized with the Yoast SEO plugin v21.0 - https:\/\/yoast.com\/wordpress\/plugins\/seo\/ -->\n<title>Hatte der NSU mehr als drei Mitglieder? \u2013 Das Medienlog vom Dienstag, 30. September 2014 - Das NSU-Prozess-Blog<\/title>\n<meta name=\"robots\" content=\"index, follow, max-snippet:-1, max-image-preview:large, max-video-preview:-1\" \/>\n<link rel=\"canonical\" href=\"https:\/\/blog.zeit.de\/nsu-prozess-blog\/2014\/09\/30\/medienlog-nsu-trio-blood-honour\/\" \/>\n<meta property=\"og:locale\" content=\"de_DE\" \/>\n<meta property=\"og:type\" content=\"article\" \/>\n<meta property=\"og:title\" content=\"Hatte der NSU mehr als drei Mitglieder? \u2013 Das Medienlog vom Dienstag, 30. September 2014 - Das NSU-Prozess-Blog\" \/>\n<meta property=\"og:description\" content=\"Bis heute z\u00e4hlt die Anklage im NSU-Prozess ausschlie\u00dflich die drei Rechtsextremisten Beate Zsch\u00e4pe, Uwe Mundlos und Uwe B\u00f6hnhardt als Mitglieder der terroristischen Gruppe. dpa-Autor Christoph Lemmer entdeckt in der Vernehmung des Th\u00fcringer Neonazis Tino Brandt aus der vergangenen Woche jedoch Hinweise, die f\u00fcr ein weiteres Mitglied sprechen sollen: So lie\u00df Richter Manfred G\u00f6tzl die Frage [&hellip;]\" \/>\n<meta property=\"og:url\" content=\"https:\/\/blog.zeit.de\/nsu-prozess-blog\/2014\/09\/30\/medienlog-nsu-trio-blood-honour\/\" \/>\n<meta property=\"og:site_name\" content=\"Das NSU-Prozess-Blog\" \/>\n<meta property=\"article:published_time\" content=\"2014-09-30T07:16:30+00:00\" \/>\n<meta property=\"article:modified_time\" content=\"2014-09-30T07:42:19+00:00\" \/>\n<meta name=\"author\" content=\"Tom Sundermann\" \/>\n<meta name=\"twitter:label1\" content=\"Geschrieben von\" \/>\n\t<meta name=\"twitter:data1\" content=\"Tom Sundermann\" \/>\n\t<meta name=\"twitter:label2\" content=\"Gesch\u00e4tzte Lesezeit\" \/>\n\t<meta name=\"twitter:data2\" content=\"1\u00a0Minute\" \/>\n<script type=\"application\/ld+json\" class=\"yoast-schema-graph\">{\"@context\":\"https:\/\/schema.org\",\"@graph\":[{\"@type\":\"WebPage\",\"@id\":\"https:\/\/blog.zeit.de\/nsu-prozess-blog\/2014\/09\/30\/medienlog-nsu-trio-blood-honour\/\",\"url\":\"https:\/\/blog.zeit.de\/nsu-prozess-blog\/2014\/09\/30\/medienlog-nsu-trio-blood-honour\/\",\"name\":\"Hatte der NSU mehr als drei Mitglieder? \u2013 Das Medienlog vom Dienstag, 30. September 2014 - Das NSU-Prozess-Blog\",\"isPartOf\":{\"@id\":\"https:\/\/blog.zeit.de\/nsu-prozess-blog\/#website\"},\"datePublished\":\"2014-09-30T07:16:30+00:00\",\"dateModified\":\"2014-09-30T07:42:19+00:00\",\"author\":{\"@id\":\"https:\/\/blog.zeit.de\/nsu-prozess-blog\/#\/schema\/person\/553ea9bb5d1fc2ae054c589bd59380a5\"},\"breadcrumb\":{\"@id\":\"https:\/\/blog.zeit.de\/nsu-prozess-blog\/2014\/09\/30\/medienlog-nsu-trio-blood-honour\/#breadcrumb\"},\"inLanguage\":\"de\",\"potentialAction\":[{\"@type\":\"ReadAction\",\"target\":[\"https:\/\/blog.zeit.de\/nsu-prozess-blog\/2014\/09\/30\/medienlog-nsu-trio-blood-honour\/\"]}]},{\"@type\":\"BreadcrumbList\",\"@id\":\"https:\/\/blog.zeit.de\/nsu-prozess-blog\/2014\/09\/30\/medienlog-nsu-trio-blood-honour\/#breadcrumb\",\"itemListElement\":[{\"@type\":\"ListItem\",\"position\":1,\"name\":\"Startseite\",\"item\":\"https:\/\/blog.zeit.de\/nsu-prozess-blog\/\"},{\"@type\":\"ListItem\",\"position\":2,\"name\":\"Hatte der NSU mehr als drei Mitglieder? \u2013 Das Medienlog vom Dienstag, 30. September 2014\"}]},{\"@type\":\"WebSite\",\"@id\":\"https:\/\/blog.zeit.de\/nsu-prozess-blog\/#website\",\"url\":\"https:\/\/blog.zeit.de\/nsu-prozess-blog\/\",\"name\":\"Das NSU-Prozess-Blog\",\"description\":\"Alle Berichte zum Terrorverfahren in M\u00fcnchen\",\"potentialAction\":[{\"@type\":\"SearchAction\",\"target\":{\"@type\":\"EntryPoint\",\"urlTemplate\":\"https:\/\/blog.zeit.de\/nsu-prozess-blog\/?s={search_term_string}\"},\"query-input\":\"required name=search_term_string\"}],\"inLanguage\":\"de\"},{\"@type\":\"Person\",\"@id\":\"https:\/\/blog.zeit.de\/nsu-prozess-blog\/#\/schema\/person\/553ea9bb5d1fc2ae054c589bd59380a5\",\"name\":\"Tom Sundermann\",\"image\":{\"@type\":\"ImageObject\",\"inLanguage\":\"de\",\"@id\":\"https:\/\/blog.zeit.de\/nsu-prozess-blog\/#\/schema\/person\/image\/\",\"url\":\"https:\/\/secure.gravatar.com\/avatar\/e108a3dc18766f719b2f797dc5d19093f06a1870c55b553ab6b7563f1f9a5e68?s=96&d=mm&r=g\",\"contentUrl\":\"https:\/\/secure.gravatar.com\/avatar\/e108a3dc18766f719b2f797dc5d19093f06a1870c55b553ab6b7563f1f9a5e68?s=96&d=mm&r=g\",\"caption\":\"Tom Sundermann\"},\"sameAs\":[\"https:\/\/twitter.com\/messeticker\"],\"url\":\"https:\/\/blog.zeit.de\/nsu-prozess-blog\/author\/tsundermann\/\"}]}<\/script>\n<!-- \/ Yoast SEO plugin. -->","yoast_head_json":{"title":"Hatte der NSU mehr als drei Mitglieder? \u2013 Das Medienlog vom Dienstag, 30. September 2014 - Das NSU-Prozess-Blog","robots":{"index":"index","follow":"follow","max-snippet":"max-snippet:-1","max-image-preview":"max-image-preview:large","max-video-preview":"max-video-preview:-1"},"canonical":"https:\/\/blog.zeit.de\/nsu-prozess-blog\/2014\/09\/30\/medienlog-nsu-trio-blood-honour\/","og_locale":"de_DE","og_type":"article","og_title":"Hatte der NSU mehr als drei Mitglieder? \u2013 Das Medienlog vom Dienstag, 30. September 2014 - Das NSU-Prozess-Blog","og_description":"Bis heute z\u00e4hlt die Anklage im NSU-Prozess ausschlie\u00dflich die drei Rechtsextremisten Beate Zsch\u00e4pe, Uwe Mundlos und Uwe B\u00f6hnhardt als Mitglieder der terroristischen Gruppe. dpa-Autor Christoph Lemmer entdeckt in der Vernehmung des Th\u00fcringer Neonazis Tino Brandt aus der vergangenen Woche jedoch Hinweise, die f\u00fcr ein weiteres Mitglied sprechen sollen: So lie\u00df Richter Manfred G\u00f6tzl die Frage [&hellip;]","og_url":"https:\/\/blog.zeit.de\/nsu-prozess-blog\/2014\/09\/30\/medienlog-nsu-trio-blood-honour\/","og_site_name":"Das NSU-Prozess-Blog","article_published_time":"2014-09-30T07:16:30+00:00","article_modified_time":"2014-09-30T07:42:19+00:00","author":"Tom Sundermann","twitter_misc":{"Geschrieben von":"Tom Sundermann","Gesch\u00e4tzte Lesezeit":"1\u00a0Minute"},"schema":{"@context":"https:\/\/schema.org","@graph":[{"@type":"WebPage","@id":"https:\/\/blog.zeit.de\/nsu-prozess-blog\/2014\/09\/30\/medienlog-nsu-trio-blood-honour\/","url":"https:\/\/blog.zeit.de\/nsu-prozess-blog\/2014\/09\/30\/medienlog-nsu-trio-blood-honour\/","name":"Hatte der NSU mehr als drei Mitglieder? \u2013 Das Medienlog vom Dienstag, 30. September 2014 - Das NSU-Prozess-Blog","isPartOf":{"@id":"https:\/\/blog.zeit.de\/nsu-prozess-blog\/#website"},"datePublished":"2014-09-30T07:16:30+00:00","dateModified":"2014-09-30T07:42:19+00:00","author":{"@id":"https:\/\/blog.zeit.de\/nsu-prozess-blog\/#\/schema\/person\/553ea9bb5d1fc2ae054c589bd59380a5"},"breadcrumb":{"@id":"https:\/\/blog.zeit.de\/nsu-prozess-blog\/2014\/09\/30\/medienlog-nsu-trio-blood-honour\/#breadcrumb"},"inLanguage":"de","potentialAction":[{"@type":"ReadAction","target":["https:\/\/blog.zeit.de\/nsu-prozess-blog\/2014\/09\/30\/medienlog-nsu-trio-blood-honour\/"]}]},{"@type":"BreadcrumbList","@id":"https:\/\/blog.zeit.de\/nsu-prozess-blog\/2014\/09\/30\/medienlog-nsu-trio-blood-honour\/#breadcrumb","itemListElement":[{"@type":"ListItem","position":1,"name":"Startseite","item":"https:\/\/blog.zeit.de\/nsu-prozess-blog\/"},{"@type":"ListItem","position":2,"name":"Hatte der NSU mehr als drei Mitglieder? \u2013 Das Medienlog vom Dienstag, 30. September 2014"}]},{"@type":"WebSite","@id":"https:\/\/blog.zeit.de\/nsu-prozess-blog\/#website","url":"https:\/\/blog.zeit.de\/nsu-prozess-blog\/","name":"Das NSU-Prozess-Blog","description":"Alle Berichte zum Terrorverfahren in M\u00fcnchen","potentialAction":[{"@type":"SearchAction","target":{"@type":"EntryPoint","urlTemplate":"https:\/\/blog.zeit.de\/nsu-prozess-blog\/?s={search_term_string}"},"query-input":"required name=search_term_string"}],"inLanguage":"de"},{"@type":"Person","@id":"https:\/\/blog.zeit.de\/nsu-prozess-blog\/#\/schema\/person\/553ea9bb5d1fc2ae054c589bd59380a5","name":"Tom Sundermann","image":{"@type":"ImageObject","inLanguage":"de","@id":"https:\/\/blog.zeit.de\/nsu-prozess-blog\/#\/schema\/person\/image\/","url":"https:\/\/secure.gravatar.com\/avatar\/e108a3dc18766f719b2f797dc5d19093f06a1870c55b553ab6b7563f1f9a5e68?s=96&d=mm&r=g","contentUrl":"https:\/\/secure.gravatar.com\/avatar\/e108a3dc18766f719b2f797dc5d19093f06a1870c55b553ab6b7563f1f9a5e68?s=96&d=mm&r=g","caption":"Tom Sundermann"},"sameAs":["https:\/\/twitter.com\/messeticker"],"url":"https:\/\/blog.zeit.de\/nsu-prozess-blog\/author\/tsundermann\/"}]}},"jetpack_featured_media_url":"","jetpack_sharing_enabled":true,"_links":{"self":[{"href":"https:\/\/blog.zeit.de\/nsu-prozess-blog\/wp-json\/wp\/v2\/posts\/7681","targetHints":{"allow":["GET"]}}],"collection":[{"href":"https:\/\/blog.zeit.de\/nsu-prozess-blog\/wp-json\/wp\/v2\/posts"}],"about":[{"href":"https:\/\/blog.zeit.de\/nsu-prozess-blog\/wp-json\/wp\/v2\/types\/post"}],"author":[{"embeddable":true,"href":"https:\/\/blog.zeit.de\/nsu-prozess-blog\/wp-json\/wp\/v2\/users\/435"}],"replies":[{"embeddable":true,"href":"https:\/\/blog.zeit.de\/nsu-prozess-blog\/wp-json\/wp\/v2\/comments?post=7681"}],"version-history":[{"count":9,"href":"https:\/\/blog.zeit.de\/nsu-prozess-blog\/wp-json\/wp\/v2\/posts\/7681\/revisions"}],"predecessor-version":[{"id":7690,"href":"https:\/\/blog.zeit.de\/nsu-prozess-blog\/wp-json\/wp\/v2\/posts\/7681\/revisions\/7690"}],"wp:attachment":[{"href":"https:\/\/blog.zeit.de\/nsu-prozess-blog\/wp-json\/wp\/v2\/media?parent=7681"}],"wp:term":[{"taxonomy":"category","embeddable":true,"href":"https:\/\/blog.zeit.de\/nsu-prozess-blog\/wp-json\/wp\/v2\/categories?post=7681"},{"taxonomy":"post_tag","embeddable":true,"href":"https:\/\/blog.zeit.de\/nsu-prozess-blog\/wp-json\/wp\/v2\/tags?post=7681"}],"curies":[{"name":"wp","href":"https:\/\/api.w.org\/{rel}","templated":true}]}}