{"id":7694,"date":"2014-10-01T08:33:13","date_gmt":"2014-10-01T06:33:13","guid":{"rendered":"http:\/\/blog.zeit.de\/nsu-prozess-blog\/?p=7694"},"modified":"2014-10-01T09:33:49","modified_gmt":"2014-10-01T07:33:49","slug":"medienlog-verfassungsschutz-thueringen-tino-brandt","status":"publish","type":"post","link":"https:\/\/blog.zeit.de\/nsu-prozess-blog\/2014\/10\/01\/medienlog-verfassungsschutz-thueringen-tino-brandt\/","title":{"rendered":"Das Versagen der Verfassungssch\u00fctzer \u2013 Das Medienlog vom Mittwoch, 1. Oktober 2014"},"content":{"rendered":"<p>Die Vernehmung zweier Verfassungssch\u00fctzer aus Th\u00fcringen offenbarte erneut schwere Fehler bei der Beobachtung der rechten Szene. Zwischen Verfassungsschutz und Polizei habe es ein &#8222;Konkurrenzdenken&#8220; gegeben, sagte einer der Beamten. Das k\u00f6nnte einer der Gr\u00fcnde daf\u00fcr gewesen sein, dass das 1998 untergetauchte Trio aus Beate Zsch\u00e4pe, Uwe Mundlos und Uwe B\u00f6hnhardt nicht gefasst wurde. Beide Zeugen lie\u00dfen sich als V-Mann-F\u00fchrer von der Szenegr\u00f6\u00dfe <a href=\"https:\/\/blog.zeit.de\/nsu-prozess-blog\/2014\/09\/25\/medienlog-tino-brandt-verfassungsschutz\/\">Tino Brandt<\/a> informieren, &#8222;obwohl doch Zweifel angebracht sein mussten, dass Brandt seine Kameraden tats\u00e4chlich verriet&#8220;, wie Tim A\u00dfmann vom <a href=\"http:\/\/www.br.de\/nachrichten\/nsu-prozess\/140930-tagebuch-gerichtsreporter-100.html\" target=\"_blank\"><em>Bayerischen Rundfunk<\/em><\/a> anmerkt.<\/p>\n<p><!--more--><\/p>\n<p><em>An jedem Werktag sichten wir f\u00fcr das NSU-Prozess-Blog die Medien und stellen wichtige Berichte, Blogs, Videos und Tweets zusammen. Wir freuen uns \u00fcber Hinweise via Twitter mit dem Hashtag #nsublog \u2013 oder per E-Mail an <a href=\"mailto:nsublog@zeit.de\">nsublog@zeit.de<\/a>.<\/em><\/p>\n<p>Versuche des Landesamts, selbst an das Trio heranzukommen, scheiterten. Auch Fahnder hatten keinen Erfolg \u2013 m\u00f6glicherweise, weil sie einander Informationen vorenthielten. &#8222;Es bleibt der Eindruck, dass Verfassungsschutz und Polizei Mundlos, B\u00f6hnhardt und Zsch\u00e4pe h\u00e4tten kriegen k\u00f6nnen, bevor das Morden begann.&#8220;<\/p>\n<p>Gisela Friedrichsen stellt auf <a href=\"http:\/\/www.spiegel.de\/panorama\/justiz\/nsu-prozess-verfassungsschuetzer-sagen-ueber-tino-brandt-aus-a-994687.html\" target=\"_blank\"><em>Spiegel Online<\/em><\/a> die These auf, &#8222;dass die Verbrechen des NSU durch die Unterst\u00fctzung des Amtes beg\u00fcnstigt worden sind&#8220;. Daf\u00fcr spielt auch die Frage eine Rolle, ob das Landesamt Brandt nach Straftaten in der Szene befragte. Der fr\u00fchere V-Mann sagte aus, er habe dar\u00fcber nichts berichten m\u00fcssen. Einer der Verfassungssch\u00fctzer widersprach dieser Darstellung am Dienstag zwar. &#8222;Eine konkrete Erinnerung allerdings hatte er, wie in so vielen anderen Punkten, nicht.&#8220;<\/p>\n<p>Fraglich ist auch, wie gut die Beh\u00f6rde ihren V-Mann im Griff hatte. Einer der Beamten sprach zwar von einer Kontrolle des Informanten. &#8222;Als THS-Initiator und Funktion\u00e4r der rechtsextremen NPD war Brandts Einfluss jedoch nur schwer einzud\u00e4mmen&#8220;, schreibt Marcel F\u00fcrstenau von der <a href=\"http:\/\/www.dw.de\/nsu-prozess-f%C3%BChren-und-verf%C3%BChren\/a-17966336\" target=\"_blank\"><em>Deutschen Welle<\/em><\/a>. Das habe der V-Mann-F\u00fchrer schlie\u00dflich auch einr\u00e4umen m\u00fcssen.<\/p>\n<p>Der Eindruck des Versagens manifestierte sich auch bei den Opferanw\u00e4lten: Nebenklagevertreter Thomas Bliwier sagte in einer Erkl\u00e4rung, die Angaben von Brandt h\u00e4tten &#8222;das vollst\u00e4ndige Versagen&#8220; des Verfassungsschutzes bei der Suche nach den Fl\u00fcchtigen belegt. Zsch\u00e4pes Anwalt Wolfgang Stahl sagte hingegen, der Zeuge habe sich durch seine Aussage als &#8222;notorischer L\u00fcgner&#8220; dargestellt.<\/p>\n<p><em>Das n\u00e4chste Medienlog erscheint am Donnerstag, 2. Oktober 2014.<\/em><\/p>\n","protected":false},"excerpt":{"rendered":"<p>Die Vernehmung zweier Verfassungssch\u00fctzer aus Th\u00fcringen offenbarte erneut schwere Fehler bei der Beobachtung der rechten Szene. Zwischen Verfassungsschutz und Polizei habe es ein &#8222;Konkurrenzdenken&#8220; gegeben, sagte einer der Beamten. Das k\u00f6nnte einer der Gr\u00fcnde daf\u00fcr gewesen sein, dass das 1998 untergetauchte Trio aus Beate Zsch\u00e4pe, Uwe Mundlos und Uwe B\u00f6hnhardt nicht gefasst wurde. Beide Zeugen [&hellip;]<\/p>\n","protected":false},"author":435,"featured_media":0,"comment_status":"open","ping_status":"open","sticky":false,"template":"","format":"standard","meta":{"_jetpack_memberships_contains_paid_content":false,"footnotes":""},"categories":[27531],"tags":[29540,12741,1836,29427],"class_list":["post-7694","post","type-post","status-publish","format-standard","hentry","category-medienschau","tag-thueringen","tag-tino-brandt","tag-verfassungsschutz","tag-wolfgang-stahl"],"yoast_head":"<!-- This site is optimized with the Yoast SEO plugin v21.0 - https:\/\/yoast.com\/wordpress\/plugins\/seo\/ -->\n<title>Das Versagen der Verfassungssch\u00fctzer \u2013 Das Medienlog vom Mittwoch, 1. Oktober 2014 - Das NSU-Prozess-Blog<\/title>\n<meta name=\"robots\" content=\"index, follow, max-snippet:-1, max-image-preview:large, max-video-preview:-1\" \/>\n<link rel=\"canonical\" href=\"https:\/\/blog.zeit.de\/nsu-prozess-blog\/2014\/10\/01\/medienlog-verfassungsschutz-thueringen-tino-brandt\/\" \/>\n<meta property=\"og:locale\" content=\"de_DE\" \/>\n<meta property=\"og:type\" content=\"article\" \/>\n<meta property=\"og:title\" content=\"Das Versagen der Verfassungssch\u00fctzer \u2013 Das Medienlog vom Mittwoch, 1. Oktober 2014 - Das NSU-Prozess-Blog\" \/>\n<meta property=\"og:description\" content=\"Die Vernehmung zweier Verfassungssch\u00fctzer aus Th\u00fcringen offenbarte erneut schwere Fehler bei der Beobachtung der rechten Szene. Zwischen Verfassungsschutz und Polizei habe es ein &#8222;Konkurrenzdenken&#8220; gegeben, sagte einer der Beamten. Das k\u00f6nnte einer der Gr\u00fcnde daf\u00fcr gewesen sein, dass das 1998 untergetauchte Trio aus Beate Zsch\u00e4pe, Uwe Mundlos und Uwe B\u00f6hnhardt nicht gefasst wurde. Beide Zeugen [&hellip;]\" \/>\n<meta property=\"og:url\" content=\"https:\/\/blog.zeit.de\/nsu-prozess-blog\/2014\/10\/01\/medienlog-verfassungsschutz-thueringen-tino-brandt\/\" \/>\n<meta property=\"og:site_name\" content=\"Das NSU-Prozess-Blog\" \/>\n<meta property=\"article:published_time\" content=\"2014-10-01T06:33:13+00:00\" \/>\n<meta property=\"article:modified_time\" content=\"2014-10-01T07:33:49+00:00\" \/>\n<meta name=\"author\" content=\"Tom Sundermann\" \/>\n<meta name=\"twitter:label1\" content=\"Geschrieben von\" \/>\n\t<meta name=\"twitter:data1\" content=\"Tom Sundermann\" \/>\n\t<meta name=\"twitter:label2\" content=\"Gesch\u00e4tzte Lesezeit\" \/>\n\t<meta name=\"twitter:data2\" content=\"2\u00a0Minuten\" \/>\n<script type=\"application\/ld+json\" class=\"yoast-schema-graph\">{\"@context\":\"https:\/\/schema.org\",\"@graph\":[{\"@type\":\"WebPage\",\"@id\":\"https:\/\/blog.zeit.de\/nsu-prozess-blog\/2014\/10\/01\/medienlog-verfassungsschutz-thueringen-tino-brandt\/\",\"url\":\"https:\/\/blog.zeit.de\/nsu-prozess-blog\/2014\/10\/01\/medienlog-verfassungsschutz-thueringen-tino-brandt\/\",\"name\":\"Das Versagen der Verfassungssch\u00fctzer \u2013 Das Medienlog vom Mittwoch, 1. Oktober 2014 - Das NSU-Prozess-Blog\",\"isPartOf\":{\"@id\":\"https:\/\/blog.zeit.de\/nsu-prozess-blog\/#website\"},\"datePublished\":\"2014-10-01T06:33:13+00:00\",\"dateModified\":\"2014-10-01T07:33:49+00:00\",\"author\":{\"@id\":\"https:\/\/blog.zeit.de\/nsu-prozess-blog\/#\/schema\/person\/553ea9bb5d1fc2ae054c589bd59380a5\"},\"breadcrumb\":{\"@id\":\"https:\/\/blog.zeit.de\/nsu-prozess-blog\/2014\/10\/01\/medienlog-verfassungsschutz-thueringen-tino-brandt\/#breadcrumb\"},\"inLanguage\":\"de\",\"potentialAction\":[{\"@type\":\"ReadAction\",\"target\":[\"https:\/\/blog.zeit.de\/nsu-prozess-blog\/2014\/10\/01\/medienlog-verfassungsschutz-thueringen-tino-brandt\/\"]}]},{\"@type\":\"BreadcrumbList\",\"@id\":\"https:\/\/blog.zeit.de\/nsu-prozess-blog\/2014\/10\/01\/medienlog-verfassungsschutz-thueringen-tino-brandt\/#breadcrumb\",\"itemListElement\":[{\"@type\":\"ListItem\",\"position\":1,\"name\":\"Startseite\",\"item\":\"https:\/\/blog.zeit.de\/nsu-prozess-blog\/\"},{\"@type\":\"ListItem\",\"position\":2,\"name\":\"Das Versagen der Verfassungssch\u00fctzer \u2013 Das Medienlog vom Mittwoch, 1. Oktober 2014\"}]},{\"@type\":\"WebSite\",\"@id\":\"https:\/\/blog.zeit.de\/nsu-prozess-blog\/#website\",\"url\":\"https:\/\/blog.zeit.de\/nsu-prozess-blog\/\",\"name\":\"Das NSU-Prozess-Blog\",\"description\":\"Alle Berichte zum Terrorverfahren in M\u00fcnchen\",\"potentialAction\":[{\"@type\":\"SearchAction\",\"target\":{\"@type\":\"EntryPoint\",\"urlTemplate\":\"https:\/\/blog.zeit.de\/nsu-prozess-blog\/?s={search_term_string}\"},\"query-input\":\"required name=search_term_string\"}],\"inLanguage\":\"de\"},{\"@type\":\"Person\",\"@id\":\"https:\/\/blog.zeit.de\/nsu-prozess-blog\/#\/schema\/person\/553ea9bb5d1fc2ae054c589bd59380a5\",\"name\":\"Tom Sundermann\",\"image\":{\"@type\":\"ImageObject\",\"inLanguage\":\"de\",\"@id\":\"https:\/\/blog.zeit.de\/nsu-prozess-blog\/#\/schema\/person\/image\/\",\"url\":\"https:\/\/secure.gravatar.com\/avatar\/e108a3dc18766f719b2f797dc5d19093f06a1870c55b553ab6b7563f1f9a5e68?s=96&d=mm&r=g\",\"contentUrl\":\"https:\/\/secure.gravatar.com\/avatar\/e108a3dc18766f719b2f797dc5d19093f06a1870c55b553ab6b7563f1f9a5e68?s=96&d=mm&r=g\",\"caption\":\"Tom Sundermann\"},\"sameAs\":[\"https:\/\/twitter.com\/messeticker\"],\"url\":\"https:\/\/blog.zeit.de\/nsu-prozess-blog\/author\/tsundermann\/\"}]}<\/script>\n<!-- \/ Yoast SEO plugin. -->","yoast_head_json":{"title":"Das Versagen der Verfassungssch\u00fctzer \u2013 Das Medienlog vom Mittwoch, 1. Oktober 2014 - Das NSU-Prozess-Blog","robots":{"index":"index","follow":"follow","max-snippet":"max-snippet:-1","max-image-preview":"max-image-preview:large","max-video-preview":"max-video-preview:-1"},"canonical":"https:\/\/blog.zeit.de\/nsu-prozess-blog\/2014\/10\/01\/medienlog-verfassungsschutz-thueringen-tino-brandt\/","og_locale":"de_DE","og_type":"article","og_title":"Das Versagen der Verfassungssch\u00fctzer \u2013 Das Medienlog vom Mittwoch, 1. Oktober 2014 - Das NSU-Prozess-Blog","og_description":"Die Vernehmung zweier Verfassungssch\u00fctzer aus Th\u00fcringen offenbarte erneut schwere Fehler bei der Beobachtung der rechten Szene. Zwischen Verfassungsschutz und Polizei habe es ein &#8222;Konkurrenzdenken&#8220; gegeben, sagte einer der Beamten. Das k\u00f6nnte einer der Gr\u00fcnde daf\u00fcr gewesen sein, dass das 1998 untergetauchte Trio aus Beate Zsch\u00e4pe, Uwe Mundlos und Uwe B\u00f6hnhardt nicht gefasst wurde. Beide Zeugen [&hellip;]","og_url":"https:\/\/blog.zeit.de\/nsu-prozess-blog\/2014\/10\/01\/medienlog-verfassungsschutz-thueringen-tino-brandt\/","og_site_name":"Das NSU-Prozess-Blog","article_published_time":"2014-10-01T06:33:13+00:00","article_modified_time":"2014-10-01T07:33:49+00:00","author":"Tom Sundermann","twitter_misc":{"Geschrieben von":"Tom Sundermann","Gesch\u00e4tzte Lesezeit":"2\u00a0Minuten"},"schema":{"@context":"https:\/\/schema.org","@graph":[{"@type":"WebPage","@id":"https:\/\/blog.zeit.de\/nsu-prozess-blog\/2014\/10\/01\/medienlog-verfassungsschutz-thueringen-tino-brandt\/","url":"https:\/\/blog.zeit.de\/nsu-prozess-blog\/2014\/10\/01\/medienlog-verfassungsschutz-thueringen-tino-brandt\/","name":"Das Versagen der Verfassungssch\u00fctzer \u2013 Das Medienlog vom Mittwoch, 1. Oktober 2014 - Das NSU-Prozess-Blog","isPartOf":{"@id":"https:\/\/blog.zeit.de\/nsu-prozess-blog\/#website"},"datePublished":"2014-10-01T06:33:13+00:00","dateModified":"2014-10-01T07:33:49+00:00","author":{"@id":"https:\/\/blog.zeit.de\/nsu-prozess-blog\/#\/schema\/person\/553ea9bb5d1fc2ae054c589bd59380a5"},"breadcrumb":{"@id":"https:\/\/blog.zeit.de\/nsu-prozess-blog\/2014\/10\/01\/medienlog-verfassungsschutz-thueringen-tino-brandt\/#breadcrumb"},"inLanguage":"de","potentialAction":[{"@type":"ReadAction","target":["https:\/\/blog.zeit.de\/nsu-prozess-blog\/2014\/10\/01\/medienlog-verfassungsschutz-thueringen-tino-brandt\/"]}]},{"@type":"BreadcrumbList","@id":"https:\/\/blog.zeit.de\/nsu-prozess-blog\/2014\/10\/01\/medienlog-verfassungsschutz-thueringen-tino-brandt\/#breadcrumb","itemListElement":[{"@type":"ListItem","position":1,"name":"Startseite","item":"https:\/\/blog.zeit.de\/nsu-prozess-blog\/"},{"@type":"ListItem","position":2,"name":"Das Versagen der Verfassungssch\u00fctzer \u2013 Das Medienlog vom Mittwoch, 1. Oktober 2014"}]},{"@type":"WebSite","@id":"https:\/\/blog.zeit.de\/nsu-prozess-blog\/#website","url":"https:\/\/blog.zeit.de\/nsu-prozess-blog\/","name":"Das NSU-Prozess-Blog","description":"Alle Berichte zum Terrorverfahren in M\u00fcnchen","potentialAction":[{"@type":"SearchAction","target":{"@type":"EntryPoint","urlTemplate":"https:\/\/blog.zeit.de\/nsu-prozess-blog\/?s={search_term_string}"},"query-input":"required name=search_term_string"}],"inLanguage":"de"},{"@type":"Person","@id":"https:\/\/blog.zeit.de\/nsu-prozess-blog\/#\/schema\/person\/553ea9bb5d1fc2ae054c589bd59380a5","name":"Tom Sundermann","image":{"@type":"ImageObject","inLanguage":"de","@id":"https:\/\/blog.zeit.de\/nsu-prozess-blog\/#\/schema\/person\/image\/","url":"https:\/\/secure.gravatar.com\/avatar\/e108a3dc18766f719b2f797dc5d19093f06a1870c55b553ab6b7563f1f9a5e68?s=96&d=mm&r=g","contentUrl":"https:\/\/secure.gravatar.com\/avatar\/e108a3dc18766f719b2f797dc5d19093f06a1870c55b553ab6b7563f1f9a5e68?s=96&d=mm&r=g","caption":"Tom Sundermann"},"sameAs":["https:\/\/twitter.com\/messeticker"],"url":"https:\/\/blog.zeit.de\/nsu-prozess-blog\/author\/tsundermann\/"}]}},"jetpack_featured_media_url":"","jetpack_sharing_enabled":true,"_links":{"self":[{"href":"https:\/\/blog.zeit.de\/nsu-prozess-blog\/wp-json\/wp\/v2\/posts\/7694","targetHints":{"allow":["GET"]}}],"collection":[{"href":"https:\/\/blog.zeit.de\/nsu-prozess-blog\/wp-json\/wp\/v2\/posts"}],"about":[{"href":"https:\/\/blog.zeit.de\/nsu-prozess-blog\/wp-json\/wp\/v2\/types\/post"}],"author":[{"embeddable":true,"href":"https:\/\/blog.zeit.de\/nsu-prozess-blog\/wp-json\/wp\/v2\/users\/435"}],"replies":[{"embeddable":true,"href":"https:\/\/blog.zeit.de\/nsu-prozess-blog\/wp-json\/wp\/v2\/comments?post=7694"}],"version-history":[{"count":8,"href":"https:\/\/blog.zeit.de\/nsu-prozess-blog\/wp-json\/wp\/v2\/posts\/7694\/revisions"}],"predecessor-version":[{"id":7702,"href":"https:\/\/blog.zeit.de\/nsu-prozess-blog\/wp-json\/wp\/v2\/posts\/7694\/revisions\/7702"}],"wp:attachment":[{"href":"https:\/\/blog.zeit.de\/nsu-prozess-blog\/wp-json\/wp\/v2\/media?parent=7694"}],"wp:term":[{"taxonomy":"category","embeddable":true,"href":"https:\/\/blog.zeit.de\/nsu-prozess-blog\/wp-json\/wp\/v2\/categories?post=7694"},{"taxonomy":"post_tag","embeddable":true,"href":"https:\/\/blog.zeit.de\/nsu-prozess-blog\/wp-json\/wp\/v2\/tags?post=7694"}],"curies":[{"name":"wp","href":"https:\/\/api.w.org\/{rel}","templated":true}]}}