{"id":7709,"date":"2014-10-02T07:34:51","date_gmt":"2014-10-02T05:34:51","guid":{"rendered":"http:\/\/blog.zeit.de\/nsu-prozess-blog\/?p=7709"},"modified":"2014-10-02T07:34:51","modified_gmt":"2014-10-02T05:34:51","slug":"medienlog-verfassungsschutz-cd-nsu-2005","status":"publish","type":"post","link":"https:\/\/blog.zeit.de\/nsu-prozess-blog\/2014\/10\/02\/medienlog-verfassungsschutz-cd-nsu-2005\/","title":{"rendered":"Verfassungsschutz wegen NSU-CD in Erkl\u00e4rungsnot \u2013 Das Medienlog vom Donnerstag, 2. Oktober 2014"},"content":{"rendered":"<p>Der Sitzungstag am Mittwoch endete nach weniger als einer Stunde \u2013 weil Richter Manfred G\u00f6tzl erk\u00e4ltet war. Die Verhandlung am Donnerstag entf\u00e4llt deswegen. Unterdessen sorgt ein Bericht der <a href=\"http:\/\/www.bild.de\/politik\/inland\/nsu\/verfassungsschutz-wusste-schon-2005-von-nsu-37967120.bild.html\" target=\"_blank\"><em>Bild<\/em><\/a>-Zeitung f\u00fcr Aufruhr: Demnach h\u00e4tte das Bundesamt f\u00fcr Verfassungsschutz schon im Jahr 2005 von der Existenz des NSU wissen k\u00f6nnen, sechs Jahre vor dessen offizieller Enttarnung.<\/p>\n<p>Grund ist eine CD mit dem K\u00fcrzel &#8222;NSDAP\/NSU&#8220;, die der Geheimdienst damals vom <a href=\"https:\/\/blog.zeit.de\/nsu-prozess-blog\/2014\/04\/15\/medienlog-corelli-nsu\/\">2014 verstorbenen V-Mann Thomas R.<\/a> erhielt. So landete sie in den Akten. &#8222;Doch warum stie\u00df niemand auf den Datentr\u00e4ger, nachdem die Terrorgruppe im November 2011 aufgeflogen war?&#8220;, fragen Hubert Gude und J\u00f6rg Schindler auf <a href=\"http:\/\/www.spiegel.de\/panorama\/justiz\/nsu-verfassungsschutz-hatte-seit-2005-cd-mit-nsu-kuerzel-a-994895.html\" target=\"_blank\"><em>Spiegel Online<\/em><\/a>.<\/p>\n<p><!--more--><\/p>\n<p><em>An jedem Werktag sichten wir f\u00fcr das NSU-Prozess-Blog die Medien und stellen wichtige Berichte, Blogs, Videos und Tweets zusammen. Wir freuen uns \u00fcber Hinweise via Twitter mit dem Hashtag #nsublog \u2013 oder per E-Mail an <a href=\"mailto:nsublog@zeit.de\">nsublog@zeit.de<\/a>.<\/em><\/p>\n<p>Verfassungsschutz-Pr\u00e4sident Hans-Georg Maa\u00dfen setzte demnach am Dienstag Mitglieder des Bundestagsinnenausschusses \u00fcber den Datentr\u00e4ger in Kenntnis. Die SPD-Fraktion forderte daraufhin, dass ein Sachverst\u00e4ndiger den Fall um V-Mann R. \u2013 Deckname <em>Corelli<\/em> \u2013 aufkl\u00e4ren soll. Mitglieder des Gremiums zeigten sich emp\u00f6rt \u00fcber die Verfehlung. &#8222;Im Innenausschuss wird sich Pr\u00e4sident Maa\u00dfen wohl erneut erkl\u00e4ren m\u00fcssen&#8220;, folgern Gude und Schindler.<\/p>\n<p>Einem anderen Datentr\u00e4ger widmen wir uns bei ZEIT ONLINE: Bereits ab 1998, kurz nach dem Untertauchen des NSU-Trios, schrieb Uwe Mundlos offenbar mehrere Texte f\u00fcr das rechte Szenemagazin <a href=\"https:\/\/blog.zeit.de\/nsu-prozess-blog\/2014\/10\/01\/bekennerschreiben-vor-den-morden\/\" target=\"_blank\"><em>White Supremacy<\/em><\/a>. Die Beitr\u00e4ge sind bemerkenswert, weil sie &#8222;einen Einblick in das Denken von Mundlos und seinen Mitstreitern, als sie sich von gewaltbereiten Neonazis zu mutma\u00dflichen Terroristen wandelten&#8220;, geben. Opferanw\u00e4lte betrachten die Artikel als vorgezogene Bekennerbriefe der mutma\u00dflichen Terrorzelle.<\/p>\n<p><em>Das n\u00e4chste Medienlog erscheint am Montag, 6. Oktober 2014.<\/em><\/p>\n","protected":false},"excerpt":{"rendered":"<p>Der Sitzungstag am Mittwoch endete nach weniger als einer Stunde \u2013 weil Richter Manfred G\u00f6tzl erk\u00e4ltet war. Die Verhandlung am Donnerstag entf\u00e4llt deswegen. Unterdessen sorgt ein Bericht der Bild-Zeitung f\u00fcr Aufruhr: Demnach h\u00e4tte das Bundesamt f\u00fcr Verfassungsschutz schon im Jahr 2005 von der Existenz des NSU wissen k\u00f6nnen, sechs Jahre vor dessen offizieller Enttarnung. Grund [&hellip;]<\/p>\n","protected":false},"author":435,"featured_media":0,"comment_status":"open","ping_status":"open","sticky":false,"template":"","format":"standard","meta":{"_jetpack_memberships_contains_paid_content":false,"footnotes":""},"categories":[27531],"tags":[27772,22859,17899,1836],"class_list":["post-7709","post","type-post","status-publish","format-standard","hentry","category-medienschau","tag-bundesverfassungsschutz","tag-uwe-mundlos","tag-v-mann","tag-verfassungsschutz"],"yoast_head":"<!-- This site is optimized with the Yoast SEO plugin v21.0 - https:\/\/yoast.com\/wordpress\/plugins\/seo\/ -->\n<title>Verfassungsschutz wegen NSU-CD in Erkl\u00e4rungsnot \u2013 Das Medienlog vom Donnerstag, 2. Oktober 2014 - Das NSU-Prozess-Blog<\/title>\n<meta name=\"robots\" content=\"index, follow, max-snippet:-1, max-image-preview:large, max-video-preview:-1\" \/>\n<link rel=\"canonical\" href=\"https:\/\/blog.zeit.de\/nsu-prozess-blog\/2014\/10\/02\/medienlog-verfassungsschutz-cd-nsu-2005\/\" \/>\n<meta property=\"og:locale\" content=\"de_DE\" \/>\n<meta property=\"og:type\" content=\"article\" \/>\n<meta property=\"og:title\" content=\"Verfassungsschutz wegen NSU-CD in Erkl\u00e4rungsnot \u2013 Das Medienlog vom Donnerstag, 2. Oktober 2014 - Das NSU-Prozess-Blog\" \/>\n<meta property=\"og:description\" content=\"Der Sitzungstag am Mittwoch endete nach weniger als einer Stunde \u2013 weil Richter Manfred G\u00f6tzl erk\u00e4ltet war. Die Verhandlung am Donnerstag entf\u00e4llt deswegen. Unterdessen sorgt ein Bericht der Bild-Zeitung f\u00fcr Aufruhr: Demnach h\u00e4tte das Bundesamt f\u00fcr Verfassungsschutz schon im Jahr 2005 von der Existenz des NSU wissen k\u00f6nnen, sechs Jahre vor dessen offizieller Enttarnung. Grund [&hellip;]\" \/>\n<meta property=\"og:url\" content=\"https:\/\/blog.zeit.de\/nsu-prozess-blog\/2014\/10\/02\/medienlog-verfassungsschutz-cd-nsu-2005\/\" \/>\n<meta property=\"og:site_name\" content=\"Das NSU-Prozess-Blog\" \/>\n<meta property=\"article:published_time\" content=\"2014-10-02T05:34:51+00:00\" \/>\n<meta name=\"author\" content=\"Tom Sundermann\" \/>\n<meta name=\"twitter:label1\" content=\"Geschrieben von\" \/>\n\t<meta name=\"twitter:data1\" content=\"Tom Sundermann\" \/>\n\t<meta name=\"twitter:label2\" content=\"Gesch\u00e4tzte Lesezeit\" \/>\n\t<meta name=\"twitter:data2\" content=\"1\u00a0Minute\" \/>\n<script type=\"application\/ld+json\" class=\"yoast-schema-graph\">{\"@context\":\"https:\/\/schema.org\",\"@graph\":[{\"@type\":\"WebPage\",\"@id\":\"https:\/\/blog.zeit.de\/nsu-prozess-blog\/2014\/10\/02\/medienlog-verfassungsschutz-cd-nsu-2005\/\",\"url\":\"https:\/\/blog.zeit.de\/nsu-prozess-blog\/2014\/10\/02\/medienlog-verfassungsschutz-cd-nsu-2005\/\",\"name\":\"Verfassungsschutz wegen NSU-CD in Erkl\u00e4rungsnot \u2013 Das Medienlog vom Donnerstag, 2. Oktober 2014 - Das NSU-Prozess-Blog\",\"isPartOf\":{\"@id\":\"https:\/\/blog.zeit.de\/nsu-prozess-blog\/#website\"},\"datePublished\":\"2014-10-02T05:34:51+00:00\",\"dateModified\":\"2014-10-02T05:34:51+00:00\",\"author\":{\"@id\":\"https:\/\/blog.zeit.de\/nsu-prozess-blog\/#\/schema\/person\/553ea9bb5d1fc2ae054c589bd59380a5\"},\"breadcrumb\":{\"@id\":\"https:\/\/blog.zeit.de\/nsu-prozess-blog\/2014\/10\/02\/medienlog-verfassungsschutz-cd-nsu-2005\/#breadcrumb\"},\"inLanguage\":\"de\",\"potentialAction\":[{\"@type\":\"ReadAction\",\"target\":[\"https:\/\/blog.zeit.de\/nsu-prozess-blog\/2014\/10\/02\/medienlog-verfassungsschutz-cd-nsu-2005\/\"]}]},{\"@type\":\"BreadcrumbList\",\"@id\":\"https:\/\/blog.zeit.de\/nsu-prozess-blog\/2014\/10\/02\/medienlog-verfassungsschutz-cd-nsu-2005\/#breadcrumb\",\"itemListElement\":[{\"@type\":\"ListItem\",\"position\":1,\"name\":\"Startseite\",\"item\":\"https:\/\/blog.zeit.de\/nsu-prozess-blog\/\"},{\"@type\":\"ListItem\",\"position\":2,\"name\":\"Verfassungsschutz wegen NSU-CD in Erkl\u00e4rungsnot \u2013 Das Medienlog vom Donnerstag, 2. Oktober 2014\"}]},{\"@type\":\"WebSite\",\"@id\":\"https:\/\/blog.zeit.de\/nsu-prozess-blog\/#website\",\"url\":\"https:\/\/blog.zeit.de\/nsu-prozess-blog\/\",\"name\":\"Das NSU-Prozess-Blog\",\"description\":\"Alle Berichte zum Terrorverfahren in M\u00fcnchen\",\"potentialAction\":[{\"@type\":\"SearchAction\",\"target\":{\"@type\":\"EntryPoint\",\"urlTemplate\":\"https:\/\/blog.zeit.de\/nsu-prozess-blog\/?s={search_term_string}\"},\"query-input\":\"required name=search_term_string\"}],\"inLanguage\":\"de\"},{\"@type\":\"Person\",\"@id\":\"https:\/\/blog.zeit.de\/nsu-prozess-blog\/#\/schema\/person\/553ea9bb5d1fc2ae054c589bd59380a5\",\"name\":\"Tom Sundermann\",\"image\":{\"@type\":\"ImageObject\",\"inLanguage\":\"de\",\"@id\":\"https:\/\/blog.zeit.de\/nsu-prozess-blog\/#\/schema\/person\/image\/\",\"url\":\"https:\/\/secure.gravatar.com\/avatar\/e108a3dc18766f719b2f797dc5d19093f06a1870c55b553ab6b7563f1f9a5e68?s=96&d=mm&r=g\",\"contentUrl\":\"https:\/\/secure.gravatar.com\/avatar\/e108a3dc18766f719b2f797dc5d19093f06a1870c55b553ab6b7563f1f9a5e68?s=96&d=mm&r=g\",\"caption\":\"Tom Sundermann\"},\"sameAs\":[\"https:\/\/twitter.com\/messeticker\"],\"url\":\"https:\/\/blog.zeit.de\/nsu-prozess-blog\/author\/tsundermann\/\"}]}<\/script>\n<!-- \/ Yoast SEO plugin. -->","yoast_head_json":{"title":"Verfassungsschutz wegen NSU-CD in Erkl\u00e4rungsnot \u2013 Das Medienlog vom Donnerstag, 2. Oktober 2014 - Das NSU-Prozess-Blog","robots":{"index":"index","follow":"follow","max-snippet":"max-snippet:-1","max-image-preview":"max-image-preview:large","max-video-preview":"max-video-preview:-1"},"canonical":"https:\/\/blog.zeit.de\/nsu-prozess-blog\/2014\/10\/02\/medienlog-verfassungsschutz-cd-nsu-2005\/","og_locale":"de_DE","og_type":"article","og_title":"Verfassungsschutz wegen NSU-CD in Erkl\u00e4rungsnot \u2013 Das Medienlog vom Donnerstag, 2. Oktober 2014 - Das NSU-Prozess-Blog","og_description":"Der Sitzungstag am Mittwoch endete nach weniger als einer Stunde \u2013 weil Richter Manfred G\u00f6tzl erk\u00e4ltet war. Die Verhandlung am Donnerstag entf\u00e4llt deswegen. Unterdessen sorgt ein Bericht der Bild-Zeitung f\u00fcr Aufruhr: Demnach h\u00e4tte das Bundesamt f\u00fcr Verfassungsschutz schon im Jahr 2005 von der Existenz des NSU wissen k\u00f6nnen, sechs Jahre vor dessen offizieller Enttarnung. Grund [&hellip;]","og_url":"https:\/\/blog.zeit.de\/nsu-prozess-blog\/2014\/10\/02\/medienlog-verfassungsschutz-cd-nsu-2005\/","og_site_name":"Das NSU-Prozess-Blog","article_published_time":"2014-10-02T05:34:51+00:00","author":"Tom Sundermann","twitter_misc":{"Geschrieben von":"Tom Sundermann","Gesch\u00e4tzte Lesezeit":"1\u00a0Minute"},"schema":{"@context":"https:\/\/schema.org","@graph":[{"@type":"WebPage","@id":"https:\/\/blog.zeit.de\/nsu-prozess-blog\/2014\/10\/02\/medienlog-verfassungsschutz-cd-nsu-2005\/","url":"https:\/\/blog.zeit.de\/nsu-prozess-blog\/2014\/10\/02\/medienlog-verfassungsschutz-cd-nsu-2005\/","name":"Verfassungsschutz wegen NSU-CD in Erkl\u00e4rungsnot \u2013 Das Medienlog vom Donnerstag, 2. Oktober 2014 - Das NSU-Prozess-Blog","isPartOf":{"@id":"https:\/\/blog.zeit.de\/nsu-prozess-blog\/#website"},"datePublished":"2014-10-02T05:34:51+00:00","dateModified":"2014-10-02T05:34:51+00:00","author":{"@id":"https:\/\/blog.zeit.de\/nsu-prozess-blog\/#\/schema\/person\/553ea9bb5d1fc2ae054c589bd59380a5"},"breadcrumb":{"@id":"https:\/\/blog.zeit.de\/nsu-prozess-blog\/2014\/10\/02\/medienlog-verfassungsschutz-cd-nsu-2005\/#breadcrumb"},"inLanguage":"de","potentialAction":[{"@type":"ReadAction","target":["https:\/\/blog.zeit.de\/nsu-prozess-blog\/2014\/10\/02\/medienlog-verfassungsschutz-cd-nsu-2005\/"]}]},{"@type":"BreadcrumbList","@id":"https:\/\/blog.zeit.de\/nsu-prozess-blog\/2014\/10\/02\/medienlog-verfassungsschutz-cd-nsu-2005\/#breadcrumb","itemListElement":[{"@type":"ListItem","position":1,"name":"Startseite","item":"https:\/\/blog.zeit.de\/nsu-prozess-blog\/"},{"@type":"ListItem","position":2,"name":"Verfassungsschutz wegen NSU-CD in Erkl\u00e4rungsnot \u2013 Das Medienlog vom Donnerstag, 2. Oktober 2014"}]},{"@type":"WebSite","@id":"https:\/\/blog.zeit.de\/nsu-prozess-blog\/#website","url":"https:\/\/blog.zeit.de\/nsu-prozess-blog\/","name":"Das NSU-Prozess-Blog","description":"Alle Berichte zum Terrorverfahren in M\u00fcnchen","potentialAction":[{"@type":"SearchAction","target":{"@type":"EntryPoint","urlTemplate":"https:\/\/blog.zeit.de\/nsu-prozess-blog\/?s={search_term_string}"},"query-input":"required name=search_term_string"}],"inLanguage":"de"},{"@type":"Person","@id":"https:\/\/blog.zeit.de\/nsu-prozess-blog\/#\/schema\/person\/553ea9bb5d1fc2ae054c589bd59380a5","name":"Tom Sundermann","image":{"@type":"ImageObject","inLanguage":"de","@id":"https:\/\/blog.zeit.de\/nsu-prozess-blog\/#\/schema\/person\/image\/","url":"https:\/\/secure.gravatar.com\/avatar\/e108a3dc18766f719b2f797dc5d19093f06a1870c55b553ab6b7563f1f9a5e68?s=96&d=mm&r=g","contentUrl":"https:\/\/secure.gravatar.com\/avatar\/e108a3dc18766f719b2f797dc5d19093f06a1870c55b553ab6b7563f1f9a5e68?s=96&d=mm&r=g","caption":"Tom Sundermann"},"sameAs":["https:\/\/twitter.com\/messeticker"],"url":"https:\/\/blog.zeit.de\/nsu-prozess-blog\/author\/tsundermann\/"}]}},"jetpack_featured_media_url":"","jetpack_sharing_enabled":true,"_links":{"self":[{"href":"https:\/\/blog.zeit.de\/nsu-prozess-blog\/wp-json\/wp\/v2\/posts\/7709","targetHints":{"allow":["GET"]}}],"collection":[{"href":"https:\/\/blog.zeit.de\/nsu-prozess-blog\/wp-json\/wp\/v2\/posts"}],"about":[{"href":"https:\/\/blog.zeit.de\/nsu-prozess-blog\/wp-json\/wp\/v2\/types\/post"}],"author":[{"embeddable":true,"href":"https:\/\/blog.zeit.de\/nsu-prozess-blog\/wp-json\/wp\/v2\/users\/435"}],"replies":[{"embeddable":true,"href":"https:\/\/blog.zeit.de\/nsu-prozess-blog\/wp-json\/wp\/v2\/comments?post=7709"}],"version-history":[{"count":3,"href":"https:\/\/blog.zeit.de\/nsu-prozess-blog\/wp-json\/wp\/v2\/posts\/7709\/revisions"}],"predecessor-version":[{"id":7712,"href":"https:\/\/blog.zeit.de\/nsu-prozess-blog\/wp-json\/wp\/v2\/posts\/7709\/revisions\/7712"}],"wp:attachment":[{"href":"https:\/\/blog.zeit.de\/nsu-prozess-blog\/wp-json\/wp\/v2\/media?parent=7709"}],"wp:term":[{"taxonomy":"category","embeddable":true,"href":"https:\/\/blog.zeit.de\/nsu-prozess-blog\/wp-json\/wp\/v2\/categories?post=7709"},{"taxonomy":"post_tag","embeddable":true,"href":"https:\/\/blog.zeit.de\/nsu-prozess-blog\/wp-json\/wp\/v2\/tags?post=7709"}],"curies":[{"name":"wp","href":"https:\/\/api.w.org\/{rel}","templated":true}]}}