{"id":7756,"date":"2014-10-16T07:00:09","date_gmt":"2014-10-16T05:00:09","guid":{"rendered":"http:\/\/blog.zeit.de\/nsu-prozess-blog\/?p=7756"},"modified":"2014-10-09T14:25:55","modified_gmt":"2014-10-09T12:25:55","slug":"151-prozesstag-ordnungsgeld-fuer-thomas-g","status":"publish","type":"post","link":"https:\/\/blog.zeit.de\/nsu-prozess-blog\/2014\/10\/16\/151-prozesstag-ordnungsgeld-fuer-thomas-g\/","title":{"rendered":"151. Prozesstag \u2013 Ordnungsgeld f\u00fcr Thomas G.?"},"content":{"rendered":"<p>Am Donnerstag kommt es zur Autorit\u00e4tsprobe f\u00fcr das Gericht: Richter Manfred G\u00f6tzl muss, um konsequent zu sein, ein Ordnungsgeld gegen den Zeugen Thomas G. verh\u00e4ngen. G. war bereits zweimal im Prozess und <a href=\"https:\/\/blog.zeit.de\/nsu-prozess-blog\/2014\/07\/10\/ein-nazi-sieht-sich-als-maertyrer\/\">weigerte sich dabei<\/a>, \u00fcber seine Verbindungen zur rechtsextremem Organisation Hammerskins auszusagen. Neben einer Geldstrafe kommt unter Umst\u00e4nden auch eine Ordnungshaft in Frage.<\/p>\n<p>Der 35-J\u00e4hrige gilt als Neonazi-Anf\u00fchrer und ist in der rechten Szene bestens vernetzt. Er gab an, keinen Kontakt zum NSU-Trio aus Beate Zsch\u00e4pe, Uwe Mundlos und Uwe B\u00f6hnhardt gepflegt zu haben. Er habe jedoch <a href=\"https:\/\/blog.zeit.de\/nsu-prozess-blog\/2014\/07\/02\/medienlog-wohlleben-untersuchungshaft\/\">Ralf Wohlleben<\/a> gekannt.<\/p>\n<p><em>ZEIT ONLINE berichtet aus M\u00fcnchen und fasst den Prozesstag am Abend auf diesem Blog zusammen. Informationen aus der Verhandlung gibt es <a href=\"https:\/\/twitter.com\/zeitonline\/lists\/nsu-prozess\">via Twitter hier<\/a>. Weitere Berichte stellen wir morgen im <a href=\"https:\/\/blog.zeit.de\/nsu-prozess-blog\/category\/medienschau\/\">NSU-Medienlog<\/a> zusammen.<\/em><\/p>\n","protected":false},"excerpt":{"rendered":"<p>Am Donnerstag kommt es zur Autorit\u00e4tsprobe f\u00fcr das Gericht: Richter Manfred G\u00f6tzl muss, um konsequent zu sein, ein Ordnungsgeld gegen den Zeugen Thomas G. verh\u00e4ngen. G. war bereits zweimal im Prozess und weigerte sich dabei, \u00fcber seine Verbindungen zur rechtsextremem Organisation Hammerskins auszusagen. Neben einer Geldstrafe kommt unter Umst\u00e4nden auch eine Ordnungshaft in Frage. Der [&hellip;]<\/p>\n","protected":false},"author":435,"featured_media":0,"comment_status":"open","ping_status":"open","sticky":false,"template":"","format":"standard","meta":{"_jetpack_memberships_contains_paid_content":false,"footnotes":""},"categories":[27532],"tags":[17772,29526],"class_list":["post-7756","post","type-post","status-publish","format-standard","hentry","category-prozesstage","tag-ralf-wohlleben","tag-thomas-g"],"yoast_head":"<!-- This site is optimized with the Yoast SEO plugin v21.0 - https:\/\/yoast.com\/wordpress\/plugins\/seo\/ -->\n<title>151. Prozesstag \u2013 Ordnungsgeld f\u00fcr Thomas G.? - Das NSU-Prozess-Blog<\/title>\n<meta name=\"robots\" content=\"index, follow, max-snippet:-1, max-image-preview:large, max-video-preview:-1\" \/>\n<link rel=\"canonical\" href=\"https:\/\/blog.zeit.de\/nsu-prozess-blog\/2014\/10\/16\/151-prozesstag-ordnungsgeld-fuer-thomas-g\/\" \/>\n<meta property=\"og:locale\" content=\"de_DE\" \/>\n<meta property=\"og:type\" content=\"article\" \/>\n<meta property=\"og:title\" content=\"151. Prozesstag \u2013 Ordnungsgeld f\u00fcr Thomas G.? - Das NSU-Prozess-Blog\" \/>\n<meta property=\"og:description\" content=\"Am Donnerstag kommt es zur Autorit\u00e4tsprobe f\u00fcr das Gericht: Richter Manfred G\u00f6tzl muss, um konsequent zu sein, ein Ordnungsgeld gegen den Zeugen Thomas G. verh\u00e4ngen. G. war bereits zweimal im Prozess und weigerte sich dabei, \u00fcber seine Verbindungen zur rechtsextremem Organisation Hammerskins auszusagen. Neben einer Geldstrafe kommt unter Umst\u00e4nden auch eine Ordnungshaft in Frage. Der [&hellip;]\" \/>\n<meta property=\"og:url\" content=\"https:\/\/blog.zeit.de\/nsu-prozess-blog\/2014\/10\/16\/151-prozesstag-ordnungsgeld-fuer-thomas-g\/\" \/>\n<meta property=\"og:site_name\" content=\"Das NSU-Prozess-Blog\" \/>\n<meta property=\"article:published_time\" content=\"2014-10-16T05:00:09+00:00\" \/>\n<meta property=\"article:modified_time\" content=\"2014-10-09T12:25:55+00:00\" \/>\n<meta name=\"author\" content=\"Tom Sundermann\" \/>\n<meta name=\"twitter:label1\" content=\"Geschrieben von\" \/>\n\t<meta name=\"twitter:data1\" content=\"Tom Sundermann\" \/>\n\t<meta name=\"twitter:label2\" content=\"Gesch\u00e4tzte Lesezeit\" \/>\n\t<meta name=\"twitter:data2\" content=\"1\u00a0Minute\" \/>\n<script type=\"application\/ld+json\" class=\"yoast-schema-graph\">{\"@context\":\"https:\/\/schema.org\",\"@graph\":[{\"@type\":\"WebPage\",\"@id\":\"https:\/\/blog.zeit.de\/nsu-prozess-blog\/2014\/10\/16\/151-prozesstag-ordnungsgeld-fuer-thomas-g\/\",\"url\":\"https:\/\/blog.zeit.de\/nsu-prozess-blog\/2014\/10\/16\/151-prozesstag-ordnungsgeld-fuer-thomas-g\/\",\"name\":\"151. Prozesstag \u2013 Ordnungsgeld f\u00fcr Thomas G.? - Das NSU-Prozess-Blog\",\"isPartOf\":{\"@id\":\"https:\/\/blog.zeit.de\/nsu-prozess-blog\/#website\"},\"datePublished\":\"2014-10-16T05:00:09+00:00\",\"dateModified\":\"2014-10-09T12:25:55+00:00\",\"author\":{\"@id\":\"https:\/\/blog.zeit.de\/nsu-prozess-blog\/#\/schema\/person\/553ea9bb5d1fc2ae054c589bd59380a5\"},\"breadcrumb\":{\"@id\":\"https:\/\/blog.zeit.de\/nsu-prozess-blog\/2014\/10\/16\/151-prozesstag-ordnungsgeld-fuer-thomas-g\/#breadcrumb\"},\"inLanguage\":\"de\",\"potentialAction\":[{\"@type\":\"ReadAction\",\"target\":[\"https:\/\/blog.zeit.de\/nsu-prozess-blog\/2014\/10\/16\/151-prozesstag-ordnungsgeld-fuer-thomas-g\/\"]}]},{\"@type\":\"BreadcrumbList\",\"@id\":\"https:\/\/blog.zeit.de\/nsu-prozess-blog\/2014\/10\/16\/151-prozesstag-ordnungsgeld-fuer-thomas-g\/#breadcrumb\",\"itemListElement\":[{\"@type\":\"ListItem\",\"position\":1,\"name\":\"Startseite\",\"item\":\"https:\/\/blog.zeit.de\/nsu-prozess-blog\/\"},{\"@type\":\"ListItem\",\"position\":2,\"name\":\"151. Prozesstag \u2013 Ordnungsgeld f\u00fcr Thomas G.?\"}]},{\"@type\":\"WebSite\",\"@id\":\"https:\/\/blog.zeit.de\/nsu-prozess-blog\/#website\",\"url\":\"https:\/\/blog.zeit.de\/nsu-prozess-blog\/\",\"name\":\"Das NSU-Prozess-Blog\",\"description\":\"Alle Berichte zum Terrorverfahren in M\u00fcnchen\",\"potentialAction\":[{\"@type\":\"SearchAction\",\"target\":{\"@type\":\"EntryPoint\",\"urlTemplate\":\"https:\/\/blog.zeit.de\/nsu-prozess-blog\/?s={search_term_string}\"},\"query-input\":\"required name=search_term_string\"}],\"inLanguage\":\"de\"},{\"@type\":\"Person\",\"@id\":\"https:\/\/blog.zeit.de\/nsu-prozess-blog\/#\/schema\/person\/553ea9bb5d1fc2ae054c589bd59380a5\",\"name\":\"Tom Sundermann\",\"image\":{\"@type\":\"ImageObject\",\"inLanguage\":\"de\",\"@id\":\"https:\/\/blog.zeit.de\/nsu-prozess-blog\/#\/schema\/person\/image\/\",\"url\":\"https:\/\/secure.gravatar.com\/avatar\/e108a3dc18766f719b2f797dc5d19093f06a1870c55b553ab6b7563f1f9a5e68?s=96&d=mm&r=g\",\"contentUrl\":\"https:\/\/secure.gravatar.com\/avatar\/e108a3dc18766f719b2f797dc5d19093f06a1870c55b553ab6b7563f1f9a5e68?s=96&d=mm&r=g\",\"caption\":\"Tom Sundermann\"},\"sameAs\":[\"https:\/\/twitter.com\/messeticker\"],\"url\":\"https:\/\/blog.zeit.de\/nsu-prozess-blog\/author\/tsundermann\/\"}]}<\/script>\n<!-- \/ Yoast SEO plugin. -->","yoast_head_json":{"title":"151. Prozesstag \u2013 Ordnungsgeld f\u00fcr Thomas G.? - Das NSU-Prozess-Blog","robots":{"index":"index","follow":"follow","max-snippet":"max-snippet:-1","max-image-preview":"max-image-preview:large","max-video-preview":"max-video-preview:-1"},"canonical":"https:\/\/blog.zeit.de\/nsu-prozess-blog\/2014\/10\/16\/151-prozesstag-ordnungsgeld-fuer-thomas-g\/","og_locale":"de_DE","og_type":"article","og_title":"151. Prozesstag \u2013 Ordnungsgeld f\u00fcr Thomas G.? - Das NSU-Prozess-Blog","og_description":"Am Donnerstag kommt es zur Autorit\u00e4tsprobe f\u00fcr das Gericht: Richter Manfred G\u00f6tzl muss, um konsequent zu sein, ein Ordnungsgeld gegen den Zeugen Thomas G. verh\u00e4ngen. G. war bereits zweimal im Prozess und weigerte sich dabei, \u00fcber seine Verbindungen zur rechtsextremem Organisation Hammerskins auszusagen. Neben einer Geldstrafe kommt unter Umst\u00e4nden auch eine Ordnungshaft in Frage. Der [&hellip;]","og_url":"https:\/\/blog.zeit.de\/nsu-prozess-blog\/2014\/10\/16\/151-prozesstag-ordnungsgeld-fuer-thomas-g\/","og_site_name":"Das NSU-Prozess-Blog","article_published_time":"2014-10-16T05:00:09+00:00","article_modified_time":"2014-10-09T12:25:55+00:00","author":"Tom Sundermann","twitter_misc":{"Geschrieben von":"Tom Sundermann","Gesch\u00e4tzte Lesezeit":"1\u00a0Minute"},"schema":{"@context":"https:\/\/schema.org","@graph":[{"@type":"WebPage","@id":"https:\/\/blog.zeit.de\/nsu-prozess-blog\/2014\/10\/16\/151-prozesstag-ordnungsgeld-fuer-thomas-g\/","url":"https:\/\/blog.zeit.de\/nsu-prozess-blog\/2014\/10\/16\/151-prozesstag-ordnungsgeld-fuer-thomas-g\/","name":"151. Prozesstag \u2013 Ordnungsgeld f\u00fcr Thomas G.? - Das NSU-Prozess-Blog","isPartOf":{"@id":"https:\/\/blog.zeit.de\/nsu-prozess-blog\/#website"},"datePublished":"2014-10-16T05:00:09+00:00","dateModified":"2014-10-09T12:25:55+00:00","author":{"@id":"https:\/\/blog.zeit.de\/nsu-prozess-blog\/#\/schema\/person\/553ea9bb5d1fc2ae054c589bd59380a5"},"breadcrumb":{"@id":"https:\/\/blog.zeit.de\/nsu-prozess-blog\/2014\/10\/16\/151-prozesstag-ordnungsgeld-fuer-thomas-g\/#breadcrumb"},"inLanguage":"de","potentialAction":[{"@type":"ReadAction","target":["https:\/\/blog.zeit.de\/nsu-prozess-blog\/2014\/10\/16\/151-prozesstag-ordnungsgeld-fuer-thomas-g\/"]}]},{"@type":"BreadcrumbList","@id":"https:\/\/blog.zeit.de\/nsu-prozess-blog\/2014\/10\/16\/151-prozesstag-ordnungsgeld-fuer-thomas-g\/#breadcrumb","itemListElement":[{"@type":"ListItem","position":1,"name":"Startseite","item":"https:\/\/blog.zeit.de\/nsu-prozess-blog\/"},{"@type":"ListItem","position":2,"name":"151. Prozesstag \u2013 Ordnungsgeld f\u00fcr Thomas G.?"}]},{"@type":"WebSite","@id":"https:\/\/blog.zeit.de\/nsu-prozess-blog\/#website","url":"https:\/\/blog.zeit.de\/nsu-prozess-blog\/","name":"Das NSU-Prozess-Blog","description":"Alle Berichte zum Terrorverfahren in M\u00fcnchen","potentialAction":[{"@type":"SearchAction","target":{"@type":"EntryPoint","urlTemplate":"https:\/\/blog.zeit.de\/nsu-prozess-blog\/?s={search_term_string}"},"query-input":"required name=search_term_string"}],"inLanguage":"de"},{"@type":"Person","@id":"https:\/\/blog.zeit.de\/nsu-prozess-blog\/#\/schema\/person\/553ea9bb5d1fc2ae054c589bd59380a5","name":"Tom Sundermann","image":{"@type":"ImageObject","inLanguage":"de","@id":"https:\/\/blog.zeit.de\/nsu-prozess-blog\/#\/schema\/person\/image\/","url":"https:\/\/secure.gravatar.com\/avatar\/e108a3dc18766f719b2f797dc5d19093f06a1870c55b553ab6b7563f1f9a5e68?s=96&d=mm&r=g","contentUrl":"https:\/\/secure.gravatar.com\/avatar\/e108a3dc18766f719b2f797dc5d19093f06a1870c55b553ab6b7563f1f9a5e68?s=96&d=mm&r=g","caption":"Tom Sundermann"},"sameAs":["https:\/\/twitter.com\/messeticker"],"url":"https:\/\/blog.zeit.de\/nsu-prozess-blog\/author\/tsundermann\/"}]}},"jetpack_featured_media_url":"","jetpack_sharing_enabled":true,"_links":{"self":[{"href":"https:\/\/blog.zeit.de\/nsu-prozess-blog\/wp-json\/wp\/v2\/posts\/7756","targetHints":{"allow":["GET"]}}],"collection":[{"href":"https:\/\/blog.zeit.de\/nsu-prozess-blog\/wp-json\/wp\/v2\/posts"}],"about":[{"href":"https:\/\/blog.zeit.de\/nsu-prozess-blog\/wp-json\/wp\/v2\/types\/post"}],"author":[{"embeddable":true,"href":"https:\/\/blog.zeit.de\/nsu-prozess-blog\/wp-json\/wp\/v2\/users\/435"}],"replies":[{"embeddable":true,"href":"https:\/\/blog.zeit.de\/nsu-prozess-blog\/wp-json\/wp\/v2\/comments?post=7756"}],"version-history":[{"count":1,"href":"https:\/\/blog.zeit.de\/nsu-prozess-blog\/wp-json\/wp\/v2\/posts\/7756\/revisions"}],"predecessor-version":[{"id":7757,"href":"https:\/\/blog.zeit.de\/nsu-prozess-blog\/wp-json\/wp\/v2\/posts\/7756\/revisions\/7757"}],"wp:attachment":[{"href":"https:\/\/blog.zeit.de\/nsu-prozess-blog\/wp-json\/wp\/v2\/media?parent=7756"}],"wp:term":[{"taxonomy":"category","embeddable":true,"href":"https:\/\/blog.zeit.de\/nsu-prozess-blog\/wp-json\/wp\/v2\/categories?post=7756"},{"taxonomy":"post_tag","embeddable":true,"href":"https:\/\/blog.zeit.de\/nsu-prozess-blog\/wp-json\/wp\/v2\/tags?post=7756"}],"curies":[{"name":"wp","href":"https:\/\/api.w.org\/{rel}","templated":true}]}}