{"id":7778,"date":"2014-10-15T08:32:47","date_gmt":"2014-10-15T06:32:47","guid":{"rendered":"http:\/\/blog.zeit.de\/nsu-prozess-blog\/?p=7778"},"modified":"2014-10-15T09:45:24","modified_gmt":"2014-10-15T07:45:24","slug":"medienlog-charlotte-e-brandstiftung-verteidiger","status":"publish","type":"post","link":"https:\/\/blog.zeit.de\/nsu-prozess-blog\/2014\/10\/15\/medienlog-charlotte-e-brandstiftung-verteidiger\/","title":{"rendered":"Zsch\u00e4pes Verteidiger erheben schwere Vorw\u00fcrfe \u2013 Das Medienlog vom Mittwoch, 15. Oktober 2014"},"content":{"rendered":"<p>Wieder ging es vor Gericht um die Zeugin <a href=\"https:\/\/blog.zeit.de\/nsu-prozess-blog\/2014\/09\/23\/geheimnisvolle-warnung\/\">Charlotte E.<\/a> \u2013 jene Zwickauer Seniorin, die am 4. November 2011 durch ein Feuer in der Nachbarwohnung in Lebensgefahr geriet. Den Brand soll Beate Zsch\u00e4pe gelegt haben. Weil die unter Demenz leidende 92-J\u00e4hrige erst sp\u00e4t gerichtlich vernommen wurde, konnte sie keine verwertbaren Angaben machen. Zsch\u00e4pes Anwalt Wolfgang Heer sprach deshalb von einem Versto\u00df gegen das Prinzip des fairen Verfahrens und gegen die Europ\u00e4ische Menschenrechtskonvention.<\/p>\n<p>W\u00e4re die Befragung der Frau tats\u00e4chlich verz\u00f6gert worden, so k\u00f6nne dies &#8222;sowohl auf die Bundesanwaltschaft als auch auf den Senat des Oberlandesgerichts M\u00fcnchen einen Schatten werfen&#8220;, schreibt Gisela Friedrichsen auf <a href=\"http:\/\/www.spiegel.de\/panorama\/justiz\/nsu-prozess-verteidiger-von-beate-zschaepe-zu-charlotte-e-a-997163.html\" target=\"_blank\"><em>Spiegel Online<\/em><\/a>.<\/p>\n<p><!--more--><\/p>\n<p><em>An jedem Werktag sichten wir f\u00fcr das NSU-Prozess-Blog die Medien und stellen wichtige Berichte, Blogs, Videos und Tweets zusammen. Wir freuen uns \u00fcber Hinweise via Twitter mit dem Hashtag #nsublog \u2013 oder per E-Mail an <a href=\"mailto:nsublog@zeit.de\">nsublog@zeit.de<\/a>.<\/em><\/p>\n<p>Charlotte E. hatte in einer polizeilichen Vernehmung angegeben, jemand habe bei ihr geklingelt. Zsch\u00e4pes Anw\u00e4lte vertreten die Ansicht, dies sei die Hauptangeklagte gewesen, die die alte Dame habe warnen wollen. Deshalb sehen sie E. als Entlastungszeugin. Sie sollte im Dezember 2013 <a href=\"http:\/\/www.zeit.de\/politik\/deutschland\/2013-12\/nsu-zschaepe-brand\">per Videoschaltung vernommen werden<\/a>, was nicht gelang. Auch eine Vernehmung im <a href=\"https:\/\/blog.zeit.de\/nsu-prozess-blog\/2014\/06\/30\/trotz-haft-zeuge-tino-brandt-sagt-aus-das-medienlog-vom-montag-30-juni-2014\/\">Pflegeheim im April<\/a> scheiterte.<\/p>\n<p>Das Klingeln, glauben die Verteidiger, entkr\u00e4ftet den wegen der Brandstiftung erhobenen Vorwurf des versuchten Mordes gegen Zsch\u00e4pe. &#8222;Was dagegen spricht: Ihr muss dann die Gefahr, die sie mit der geplanten Brandlegung heraufbeschwor, klar gewesen sein&#8220;, wirft Friedrichsen ein.<\/p>\n<p>In einem Beitrag des <a href=\"http:\/\/www.br.de\/nachrichten\/nsu-149-verhandlungstag-100.html\" target=\"_blank\"><em>Bayerischen Rundfunks<\/em><\/a> hei\u00dft es, die Anw\u00e4lte h\u00e4tten mit ihrem Antrag implizit zugegeben, dass ihre Mandantin das Haus angez\u00fcndet hat. Das k\u00f6nne zu Schwierigkeiten f\u00fchren, denn &#8222;was zur Entlastung Beate Zsch\u00e4pes dienen sollte, k\u00f6nnte sich als gef\u00e4hrlicher Bumerang entpuppen&#8220;. Zudem ist zweifelhaft, &#8222;ob der Antrag f\u00fcr Zsch\u00e4pe \u00fcberhaupt einen Sinn hat&#8220;, wie wir bei <a href=\"https:\/\/blog.zeit.de\/nsu-prozess-blog\/2014\/10\/14\/beweise-im-schlafzimmer\/\" target=\"_blank\">ZEIT ONLINE<\/a> feststellen.<\/p>\n<p>Die Juristen an der Seite der Angeklagten glauben dennoch weiter an ihren Trumpf: &#8222;Zsch\u00e4pes Verteidiger, so ist zu vermuten, halten die von ihnen angeprangerten Vers\u00e4umnisse im Fall Charlotte E. so oder so f\u00fcr gravierende Gr\u00fcnde, das Urteil im NSU-Prozess in der Revision anzufechten&#8220;, meint Frank Jansen vom <a href=\"http:\/\/www.tagesspiegel.de\/politik\/nsu-prozess-haette-eine-alte-dame-zschaepe-entlasten-koennen\/10839406.html\" target=\"_blank\"><em>Tagesspiegel<\/em><\/a>.<\/p>\n<p>Im Prinzip k\u00f6nnte sich auch Zsch\u00e4pe selbst zu dem Anklagepunkt \u00e4u\u00dfern \u2013 doch das h\u00e4tte weitreichende Konsequenzen, wie Wiebke Ramm in der <a href=\"http:\/\/www.sz-online.de\/nachrichten\/hat-zschaepe-die-nachbarin-gewarnt-2950290.html\" target=\"_blank\"><em>S\u00e4chsischen Zeitung<\/em><\/a> anmerkt: &#8222;Schweigt sie weiter, darf das Gericht daraus keinerlei negative Schl\u00fcsse ziehen. Doch sagt sie auch nur zu einem Punkt aus, bekommt auch ihr Schweigen zu anderen Punkten eine Bedeutung.&#8220;<\/p>\n<p>F\u00fcr Schwierigkeiten bei der Aufkl\u00e4rung der NSU-Verbrechen im Prozess macht Christian Bommarius von der <a href=\"http:\/\/www.berliner-zeitung.de\/politik\/150--tag-im-nsu-prozess-schweigen-ist-gift-fuer-den-rechtsstaat,10808018,28732942.html\" target=\"_blank\"><em>Berliner Zeitung<\/em><\/a> auch die Aussagen von Ermittlern verantwortlich, die sich bei ihren Vernehmungen hinter Worth\u00fclsen verstecken und wenig zum Verst\u00e4ndnis beitragen. &#8222;Aber sie schweigen, selbst wenn sie reden, sagen sie nichts&#8220;, befindet der Autor.<\/p>\n<p>In einem Prozessfazit zum heutigen 150. Prozesstag sieht Claudia Wangerin von der <a href=\"https:\/\/www.jungewelt.de\/antifa\/stochern-im-sumpf\" target=\"_blank\"><em>Jungen Welt<\/em><\/a> die Ansichten der Bundesanwaltschaft in Teilen widerlegt. So sei &#8222;heute die Anklagethese von einer nur dreik\u00f6pfigen Terrorgruppe l\u00e4ngst ins Wanken geraten&#8220; und Hinweise auf ein gr\u00f6\u00dferes Netzwerk offenbar geworden. Die Verhandlungen seien insbesondere von Erinnerungsl\u00fccken der Zeugen aus der rechten Szene gepr\u00e4gt gewesen.<\/p>\n<p><em>Das n\u00e4chste Medienlog erscheint am Donnerstag, 16. Oktober 2014.<\/em><\/p>\n","protected":false},"excerpt":{"rendered":"<p>Wieder ging es vor Gericht um die Zeugin Charlotte E. \u2013 jene Zwickauer Seniorin, die am 4. November 2011 durch ein Feuer in der Nachbarwohnung in Lebensgefahr geriet. Den Brand soll Beate Zsch\u00e4pe gelegt haben. Weil die unter Demenz leidende 92-J\u00e4hrige erst sp\u00e4t gerichtlich vernommen wurde, konnte sie keine verwertbaren Angaben machen. Zsch\u00e4pes Anwalt Wolfgang [&hellip;]<\/p>\n","protected":false},"author":435,"featured_media":0,"comment_status":"open","ping_status":"open","sticky":false,"template":"","format":"standard","meta":{"_jetpack_memberships_contains_paid_content":false,"footnotes":""},"categories":[27531],"tags":[17793,27573,27565,27560],"class_list":["post-7778","post","type-post","status-publish","format-standard","hentry","category-medienschau","tag-beate-zschape","tag-brand","tag-wolfgang-heer","tag-zwickau"],"yoast_head":"<!-- This site is optimized with the Yoast SEO plugin v21.0 - https:\/\/yoast.com\/wordpress\/plugins\/seo\/ -->\n<title>Zsch\u00e4pes Verteidiger erheben schwere Vorw\u00fcrfe \u2013 Das Medienlog vom Mittwoch, 15. Oktober 2014 - Das NSU-Prozess-Blog<\/title>\n<meta name=\"robots\" content=\"index, follow, max-snippet:-1, max-image-preview:large, max-video-preview:-1\" \/>\n<link rel=\"canonical\" href=\"https:\/\/blog.zeit.de\/nsu-prozess-blog\/2014\/10\/15\/medienlog-charlotte-e-brandstiftung-verteidiger\/\" \/>\n<meta property=\"og:locale\" content=\"de_DE\" \/>\n<meta property=\"og:type\" content=\"article\" \/>\n<meta property=\"og:title\" content=\"Zsch\u00e4pes Verteidiger erheben schwere Vorw\u00fcrfe \u2013 Das Medienlog vom Mittwoch, 15. Oktober 2014 - Das NSU-Prozess-Blog\" \/>\n<meta property=\"og:description\" content=\"Wieder ging es vor Gericht um die Zeugin Charlotte E. \u2013 jene Zwickauer Seniorin, die am 4. November 2011 durch ein Feuer in der Nachbarwohnung in Lebensgefahr geriet. Den Brand soll Beate Zsch\u00e4pe gelegt haben. Weil die unter Demenz leidende 92-J\u00e4hrige erst sp\u00e4t gerichtlich vernommen wurde, konnte sie keine verwertbaren Angaben machen. Zsch\u00e4pes Anwalt Wolfgang [&hellip;]\" \/>\n<meta property=\"og:url\" content=\"https:\/\/blog.zeit.de\/nsu-prozess-blog\/2014\/10\/15\/medienlog-charlotte-e-brandstiftung-verteidiger\/\" \/>\n<meta property=\"og:site_name\" content=\"Das NSU-Prozess-Blog\" \/>\n<meta property=\"article:published_time\" content=\"2014-10-15T06:32:47+00:00\" \/>\n<meta property=\"article:modified_time\" content=\"2014-10-15T07:45:24+00:00\" \/>\n<meta name=\"author\" content=\"Tom Sundermann\" \/>\n<meta name=\"twitter:label1\" content=\"Geschrieben von\" \/>\n\t<meta name=\"twitter:data1\" content=\"Tom Sundermann\" \/>\n\t<meta name=\"twitter:label2\" content=\"Gesch\u00e4tzte Lesezeit\" \/>\n\t<meta name=\"twitter:data2\" content=\"3\u00a0Minuten\" \/>\n<script type=\"application\/ld+json\" class=\"yoast-schema-graph\">{\"@context\":\"https:\/\/schema.org\",\"@graph\":[{\"@type\":\"WebPage\",\"@id\":\"https:\/\/blog.zeit.de\/nsu-prozess-blog\/2014\/10\/15\/medienlog-charlotte-e-brandstiftung-verteidiger\/\",\"url\":\"https:\/\/blog.zeit.de\/nsu-prozess-blog\/2014\/10\/15\/medienlog-charlotte-e-brandstiftung-verteidiger\/\",\"name\":\"Zsch\u00e4pes Verteidiger erheben schwere Vorw\u00fcrfe \u2013 Das Medienlog vom Mittwoch, 15. Oktober 2014 - Das NSU-Prozess-Blog\",\"isPartOf\":{\"@id\":\"https:\/\/blog.zeit.de\/nsu-prozess-blog\/#website\"},\"datePublished\":\"2014-10-15T06:32:47+00:00\",\"dateModified\":\"2014-10-15T07:45:24+00:00\",\"author\":{\"@id\":\"https:\/\/blog.zeit.de\/nsu-prozess-blog\/#\/schema\/person\/553ea9bb5d1fc2ae054c589bd59380a5\"},\"breadcrumb\":{\"@id\":\"https:\/\/blog.zeit.de\/nsu-prozess-blog\/2014\/10\/15\/medienlog-charlotte-e-brandstiftung-verteidiger\/#breadcrumb\"},\"inLanguage\":\"de\",\"potentialAction\":[{\"@type\":\"ReadAction\",\"target\":[\"https:\/\/blog.zeit.de\/nsu-prozess-blog\/2014\/10\/15\/medienlog-charlotte-e-brandstiftung-verteidiger\/\"]}]},{\"@type\":\"BreadcrumbList\",\"@id\":\"https:\/\/blog.zeit.de\/nsu-prozess-blog\/2014\/10\/15\/medienlog-charlotte-e-brandstiftung-verteidiger\/#breadcrumb\",\"itemListElement\":[{\"@type\":\"ListItem\",\"position\":1,\"name\":\"Startseite\",\"item\":\"https:\/\/blog.zeit.de\/nsu-prozess-blog\/\"},{\"@type\":\"ListItem\",\"position\":2,\"name\":\"Zsch\u00e4pes Verteidiger erheben schwere Vorw\u00fcrfe \u2013 Das Medienlog vom Mittwoch, 15. Oktober 2014\"}]},{\"@type\":\"WebSite\",\"@id\":\"https:\/\/blog.zeit.de\/nsu-prozess-blog\/#website\",\"url\":\"https:\/\/blog.zeit.de\/nsu-prozess-blog\/\",\"name\":\"Das NSU-Prozess-Blog\",\"description\":\"Alle Berichte zum Terrorverfahren in M\u00fcnchen\",\"potentialAction\":[{\"@type\":\"SearchAction\",\"target\":{\"@type\":\"EntryPoint\",\"urlTemplate\":\"https:\/\/blog.zeit.de\/nsu-prozess-blog\/?s={search_term_string}\"},\"query-input\":\"required name=search_term_string\"}],\"inLanguage\":\"de\"},{\"@type\":\"Person\",\"@id\":\"https:\/\/blog.zeit.de\/nsu-prozess-blog\/#\/schema\/person\/553ea9bb5d1fc2ae054c589bd59380a5\",\"name\":\"Tom Sundermann\",\"image\":{\"@type\":\"ImageObject\",\"inLanguage\":\"de\",\"@id\":\"https:\/\/blog.zeit.de\/nsu-prozess-blog\/#\/schema\/person\/image\/\",\"url\":\"https:\/\/secure.gravatar.com\/avatar\/e108a3dc18766f719b2f797dc5d19093f06a1870c55b553ab6b7563f1f9a5e68?s=96&d=mm&r=g\",\"contentUrl\":\"https:\/\/secure.gravatar.com\/avatar\/e108a3dc18766f719b2f797dc5d19093f06a1870c55b553ab6b7563f1f9a5e68?s=96&d=mm&r=g\",\"caption\":\"Tom Sundermann\"},\"sameAs\":[\"https:\/\/twitter.com\/messeticker\"],\"url\":\"https:\/\/blog.zeit.de\/nsu-prozess-blog\/author\/tsundermann\/\"}]}<\/script>\n<!-- \/ Yoast SEO plugin. -->","yoast_head_json":{"title":"Zsch\u00e4pes Verteidiger erheben schwere Vorw\u00fcrfe \u2013 Das Medienlog vom Mittwoch, 15. Oktober 2014 - Das NSU-Prozess-Blog","robots":{"index":"index","follow":"follow","max-snippet":"max-snippet:-1","max-image-preview":"max-image-preview:large","max-video-preview":"max-video-preview:-1"},"canonical":"https:\/\/blog.zeit.de\/nsu-prozess-blog\/2014\/10\/15\/medienlog-charlotte-e-brandstiftung-verteidiger\/","og_locale":"de_DE","og_type":"article","og_title":"Zsch\u00e4pes Verteidiger erheben schwere Vorw\u00fcrfe \u2013 Das Medienlog vom Mittwoch, 15. Oktober 2014 - Das NSU-Prozess-Blog","og_description":"Wieder ging es vor Gericht um die Zeugin Charlotte E. \u2013 jene Zwickauer Seniorin, die am 4. November 2011 durch ein Feuer in der Nachbarwohnung in Lebensgefahr geriet. Den Brand soll Beate Zsch\u00e4pe gelegt haben. Weil die unter Demenz leidende 92-J\u00e4hrige erst sp\u00e4t gerichtlich vernommen wurde, konnte sie keine verwertbaren Angaben machen. Zsch\u00e4pes Anwalt Wolfgang [&hellip;]","og_url":"https:\/\/blog.zeit.de\/nsu-prozess-blog\/2014\/10\/15\/medienlog-charlotte-e-brandstiftung-verteidiger\/","og_site_name":"Das NSU-Prozess-Blog","article_published_time":"2014-10-15T06:32:47+00:00","article_modified_time":"2014-10-15T07:45:24+00:00","author":"Tom Sundermann","twitter_misc":{"Geschrieben von":"Tom Sundermann","Gesch\u00e4tzte Lesezeit":"3\u00a0Minuten"},"schema":{"@context":"https:\/\/schema.org","@graph":[{"@type":"WebPage","@id":"https:\/\/blog.zeit.de\/nsu-prozess-blog\/2014\/10\/15\/medienlog-charlotte-e-brandstiftung-verteidiger\/","url":"https:\/\/blog.zeit.de\/nsu-prozess-blog\/2014\/10\/15\/medienlog-charlotte-e-brandstiftung-verteidiger\/","name":"Zsch\u00e4pes Verteidiger erheben schwere Vorw\u00fcrfe \u2013 Das Medienlog vom Mittwoch, 15. Oktober 2014 - Das NSU-Prozess-Blog","isPartOf":{"@id":"https:\/\/blog.zeit.de\/nsu-prozess-blog\/#website"},"datePublished":"2014-10-15T06:32:47+00:00","dateModified":"2014-10-15T07:45:24+00:00","author":{"@id":"https:\/\/blog.zeit.de\/nsu-prozess-blog\/#\/schema\/person\/553ea9bb5d1fc2ae054c589bd59380a5"},"breadcrumb":{"@id":"https:\/\/blog.zeit.de\/nsu-prozess-blog\/2014\/10\/15\/medienlog-charlotte-e-brandstiftung-verteidiger\/#breadcrumb"},"inLanguage":"de","potentialAction":[{"@type":"ReadAction","target":["https:\/\/blog.zeit.de\/nsu-prozess-blog\/2014\/10\/15\/medienlog-charlotte-e-brandstiftung-verteidiger\/"]}]},{"@type":"BreadcrumbList","@id":"https:\/\/blog.zeit.de\/nsu-prozess-blog\/2014\/10\/15\/medienlog-charlotte-e-brandstiftung-verteidiger\/#breadcrumb","itemListElement":[{"@type":"ListItem","position":1,"name":"Startseite","item":"https:\/\/blog.zeit.de\/nsu-prozess-blog\/"},{"@type":"ListItem","position":2,"name":"Zsch\u00e4pes Verteidiger erheben schwere Vorw\u00fcrfe \u2013 Das Medienlog vom Mittwoch, 15. Oktober 2014"}]},{"@type":"WebSite","@id":"https:\/\/blog.zeit.de\/nsu-prozess-blog\/#website","url":"https:\/\/blog.zeit.de\/nsu-prozess-blog\/","name":"Das NSU-Prozess-Blog","description":"Alle Berichte zum Terrorverfahren in M\u00fcnchen","potentialAction":[{"@type":"SearchAction","target":{"@type":"EntryPoint","urlTemplate":"https:\/\/blog.zeit.de\/nsu-prozess-blog\/?s={search_term_string}"},"query-input":"required name=search_term_string"}],"inLanguage":"de"},{"@type":"Person","@id":"https:\/\/blog.zeit.de\/nsu-prozess-blog\/#\/schema\/person\/553ea9bb5d1fc2ae054c589bd59380a5","name":"Tom Sundermann","image":{"@type":"ImageObject","inLanguage":"de","@id":"https:\/\/blog.zeit.de\/nsu-prozess-blog\/#\/schema\/person\/image\/","url":"https:\/\/secure.gravatar.com\/avatar\/e108a3dc18766f719b2f797dc5d19093f06a1870c55b553ab6b7563f1f9a5e68?s=96&d=mm&r=g","contentUrl":"https:\/\/secure.gravatar.com\/avatar\/e108a3dc18766f719b2f797dc5d19093f06a1870c55b553ab6b7563f1f9a5e68?s=96&d=mm&r=g","caption":"Tom Sundermann"},"sameAs":["https:\/\/twitter.com\/messeticker"],"url":"https:\/\/blog.zeit.de\/nsu-prozess-blog\/author\/tsundermann\/"}]}},"jetpack_featured_media_url":"","jetpack_sharing_enabled":true,"_links":{"self":[{"href":"https:\/\/blog.zeit.de\/nsu-prozess-blog\/wp-json\/wp\/v2\/posts\/7778","targetHints":{"allow":["GET"]}}],"collection":[{"href":"https:\/\/blog.zeit.de\/nsu-prozess-blog\/wp-json\/wp\/v2\/posts"}],"about":[{"href":"https:\/\/blog.zeit.de\/nsu-prozess-blog\/wp-json\/wp\/v2\/types\/post"}],"author":[{"embeddable":true,"href":"https:\/\/blog.zeit.de\/nsu-prozess-blog\/wp-json\/wp\/v2\/users\/435"}],"replies":[{"embeddable":true,"href":"https:\/\/blog.zeit.de\/nsu-prozess-blog\/wp-json\/wp\/v2\/comments?post=7778"}],"version-history":[{"count":6,"href":"https:\/\/blog.zeit.de\/nsu-prozess-blog\/wp-json\/wp\/v2\/posts\/7778\/revisions"}],"predecessor-version":[{"id":7791,"href":"https:\/\/blog.zeit.de\/nsu-prozess-blog\/wp-json\/wp\/v2\/posts\/7778\/revisions\/7791"}],"wp:attachment":[{"href":"https:\/\/blog.zeit.de\/nsu-prozess-blog\/wp-json\/wp\/v2\/media?parent=7778"}],"wp:term":[{"taxonomy":"category","embeddable":true,"href":"https:\/\/blog.zeit.de\/nsu-prozess-blog\/wp-json\/wp\/v2\/categories?post=7778"},{"taxonomy":"post_tag","embeddable":true,"href":"https:\/\/blog.zeit.de\/nsu-prozess-blog\/wp-json\/wp\/v2\/tags?post=7778"}],"curies":[{"name":"wp","href":"https:\/\/api.w.org\/{rel}","templated":true}]}}