{"id":7816,"date":"2014-10-22T07:00:21","date_gmt":"2014-10-22T05:00:21","guid":{"rendered":"http:\/\/blog.zeit.de\/nsu-prozess-blog\/?p=7816"},"modified":"2014-10-22T16:17:09","modified_gmt":"2014-10-22T14:17:09","slug":"152-prozesstag-als-zschaepe-und-wohlleben-zur-polizei-mussten","status":"publish","type":"post","link":"https:\/\/blog.zeit.de\/nsu-prozess-blog\/2014\/10\/22\/152-prozesstag-als-zschaepe-und-wohlleben-zur-polizei-mussten\/","title":{"rendered":"153. Prozesstag \u2013 Als Zsch\u00e4pe und Wohlleben zur Polizei mussten"},"content":{"rendered":"<p>1997 wurde Uwe B\u00f6hnhardt wegen mehrerer Delikte zu einer <a href=\"https:\/\/blog.zeit.de\/nsu-prozess-blog\/2014\/10\/16\/medienlog-uwe-boehnhardt-urteil-jan-w\/\">Jugendstrafe von zwei Jahren und drei Monaten verurteilt<\/a>. Als Zeugen sagten damals auch Beate Zsch\u00e4pe und Ralf Wohlleben aus, die heute im NSU-Prozess auf der Anklagebank sitzen. Am Mittwoch sagen drei Polizisten aus, die Zsch\u00e4pe und Wohlleben im Jahr 1996 vernommen hatten. Dabei ging es eine Puppe, die B\u00f6hnhardt zusammen mit einer Bombenattrappe an einer Autobahnbr\u00fccke angebracht haben soll. Die Vernehmung der Ermittler soll einen Einblick in die Ideologie geben, der die Angeklagten damals anhingen.<\/p>\n<p><em>Informationen aus der Verhandlung gibt es <a href=\"https:\/\/twitter.com\/zeitonline\/lists\/nsu-prozess\">via Twitter hier<\/a>. Die Berichte dar\u00fcber fassen wir morgen im <a href=\"https:\/\/blog.zeit.de\/nsu-prozess-blog\/category\/medienschau\/\">NSU-Medienlog<\/a> zusammen.<\/em><\/p>\n","protected":false},"excerpt":{"rendered":"<p>1997 wurde Uwe B\u00f6hnhardt wegen mehrerer Delikte zu einer Jugendstrafe von zwei Jahren und drei Monaten verurteilt. Als Zeugen sagten damals auch Beate Zsch\u00e4pe und Ralf Wohlleben aus, die heute im NSU-Prozess auf der Anklagebank sitzen. Am Mittwoch sagen drei Polizisten aus, die Zsch\u00e4pe und Wohlleben im Jahr 1996 vernommen hatten. Dabei ging es eine [&hellip;]<\/p>\n","protected":false},"author":435,"featured_media":0,"comment_status":"open","ping_status":"open","sticky":false,"template":"","format":"standard","meta":{"_jetpack_memberships_contains_paid_content":false,"footnotes":""},"categories":[27532],"tags":[17793,17772,22860],"class_list":["post-7816","post","type-post","status-publish","format-standard","hentry","category-prozesstage","tag-beate-zschape","tag-ralf-wohlleben","tag-uwe-bohnhardt"],"yoast_head":"<!-- This site is optimized with the Yoast SEO plugin v21.0 - https:\/\/yoast.com\/wordpress\/plugins\/seo\/ -->\n<title>153. Prozesstag \u2013 Als Zsch\u00e4pe und Wohlleben zur Polizei mussten - Das NSU-Prozess-Blog<\/title>\n<meta name=\"robots\" content=\"index, follow, max-snippet:-1, max-image-preview:large, max-video-preview:-1\" \/>\n<link rel=\"canonical\" href=\"https:\/\/blog.zeit.de\/nsu-prozess-blog\/2014\/10\/22\/152-prozesstag-als-zschaepe-und-wohlleben-zur-polizei-mussten\/\" \/>\n<meta property=\"og:locale\" content=\"de_DE\" \/>\n<meta property=\"og:type\" content=\"article\" \/>\n<meta property=\"og:title\" content=\"153. Prozesstag \u2013 Als Zsch\u00e4pe und Wohlleben zur Polizei mussten - Das NSU-Prozess-Blog\" \/>\n<meta property=\"og:description\" content=\"1997 wurde Uwe B\u00f6hnhardt wegen mehrerer Delikte zu einer Jugendstrafe von zwei Jahren und drei Monaten verurteilt. Als Zeugen sagten damals auch Beate Zsch\u00e4pe und Ralf Wohlleben aus, die heute im NSU-Prozess auf der Anklagebank sitzen. Am Mittwoch sagen drei Polizisten aus, die Zsch\u00e4pe und Wohlleben im Jahr 1996 vernommen hatten. Dabei ging es eine [&hellip;]\" \/>\n<meta property=\"og:url\" content=\"https:\/\/blog.zeit.de\/nsu-prozess-blog\/2014\/10\/22\/152-prozesstag-als-zschaepe-und-wohlleben-zur-polizei-mussten\/\" \/>\n<meta property=\"og:site_name\" content=\"Das NSU-Prozess-Blog\" \/>\n<meta property=\"article:published_time\" content=\"2014-10-22T05:00:21+00:00\" \/>\n<meta property=\"article:modified_time\" content=\"2014-10-22T14:17:09+00:00\" \/>\n<meta name=\"author\" content=\"Tom Sundermann\" \/>\n<meta name=\"twitter:label1\" content=\"Geschrieben von\" \/>\n\t<meta name=\"twitter:data1\" content=\"Tom Sundermann\" \/>\n\t<meta name=\"twitter:label2\" content=\"Gesch\u00e4tzte Lesezeit\" \/>\n\t<meta name=\"twitter:data2\" content=\"1\u00a0Minute\" \/>\n<script type=\"application\/ld+json\" class=\"yoast-schema-graph\">{\"@context\":\"https:\/\/schema.org\",\"@graph\":[{\"@type\":\"WebPage\",\"@id\":\"https:\/\/blog.zeit.de\/nsu-prozess-blog\/2014\/10\/22\/152-prozesstag-als-zschaepe-und-wohlleben-zur-polizei-mussten\/\",\"url\":\"https:\/\/blog.zeit.de\/nsu-prozess-blog\/2014\/10\/22\/152-prozesstag-als-zschaepe-und-wohlleben-zur-polizei-mussten\/\",\"name\":\"153. Prozesstag \u2013 Als Zsch\u00e4pe und Wohlleben zur Polizei mussten - Das NSU-Prozess-Blog\",\"isPartOf\":{\"@id\":\"https:\/\/blog.zeit.de\/nsu-prozess-blog\/#website\"},\"datePublished\":\"2014-10-22T05:00:21+00:00\",\"dateModified\":\"2014-10-22T14:17:09+00:00\",\"author\":{\"@id\":\"https:\/\/blog.zeit.de\/nsu-prozess-blog\/#\/schema\/person\/553ea9bb5d1fc2ae054c589bd59380a5\"},\"breadcrumb\":{\"@id\":\"https:\/\/blog.zeit.de\/nsu-prozess-blog\/2014\/10\/22\/152-prozesstag-als-zschaepe-und-wohlleben-zur-polizei-mussten\/#breadcrumb\"},\"inLanguage\":\"de\",\"potentialAction\":[{\"@type\":\"ReadAction\",\"target\":[\"https:\/\/blog.zeit.de\/nsu-prozess-blog\/2014\/10\/22\/152-prozesstag-als-zschaepe-und-wohlleben-zur-polizei-mussten\/\"]}]},{\"@type\":\"BreadcrumbList\",\"@id\":\"https:\/\/blog.zeit.de\/nsu-prozess-blog\/2014\/10\/22\/152-prozesstag-als-zschaepe-und-wohlleben-zur-polizei-mussten\/#breadcrumb\",\"itemListElement\":[{\"@type\":\"ListItem\",\"position\":1,\"name\":\"Startseite\",\"item\":\"https:\/\/blog.zeit.de\/nsu-prozess-blog\/\"},{\"@type\":\"ListItem\",\"position\":2,\"name\":\"153. Prozesstag \u2013 Als Zsch\u00e4pe und Wohlleben zur Polizei mussten\"}]},{\"@type\":\"WebSite\",\"@id\":\"https:\/\/blog.zeit.de\/nsu-prozess-blog\/#website\",\"url\":\"https:\/\/blog.zeit.de\/nsu-prozess-blog\/\",\"name\":\"Das NSU-Prozess-Blog\",\"description\":\"Alle Berichte zum Terrorverfahren in M\u00fcnchen\",\"potentialAction\":[{\"@type\":\"SearchAction\",\"target\":{\"@type\":\"EntryPoint\",\"urlTemplate\":\"https:\/\/blog.zeit.de\/nsu-prozess-blog\/?s={search_term_string}\"},\"query-input\":\"required name=search_term_string\"}],\"inLanguage\":\"de\"},{\"@type\":\"Person\",\"@id\":\"https:\/\/blog.zeit.de\/nsu-prozess-blog\/#\/schema\/person\/553ea9bb5d1fc2ae054c589bd59380a5\",\"name\":\"Tom Sundermann\",\"image\":{\"@type\":\"ImageObject\",\"inLanguage\":\"de\",\"@id\":\"https:\/\/blog.zeit.de\/nsu-prozess-blog\/#\/schema\/person\/image\/\",\"url\":\"https:\/\/secure.gravatar.com\/avatar\/e108a3dc18766f719b2f797dc5d19093f06a1870c55b553ab6b7563f1f9a5e68?s=96&d=mm&r=g\",\"contentUrl\":\"https:\/\/secure.gravatar.com\/avatar\/e108a3dc18766f719b2f797dc5d19093f06a1870c55b553ab6b7563f1f9a5e68?s=96&d=mm&r=g\",\"caption\":\"Tom Sundermann\"},\"sameAs\":[\"https:\/\/twitter.com\/messeticker\"],\"url\":\"https:\/\/blog.zeit.de\/nsu-prozess-blog\/author\/tsundermann\/\"}]}<\/script>\n<!-- \/ Yoast SEO plugin. -->","yoast_head_json":{"title":"153. Prozesstag \u2013 Als Zsch\u00e4pe und Wohlleben zur Polizei mussten - Das NSU-Prozess-Blog","robots":{"index":"index","follow":"follow","max-snippet":"max-snippet:-1","max-image-preview":"max-image-preview:large","max-video-preview":"max-video-preview:-1"},"canonical":"https:\/\/blog.zeit.de\/nsu-prozess-blog\/2014\/10\/22\/152-prozesstag-als-zschaepe-und-wohlleben-zur-polizei-mussten\/","og_locale":"de_DE","og_type":"article","og_title":"153. Prozesstag \u2013 Als Zsch\u00e4pe und Wohlleben zur Polizei mussten - Das NSU-Prozess-Blog","og_description":"1997 wurde Uwe B\u00f6hnhardt wegen mehrerer Delikte zu einer Jugendstrafe von zwei Jahren und drei Monaten verurteilt. Als Zeugen sagten damals auch Beate Zsch\u00e4pe und Ralf Wohlleben aus, die heute im NSU-Prozess auf der Anklagebank sitzen. Am Mittwoch sagen drei Polizisten aus, die Zsch\u00e4pe und Wohlleben im Jahr 1996 vernommen hatten. Dabei ging es eine [&hellip;]","og_url":"https:\/\/blog.zeit.de\/nsu-prozess-blog\/2014\/10\/22\/152-prozesstag-als-zschaepe-und-wohlleben-zur-polizei-mussten\/","og_site_name":"Das NSU-Prozess-Blog","article_published_time":"2014-10-22T05:00:21+00:00","article_modified_time":"2014-10-22T14:17:09+00:00","author":"Tom Sundermann","twitter_misc":{"Geschrieben von":"Tom Sundermann","Gesch\u00e4tzte Lesezeit":"1\u00a0Minute"},"schema":{"@context":"https:\/\/schema.org","@graph":[{"@type":"WebPage","@id":"https:\/\/blog.zeit.de\/nsu-prozess-blog\/2014\/10\/22\/152-prozesstag-als-zschaepe-und-wohlleben-zur-polizei-mussten\/","url":"https:\/\/blog.zeit.de\/nsu-prozess-blog\/2014\/10\/22\/152-prozesstag-als-zschaepe-und-wohlleben-zur-polizei-mussten\/","name":"153. Prozesstag \u2013 Als Zsch\u00e4pe und Wohlleben zur Polizei mussten - Das NSU-Prozess-Blog","isPartOf":{"@id":"https:\/\/blog.zeit.de\/nsu-prozess-blog\/#website"},"datePublished":"2014-10-22T05:00:21+00:00","dateModified":"2014-10-22T14:17:09+00:00","author":{"@id":"https:\/\/blog.zeit.de\/nsu-prozess-blog\/#\/schema\/person\/553ea9bb5d1fc2ae054c589bd59380a5"},"breadcrumb":{"@id":"https:\/\/blog.zeit.de\/nsu-prozess-blog\/2014\/10\/22\/152-prozesstag-als-zschaepe-und-wohlleben-zur-polizei-mussten\/#breadcrumb"},"inLanguage":"de","potentialAction":[{"@type":"ReadAction","target":["https:\/\/blog.zeit.de\/nsu-prozess-blog\/2014\/10\/22\/152-prozesstag-als-zschaepe-und-wohlleben-zur-polizei-mussten\/"]}]},{"@type":"BreadcrumbList","@id":"https:\/\/blog.zeit.de\/nsu-prozess-blog\/2014\/10\/22\/152-prozesstag-als-zschaepe-und-wohlleben-zur-polizei-mussten\/#breadcrumb","itemListElement":[{"@type":"ListItem","position":1,"name":"Startseite","item":"https:\/\/blog.zeit.de\/nsu-prozess-blog\/"},{"@type":"ListItem","position":2,"name":"153. Prozesstag \u2013 Als Zsch\u00e4pe und Wohlleben zur Polizei mussten"}]},{"@type":"WebSite","@id":"https:\/\/blog.zeit.de\/nsu-prozess-blog\/#website","url":"https:\/\/blog.zeit.de\/nsu-prozess-blog\/","name":"Das NSU-Prozess-Blog","description":"Alle Berichte zum Terrorverfahren in M\u00fcnchen","potentialAction":[{"@type":"SearchAction","target":{"@type":"EntryPoint","urlTemplate":"https:\/\/blog.zeit.de\/nsu-prozess-blog\/?s={search_term_string}"},"query-input":"required name=search_term_string"}],"inLanguage":"de"},{"@type":"Person","@id":"https:\/\/blog.zeit.de\/nsu-prozess-blog\/#\/schema\/person\/553ea9bb5d1fc2ae054c589bd59380a5","name":"Tom Sundermann","image":{"@type":"ImageObject","inLanguage":"de","@id":"https:\/\/blog.zeit.de\/nsu-prozess-blog\/#\/schema\/person\/image\/","url":"https:\/\/secure.gravatar.com\/avatar\/e108a3dc18766f719b2f797dc5d19093f06a1870c55b553ab6b7563f1f9a5e68?s=96&d=mm&r=g","contentUrl":"https:\/\/secure.gravatar.com\/avatar\/e108a3dc18766f719b2f797dc5d19093f06a1870c55b553ab6b7563f1f9a5e68?s=96&d=mm&r=g","caption":"Tom Sundermann"},"sameAs":["https:\/\/twitter.com\/messeticker"],"url":"https:\/\/blog.zeit.de\/nsu-prozess-blog\/author\/tsundermann\/"}]}},"jetpack_featured_media_url":"","jetpack_sharing_enabled":true,"_links":{"self":[{"href":"https:\/\/blog.zeit.de\/nsu-prozess-blog\/wp-json\/wp\/v2\/posts\/7816","targetHints":{"allow":["GET"]}}],"collection":[{"href":"https:\/\/blog.zeit.de\/nsu-prozess-blog\/wp-json\/wp\/v2\/posts"}],"about":[{"href":"https:\/\/blog.zeit.de\/nsu-prozess-blog\/wp-json\/wp\/v2\/types\/post"}],"author":[{"embeddable":true,"href":"https:\/\/blog.zeit.de\/nsu-prozess-blog\/wp-json\/wp\/v2\/users\/435"}],"replies":[{"embeddable":true,"href":"https:\/\/blog.zeit.de\/nsu-prozess-blog\/wp-json\/wp\/v2\/comments?post=7816"}],"version-history":[{"count":3,"href":"https:\/\/blog.zeit.de\/nsu-prozess-blog\/wp-json\/wp\/v2\/posts\/7816\/revisions"}],"predecessor-version":[{"id":7844,"href":"https:\/\/blog.zeit.de\/nsu-prozess-blog\/wp-json\/wp\/v2\/posts\/7816\/revisions\/7844"}],"wp:attachment":[{"href":"https:\/\/blog.zeit.de\/nsu-prozess-blog\/wp-json\/wp\/v2\/media?parent=7816"}],"wp:term":[{"taxonomy":"category","embeddable":true,"href":"https:\/\/blog.zeit.de\/nsu-prozess-blog\/wp-json\/wp\/v2\/categories?post=7816"},{"taxonomy":"post_tag","embeddable":true,"href":"https:\/\/blog.zeit.de\/nsu-prozess-blog\/wp-json\/wp\/v2\/tags?post=7816"}],"curies":[{"name":"wp","href":"https:\/\/api.w.org\/{rel}","templated":true}]}}