{"id":7818,"date":"2014-10-23T07:00:44","date_gmt":"2014-10-23T05:00:44","guid":{"rendered":"http:\/\/blog.zeit.de\/nsu-prozess-blog\/?p=7818"},"modified":"2014-10-23T09:34:26","modified_gmt":"2014-10-23T07:34:26","slug":"154-prozesstag-zschaepes-erster-anwalt-sagt-aus","status":"publish","type":"post","link":"https:\/\/blog.zeit.de\/nsu-prozess-blog\/2014\/10\/23\/154-prozesstag-zschaepes-erster-anwalt-sagt-aus\/","title":{"rendered":"154. Prozesstag \u2013 Zsch\u00e4pes erster Anwalt sagt aus"},"content":{"rendered":"<p>Am Donnerstag tritt der Anwalt Gerald Liebtrau aus Jena in den Zeugenstand. Bei ihm meldete sich Beate Zsch\u00e4pe nach ihrer chaotischen <a href=\"http:\/\/www.zeit.de\/politik\/2014-05\/nsu-terror-orte\">Flucht durch Deutschland<\/a> am 8. November 2011. In seiner Begleitung stellte sie sich anschlie\u00dfend bei der Polizei.<\/p>\n<p>Befragt wird Liebtrau allerdings nicht zu allen Details des Mandantenverh\u00e4ltnisses, das er sp\u00e4ter an den Verteidiger Wolfgang Heer aus K\u00f6ln abgab, sondern nur zu einem Aspekt: der Zeugin Charlotte E., die in der Nachbarwohnung des NSU-Trios in Zwickau wohnte, als Zsch\u00e4pe das Haus mutma\u00dflich in Brand steckte. Zsch\u00e4pes heutige Verteidiger sind der Ansicht, dass die 92-j\u00e4hrige E. entlastende Angaben f\u00fcr ihre Mandantin machen k\u00f6nne.<\/p>\n<p>Sie habe demnach versucht, die alte Nachbarin vor dem Feuer zu warnen, indem sie bei ihr klingelte. Vernehmungen der dementen Frau brachten weder im Dezember 2013 noch im vergangenen Mai Erkenntnisse. Fraglich ist, ob E. zu einem fr\u00fcheren Zeitpunkt verwertbare Informationen h\u00e4tte liefern k\u00f6nnen. Liebtrau hatte den Verteidigern zufolge direkt nach Zsch\u00e4pes Festnahme beantragt, die Zeugin zu befragen.<\/p>\n<p><em>ZEIT ONLINE berichtet aus M\u00fcnchen und fasst den Prozesstag am Abend auf diesem Blog zusammen. Informationen aus der Verhandlung gibt es <a href=\"https:\/\/twitter.com\/zeitonline\/lists\/nsu-prozess\">via Twitter hier<\/a>. Weitere Berichte stellen wir morgen im <a href=\"https:\/\/blog.zeit.de\/nsu-prozess-blog\/category\/medienschau\/\">NSU-Medienlog<\/a> zusammen.<\/em><\/p>\n","protected":false},"excerpt":{"rendered":"<p>Am Donnerstag tritt der Anwalt Gerald Liebtrau aus Jena in den Zeugenstand. Bei ihm meldete sich Beate Zsch\u00e4pe nach ihrer chaotischen Flucht durch Deutschland am 8. November 2011. In seiner Begleitung stellte sie sich anschlie\u00dfend bei der Polizei. Befragt wird Liebtrau allerdings nicht zu allen Details des Mandantenverh\u00e4ltnisses, das er sp\u00e4ter an den Verteidiger Wolfgang [&hellip;]<\/p>\n","protected":false},"author":435,"featured_media":0,"comment_status":"open","ping_status":"open","sticky":false,"template":"","format":"standard","meta":{"_jetpack_memberships_contains_paid_content":false,"footnotes":""},"categories":[27532],"tags":[27573,1626],"class_list":["post-7818","post","type-post","status-publish","format-standard","hentry","category-prozesstage","tag-brand","tag-jena"],"yoast_head":"<!-- This site is optimized with the Yoast SEO plugin v21.0 - https:\/\/yoast.com\/wordpress\/plugins\/seo\/ -->\n<title>154. Prozesstag \u2013 Zsch\u00e4pes erster Anwalt sagt aus - Das NSU-Prozess-Blog<\/title>\n<meta name=\"robots\" content=\"index, follow, max-snippet:-1, max-image-preview:large, max-video-preview:-1\" \/>\n<link rel=\"canonical\" href=\"https:\/\/blog.zeit.de\/nsu-prozess-blog\/2014\/10\/23\/154-prozesstag-zschaepes-erster-anwalt-sagt-aus\/\" \/>\n<meta property=\"og:locale\" content=\"de_DE\" \/>\n<meta property=\"og:type\" content=\"article\" \/>\n<meta property=\"og:title\" content=\"154. Prozesstag \u2013 Zsch\u00e4pes erster Anwalt sagt aus - Das NSU-Prozess-Blog\" \/>\n<meta property=\"og:description\" content=\"Am Donnerstag tritt der Anwalt Gerald Liebtrau aus Jena in den Zeugenstand. Bei ihm meldete sich Beate Zsch\u00e4pe nach ihrer chaotischen Flucht durch Deutschland am 8. November 2011. In seiner Begleitung stellte sie sich anschlie\u00dfend bei der Polizei. Befragt wird Liebtrau allerdings nicht zu allen Details des Mandantenverh\u00e4ltnisses, das er sp\u00e4ter an den Verteidiger Wolfgang [&hellip;]\" \/>\n<meta property=\"og:url\" content=\"https:\/\/blog.zeit.de\/nsu-prozess-blog\/2014\/10\/23\/154-prozesstag-zschaepes-erster-anwalt-sagt-aus\/\" \/>\n<meta property=\"og:site_name\" content=\"Das NSU-Prozess-Blog\" \/>\n<meta property=\"article:published_time\" content=\"2014-10-23T05:00:44+00:00\" \/>\n<meta property=\"article:modified_time\" content=\"2014-10-23T07:34:26+00:00\" \/>\n<meta name=\"author\" content=\"Tom Sundermann\" \/>\n<meta name=\"twitter:label1\" content=\"Geschrieben von\" \/>\n\t<meta name=\"twitter:data1\" content=\"Tom Sundermann\" \/>\n\t<meta name=\"twitter:label2\" content=\"Gesch\u00e4tzte Lesezeit\" \/>\n\t<meta name=\"twitter:data2\" content=\"1\u00a0Minute\" \/>\n<script type=\"application\/ld+json\" class=\"yoast-schema-graph\">{\"@context\":\"https:\/\/schema.org\",\"@graph\":[{\"@type\":\"WebPage\",\"@id\":\"https:\/\/blog.zeit.de\/nsu-prozess-blog\/2014\/10\/23\/154-prozesstag-zschaepes-erster-anwalt-sagt-aus\/\",\"url\":\"https:\/\/blog.zeit.de\/nsu-prozess-blog\/2014\/10\/23\/154-prozesstag-zschaepes-erster-anwalt-sagt-aus\/\",\"name\":\"154. Prozesstag \u2013 Zsch\u00e4pes erster Anwalt sagt aus - Das NSU-Prozess-Blog\",\"isPartOf\":{\"@id\":\"https:\/\/blog.zeit.de\/nsu-prozess-blog\/#website\"},\"datePublished\":\"2014-10-23T05:00:44+00:00\",\"dateModified\":\"2014-10-23T07:34:26+00:00\",\"author\":{\"@id\":\"https:\/\/blog.zeit.de\/nsu-prozess-blog\/#\/schema\/person\/553ea9bb5d1fc2ae054c589bd59380a5\"},\"breadcrumb\":{\"@id\":\"https:\/\/blog.zeit.de\/nsu-prozess-blog\/2014\/10\/23\/154-prozesstag-zschaepes-erster-anwalt-sagt-aus\/#breadcrumb\"},\"inLanguage\":\"de\",\"potentialAction\":[{\"@type\":\"ReadAction\",\"target\":[\"https:\/\/blog.zeit.de\/nsu-prozess-blog\/2014\/10\/23\/154-prozesstag-zschaepes-erster-anwalt-sagt-aus\/\"]}]},{\"@type\":\"BreadcrumbList\",\"@id\":\"https:\/\/blog.zeit.de\/nsu-prozess-blog\/2014\/10\/23\/154-prozesstag-zschaepes-erster-anwalt-sagt-aus\/#breadcrumb\",\"itemListElement\":[{\"@type\":\"ListItem\",\"position\":1,\"name\":\"Startseite\",\"item\":\"https:\/\/blog.zeit.de\/nsu-prozess-blog\/\"},{\"@type\":\"ListItem\",\"position\":2,\"name\":\"154. Prozesstag \u2013 Zsch\u00e4pes erster Anwalt sagt aus\"}]},{\"@type\":\"WebSite\",\"@id\":\"https:\/\/blog.zeit.de\/nsu-prozess-blog\/#website\",\"url\":\"https:\/\/blog.zeit.de\/nsu-prozess-blog\/\",\"name\":\"Das NSU-Prozess-Blog\",\"description\":\"Alle Berichte zum Terrorverfahren in M\u00fcnchen\",\"potentialAction\":[{\"@type\":\"SearchAction\",\"target\":{\"@type\":\"EntryPoint\",\"urlTemplate\":\"https:\/\/blog.zeit.de\/nsu-prozess-blog\/?s={search_term_string}\"},\"query-input\":\"required name=search_term_string\"}],\"inLanguage\":\"de\"},{\"@type\":\"Person\",\"@id\":\"https:\/\/blog.zeit.de\/nsu-prozess-blog\/#\/schema\/person\/553ea9bb5d1fc2ae054c589bd59380a5\",\"name\":\"Tom Sundermann\",\"image\":{\"@type\":\"ImageObject\",\"inLanguage\":\"de\",\"@id\":\"https:\/\/blog.zeit.de\/nsu-prozess-blog\/#\/schema\/person\/image\/\",\"url\":\"https:\/\/secure.gravatar.com\/avatar\/e108a3dc18766f719b2f797dc5d19093f06a1870c55b553ab6b7563f1f9a5e68?s=96&d=mm&r=g\",\"contentUrl\":\"https:\/\/secure.gravatar.com\/avatar\/e108a3dc18766f719b2f797dc5d19093f06a1870c55b553ab6b7563f1f9a5e68?s=96&d=mm&r=g\",\"caption\":\"Tom Sundermann\"},\"sameAs\":[\"https:\/\/twitter.com\/messeticker\"],\"url\":\"https:\/\/blog.zeit.de\/nsu-prozess-blog\/author\/tsundermann\/\"}]}<\/script>\n<!-- \/ Yoast SEO plugin. -->","yoast_head_json":{"title":"154. Prozesstag \u2013 Zsch\u00e4pes erster Anwalt sagt aus - Das NSU-Prozess-Blog","robots":{"index":"index","follow":"follow","max-snippet":"max-snippet:-1","max-image-preview":"max-image-preview:large","max-video-preview":"max-video-preview:-1"},"canonical":"https:\/\/blog.zeit.de\/nsu-prozess-blog\/2014\/10\/23\/154-prozesstag-zschaepes-erster-anwalt-sagt-aus\/","og_locale":"de_DE","og_type":"article","og_title":"154. Prozesstag \u2013 Zsch\u00e4pes erster Anwalt sagt aus - Das NSU-Prozess-Blog","og_description":"Am Donnerstag tritt der Anwalt Gerald Liebtrau aus Jena in den Zeugenstand. Bei ihm meldete sich Beate Zsch\u00e4pe nach ihrer chaotischen Flucht durch Deutschland am 8. November 2011. In seiner Begleitung stellte sie sich anschlie\u00dfend bei der Polizei. Befragt wird Liebtrau allerdings nicht zu allen Details des Mandantenverh\u00e4ltnisses, das er sp\u00e4ter an den Verteidiger Wolfgang [&hellip;]","og_url":"https:\/\/blog.zeit.de\/nsu-prozess-blog\/2014\/10\/23\/154-prozesstag-zschaepes-erster-anwalt-sagt-aus\/","og_site_name":"Das NSU-Prozess-Blog","article_published_time":"2014-10-23T05:00:44+00:00","article_modified_time":"2014-10-23T07:34:26+00:00","author":"Tom Sundermann","twitter_misc":{"Geschrieben von":"Tom Sundermann","Gesch\u00e4tzte Lesezeit":"1\u00a0Minute"},"schema":{"@context":"https:\/\/schema.org","@graph":[{"@type":"WebPage","@id":"https:\/\/blog.zeit.de\/nsu-prozess-blog\/2014\/10\/23\/154-prozesstag-zschaepes-erster-anwalt-sagt-aus\/","url":"https:\/\/blog.zeit.de\/nsu-prozess-blog\/2014\/10\/23\/154-prozesstag-zschaepes-erster-anwalt-sagt-aus\/","name":"154. Prozesstag \u2013 Zsch\u00e4pes erster Anwalt sagt aus - Das NSU-Prozess-Blog","isPartOf":{"@id":"https:\/\/blog.zeit.de\/nsu-prozess-blog\/#website"},"datePublished":"2014-10-23T05:00:44+00:00","dateModified":"2014-10-23T07:34:26+00:00","author":{"@id":"https:\/\/blog.zeit.de\/nsu-prozess-blog\/#\/schema\/person\/553ea9bb5d1fc2ae054c589bd59380a5"},"breadcrumb":{"@id":"https:\/\/blog.zeit.de\/nsu-prozess-blog\/2014\/10\/23\/154-prozesstag-zschaepes-erster-anwalt-sagt-aus\/#breadcrumb"},"inLanguage":"de","potentialAction":[{"@type":"ReadAction","target":["https:\/\/blog.zeit.de\/nsu-prozess-blog\/2014\/10\/23\/154-prozesstag-zschaepes-erster-anwalt-sagt-aus\/"]}]},{"@type":"BreadcrumbList","@id":"https:\/\/blog.zeit.de\/nsu-prozess-blog\/2014\/10\/23\/154-prozesstag-zschaepes-erster-anwalt-sagt-aus\/#breadcrumb","itemListElement":[{"@type":"ListItem","position":1,"name":"Startseite","item":"https:\/\/blog.zeit.de\/nsu-prozess-blog\/"},{"@type":"ListItem","position":2,"name":"154. Prozesstag \u2013 Zsch\u00e4pes erster Anwalt sagt aus"}]},{"@type":"WebSite","@id":"https:\/\/blog.zeit.de\/nsu-prozess-blog\/#website","url":"https:\/\/blog.zeit.de\/nsu-prozess-blog\/","name":"Das NSU-Prozess-Blog","description":"Alle Berichte zum Terrorverfahren in M\u00fcnchen","potentialAction":[{"@type":"SearchAction","target":{"@type":"EntryPoint","urlTemplate":"https:\/\/blog.zeit.de\/nsu-prozess-blog\/?s={search_term_string}"},"query-input":"required name=search_term_string"}],"inLanguage":"de"},{"@type":"Person","@id":"https:\/\/blog.zeit.de\/nsu-prozess-blog\/#\/schema\/person\/553ea9bb5d1fc2ae054c589bd59380a5","name":"Tom Sundermann","image":{"@type":"ImageObject","inLanguage":"de","@id":"https:\/\/blog.zeit.de\/nsu-prozess-blog\/#\/schema\/person\/image\/","url":"https:\/\/secure.gravatar.com\/avatar\/e108a3dc18766f719b2f797dc5d19093f06a1870c55b553ab6b7563f1f9a5e68?s=96&d=mm&r=g","contentUrl":"https:\/\/secure.gravatar.com\/avatar\/e108a3dc18766f719b2f797dc5d19093f06a1870c55b553ab6b7563f1f9a5e68?s=96&d=mm&r=g","caption":"Tom Sundermann"},"sameAs":["https:\/\/twitter.com\/messeticker"],"url":"https:\/\/blog.zeit.de\/nsu-prozess-blog\/author\/tsundermann\/"}]}},"jetpack_featured_media_url":"","jetpack_sharing_enabled":true,"_links":{"self":[{"href":"https:\/\/blog.zeit.de\/nsu-prozess-blog\/wp-json\/wp\/v2\/posts\/7818","targetHints":{"allow":["GET"]}}],"collection":[{"href":"https:\/\/blog.zeit.de\/nsu-prozess-blog\/wp-json\/wp\/v2\/posts"}],"about":[{"href":"https:\/\/blog.zeit.de\/nsu-prozess-blog\/wp-json\/wp\/v2\/types\/post"}],"author":[{"embeddable":true,"href":"https:\/\/blog.zeit.de\/nsu-prozess-blog\/wp-json\/wp\/v2\/users\/435"}],"replies":[{"embeddable":true,"href":"https:\/\/blog.zeit.de\/nsu-prozess-blog\/wp-json\/wp\/v2\/comments?post=7818"}],"version-history":[{"count":3,"href":"https:\/\/blog.zeit.de\/nsu-prozess-blog\/wp-json\/wp\/v2\/posts\/7818\/revisions"}],"predecessor-version":[{"id":7862,"href":"https:\/\/blog.zeit.de\/nsu-prozess-blog\/wp-json\/wp\/v2\/posts\/7818\/revisions\/7862"}],"wp:attachment":[{"href":"https:\/\/blog.zeit.de\/nsu-prozess-blog\/wp-json\/wp\/v2\/media?parent=7818"}],"wp:term":[{"taxonomy":"category","embeddable":true,"href":"https:\/\/blog.zeit.de\/nsu-prozess-blog\/wp-json\/wp\/v2\/categories?post=7818"},{"taxonomy":"post_tag","embeddable":true,"href":"https:\/\/blog.zeit.de\/nsu-prozess-blog\/wp-json\/wp\/v2\/tags?post=7818"}],"curies":[{"name":"wp","href":"https:\/\/api.w.org\/{rel}","templated":true}]}}