{"id":7867,"date":"2014-10-24T09:57:24","date_gmt":"2014-10-24T07:57:24","guid":{"rendered":"http:\/\/blog.zeit.de\/nsu-prozess-blog\/?p=7867"},"modified":"2014-10-24T11:02:51","modified_gmt":"2014-10-24T09:02:51","slug":"medienlog-gerald-liebtrau-beate-zschape-brand","status":"publish","type":"post","link":"https:\/\/blog.zeit.de\/nsu-prozess-blog\/2014\/10\/24\/medienlog-gerald-liebtrau-beate-zschape-brand\/","title":{"rendered":"Die riskante Strategie von Zsch\u00e4pes Verteidigern \u2013 Das Medienlog vom Freitag, 24. Oktober 2014"},"content":{"rendered":"<p>Beate Zsch\u00e4pes ehemaliger Verteidiger Gerald Liebtrau aus Jena hat im NSU-Prozess ausgesagt. Prozessbeobachter r\u00e4tseln nun, ob seine Aussage f\u00fcr die Hauptangeklagte von Vorteil war \u2013 oder ob sich ihre heutigen Verteidiger mit der von ihnen beantragten Vernehmung verspekuliert haben. Im Zentrum stand die Frage, ob Zsch\u00e4pe am 4. November 2011 nach dem mutma\u00dflich <a href=\"http:\/\/www.zeit.de\/gesellschaft\/zeitgeschehen\/2013-06\/nsu-prozess-zschaepe-handwerker\">von ihr gelegten Brand<\/a> in ihrer Zwickauer Wohnung ihre gebrechliche Nachbarin vor dem Feuer warnte. Dar\u00fcber hatte sie mit Liebtrau gesprochen. Die Aussage &#8222;ger\u00e4t zur juristischen Turnstunde&#8220;, urteilt J\u00f6rg Diehl von <a href=\"http:\/\/www.spiegel.de\/panorama\/justiz\/nsu-prozess-verteidigung-von-zschaepe-befragt-entlastungszeugen-a-998944.html\" target=\"_blank\"><em>Spiegel Online<\/em><\/a>.<\/p>\n<p><!--more--><\/p>\n<p><em>An jedem Werktag sichten wir f\u00fcr das NSU-Prozess-Blog die Medien und stellen wichtige Berichte, Blogs, Videos und Tweets zusammen. Wir freuen uns \u00fcber Hinweise via Twitter mit dem Hashtag #nsublog \u2013 oder per E-Mail an <a href=\"mailto:nsublog@zeit.de\">nsublog@zeit.de<\/a>.<\/em><\/p>\n<p>Zsch\u00e4pe hatte sich vier Tage nach dem Brand bei Liebtrau gemeldet und anschlie\u00dfend in seiner Begleitung der Polizei gestellt. Am 17. November \u00fcbernahm ihr heutiger Anwalt Wolfgang Heer das Mandat. F\u00fcr die Vernehmung entband die Angeklagte Liebtrau von seiner Schweigepflicht \u2013 doch nur zum Thema der Brandstiftung. \u00dcber die Grenzen vom Rederecht des Zeugen stritten die Prozessbeteiligten mehrere Stunden lang.<\/p>\n<p>Die Verteidiger h\u00e4tten versucht, den Vorwurf des versuchten Mordes an der Nachbarin zu entkr\u00e4ften und gleichzeitig keine Beweise f\u00fcr Zsch\u00e4pes m\u00f6gliche Schuld an der Brandstiftung zu liefern, schreibt Diehl. &#8222;Juristisch ist das ein geschickter Schachzug. Als Nachteil k\u00f6nnte sich indes erweisen, dass ein derartiges Vorgehen den Wert des Entlastungszeugen reduziert.&#8220; Allerdings sei es den Anw\u00e4lten durchaus gelungen, durch den Zeugen Zsch\u00e4pes Schweigen ein St\u00fcck weit aufzubrechen.<\/p>\n<p>&#8222;Indirekt st\u00e4rkt seine Aussage den Vorwurf der Bundesanwaltschaft, die Angeklagte habe eine besonders schwere Brandstiftung begangen&#8220;, kommentiert Frank Jansen im <a href=\"http:\/\/www.tagesspiegel.de\/politik\/nsu-prozess-154-tag-wohnungsbrand-in-zwickau-wollte-zschaepe-morden-oder-retten\/10882276.html\" target=\"_blank\"><em>Tagesspiegel<\/em><\/a>. Schlie\u00dflich habe sie offenbar gewusst, dass es bald brenne. Daf\u00fcr, dass sie h\u00f6chstselbst das Feuer gelegt hatte, sei der Sachverhalt jedoch &#8222;nicht der ultimative Beweis&#8220;.<\/p>\n<p>Zsch\u00e4pes Verteidiger Wolfgang Heer, Wolfgang Stahl und Anja Sturm &#8222;gehen ein hohes Risiko ein&#8220;, analysieren wir bei <a href=\"https:\/\/blog.zeit.de\/nsu-prozess-blog\/2014\/10\/23\/zschaepe-anwaelte-spielen-auf-risiko\/\" target=\"_blank\">ZEIT ONLINE<\/a>. Denn mit dem Man\u00f6ver haben die drei Juristen ihre Mandantin &#8222;als Brandstifterin praktisch anerkannt&#8220; \u2013 ohne zu wissen, ob das Klingeln bei der Nachbarin sie vom Vorwurf des versuchten Mordes entlastet.<\/p>\n<p>&#8222;Die Strategie ist riskant&#8220;, schreibt Kai Mudra von der <a href=\"http:\/\/www.thueringer-allgemeine.de\/web\/zgt\/leben\/detail\/-\/specific\/NSU-Prozess-Streit-um-Aussagegenehmigung-von-Zschaepes-Ex-Anwalt-2012302833\" target=\"_blank\"><em>Th\u00fcringer Allgemeinen<\/em><\/a>. Doch sie habe sich gelohnt, urteilt Wiebke Ramm in der <a href=\"http:\/\/www.badische-zeitung.de\/deutschland-1\/mit-zschaepe-unter-vier-augen--93426131.html\" target=\"_blank\"><em>Badischen Zeitung<\/em><\/a>: &#8222;Anwalt Liebtrau soll Zsch\u00e4pe vom Vorwurf des versuchten Mordes an ihrer alten Nachbarin Charlotte E. entlasten. Er tut es.&#8220; Geheimnisse habe er indes nicht preisgegeben.<\/p>\n<p><strong>V-Mann &#8222;Piatto&#8220; sagt aus<\/strong><\/p>\n<p>Am 4. November soll der Berliner V-Mann Carsten Sz. alias &#8222;Piatto&#8220; im Prozess vernommen werden, um m\u00f6gliche Vers\u00e4umnisse und Bez\u00fcge zu Verfassungsschutzbeh\u00f6rden zu thematisieren. Dagegen str\u00e4ubt sich jedoch das Brandenburger Innenministerium, das ihm die Aussagegenehmigung erteilt: Sz. lebt mit seiner Familie im Zeugenschutzprogramm und soll nach dem Willen der Beh\u00f6rde nur per Videovernehmung befragt werden, in der er verfremdet wird. Zudem soll die \u00d6ffentlichkeit w\u00e4hrend der Befragung ausgeschlossen werden. Bundesanwalt Herbert Diemer forderte am Donnerstag, die \u00d6ffentlichkeit zur Aussage zuzulassen, wie unter anderem Tanjev Schultz in der <a href=\"http:\/\/www.sueddeutsche.de\/politik\/nsu-prozess-v-mann-soll-mit-verfremdeter-stimme-aussagen-1.2188782\" target=\"_blank\"><em>S\u00fcddeutschen Zeitung<\/em><\/a> berichtet.<\/p>\n<p>&#8222;Piatto&#8220; berichtete dem Verfassungsschutz, der mutma\u00dfliche NSU-Unterst\u00fctzer <a href=\"https:\/\/blog.zeit.de\/nsu-prozess-blog\/2014\/10\/15\/der-zeuge-mit-dem-bums\/\">Jan W.<\/a> habe den Auftrag gehabt, der Terrorzelle Waffen zu beschaffen. Der Vorsitzende Richter Manfred G\u00f6tzl habe im Prozess angedeutet, er wolle beim Ministerium intervenieren, schreibt Frank Jansen im <em>Tagesspiegel<\/em>. Er lud den Zeugen trotz der Forderung nicht ab.<\/p>\n<p><em>Das n\u00e4chste Medienlog erscheint am Montag, 27. Oktober 2014.<\/em><\/p>\n","protected":false},"excerpt":{"rendered":"<p>Beate Zsch\u00e4pes ehemaliger Verteidiger Gerald Liebtrau aus Jena hat im NSU-Prozess ausgesagt. Prozessbeobachter r\u00e4tseln nun, ob seine Aussage f\u00fcr die Hauptangeklagte von Vorteil war \u2013 oder ob sich ihre heutigen Verteidiger mit der von ihnen beantragten Vernehmung verspekuliert haben. Im Zentrum stand die Frage, ob Zsch\u00e4pe am 4. November 2011 nach dem mutma\u00dflich von ihr [&hellip;]<\/p>\n","protected":false},"author":435,"featured_media":0,"comment_status":"open","ping_status":"open","sticky":false,"template":"","format":"standard","meta":{"_jetpack_memberships_contains_paid_content":false,"footnotes":""},"categories":[27531],"tags":[29424,17793,27573,1626,17899,27560],"class_list":["post-7867","post","type-post","status-publish","format-standard","hentry","category-medienschau","tag-anwalte","tag-beate-zschape","tag-brand","tag-jena","tag-v-mann","tag-zwickau"],"yoast_head":"<!-- This site is optimized with the Yoast SEO plugin v21.0 - https:\/\/yoast.com\/wordpress\/plugins\/seo\/ -->\n<title>Die riskante Strategie von Zsch\u00e4pes Verteidigern \u2013 Das Medienlog vom Freitag, 24. Oktober 2014 - Das NSU-Prozess-Blog<\/title>\n<meta name=\"robots\" content=\"index, follow, max-snippet:-1, max-image-preview:large, max-video-preview:-1\" \/>\n<link rel=\"canonical\" href=\"https:\/\/blog.zeit.de\/nsu-prozess-blog\/2014\/10\/24\/medienlog-gerald-liebtrau-beate-zschape-brand\/\" \/>\n<meta property=\"og:locale\" content=\"de_DE\" \/>\n<meta property=\"og:type\" content=\"article\" \/>\n<meta property=\"og:title\" content=\"Die riskante Strategie von Zsch\u00e4pes Verteidigern \u2013 Das Medienlog vom Freitag, 24. Oktober 2014 - Das NSU-Prozess-Blog\" \/>\n<meta property=\"og:description\" content=\"Beate Zsch\u00e4pes ehemaliger Verteidiger Gerald Liebtrau aus Jena hat im NSU-Prozess ausgesagt. Prozessbeobachter r\u00e4tseln nun, ob seine Aussage f\u00fcr die Hauptangeklagte von Vorteil war \u2013 oder ob sich ihre heutigen Verteidiger mit der von ihnen beantragten Vernehmung verspekuliert haben. Im Zentrum stand die Frage, ob Zsch\u00e4pe am 4. November 2011 nach dem mutma\u00dflich von ihr [&hellip;]\" \/>\n<meta property=\"og:url\" content=\"https:\/\/blog.zeit.de\/nsu-prozess-blog\/2014\/10\/24\/medienlog-gerald-liebtrau-beate-zschape-brand\/\" \/>\n<meta property=\"og:site_name\" content=\"Das NSU-Prozess-Blog\" \/>\n<meta property=\"article:published_time\" content=\"2014-10-24T07:57:24+00:00\" \/>\n<meta property=\"article:modified_time\" content=\"2014-10-24T09:02:51+00:00\" \/>\n<meta name=\"author\" content=\"Tom Sundermann\" \/>\n<meta name=\"twitter:label1\" content=\"Geschrieben von\" \/>\n\t<meta name=\"twitter:data1\" content=\"Tom Sundermann\" \/>\n\t<meta name=\"twitter:label2\" content=\"Gesch\u00e4tzte Lesezeit\" \/>\n\t<meta name=\"twitter:data2\" content=\"3\u00a0Minuten\" \/>\n<script type=\"application\/ld+json\" class=\"yoast-schema-graph\">{\"@context\":\"https:\/\/schema.org\",\"@graph\":[{\"@type\":\"WebPage\",\"@id\":\"https:\/\/blog.zeit.de\/nsu-prozess-blog\/2014\/10\/24\/medienlog-gerald-liebtrau-beate-zschape-brand\/\",\"url\":\"https:\/\/blog.zeit.de\/nsu-prozess-blog\/2014\/10\/24\/medienlog-gerald-liebtrau-beate-zschape-brand\/\",\"name\":\"Die riskante Strategie von Zsch\u00e4pes Verteidigern \u2013 Das Medienlog vom Freitag, 24. Oktober 2014 - Das NSU-Prozess-Blog\",\"isPartOf\":{\"@id\":\"https:\/\/blog.zeit.de\/nsu-prozess-blog\/#website\"},\"datePublished\":\"2014-10-24T07:57:24+00:00\",\"dateModified\":\"2014-10-24T09:02:51+00:00\",\"author\":{\"@id\":\"https:\/\/blog.zeit.de\/nsu-prozess-blog\/#\/schema\/person\/553ea9bb5d1fc2ae054c589bd59380a5\"},\"breadcrumb\":{\"@id\":\"https:\/\/blog.zeit.de\/nsu-prozess-blog\/2014\/10\/24\/medienlog-gerald-liebtrau-beate-zschape-brand\/#breadcrumb\"},\"inLanguage\":\"de\",\"potentialAction\":[{\"@type\":\"ReadAction\",\"target\":[\"https:\/\/blog.zeit.de\/nsu-prozess-blog\/2014\/10\/24\/medienlog-gerald-liebtrau-beate-zschape-brand\/\"]}]},{\"@type\":\"BreadcrumbList\",\"@id\":\"https:\/\/blog.zeit.de\/nsu-prozess-blog\/2014\/10\/24\/medienlog-gerald-liebtrau-beate-zschape-brand\/#breadcrumb\",\"itemListElement\":[{\"@type\":\"ListItem\",\"position\":1,\"name\":\"Startseite\",\"item\":\"https:\/\/blog.zeit.de\/nsu-prozess-blog\/\"},{\"@type\":\"ListItem\",\"position\":2,\"name\":\"Die riskante Strategie von Zsch\u00e4pes Verteidigern \u2013 Das Medienlog vom Freitag, 24. Oktober 2014\"}]},{\"@type\":\"WebSite\",\"@id\":\"https:\/\/blog.zeit.de\/nsu-prozess-blog\/#website\",\"url\":\"https:\/\/blog.zeit.de\/nsu-prozess-blog\/\",\"name\":\"Das NSU-Prozess-Blog\",\"description\":\"Alle Berichte zum Terrorverfahren in M\u00fcnchen\",\"potentialAction\":[{\"@type\":\"SearchAction\",\"target\":{\"@type\":\"EntryPoint\",\"urlTemplate\":\"https:\/\/blog.zeit.de\/nsu-prozess-blog\/?s={search_term_string}\"},\"query-input\":\"required name=search_term_string\"}],\"inLanguage\":\"de\"},{\"@type\":\"Person\",\"@id\":\"https:\/\/blog.zeit.de\/nsu-prozess-blog\/#\/schema\/person\/553ea9bb5d1fc2ae054c589bd59380a5\",\"name\":\"Tom Sundermann\",\"image\":{\"@type\":\"ImageObject\",\"inLanguage\":\"de\",\"@id\":\"https:\/\/blog.zeit.de\/nsu-prozess-blog\/#\/schema\/person\/image\/\",\"url\":\"https:\/\/secure.gravatar.com\/avatar\/e108a3dc18766f719b2f797dc5d19093f06a1870c55b553ab6b7563f1f9a5e68?s=96&d=mm&r=g\",\"contentUrl\":\"https:\/\/secure.gravatar.com\/avatar\/e108a3dc18766f719b2f797dc5d19093f06a1870c55b553ab6b7563f1f9a5e68?s=96&d=mm&r=g\",\"caption\":\"Tom Sundermann\"},\"sameAs\":[\"https:\/\/twitter.com\/messeticker\"],\"url\":\"https:\/\/blog.zeit.de\/nsu-prozess-blog\/author\/tsundermann\/\"}]}<\/script>\n<!-- \/ Yoast SEO plugin. -->","yoast_head_json":{"title":"Die riskante Strategie von Zsch\u00e4pes Verteidigern \u2013 Das Medienlog vom Freitag, 24. Oktober 2014 - Das NSU-Prozess-Blog","robots":{"index":"index","follow":"follow","max-snippet":"max-snippet:-1","max-image-preview":"max-image-preview:large","max-video-preview":"max-video-preview:-1"},"canonical":"https:\/\/blog.zeit.de\/nsu-prozess-blog\/2014\/10\/24\/medienlog-gerald-liebtrau-beate-zschape-brand\/","og_locale":"de_DE","og_type":"article","og_title":"Die riskante Strategie von Zsch\u00e4pes Verteidigern \u2013 Das Medienlog vom Freitag, 24. Oktober 2014 - Das NSU-Prozess-Blog","og_description":"Beate Zsch\u00e4pes ehemaliger Verteidiger Gerald Liebtrau aus Jena hat im NSU-Prozess ausgesagt. Prozessbeobachter r\u00e4tseln nun, ob seine Aussage f\u00fcr die Hauptangeklagte von Vorteil war \u2013 oder ob sich ihre heutigen Verteidiger mit der von ihnen beantragten Vernehmung verspekuliert haben. Im Zentrum stand die Frage, ob Zsch\u00e4pe am 4. November 2011 nach dem mutma\u00dflich von ihr [&hellip;]","og_url":"https:\/\/blog.zeit.de\/nsu-prozess-blog\/2014\/10\/24\/medienlog-gerald-liebtrau-beate-zschape-brand\/","og_site_name":"Das NSU-Prozess-Blog","article_published_time":"2014-10-24T07:57:24+00:00","article_modified_time":"2014-10-24T09:02:51+00:00","author":"Tom Sundermann","twitter_misc":{"Geschrieben von":"Tom Sundermann","Gesch\u00e4tzte Lesezeit":"3\u00a0Minuten"},"schema":{"@context":"https:\/\/schema.org","@graph":[{"@type":"WebPage","@id":"https:\/\/blog.zeit.de\/nsu-prozess-blog\/2014\/10\/24\/medienlog-gerald-liebtrau-beate-zschape-brand\/","url":"https:\/\/blog.zeit.de\/nsu-prozess-blog\/2014\/10\/24\/medienlog-gerald-liebtrau-beate-zschape-brand\/","name":"Die riskante Strategie von Zsch\u00e4pes Verteidigern \u2013 Das Medienlog vom Freitag, 24. Oktober 2014 - Das NSU-Prozess-Blog","isPartOf":{"@id":"https:\/\/blog.zeit.de\/nsu-prozess-blog\/#website"},"datePublished":"2014-10-24T07:57:24+00:00","dateModified":"2014-10-24T09:02:51+00:00","author":{"@id":"https:\/\/blog.zeit.de\/nsu-prozess-blog\/#\/schema\/person\/553ea9bb5d1fc2ae054c589bd59380a5"},"breadcrumb":{"@id":"https:\/\/blog.zeit.de\/nsu-prozess-blog\/2014\/10\/24\/medienlog-gerald-liebtrau-beate-zschape-brand\/#breadcrumb"},"inLanguage":"de","potentialAction":[{"@type":"ReadAction","target":["https:\/\/blog.zeit.de\/nsu-prozess-blog\/2014\/10\/24\/medienlog-gerald-liebtrau-beate-zschape-brand\/"]}]},{"@type":"BreadcrumbList","@id":"https:\/\/blog.zeit.de\/nsu-prozess-blog\/2014\/10\/24\/medienlog-gerald-liebtrau-beate-zschape-brand\/#breadcrumb","itemListElement":[{"@type":"ListItem","position":1,"name":"Startseite","item":"https:\/\/blog.zeit.de\/nsu-prozess-blog\/"},{"@type":"ListItem","position":2,"name":"Die riskante Strategie von Zsch\u00e4pes Verteidigern \u2013 Das Medienlog vom Freitag, 24. Oktober 2014"}]},{"@type":"WebSite","@id":"https:\/\/blog.zeit.de\/nsu-prozess-blog\/#website","url":"https:\/\/blog.zeit.de\/nsu-prozess-blog\/","name":"Das NSU-Prozess-Blog","description":"Alle Berichte zum Terrorverfahren in M\u00fcnchen","potentialAction":[{"@type":"SearchAction","target":{"@type":"EntryPoint","urlTemplate":"https:\/\/blog.zeit.de\/nsu-prozess-blog\/?s={search_term_string}"},"query-input":"required name=search_term_string"}],"inLanguage":"de"},{"@type":"Person","@id":"https:\/\/blog.zeit.de\/nsu-prozess-blog\/#\/schema\/person\/553ea9bb5d1fc2ae054c589bd59380a5","name":"Tom Sundermann","image":{"@type":"ImageObject","inLanguage":"de","@id":"https:\/\/blog.zeit.de\/nsu-prozess-blog\/#\/schema\/person\/image\/","url":"https:\/\/secure.gravatar.com\/avatar\/e108a3dc18766f719b2f797dc5d19093f06a1870c55b553ab6b7563f1f9a5e68?s=96&d=mm&r=g","contentUrl":"https:\/\/secure.gravatar.com\/avatar\/e108a3dc18766f719b2f797dc5d19093f06a1870c55b553ab6b7563f1f9a5e68?s=96&d=mm&r=g","caption":"Tom Sundermann"},"sameAs":["https:\/\/twitter.com\/messeticker"],"url":"https:\/\/blog.zeit.de\/nsu-prozess-blog\/author\/tsundermann\/"}]}},"jetpack_featured_media_url":"","jetpack_sharing_enabled":true,"_links":{"self":[{"href":"https:\/\/blog.zeit.de\/nsu-prozess-blog\/wp-json\/wp\/v2\/posts\/7867","targetHints":{"allow":["GET"]}}],"collection":[{"href":"https:\/\/blog.zeit.de\/nsu-prozess-blog\/wp-json\/wp\/v2\/posts"}],"about":[{"href":"https:\/\/blog.zeit.de\/nsu-prozess-blog\/wp-json\/wp\/v2\/types\/post"}],"author":[{"embeddable":true,"href":"https:\/\/blog.zeit.de\/nsu-prozess-blog\/wp-json\/wp\/v2\/users\/435"}],"replies":[{"embeddable":true,"href":"https:\/\/blog.zeit.de\/nsu-prozess-blog\/wp-json\/wp\/v2\/comments?post=7867"}],"version-history":[{"count":9,"href":"https:\/\/blog.zeit.de\/nsu-prozess-blog\/wp-json\/wp\/v2\/posts\/7867\/revisions"}],"predecessor-version":[{"id":7876,"href":"https:\/\/blog.zeit.de\/nsu-prozess-blog\/wp-json\/wp\/v2\/posts\/7867\/revisions\/7876"}],"wp:attachment":[{"href":"https:\/\/blog.zeit.de\/nsu-prozess-blog\/wp-json\/wp\/v2\/media?parent=7867"}],"wp:term":[{"taxonomy":"category","embeddable":true,"href":"https:\/\/blog.zeit.de\/nsu-prozess-blog\/wp-json\/wp\/v2\/categories?post=7867"},{"taxonomy":"post_tag","embeddable":true,"href":"https:\/\/blog.zeit.de\/nsu-prozess-blog\/wp-json\/wp\/v2\/tags?post=7867"}],"curies":[{"name":"wp","href":"https:\/\/api.w.org\/{rel}","templated":true}]}}