{"id":7887,"date":"2014-10-28T09:05:02","date_gmt":"2014-10-28T08:05:02","guid":{"rendered":"http:\/\/blog.zeit.de\/nsu-prozess-blog\/?p=7887"},"modified":"2014-10-28T09:37:00","modified_gmt":"2014-10-28T08:37:00","slug":"medienlog-piatto-aussage-innenministerium-v-mann","status":"publish","type":"post","link":"https:\/\/blog.zeit.de\/nsu-prozess-blog\/2014\/10\/28\/medienlog-piatto-aussage-innenministerium-v-mann\/","title":{"rendered":"V-Mann Piatto: Der Geheimdienst mauert \u2013 Das Medienlog vom Dienstag, 28. Oktober 2014"},"content":{"rendered":"<p>Am Dienstag der kommenden Woche soll der Brandenburger V-Mann Carsten Sz., Deckname Piatto, im NSU-Prozess aussagen. Dagegen str\u00e4ubt sich jedoch das Innenministerium und verlangt, dass w\u00e4hrend seiner Vernehmung die \u00d6ffentlichkeit ausgeschlossen wird. Zudem soll der Zeuge per Video befragt und verfremdet werden. &#8222;Die St\u00f6rman\u00f6ver des Verfassungsschutzes, der die Aussage von Carsten Sz. nun verhindern oder zumindest behindern will, machen umso neugieriger&#8220;, kommentiert Christian Rath von der <a href=\"http:\/\/www.taz.de\/Kommentar-V-Leute-im-NSU-Umfeld\/!148386\/\" target=\"_blank\"><em>taz<\/em><\/a>. Schlie\u00dflich geh\u00f6re die Gewinnung von Informationen durch V-M\u00e4nner zu den Aufgaben des Geheimdienstes.<\/p>\n<p><!--more--><\/p>\n<p><em>An jedem Werktag sichten wir f\u00fcr das NSU-Prozess-Blog die Medien und stellen wichtige Berichte, Blogs, Videos und Tweets zusammen. Wir freuen uns \u00fcber Hinweise via Twitter mit dem Hashtag #nsublog \u2013 oder per E-Mail an <a href=\"mailto:nsublog@zeit.de\">nsublog@zeit.de<\/a>.<\/em><\/p>\n<p>Sz. lebt in einem Zeugenschutzprogramm, seit seine Spitzelt\u00e4tigkeit bekannt geworden ist. Dass Piatto im NSU-Komplex eine entscheidende Rolle zukommt, ist unbestritten: &#8222;Mit dem, was dieser V-Mann ablieferte, h\u00e4tte das Neonazi-Terror-Trio schon fr\u00fch gestoppt und deren Mordserie verhindert werden k\u00f6nnen&#8220;, schreibt Alexander Fr\u00f6hlich in den <a href=\"http:\/\/www.pnn.de\/brandenburg-berlin\/905502\/\" target=\"_blank\"><em>Potsdamer Neuesten Nachrichten<\/em><\/a>. Der Informant lieferte Hinweise auf Kontaktm\u00e4nner zu den dreien.<\/p>\n<p><em>Das n\u00e4chste Medienlog erscheint am Mittwoch, 29. Oktober 2014.<\/em><\/p>\n","protected":false},"excerpt":{"rendered":"<p>Am Dienstag der kommenden Woche soll der Brandenburger V-Mann Carsten Sz., Deckname Piatto, im NSU-Prozess aussagen. Dagegen str\u00e4ubt sich jedoch das Innenministerium und verlangt, dass w\u00e4hrend seiner Vernehmung die \u00d6ffentlichkeit ausgeschlossen wird. Zudem soll der Zeuge per Video befragt und verfremdet werden. &#8222;Die St\u00f6rman\u00f6ver des Verfassungsschutzes, der die Aussage von Carsten Sz. nun verhindern oder [&hellip;]<\/p>\n","protected":false},"author":435,"featured_media":0,"comment_status":"open","ping_status":"open","sticky":false,"template":"","format":"standard","meta":{"_jetpack_memberships_contains_paid_content":false,"footnotes":""},"categories":[27531],"tags":[1451,29554,17899,1836],"class_list":["post-7887","post","type-post","status-publish","format-standard","hentry","category-medienschau","tag-brandenburg","tag-piatto","tag-v-mann","tag-verfassungsschutz"],"yoast_head":"<!-- This site is optimized with the Yoast SEO plugin v21.0 - https:\/\/yoast.com\/wordpress\/plugins\/seo\/ -->\n<title>V-Mann Piatto: Der Geheimdienst mauert \u2013 Das Medienlog vom Dienstag, 28. Oktober 2014 - Das NSU-Prozess-Blog<\/title>\n<meta name=\"robots\" content=\"index, follow, max-snippet:-1, max-image-preview:large, max-video-preview:-1\" \/>\n<link rel=\"canonical\" href=\"https:\/\/blog.zeit.de\/nsu-prozess-blog\/2014\/10\/28\/medienlog-piatto-aussage-innenministerium-v-mann\/\" \/>\n<meta property=\"og:locale\" content=\"de_DE\" \/>\n<meta property=\"og:type\" content=\"article\" \/>\n<meta property=\"og:title\" content=\"V-Mann Piatto: Der Geheimdienst mauert \u2013 Das Medienlog vom Dienstag, 28. Oktober 2014 - Das NSU-Prozess-Blog\" \/>\n<meta property=\"og:description\" content=\"Am Dienstag der kommenden Woche soll der Brandenburger V-Mann Carsten Sz., Deckname Piatto, im NSU-Prozess aussagen. Dagegen str\u00e4ubt sich jedoch das Innenministerium und verlangt, dass w\u00e4hrend seiner Vernehmung die \u00d6ffentlichkeit ausgeschlossen wird. Zudem soll der Zeuge per Video befragt und verfremdet werden. &#8222;Die St\u00f6rman\u00f6ver des Verfassungsschutzes, der die Aussage von Carsten Sz. nun verhindern oder [&hellip;]\" \/>\n<meta property=\"og:url\" content=\"https:\/\/blog.zeit.de\/nsu-prozess-blog\/2014\/10\/28\/medienlog-piatto-aussage-innenministerium-v-mann\/\" \/>\n<meta property=\"og:site_name\" content=\"Das NSU-Prozess-Blog\" \/>\n<meta property=\"article:published_time\" content=\"2014-10-28T08:05:02+00:00\" \/>\n<meta property=\"article:modified_time\" content=\"2014-10-28T08:37:00+00:00\" \/>\n<meta name=\"author\" content=\"Tom Sundermann\" \/>\n<meta name=\"twitter:label1\" content=\"Geschrieben von\" \/>\n\t<meta name=\"twitter:data1\" content=\"Tom Sundermann\" \/>\n\t<meta name=\"twitter:label2\" content=\"Gesch\u00e4tzte Lesezeit\" \/>\n\t<meta name=\"twitter:data2\" content=\"1\u00a0Minute\" \/>\n<script type=\"application\/ld+json\" class=\"yoast-schema-graph\">{\"@context\":\"https:\/\/schema.org\",\"@graph\":[{\"@type\":\"WebPage\",\"@id\":\"https:\/\/blog.zeit.de\/nsu-prozess-blog\/2014\/10\/28\/medienlog-piatto-aussage-innenministerium-v-mann\/\",\"url\":\"https:\/\/blog.zeit.de\/nsu-prozess-blog\/2014\/10\/28\/medienlog-piatto-aussage-innenministerium-v-mann\/\",\"name\":\"V-Mann Piatto: Der Geheimdienst mauert \u2013 Das Medienlog vom Dienstag, 28. Oktober 2014 - Das NSU-Prozess-Blog\",\"isPartOf\":{\"@id\":\"https:\/\/blog.zeit.de\/nsu-prozess-blog\/#website\"},\"datePublished\":\"2014-10-28T08:05:02+00:00\",\"dateModified\":\"2014-10-28T08:37:00+00:00\",\"author\":{\"@id\":\"https:\/\/blog.zeit.de\/nsu-prozess-blog\/#\/schema\/person\/553ea9bb5d1fc2ae054c589bd59380a5\"},\"breadcrumb\":{\"@id\":\"https:\/\/blog.zeit.de\/nsu-prozess-blog\/2014\/10\/28\/medienlog-piatto-aussage-innenministerium-v-mann\/#breadcrumb\"},\"inLanguage\":\"de\",\"potentialAction\":[{\"@type\":\"ReadAction\",\"target\":[\"https:\/\/blog.zeit.de\/nsu-prozess-blog\/2014\/10\/28\/medienlog-piatto-aussage-innenministerium-v-mann\/\"]}]},{\"@type\":\"BreadcrumbList\",\"@id\":\"https:\/\/blog.zeit.de\/nsu-prozess-blog\/2014\/10\/28\/medienlog-piatto-aussage-innenministerium-v-mann\/#breadcrumb\",\"itemListElement\":[{\"@type\":\"ListItem\",\"position\":1,\"name\":\"Startseite\",\"item\":\"https:\/\/blog.zeit.de\/nsu-prozess-blog\/\"},{\"@type\":\"ListItem\",\"position\":2,\"name\":\"V-Mann Piatto: Der Geheimdienst mauert \u2013 Das Medienlog vom Dienstag, 28. Oktober 2014\"}]},{\"@type\":\"WebSite\",\"@id\":\"https:\/\/blog.zeit.de\/nsu-prozess-blog\/#website\",\"url\":\"https:\/\/blog.zeit.de\/nsu-prozess-blog\/\",\"name\":\"Das NSU-Prozess-Blog\",\"description\":\"Alle Berichte zum Terrorverfahren in M\u00fcnchen\",\"potentialAction\":[{\"@type\":\"SearchAction\",\"target\":{\"@type\":\"EntryPoint\",\"urlTemplate\":\"https:\/\/blog.zeit.de\/nsu-prozess-blog\/?s={search_term_string}\"},\"query-input\":\"required name=search_term_string\"}],\"inLanguage\":\"de\"},{\"@type\":\"Person\",\"@id\":\"https:\/\/blog.zeit.de\/nsu-prozess-blog\/#\/schema\/person\/553ea9bb5d1fc2ae054c589bd59380a5\",\"name\":\"Tom Sundermann\",\"image\":{\"@type\":\"ImageObject\",\"inLanguage\":\"de\",\"@id\":\"https:\/\/blog.zeit.de\/nsu-prozess-blog\/#\/schema\/person\/image\/\",\"url\":\"https:\/\/secure.gravatar.com\/avatar\/e108a3dc18766f719b2f797dc5d19093f06a1870c55b553ab6b7563f1f9a5e68?s=96&d=mm&r=g\",\"contentUrl\":\"https:\/\/secure.gravatar.com\/avatar\/e108a3dc18766f719b2f797dc5d19093f06a1870c55b553ab6b7563f1f9a5e68?s=96&d=mm&r=g\",\"caption\":\"Tom Sundermann\"},\"sameAs\":[\"https:\/\/twitter.com\/messeticker\"],\"url\":\"https:\/\/blog.zeit.de\/nsu-prozess-blog\/author\/tsundermann\/\"}]}<\/script>\n<!-- \/ Yoast SEO plugin. -->","yoast_head_json":{"title":"V-Mann Piatto: Der Geheimdienst mauert \u2013 Das Medienlog vom Dienstag, 28. Oktober 2014 - Das NSU-Prozess-Blog","robots":{"index":"index","follow":"follow","max-snippet":"max-snippet:-1","max-image-preview":"max-image-preview:large","max-video-preview":"max-video-preview:-1"},"canonical":"https:\/\/blog.zeit.de\/nsu-prozess-blog\/2014\/10\/28\/medienlog-piatto-aussage-innenministerium-v-mann\/","og_locale":"de_DE","og_type":"article","og_title":"V-Mann Piatto: Der Geheimdienst mauert \u2013 Das Medienlog vom Dienstag, 28. Oktober 2014 - Das NSU-Prozess-Blog","og_description":"Am Dienstag der kommenden Woche soll der Brandenburger V-Mann Carsten Sz., Deckname Piatto, im NSU-Prozess aussagen. Dagegen str\u00e4ubt sich jedoch das Innenministerium und verlangt, dass w\u00e4hrend seiner Vernehmung die \u00d6ffentlichkeit ausgeschlossen wird. Zudem soll der Zeuge per Video befragt und verfremdet werden. &#8222;Die St\u00f6rman\u00f6ver des Verfassungsschutzes, der die Aussage von Carsten Sz. nun verhindern oder [&hellip;]","og_url":"https:\/\/blog.zeit.de\/nsu-prozess-blog\/2014\/10\/28\/medienlog-piatto-aussage-innenministerium-v-mann\/","og_site_name":"Das NSU-Prozess-Blog","article_published_time":"2014-10-28T08:05:02+00:00","article_modified_time":"2014-10-28T08:37:00+00:00","author":"Tom Sundermann","twitter_misc":{"Geschrieben von":"Tom Sundermann","Gesch\u00e4tzte Lesezeit":"1\u00a0Minute"},"schema":{"@context":"https:\/\/schema.org","@graph":[{"@type":"WebPage","@id":"https:\/\/blog.zeit.de\/nsu-prozess-blog\/2014\/10\/28\/medienlog-piatto-aussage-innenministerium-v-mann\/","url":"https:\/\/blog.zeit.de\/nsu-prozess-blog\/2014\/10\/28\/medienlog-piatto-aussage-innenministerium-v-mann\/","name":"V-Mann Piatto: Der Geheimdienst mauert \u2013 Das Medienlog vom Dienstag, 28. Oktober 2014 - Das NSU-Prozess-Blog","isPartOf":{"@id":"https:\/\/blog.zeit.de\/nsu-prozess-blog\/#website"},"datePublished":"2014-10-28T08:05:02+00:00","dateModified":"2014-10-28T08:37:00+00:00","author":{"@id":"https:\/\/blog.zeit.de\/nsu-prozess-blog\/#\/schema\/person\/553ea9bb5d1fc2ae054c589bd59380a5"},"breadcrumb":{"@id":"https:\/\/blog.zeit.de\/nsu-prozess-blog\/2014\/10\/28\/medienlog-piatto-aussage-innenministerium-v-mann\/#breadcrumb"},"inLanguage":"de","potentialAction":[{"@type":"ReadAction","target":["https:\/\/blog.zeit.de\/nsu-prozess-blog\/2014\/10\/28\/medienlog-piatto-aussage-innenministerium-v-mann\/"]}]},{"@type":"BreadcrumbList","@id":"https:\/\/blog.zeit.de\/nsu-prozess-blog\/2014\/10\/28\/medienlog-piatto-aussage-innenministerium-v-mann\/#breadcrumb","itemListElement":[{"@type":"ListItem","position":1,"name":"Startseite","item":"https:\/\/blog.zeit.de\/nsu-prozess-blog\/"},{"@type":"ListItem","position":2,"name":"V-Mann Piatto: Der Geheimdienst mauert \u2013 Das Medienlog vom Dienstag, 28. Oktober 2014"}]},{"@type":"WebSite","@id":"https:\/\/blog.zeit.de\/nsu-prozess-blog\/#website","url":"https:\/\/blog.zeit.de\/nsu-prozess-blog\/","name":"Das NSU-Prozess-Blog","description":"Alle Berichte zum Terrorverfahren in M\u00fcnchen","potentialAction":[{"@type":"SearchAction","target":{"@type":"EntryPoint","urlTemplate":"https:\/\/blog.zeit.de\/nsu-prozess-blog\/?s={search_term_string}"},"query-input":"required name=search_term_string"}],"inLanguage":"de"},{"@type":"Person","@id":"https:\/\/blog.zeit.de\/nsu-prozess-blog\/#\/schema\/person\/553ea9bb5d1fc2ae054c589bd59380a5","name":"Tom Sundermann","image":{"@type":"ImageObject","inLanguage":"de","@id":"https:\/\/blog.zeit.de\/nsu-prozess-blog\/#\/schema\/person\/image\/","url":"https:\/\/secure.gravatar.com\/avatar\/e108a3dc18766f719b2f797dc5d19093f06a1870c55b553ab6b7563f1f9a5e68?s=96&d=mm&r=g","contentUrl":"https:\/\/secure.gravatar.com\/avatar\/e108a3dc18766f719b2f797dc5d19093f06a1870c55b553ab6b7563f1f9a5e68?s=96&d=mm&r=g","caption":"Tom Sundermann"},"sameAs":["https:\/\/twitter.com\/messeticker"],"url":"https:\/\/blog.zeit.de\/nsu-prozess-blog\/author\/tsundermann\/"}]}},"jetpack_featured_media_url":"","jetpack_sharing_enabled":true,"_links":{"self":[{"href":"https:\/\/blog.zeit.de\/nsu-prozess-blog\/wp-json\/wp\/v2\/posts\/7887","targetHints":{"allow":["GET"]}}],"collection":[{"href":"https:\/\/blog.zeit.de\/nsu-prozess-blog\/wp-json\/wp\/v2\/posts"}],"about":[{"href":"https:\/\/blog.zeit.de\/nsu-prozess-blog\/wp-json\/wp\/v2\/types\/post"}],"author":[{"embeddable":true,"href":"https:\/\/blog.zeit.de\/nsu-prozess-blog\/wp-json\/wp\/v2\/users\/435"}],"replies":[{"embeddable":true,"href":"https:\/\/blog.zeit.de\/nsu-prozess-blog\/wp-json\/wp\/v2\/comments?post=7887"}],"version-history":[{"count":1,"href":"https:\/\/blog.zeit.de\/nsu-prozess-blog\/wp-json\/wp\/v2\/posts\/7887\/revisions"}],"predecessor-version":[{"id":7888,"href":"https:\/\/blog.zeit.de\/nsu-prozess-blog\/wp-json\/wp\/v2\/posts\/7887\/revisions\/7888"}],"wp:attachment":[{"href":"https:\/\/blog.zeit.de\/nsu-prozess-blog\/wp-json\/wp\/v2\/media?parent=7887"}],"wp:term":[{"taxonomy":"category","embeddable":true,"href":"https:\/\/blog.zeit.de\/nsu-prozess-blog\/wp-json\/wp\/v2\/categories?post=7887"},{"taxonomy":"post_tag","embeddable":true,"href":"https:\/\/blog.zeit.de\/nsu-prozess-blog\/wp-json\/wp\/v2\/tags?post=7887"}],"curies":[{"name":"wp","href":"https:\/\/api.w.org\/{rel}","templated":true}]}}