{"id":7902,"date":"2014-10-30T07:43:50","date_gmt":"2014-10-30T06:43:50","guid":{"rendered":"http:\/\/blog.zeit.de\/nsu-prozess-blog\/?p=7902"},"modified":"2014-10-30T07:43:50","modified_gmt":"2014-10-30T06:43:50","slug":"medienlog-piatto-aussage-innenministerium","status":"publish","type":"post","link":"https:\/\/blog.zeit.de\/nsu-prozess-blog\/2014\/10\/30\/medienlog-piatto-aussage-innenministerium\/","title":{"rendered":"V-Mann Piatto darf aussagen \u2013 Das Medienlog vom Donnerstag, 30. Oktober 2014"},"content":{"rendered":"<p>Kurswechsel beim Brandenburger Innenministerium: Die Beh\u00f6rde hat nun doch die <a href=\"https:\/\/blog.zeit.de\/nsu-prozess-blog\/2014\/10\/28\/medienlog-piatto-aussage-innenministerium-v-mann\/\">Aussage des V-Manns Carsten Sz. alias Piatto<\/a> am kommenden Dienstag genehmigt, wie die Nachrichtenagentur <a href=\"http:\/\/www.focus.de\/regional\/bayern\/prozesse-ehemaliger-brandenburger-v-mann-darf-im-nsu-prozess-aussagen_id_4236073.html\" target=\"_blank\"><em>dpa<\/em><\/a> berichtet. Der Verfassungsschutz, an den Piatto jahrelang aus der rechten Szene berichtet hatte, hatte zuvor aus Sicherheitsbedenken strenge Anforderungen an eine Vernehmung gestellt \u2013 so sollte der Zeuge per Videoschaltung befragt und verfremdet werden. Am Mittwoch erkl\u00e4rte Innenminister Ralf Holzschuher, dass &#8222;ein hinreichender Schutz des Zeugen auch vor Ort gew\u00e4hrleistet werden&#8220; k\u00f6nne.<\/p>\n<p><em>An jedem Werktag sichten wir f\u00fcr das NSU-Prozess-Blog die Medien und stellen wichtige Berichte, Blogs, Videos und Tweets zusammen. Wir freuen uns \u00fcber Hinweise via Twitter mit dem Hashtag #nsublog \u2013 oder per E-Mail an <a href=\"mailto:nsublog@zeit.de\">nsublog@zeit.de<\/a>.<\/em><\/p>\n<p><em>Das n\u00e4chste Medienlog erscheint am Freitag, 31. Oktober 2014.<\/em><\/p>\n","protected":false},"excerpt":{"rendered":"<p>Kurswechsel beim Brandenburger Innenministerium: Die Beh\u00f6rde hat nun doch die Aussage des V-Manns Carsten Sz. alias Piatto am kommenden Dienstag genehmigt, wie die Nachrichtenagentur dpa berichtet. Der Verfassungsschutz, an den Piatto jahrelang aus der rechten Szene berichtet hatte, hatte zuvor aus Sicherheitsbedenken strenge Anforderungen an eine Vernehmung gestellt \u2013 so sollte der Zeuge per Videoschaltung [&hellip;]<\/p>\n","protected":false},"author":435,"featured_media":0,"comment_status":"open","ping_status":"open","sticky":false,"template":"","format":"standard","meta":{"_jetpack_memberships_contains_paid_content":false,"footnotes":""},"categories":[27531],"tags":[29554,17899,1836],"class_list":["post-7902","post","type-post","status-publish","format-standard","hentry","category-medienschau","tag-piatto","tag-v-mann","tag-verfassungsschutz"],"yoast_head":"<!-- This site is optimized with the Yoast SEO plugin v21.0 - https:\/\/yoast.com\/wordpress\/plugins\/seo\/ -->\n<title>V-Mann Piatto darf aussagen \u2013 Das Medienlog vom Donnerstag, 30. Oktober 2014 - Das NSU-Prozess-Blog<\/title>\n<meta name=\"robots\" content=\"index, follow, max-snippet:-1, max-image-preview:large, max-video-preview:-1\" \/>\n<link rel=\"canonical\" href=\"https:\/\/blog.zeit.de\/nsu-prozess-blog\/2014\/10\/30\/medienlog-piatto-aussage-innenministerium\/\" \/>\n<meta property=\"og:locale\" content=\"de_DE\" \/>\n<meta property=\"og:type\" content=\"article\" \/>\n<meta property=\"og:title\" content=\"V-Mann Piatto darf aussagen \u2013 Das Medienlog vom Donnerstag, 30. Oktober 2014 - Das NSU-Prozess-Blog\" \/>\n<meta property=\"og:description\" content=\"Kurswechsel beim Brandenburger Innenministerium: Die Beh\u00f6rde hat nun doch die Aussage des V-Manns Carsten Sz. alias Piatto am kommenden Dienstag genehmigt, wie die Nachrichtenagentur dpa berichtet. Der Verfassungsschutz, an den Piatto jahrelang aus der rechten Szene berichtet hatte, hatte zuvor aus Sicherheitsbedenken strenge Anforderungen an eine Vernehmung gestellt \u2013 so sollte der Zeuge per Videoschaltung [&hellip;]\" \/>\n<meta property=\"og:url\" content=\"https:\/\/blog.zeit.de\/nsu-prozess-blog\/2014\/10\/30\/medienlog-piatto-aussage-innenministerium\/\" \/>\n<meta property=\"og:site_name\" content=\"Das NSU-Prozess-Blog\" \/>\n<meta property=\"article:published_time\" content=\"2014-10-30T06:43:50+00:00\" \/>\n<meta name=\"author\" content=\"Tom Sundermann\" \/>\n<meta name=\"twitter:label1\" content=\"Geschrieben von\" \/>\n\t<meta name=\"twitter:data1\" content=\"Tom Sundermann\" \/>\n\t<meta name=\"twitter:label2\" content=\"Gesch\u00e4tzte Lesezeit\" \/>\n\t<meta name=\"twitter:data2\" content=\"1\u00a0Minute\" \/>\n<script type=\"application\/ld+json\" class=\"yoast-schema-graph\">{\"@context\":\"https:\/\/schema.org\",\"@graph\":[{\"@type\":\"WebPage\",\"@id\":\"https:\/\/blog.zeit.de\/nsu-prozess-blog\/2014\/10\/30\/medienlog-piatto-aussage-innenministerium\/\",\"url\":\"https:\/\/blog.zeit.de\/nsu-prozess-blog\/2014\/10\/30\/medienlog-piatto-aussage-innenministerium\/\",\"name\":\"V-Mann Piatto darf aussagen \u2013 Das Medienlog vom Donnerstag, 30. Oktober 2014 - Das NSU-Prozess-Blog\",\"isPartOf\":{\"@id\":\"https:\/\/blog.zeit.de\/nsu-prozess-blog\/#website\"},\"datePublished\":\"2014-10-30T06:43:50+00:00\",\"dateModified\":\"2014-10-30T06:43:50+00:00\",\"author\":{\"@id\":\"https:\/\/blog.zeit.de\/nsu-prozess-blog\/#\/schema\/person\/553ea9bb5d1fc2ae054c589bd59380a5\"},\"breadcrumb\":{\"@id\":\"https:\/\/blog.zeit.de\/nsu-prozess-blog\/2014\/10\/30\/medienlog-piatto-aussage-innenministerium\/#breadcrumb\"},\"inLanguage\":\"de\",\"potentialAction\":[{\"@type\":\"ReadAction\",\"target\":[\"https:\/\/blog.zeit.de\/nsu-prozess-blog\/2014\/10\/30\/medienlog-piatto-aussage-innenministerium\/\"]}]},{\"@type\":\"BreadcrumbList\",\"@id\":\"https:\/\/blog.zeit.de\/nsu-prozess-blog\/2014\/10\/30\/medienlog-piatto-aussage-innenministerium\/#breadcrumb\",\"itemListElement\":[{\"@type\":\"ListItem\",\"position\":1,\"name\":\"Startseite\",\"item\":\"https:\/\/blog.zeit.de\/nsu-prozess-blog\/\"},{\"@type\":\"ListItem\",\"position\":2,\"name\":\"V-Mann Piatto darf aussagen \u2013 Das Medienlog vom Donnerstag, 30. Oktober 2014\"}]},{\"@type\":\"WebSite\",\"@id\":\"https:\/\/blog.zeit.de\/nsu-prozess-blog\/#website\",\"url\":\"https:\/\/blog.zeit.de\/nsu-prozess-blog\/\",\"name\":\"Das NSU-Prozess-Blog\",\"description\":\"Alle Berichte zum Terrorverfahren in M\u00fcnchen\",\"potentialAction\":[{\"@type\":\"SearchAction\",\"target\":{\"@type\":\"EntryPoint\",\"urlTemplate\":\"https:\/\/blog.zeit.de\/nsu-prozess-blog\/?s={search_term_string}\"},\"query-input\":\"required name=search_term_string\"}],\"inLanguage\":\"de\"},{\"@type\":\"Person\",\"@id\":\"https:\/\/blog.zeit.de\/nsu-prozess-blog\/#\/schema\/person\/553ea9bb5d1fc2ae054c589bd59380a5\",\"name\":\"Tom Sundermann\",\"image\":{\"@type\":\"ImageObject\",\"inLanguage\":\"de\",\"@id\":\"https:\/\/blog.zeit.de\/nsu-prozess-blog\/#\/schema\/person\/image\/\",\"url\":\"https:\/\/secure.gravatar.com\/avatar\/e108a3dc18766f719b2f797dc5d19093f06a1870c55b553ab6b7563f1f9a5e68?s=96&d=mm&r=g\",\"contentUrl\":\"https:\/\/secure.gravatar.com\/avatar\/e108a3dc18766f719b2f797dc5d19093f06a1870c55b553ab6b7563f1f9a5e68?s=96&d=mm&r=g\",\"caption\":\"Tom Sundermann\"},\"sameAs\":[\"https:\/\/twitter.com\/messeticker\"],\"url\":\"https:\/\/blog.zeit.de\/nsu-prozess-blog\/author\/tsundermann\/\"}]}<\/script>\n<!-- \/ Yoast SEO plugin. -->","yoast_head_json":{"title":"V-Mann Piatto darf aussagen \u2013 Das Medienlog vom Donnerstag, 30. Oktober 2014 - Das NSU-Prozess-Blog","robots":{"index":"index","follow":"follow","max-snippet":"max-snippet:-1","max-image-preview":"max-image-preview:large","max-video-preview":"max-video-preview:-1"},"canonical":"https:\/\/blog.zeit.de\/nsu-prozess-blog\/2014\/10\/30\/medienlog-piatto-aussage-innenministerium\/","og_locale":"de_DE","og_type":"article","og_title":"V-Mann Piatto darf aussagen \u2013 Das Medienlog vom Donnerstag, 30. Oktober 2014 - Das NSU-Prozess-Blog","og_description":"Kurswechsel beim Brandenburger Innenministerium: Die Beh\u00f6rde hat nun doch die Aussage des V-Manns Carsten Sz. alias Piatto am kommenden Dienstag genehmigt, wie die Nachrichtenagentur dpa berichtet. Der Verfassungsschutz, an den Piatto jahrelang aus der rechten Szene berichtet hatte, hatte zuvor aus Sicherheitsbedenken strenge Anforderungen an eine Vernehmung gestellt \u2013 so sollte der Zeuge per Videoschaltung [&hellip;]","og_url":"https:\/\/blog.zeit.de\/nsu-prozess-blog\/2014\/10\/30\/medienlog-piatto-aussage-innenministerium\/","og_site_name":"Das NSU-Prozess-Blog","article_published_time":"2014-10-30T06:43:50+00:00","author":"Tom Sundermann","twitter_misc":{"Geschrieben von":"Tom Sundermann","Gesch\u00e4tzte Lesezeit":"1\u00a0Minute"},"schema":{"@context":"https:\/\/schema.org","@graph":[{"@type":"WebPage","@id":"https:\/\/blog.zeit.de\/nsu-prozess-blog\/2014\/10\/30\/medienlog-piatto-aussage-innenministerium\/","url":"https:\/\/blog.zeit.de\/nsu-prozess-blog\/2014\/10\/30\/medienlog-piatto-aussage-innenministerium\/","name":"V-Mann Piatto darf aussagen \u2013 Das Medienlog vom Donnerstag, 30. Oktober 2014 - Das NSU-Prozess-Blog","isPartOf":{"@id":"https:\/\/blog.zeit.de\/nsu-prozess-blog\/#website"},"datePublished":"2014-10-30T06:43:50+00:00","dateModified":"2014-10-30T06:43:50+00:00","author":{"@id":"https:\/\/blog.zeit.de\/nsu-prozess-blog\/#\/schema\/person\/553ea9bb5d1fc2ae054c589bd59380a5"},"breadcrumb":{"@id":"https:\/\/blog.zeit.de\/nsu-prozess-blog\/2014\/10\/30\/medienlog-piatto-aussage-innenministerium\/#breadcrumb"},"inLanguage":"de","potentialAction":[{"@type":"ReadAction","target":["https:\/\/blog.zeit.de\/nsu-prozess-blog\/2014\/10\/30\/medienlog-piatto-aussage-innenministerium\/"]}]},{"@type":"BreadcrumbList","@id":"https:\/\/blog.zeit.de\/nsu-prozess-blog\/2014\/10\/30\/medienlog-piatto-aussage-innenministerium\/#breadcrumb","itemListElement":[{"@type":"ListItem","position":1,"name":"Startseite","item":"https:\/\/blog.zeit.de\/nsu-prozess-blog\/"},{"@type":"ListItem","position":2,"name":"V-Mann Piatto darf aussagen \u2013 Das Medienlog vom Donnerstag, 30. Oktober 2014"}]},{"@type":"WebSite","@id":"https:\/\/blog.zeit.de\/nsu-prozess-blog\/#website","url":"https:\/\/blog.zeit.de\/nsu-prozess-blog\/","name":"Das NSU-Prozess-Blog","description":"Alle Berichte zum Terrorverfahren in M\u00fcnchen","potentialAction":[{"@type":"SearchAction","target":{"@type":"EntryPoint","urlTemplate":"https:\/\/blog.zeit.de\/nsu-prozess-blog\/?s={search_term_string}"},"query-input":"required name=search_term_string"}],"inLanguage":"de"},{"@type":"Person","@id":"https:\/\/blog.zeit.de\/nsu-prozess-blog\/#\/schema\/person\/553ea9bb5d1fc2ae054c589bd59380a5","name":"Tom Sundermann","image":{"@type":"ImageObject","inLanguage":"de","@id":"https:\/\/blog.zeit.de\/nsu-prozess-blog\/#\/schema\/person\/image\/","url":"https:\/\/secure.gravatar.com\/avatar\/e108a3dc18766f719b2f797dc5d19093f06a1870c55b553ab6b7563f1f9a5e68?s=96&d=mm&r=g","contentUrl":"https:\/\/secure.gravatar.com\/avatar\/e108a3dc18766f719b2f797dc5d19093f06a1870c55b553ab6b7563f1f9a5e68?s=96&d=mm&r=g","caption":"Tom Sundermann"},"sameAs":["https:\/\/twitter.com\/messeticker"],"url":"https:\/\/blog.zeit.de\/nsu-prozess-blog\/author\/tsundermann\/"}]}},"jetpack_featured_media_url":"","jetpack_sharing_enabled":true,"_links":{"self":[{"href":"https:\/\/blog.zeit.de\/nsu-prozess-blog\/wp-json\/wp\/v2\/posts\/7902","targetHints":{"allow":["GET"]}}],"collection":[{"href":"https:\/\/blog.zeit.de\/nsu-prozess-blog\/wp-json\/wp\/v2\/posts"}],"about":[{"href":"https:\/\/blog.zeit.de\/nsu-prozess-blog\/wp-json\/wp\/v2\/types\/post"}],"author":[{"embeddable":true,"href":"https:\/\/blog.zeit.de\/nsu-prozess-blog\/wp-json\/wp\/v2\/users\/435"}],"replies":[{"embeddable":true,"href":"https:\/\/blog.zeit.de\/nsu-prozess-blog\/wp-json\/wp\/v2\/comments?post=7902"}],"version-history":[{"count":3,"href":"https:\/\/blog.zeit.de\/nsu-prozess-blog\/wp-json\/wp\/v2\/posts\/7902\/revisions"}],"predecessor-version":[{"id":7905,"href":"https:\/\/blog.zeit.de\/nsu-prozess-blog\/wp-json\/wp\/v2\/posts\/7902\/revisions\/7905"}],"wp:attachment":[{"href":"https:\/\/blog.zeit.de\/nsu-prozess-blog\/wp-json\/wp\/v2\/media?parent=7902"}],"wp:term":[{"taxonomy":"category","embeddable":true,"href":"https:\/\/blog.zeit.de\/nsu-prozess-blog\/wp-json\/wp\/v2\/categories?post=7902"},{"taxonomy":"post_tag","embeddable":true,"href":"https:\/\/blog.zeit.de\/nsu-prozess-blog\/wp-json\/wp\/v2\/tags?post=7902"}],"curies":[{"name":"wp","href":"https:\/\/api.w.org\/{rel}","templated":true}]}}