{"id":7948,"date":"2014-11-07T08:20:05","date_gmt":"2014-11-07T07:20:05","guid":{"rendered":"http:\/\/blog.zeit.de\/nsu-prozess-blog\/?p=7948"},"modified":"2014-11-07T10:09:10","modified_gmt":"2014-11-07T09:09:10","slug":"nsu-nerviger-eiscafebesitzer-medienlog","status":"publish","type":"post","link":"https:\/\/blog.zeit.de\/nsu-prozess-blog\/2014\/11\/07\/nsu-nerviger-eiscafebesitzer-medienlog\/","title":{"rendered":"Ein nerviger Eiscaf\u00e9besitzer \u2013 Das NSU-Medienlog von Freitag, 7. November 2014"},"content":{"rendered":"<p>Der Donnerstag war der Tag der Beweisantr\u00e4ge. Die Nebenklage stellte eine Reihe davon, um nachzuweisen, dass die Dortmunder Neonazi-Szene Verbindungen zum NSU unterhielt. Eine These, f\u00fcr die es laut Bundesanwaltschaft keine Belege gibt, obwohl, wie die Vertreter der Anklage bei fr\u00fcherer Gelegenheit betonten, nat\u00fcrlich auch in diese Richtung ausf\u00fchrlich ermittelt worden sei, s<a href=\"http:\/\/www.br.de\/nachrichten\/nsu-prozess\/nsu-prozess-156-verhandlungstag-102.html\" target=\"_blank\">chreibt Christoph Arnowski vom Bayerischen Rundfunk<\/a>.<\/p>\n<p><!--more--><\/p>\n<p><em>An jedem Werktag sichten wir f\u00fcr das NSU-Prozess-Blog die Medien und stellen wichtige Berichte, Blogs, Videos und Tweets zusammen. Wir freuen uns \u00fcber Hinweise via Twitter mit dem Hashtag #nsublog \u2013 oder per E-Mail an <a href=\"mailto:nsublog@zeit.de\">nsublog@zeit.de<\/a>.<\/em><\/p>\n<p>Hintergrund ist der Mord an dem Gem\u00fcseh\u00e4ndler Mehmet Kubasik im April 2006. Gisela Friedrichsen von <em>Spiegel Online<\/em> beschreibt die bewaffnete &#8222;Combat-18&#8220;-Zelle, die sich in Dortmund in Anlehnung an die seit 2006 in Deutschland verbotenen <em>Turner Tageb\u00fccher<\/em> organisiert hatte, ein Roman, in dem der Amerikaner William L. Pierce 1978 rassistische und antisemitische Ideen propagierte.<\/p>\n\n<div class=\"embed-wrapper embed-wrapper--blocked js-embed-consent\" data-method=\"embed\">\n<script class=\"raw__source\" type=\"text\/template\"><div class=\"embed-twitter\"><blockquote class=\"twitter-tweet\" data-width=\"550\" data-dnt=\"true\"><p data-replace lang=\"de\" dir=\"ltr\">Beeindruckender Beweisantrag der Nebenklage auf Ladung von Sebastian Seemann, zur Combat18-Zelle und zur Neonaziszene in <a href=\"https:\/\/twitter.com\/hashtag\/Dortmund?src=hash&amp;ref_src=twsrc%5Etfw\">#Dortmund<\/a>. <a href=\"https:\/\/twitter.com\/hashtag\/NSU?src=hash&amp;ref_src=twsrc%5Etfw\">#NSU<\/a><\/p>&mdash; NSU Watch (@nsuwatch) <a href=\"https:\/\/twitter.com\/nsuwatch\/status\/530296277263990784?ref_src=twsrc%5Etfw\">November 6, 2014<\/a><\/blockquote><scr+ipt async src=\"https:\/\/platform.twitter.com\/widgets.js\" charset=\"utf-8\"><\/scr+ipt><\/div><\/script>\n<div class=\"embed-wrapper__inner\">\n<div class=\"embed-wrapper__text\">\n<h3>Empfohlener redaktioneller Inhalt<\/h3>\n<p data-replace=\"no\">An dieser Stelle finden Sie externen Inhalt, der den Artikel erg\u00e4nzt. Sie k\u00f6nnen sich externe Inhalte mit einem Klick anzeigen lassen und wieder ausblenden.<noscript>Bitte aktivieren Sie JavaScript damit Sie diesen Inhalt anzeigen k\u00f6nnen.<\/noscript><\/p>\n<\/div>\n<div class=\"embed-consent\">\n<label class=\"embed-consent__toggle\">\n<input class=\"js-embed-consent__toggle\" type=\"checkbox\" autocomplete=\"off\">\n<span><\/span>\nExterner Inhalt\n<\/label>\n<a href=\"https:\/\/www.zeit.de\/hilfe\/datenschutz\" target=\"_blank\" class=\"embed-consent__datalink-when-active\">Datenschutzerkl\u00e4rung<\/a>\n<\/div>\n<div class=\"embed-wrapper__footer\">\n<p data-replace=\"no\">\nIch bin damit einverstanden, dass mir externe Inhalte angezeigt werden. Damit k\u00f6nnen personenbezogene Daten an Drittplattformen \u00fcbermittelt werden. <a href=\"https:\/\/www.zeit.de\/hilfe\/datenschutz\" target=\"_blank\">Mehr dazu in unserer Datenschutzerkl\u00e4rung.<\/a>\n<\/p>\n<\/div>\n<\/div>\n<\/div>\n<p>&#8222;Bisher hatten Teile der Nebenklageanw\u00e4lte gef\u00fcrchtet, eine weitere Aufkl\u00e4rung der Beteiligung des NSU-Umfeldes k\u00f6nnte den Angeklagten zugute kommen nach dem Motto: Man hat es ihnen ja auch leicht gemacht, ihre Taten zu begehen&#8220;, <a href=\"http:\/\/www.spiegel.de\/panorama\/justiz\/nsu-prozess-in-muenchen-zu-mord-in-dortmund-a-1001474.html\" target=\"_blank\">schreibt Friedrichsen<\/a>. &#8222;Dies scheint inzwischen der \u00dcberzeugung gewichen zu sein, dass sich die enge Einbindung der Angeklagten in eine militante Unterst\u00fctzerszene bez\u00fcglich der Bewertung ihrer weiteren Gef\u00e4hrlichkeit auch anders auswirken k\u00f6nnte. &#8222;<\/p>\n<p><strong>Hickhack um Schweizer Zeugen<\/strong><\/p>\n<p>Die Details der Dortmunder Verbindungen in den NSU glauben die Anw\u00e4lte laut <em>Tagesspiegel<\/em> bei l\u00e4ngeren Recherchen entdeckt zu haben, unter anderem in Ermittlungsakten. <a href=\"http:\/\/www.tagesspiegel.de\/politik\/nsu-prozess-156-tag-hatte-die-terrorzelle-unterstuetzer-in-dortmund\/10944264.html\" target=\"_blank\">Wie Frank Jansen schreibt<\/a>, fanden sie auch heraus, dass der am Donnerstag vernommene Zeuge Sebastian S. vom heutigen Brieffreund der Hauptangeklagten Beate Zsch\u00e4pe, dem aus Dortmund stammenden und in Bielefeld inhaftierten Robin S., der Anstiftung zu einem Raub\u00fcberfall beschuldigt wurde.<\/p>\n<p>Nachtrag vom Mittwoch: Mehrere Berichte widmeten sich der ern\u00fcchternden Suche nach dem Weg der Tatwaffe. Jansen beschrieb im <em>Tagesspiegel<\/em> das Hickhack um den Schweizer Zeugen Hans-Ulrich M., der den T\u00e4tern die Mordwaffe verkauft haben soll. Wegen diverser Ausfl\u00fcchte gelang es der Bundesanwaltschaft trotz mehrerer Versuche bisher nicht, ihn in den Gerichtssaal zu bekommen. &#8222;So bleibt unklar, ob am Oberlandesgericht M\u00fcnchen jemals eine der mutma\u00dflichen Schl\u00fcsselfiguren im Fall der Ceska 83 geh\u00f6rt werden kann&#8220;, <a href=\"http:\/\/www.tagesspiegel.de\/politik\/155-tag-im-nsu-prozess-schweizer-haelt-muenchner-gericht-zum-narren\/10936776.html\" target=\"_blank\">schrieb Jansen.<\/a><\/p>\n<p><strong>Ein nerviger Zeuge<\/strong><\/p>\n<p>Dabei hatte man dem Mann, der offenbar finanzielle Schwierigkeiten hat, praktisch alles geboten, was m\u00f6glich war, <a href=\"http:\/\/www.spiegel.de\/panorama\/justiz\/nsu-prozess-gericht-bot-schweizer-freies-geleit-fuer-aussage-an-a-1001239.html\" target=\"_blank\">schrieb Gisela Friedrichsen von <em>Spiegel Online<\/em><\/a>: etwa einen kostenlosen Zeugenbeistand, freies Geleit. Auch der Prozessbeobachter des Bayerischen Rundfunks machte den Zeugen M. zum Hauptthema: &#8222;Eine Aussage von M. w\u00e4re f\u00fcr den Prozess hoch relevant&#8220;, <a href=\"http:\/\/www.br.de\/nachrichten\/nsu-prozess\/nsu-prozess-155-verhandlungstag-ueberblick100.html\" target=\"_blank\">schreibt er<\/a>.<\/p>\n\n<div class=\"embed-wrapper embed-wrapper--blocked js-embed-consent\" data-method=\"embed\">\n<script class=\"raw__source\" type=\"text\/template\"><div class=\"embed-twitter\"><blockquote class=\"twitter-tweet\" data-width=\"550\" data-dnt=\"true\"><p data-replace lang=\"de\" dir=\"ltr\">Zum Schluss gab&#39;s von einem Zeugen sexistische Kommentare sowie Geschichtchen aus Apolda ohne Zusammenhang zum Verfahren. <a href=\"https:\/\/twitter.com\/hashtag\/NSU?src=hash&amp;ref_src=twsrc%5Etfw\">#NSU<\/a><\/p>&mdash; NSU Watch (@nsuwatch) <a href=\"https:\/\/twitter.com\/nsuwatch\/status\/530011971421483010?ref_src=twsrc%5Etfw\">November 5, 2014<\/a><\/blockquote><scr+ipt async src=\"https:\/\/platform.twitter.com\/widgets.js\" charset=\"utf-8\"><\/scr+ipt><\/div><\/script>\n<div class=\"embed-wrapper__inner\">\n<div class=\"embed-wrapper__text\">\n<h3>Empfohlener redaktioneller Inhalt<\/h3>\n<p data-replace=\"no\">An dieser Stelle finden Sie externen Inhalt, der den Artikel erg\u00e4nzt. Sie k\u00f6nnen sich externe Inhalte mit einem Klick anzeigen lassen und wieder ausblenden.<noscript>Bitte aktivieren Sie JavaScript damit Sie diesen Inhalt anzeigen k\u00f6nnen.<\/noscript><\/p>\n<\/div>\n<div class=\"embed-consent\">\n<label class=\"embed-consent__toggle\">\n<input class=\"js-embed-consent__toggle\" type=\"checkbox\" autocomplete=\"off\">\n<span><\/span>\nExterner Inhalt\n<\/label>\n<a href=\"https:\/\/www.zeit.de\/hilfe\/datenschutz\" target=\"_blank\" class=\"embed-consent__datalink-when-active\">Datenschutzerkl\u00e4rung<\/a>\n<\/div>\n<div class=\"embed-wrapper__footer\">\n<p data-replace=\"no\">\nIch bin damit einverstanden, dass mir externe Inhalte angezeigt werden. Damit k\u00f6nnen personenbezogene Daten an Drittplattformen \u00fcbermittelt werden. <a href=\"https:\/\/www.zeit.de\/hilfe\/datenschutz\" target=\"_blank\">Mehr dazu in unserer Datenschutzerkl\u00e4rung.<\/a>\n<\/p>\n<\/div>\n<\/div>\n<\/div>\n<p>Heiterkeit l\u00f6ste ein Th\u00fcringer Eiscaf\u00e9besitzer aus, wie der Bayerische Rundfunk <a href=\"http:\/\/www.br.de\/nachrichten\/nsu-prozess\/141105-tagebuch-gerichtsreporter-100.html\" target=\"_blank\">in seinem Prozesstagebuch ausf\u00fchrt<\/a>. Auf Fragen nach dem Weg der Waffe gab der Zeuge demnach zum Besten, er habe ein Luftgewehr und einen Schreckschussrevolver besessen \u2013 und ein Gewehr aus Glas,\u00a0gef\u00fcllt mit Rotwein. Die Zuschauer erfuhren, wann und wo er mit wem \u2013 wie er es ausdr\u00fcckte \u2013 &#8222;in der Kiste&#8220; war und welcher seiner ehemaligen Mitarbeiter dem Alkohol nachhing. Richter Manfred G\u00f6tzl habe sich arg beherrschen m\u00fcssen, um nicht aus der Haut zu fahren.\u00a0Am Ende seien alle derart entnervt gewesen, dass niemand mehr Fragen an den Zeugen stellen wollte. &#8222;Nicht einmal jene Nebenklageanw\u00e4lte, die sonst immer noch was zu hinterfragen haben.&#8220;<\/p>\n<p><em>Das n\u00e4chste Medienlog erscheint am Montag, 10. November 2014.<\/em><\/p>\n","protected":false},"excerpt":{"rendered":"<p>Der Donnerstag war der Tag der Beweisantr\u00e4ge. Die Nebenklage stellte eine Reihe davon, um nachzuweisen, dass die Dortmunder Neonazi-Szene Verbindungen zum NSU unterhielt. Eine These, f\u00fcr die es laut Bundesanwaltschaft keine Belege gibt, obwohl, wie die Vertreter der Anklage bei fr\u00fcherer Gelegenheit betonten, nat\u00fcrlich auch in diese Richtung ausf\u00fchrlich ermittelt worden sei, schreibt Christoph Arnowski [&hellip;]<\/p>\n","protected":false},"author":191,"featured_media":0,"comment_status":"open","ping_status":"open","sticky":false,"template":"","format":"standard","meta":{"_jetpack_memberships_contains_paid_content":false,"footnotes":""},"categories":[27531],"tags":[],"class_list":["post-7948","post","type-post","status-publish","format-standard","hentry","category-medienschau"],"yoast_head":"<!-- This site is optimized with the Yoast SEO plugin v21.0 - https:\/\/yoast.com\/wordpress\/plugins\/seo\/ -->\n<title>Ein nerviger Eiscaf\u00e9besitzer \u2013 Das NSU-Medienlog von Freitag, 7. November 2014 - Das NSU-Prozess-Blog<\/title>\n<meta name=\"robots\" content=\"index, follow, max-snippet:-1, max-image-preview:large, max-video-preview:-1\" \/>\n<link rel=\"canonical\" href=\"https:\/\/blog.zeit.de\/nsu-prozess-blog\/2014\/11\/07\/nsu-nerviger-eiscafebesitzer-medienlog\/\" \/>\n<meta property=\"og:locale\" content=\"de_DE\" \/>\n<meta property=\"og:type\" content=\"article\" \/>\n<meta property=\"og:title\" content=\"Ein nerviger Eiscaf\u00e9besitzer \u2013 Das NSU-Medienlog von Freitag, 7. November 2014 - Das NSU-Prozess-Blog\" \/>\n<meta property=\"og:description\" content=\"Der Donnerstag war der Tag der Beweisantr\u00e4ge. Die Nebenklage stellte eine Reihe davon, um nachzuweisen, dass die Dortmunder Neonazi-Szene Verbindungen zum NSU unterhielt. Eine These, f\u00fcr die es laut Bundesanwaltschaft keine Belege gibt, obwohl, wie die Vertreter der Anklage bei fr\u00fcherer Gelegenheit betonten, nat\u00fcrlich auch in diese Richtung ausf\u00fchrlich ermittelt worden sei, schreibt Christoph Arnowski [&hellip;]\" \/>\n<meta property=\"og:url\" content=\"https:\/\/blog.zeit.de\/nsu-prozess-blog\/2014\/11\/07\/nsu-nerviger-eiscafebesitzer-medienlog\/\" \/>\n<meta property=\"og:site_name\" content=\"Das NSU-Prozess-Blog\" \/>\n<meta property=\"article:published_time\" content=\"2014-11-07T07:20:05+00:00\" \/>\n<meta property=\"article:modified_time\" content=\"2014-11-07T09:09:10+00:00\" \/>\n<meta name=\"author\" content=\"Tilman Steffen\" \/>\n<meta name=\"twitter:label1\" content=\"Geschrieben von\" \/>\n\t<meta name=\"twitter:data1\" content=\"Tilman Steffen\" \/>\n\t<meta name=\"twitter:label2\" content=\"Gesch\u00e4tzte Lesezeit\" \/>\n\t<meta name=\"twitter:data2\" content=\"3\u00a0Minuten\" \/>\n<script type=\"application\/ld+json\" class=\"yoast-schema-graph\">{\"@context\":\"https:\/\/schema.org\",\"@graph\":[{\"@type\":\"WebPage\",\"@id\":\"https:\/\/blog.zeit.de\/nsu-prozess-blog\/2014\/11\/07\/nsu-nerviger-eiscafebesitzer-medienlog\/\",\"url\":\"https:\/\/blog.zeit.de\/nsu-prozess-blog\/2014\/11\/07\/nsu-nerviger-eiscafebesitzer-medienlog\/\",\"name\":\"Ein nerviger Eiscaf\u00e9besitzer \u2013 Das NSU-Medienlog von Freitag, 7. November 2014 - Das NSU-Prozess-Blog\",\"isPartOf\":{\"@id\":\"https:\/\/blog.zeit.de\/nsu-prozess-blog\/#website\"},\"datePublished\":\"2014-11-07T07:20:05+00:00\",\"dateModified\":\"2014-11-07T09:09:10+00:00\",\"author\":{\"@id\":\"https:\/\/blog.zeit.de\/nsu-prozess-blog\/#\/schema\/person\/110e2fe4d5ec4e01f71931b64f570c54\"},\"breadcrumb\":{\"@id\":\"https:\/\/blog.zeit.de\/nsu-prozess-blog\/2014\/11\/07\/nsu-nerviger-eiscafebesitzer-medienlog\/#breadcrumb\"},\"inLanguage\":\"de\",\"potentialAction\":[{\"@type\":\"ReadAction\",\"target\":[\"https:\/\/blog.zeit.de\/nsu-prozess-blog\/2014\/11\/07\/nsu-nerviger-eiscafebesitzer-medienlog\/\"]}]},{\"@type\":\"BreadcrumbList\",\"@id\":\"https:\/\/blog.zeit.de\/nsu-prozess-blog\/2014\/11\/07\/nsu-nerviger-eiscafebesitzer-medienlog\/#breadcrumb\",\"itemListElement\":[{\"@type\":\"ListItem\",\"position\":1,\"name\":\"Startseite\",\"item\":\"https:\/\/blog.zeit.de\/nsu-prozess-blog\/\"},{\"@type\":\"ListItem\",\"position\":2,\"name\":\"Ein nerviger Eiscaf\u00e9besitzer \u2013 Das NSU-Medienlog von Freitag, 7. November 2014\"}]},{\"@type\":\"WebSite\",\"@id\":\"https:\/\/blog.zeit.de\/nsu-prozess-blog\/#website\",\"url\":\"https:\/\/blog.zeit.de\/nsu-prozess-blog\/\",\"name\":\"Das NSU-Prozess-Blog\",\"description\":\"Alle Berichte zum Terrorverfahren in M\u00fcnchen\",\"potentialAction\":[{\"@type\":\"SearchAction\",\"target\":{\"@type\":\"EntryPoint\",\"urlTemplate\":\"https:\/\/blog.zeit.de\/nsu-prozess-blog\/?s={search_term_string}\"},\"query-input\":\"required name=search_term_string\"}],\"inLanguage\":\"de\"},{\"@type\":\"Person\",\"@id\":\"https:\/\/blog.zeit.de\/nsu-prozess-blog\/#\/schema\/person\/110e2fe4d5ec4e01f71931b64f570c54\",\"name\":\"Tilman Steffen\",\"image\":{\"@type\":\"ImageObject\",\"inLanguage\":\"de\",\"@id\":\"https:\/\/blog.zeit.de\/nsu-prozess-blog\/#\/schema\/person\/image\/\",\"url\":\"https:\/\/secure.gravatar.com\/avatar\/8c4becdd9d412e3bd74354093718744070721ed0cb4054b7a8b7b12fa1a4b347?s=96&d=mm&r=g\",\"contentUrl\":\"https:\/\/secure.gravatar.com\/avatar\/8c4becdd9d412e3bd74354093718744070721ed0cb4054b7a8b7b12fa1a4b347?s=96&d=mm&r=g\",\"caption\":\"Tilman Steffen\"},\"description\":\"Redakteur bei ZEIT ONLINE seit 2009. Zuvor bei der Netzeitung. Nach der Journalistenschule Arbeit als Printautor und Fotograf; Redakteur und Reporter f\u00fcr epd, Beitr\u00e4ge f\u00fcr ZDF, n-tv, XXP, Mitarbeiter bei Reuters TV. \u2013 Orgelbauer, Kulturmanager, Journalist. Geboren, als Willy Brandt die deutsche Teilung anerkannte. Gro\u00df geworden in Deutschlands S\u00fcdosten \u2013 erwachsen seit dem Mauerfall. Drei Berufe gelernt, zwei Kinder gezeugt, ein Kulturzentrum gegr\u00fcndet \u2013 und dabei zum Journalisten geworden.\",\"sameAs\":[\"http:\/\/www.tilmansteffen.de\"],\"url\":\"https:\/\/blog.zeit.de\/nsu-prozess-blog\/author\/tilman-steffen\/\"}]}<\/script>\n<!-- \/ Yoast SEO plugin. -->","yoast_head_json":{"title":"Ein nerviger Eiscaf\u00e9besitzer \u2013 Das NSU-Medienlog von Freitag, 7. November 2014 - Das NSU-Prozess-Blog","robots":{"index":"index","follow":"follow","max-snippet":"max-snippet:-1","max-image-preview":"max-image-preview:large","max-video-preview":"max-video-preview:-1"},"canonical":"https:\/\/blog.zeit.de\/nsu-prozess-blog\/2014\/11\/07\/nsu-nerviger-eiscafebesitzer-medienlog\/","og_locale":"de_DE","og_type":"article","og_title":"Ein nerviger Eiscaf\u00e9besitzer \u2013 Das NSU-Medienlog von Freitag, 7. November 2014 - Das NSU-Prozess-Blog","og_description":"Der Donnerstag war der Tag der Beweisantr\u00e4ge. Die Nebenklage stellte eine Reihe davon, um nachzuweisen, dass die Dortmunder Neonazi-Szene Verbindungen zum NSU unterhielt. Eine These, f\u00fcr die es laut Bundesanwaltschaft keine Belege gibt, obwohl, wie die Vertreter der Anklage bei fr\u00fcherer Gelegenheit betonten, nat\u00fcrlich auch in diese Richtung ausf\u00fchrlich ermittelt worden sei, schreibt Christoph Arnowski [&hellip;]","og_url":"https:\/\/blog.zeit.de\/nsu-prozess-blog\/2014\/11\/07\/nsu-nerviger-eiscafebesitzer-medienlog\/","og_site_name":"Das NSU-Prozess-Blog","article_published_time":"2014-11-07T07:20:05+00:00","article_modified_time":"2014-11-07T09:09:10+00:00","author":"Tilman Steffen","twitter_misc":{"Geschrieben von":"Tilman Steffen","Gesch\u00e4tzte Lesezeit":"3\u00a0Minuten"},"schema":{"@context":"https:\/\/schema.org","@graph":[{"@type":"WebPage","@id":"https:\/\/blog.zeit.de\/nsu-prozess-blog\/2014\/11\/07\/nsu-nerviger-eiscafebesitzer-medienlog\/","url":"https:\/\/blog.zeit.de\/nsu-prozess-blog\/2014\/11\/07\/nsu-nerviger-eiscafebesitzer-medienlog\/","name":"Ein nerviger Eiscaf\u00e9besitzer \u2013 Das NSU-Medienlog von Freitag, 7. November 2014 - Das NSU-Prozess-Blog","isPartOf":{"@id":"https:\/\/blog.zeit.de\/nsu-prozess-blog\/#website"},"datePublished":"2014-11-07T07:20:05+00:00","dateModified":"2014-11-07T09:09:10+00:00","author":{"@id":"https:\/\/blog.zeit.de\/nsu-prozess-blog\/#\/schema\/person\/110e2fe4d5ec4e01f71931b64f570c54"},"breadcrumb":{"@id":"https:\/\/blog.zeit.de\/nsu-prozess-blog\/2014\/11\/07\/nsu-nerviger-eiscafebesitzer-medienlog\/#breadcrumb"},"inLanguage":"de","potentialAction":[{"@type":"ReadAction","target":["https:\/\/blog.zeit.de\/nsu-prozess-blog\/2014\/11\/07\/nsu-nerviger-eiscafebesitzer-medienlog\/"]}]},{"@type":"BreadcrumbList","@id":"https:\/\/blog.zeit.de\/nsu-prozess-blog\/2014\/11\/07\/nsu-nerviger-eiscafebesitzer-medienlog\/#breadcrumb","itemListElement":[{"@type":"ListItem","position":1,"name":"Startseite","item":"https:\/\/blog.zeit.de\/nsu-prozess-blog\/"},{"@type":"ListItem","position":2,"name":"Ein nerviger Eiscaf\u00e9besitzer \u2013 Das NSU-Medienlog von Freitag, 7. November 2014"}]},{"@type":"WebSite","@id":"https:\/\/blog.zeit.de\/nsu-prozess-blog\/#website","url":"https:\/\/blog.zeit.de\/nsu-prozess-blog\/","name":"Das NSU-Prozess-Blog","description":"Alle Berichte zum Terrorverfahren in M\u00fcnchen","potentialAction":[{"@type":"SearchAction","target":{"@type":"EntryPoint","urlTemplate":"https:\/\/blog.zeit.de\/nsu-prozess-blog\/?s={search_term_string}"},"query-input":"required name=search_term_string"}],"inLanguage":"de"},{"@type":"Person","@id":"https:\/\/blog.zeit.de\/nsu-prozess-blog\/#\/schema\/person\/110e2fe4d5ec4e01f71931b64f570c54","name":"Tilman Steffen","image":{"@type":"ImageObject","inLanguage":"de","@id":"https:\/\/blog.zeit.de\/nsu-prozess-blog\/#\/schema\/person\/image\/","url":"https:\/\/secure.gravatar.com\/avatar\/8c4becdd9d412e3bd74354093718744070721ed0cb4054b7a8b7b12fa1a4b347?s=96&d=mm&r=g","contentUrl":"https:\/\/secure.gravatar.com\/avatar\/8c4becdd9d412e3bd74354093718744070721ed0cb4054b7a8b7b12fa1a4b347?s=96&d=mm&r=g","caption":"Tilman Steffen"},"description":"Redakteur bei ZEIT ONLINE seit 2009. Zuvor bei der Netzeitung. Nach der Journalistenschule Arbeit als Printautor und Fotograf; Redakteur und Reporter f\u00fcr epd, Beitr\u00e4ge f\u00fcr ZDF, n-tv, XXP, Mitarbeiter bei Reuters TV. \u2013 Orgelbauer, Kulturmanager, Journalist. Geboren, als Willy Brandt die deutsche Teilung anerkannte. Gro\u00df geworden in Deutschlands S\u00fcdosten \u2013 erwachsen seit dem Mauerfall. Drei Berufe gelernt, zwei Kinder gezeugt, ein Kulturzentrum gegr\u00fcndet \u2013 und dabei zum Journalisten geworden.","sameAs":["http:\/\/www.tilmansteffen.de"],"url":"https:\/\/blog.zeit.de\/nsu-prozess-blog\/author\/tilman-steffen\/"}]}},"jetpack_featured_media_url":"","jetpack_sharing_enabled":true,"_links":{"self":[{"href":"https:\/\/blog.zeit.de\/nsu-prozess-blog\/wp-json\/wp\/v2\/posts\/7948","targetHints":{"allow":["GET"]}}],"collection":[{"href":"https:\/\/blog.zeit.de\/nsu-prozess-blog\/wp-json\/wp\/v2\/posts"}],"about":[{"href":"https:\/\/blog.zeit.de\/nsu-prozess-blog\/wp-json\/wp\/v2\/types\/post"}],"author":[{"embeddable":true,"href":"https:\/\/blog.zeit.de\/nsu-prozess-blog\/wp-json\/wp\/v2\/users\/191"}],"replies":[{"embeddable":true,"href":"https:\/\/blog.zeit.de\/nsu-prozess-blog\/wp-json\/wp\/v2\/comments?post=7948"}],"version-history":[{"count":16,"href":"https:\/\/blog.zeit.de\/nsu-prozess-blog\/wp-json\/wp\/v2\/posts\/7948\/revisions"}],"predecessor-version":[{"id":7965,"href":"https:\/\/blog.zeit.de\/nsu-prozess-blog\/wp-json\/wp\/v2\/posts\/7948\/revisions\/7965"}],"wp:attachment":[{"href":"https:\/\/blog.zeit.de\/nsu-prozess-blog\/wp-json\/wp\/v2\/media?parent=7948"}],"wp:term":[{"taxonomy":"category","embeddable":true,"href":"https:\/\/blog.zeit.de\/nsu-prozess-blog\/wp-json\/wp\/v2\/categories?post=7948"},{"taxonomy":"post_tag","embeddable":true,"href":"https:\/\/blog.zeit.de\/nsu-prozess-blog\/wp-json\/wp\/v2\/tags?post=7948"}],"curies":[{"name":"wp","href":"https:\/\/api.w.org\/{rel}","templated":true}]}}